{"id":10170,"date":"2012-11-22T12:00:00","date_gmt":"2012-11-22T17:00:00","guid":{"rendered":"https:\/\/cpt.org\/blog\/al-khalil-hebron-las-nubes-se-ensombrecen-sobre-palestina"},"modified":"2020-12-29T16:58:49","modified_gmt":"2020-12-29T21:58:49","slug":"al-khalil-hebron-las-nubes-se-ensombrecen-sobre-palestina","status":"publish","type":"post","link":"https:\/\/cpt.org\/es\/2012\/11\/22\/al-khalil-hebron-las-nubes-se-ensombrecen-sobre-palestina","title":{"rendered":"AL-KHALIL (HEBRON): Las nubes se ensombrecen sobre Palestina"},"content":{"rendered":"<div class=\"container tmpWrnglr\">\n<p>\n          <\/p>\n<\/p>\n<div class=\"row\">\n<div class=\"col-md-12\"><\/div>\n<\/div>\n<div class=\"row layout\">\n      <\/p>\n<div class=\"content_layout\">\n<div class=\"col-md-12\">\n<div class=\"region region-content\">\n<div id=\"block-drupal8-zymphonies-theme-content\" class=\"block block-system block-system-main-block\">\n<article class=\"node node--type-story node--view-mode-full\">\n<div class=\"node__content\">\n<div>\n<p>RedECAP<br \/>22 de noviembre de 2012<br \/><strong>AL-KHALIL<br \/>\n(HEBRON): Las nubes se ensombrecen sobre Palestina<\/strong><\/p>\n<p>El 14 y 15 de noviembre, tres miembros de los Equipos<br \/>\nCristianos de Acci\u00f3n para la Paz asistieron a una conferencia en Jeric\u00f3 en la<br \/>\ncual varias organizaciones no gubernamentales israelies y palestinas, junto con<br \/>\nactivistas, intercambiaron ideas sobre el futuro de un estado palestino, y la<br \/>\nb\u00fasqueda de la paz en Israel y Palestina.<\/p>\n<p>El primer dia de la conferencia se vi\u00f3 perturbado por<br \/>\nel asesinato de <a href=\"https:\/\/en.wikipedia.org\/wiki\/Ahmed_Jabari'\">Ahmed Jabari<\/a>, un activista palestino y comandante militar de Ham\u00e1s, quien seg\u00fan<br \/>\nreportajes, estaba listo para firmar un acuerdo de cese de fuego.\u00a0 <\/p>\n<p>El activista israel\u00ed Gershom Baskin (quien<br \/>\nparticip\u00f3 en el di\u00e1logo con Ham\u00e1s para conseguir la liberaci\u00f3n del soldado<br \/>\nisrael\u00ed <a href=\"https:\/\/es.wikipedia.org\/wiki\/Guilad_Schalit\">Guilad Schalit<\/a>) dijo que hab\u00eda estado trabajando estrechamente con los militares<br \/>\negipcios para crear un\u00a0acuerdo de cese de fuego a largo<br \/>\nplazo con Israel. Dijo<br \/>\nque Jabari, aunque no era hombre de paz, hab\u00eda estado listo para firmar, para<br \/>\npoder traer estabilidad a la regi\u00f3n.<\/p>\n<p>El anuncio del mes pasado, que las elecciones<br \/>\nisraelies de 2012 estar\u00edan avanzadas de octubre a enero, y la concretizaci\u00f3n de<br \/>\nuna alianza pol\u00edtica de la derecha, llevan a preguntas sobre los motivos para<br \/>\nel asesinato de Jabari. La<br \/>\noperaci\u00f3n militar israel\u00ed \u00abCast Lead\u00bb (\u00abechar plomo\u00bb) en<br \/>\n2009 se hizo justo antes de una elecci\u00f3n. El bombardeo que mat\u00f3 a Jabari y su<br \/>\nguarda-espaldas en su auto se hizo durante negociaciones diplom\u00e1ticas en curso,<br \/>\nescasas horas despu\u00e9s de que Jabari habr\u00eda recibido un borrador del propuesto<br \/>\nacuerdo, seg\u00fan Baskin. Esto, juntos con el hecho de que los militares han<br \/>\nadmitido que le hab\u00edan estado vigilando a Jabari por m\u00e1s de tres meses<br \/>\nesperando una oportunidad, deja en el aire la constante afirmaci\u00f3n, de parte del<br \/>\ngobierno israel\u00ed, que no tiene con quien trabajar conjuntamente para la paz. <\/p>\n<p>Una invasion de Gaza por tierra ser\u00eda horrorosa. Las operations<br \/>\nde 2008 mataron a 1300 Palestinos, incluyendo muchas mujeres y ni\u00f1os. Las repercusiones<br \/>\ndel bombardeo actual ya est\u00e1n haci\u00e9ndose sentir por toda la Cisjordania. J\u00f3venes<br \/>\nen Hebron \u2013 con una furia causada por la ocupaci\u00f3n sin fin y la sensaci\u00f3n de<br \/>\nestar sin poder, y sin tener ninguna opci\u00f3n para cambiar la situaci\u00f3n o ayudar<br \/>\na sus semejantes en Gaza \u2013 tiraron piedras e incendiaron llantas el dia s\u00e1bado<br \/>\n17 de noviembre. A su turno, soldados utilizaron bombas lacrim\u00f3genas, grenadas<br \/>\nde percusi\u00f3n y agua apestosa. Las tensiones llenaban la antigua ciudad mientras<br \/>\nlos j\u00f3venes y los soldados jugaban a <a href=\"\/es\/redecap\/2012\/06\/28\/reflexi%C3%B3n-al-khalil-juego-del-gato-y-el-rat%C3%B3n\">gato y rat\u00f3n<\/a>. <\/p>\n<p>Esa misma noche, un hombre palestino dijo a dos<br \/>\nECAPer@os en Bab il Baledeyya que soldados estaban teniendo a cuatro hombres en<br \/>\nBeit Romano (el asentamiento a lado de Bab il Baledeyya). Mirando por la<br \/>\napertura en la verja, los ECAPer@s vieron a dos hombres j\u00f3venes, los ojos vendados,<br \/>\nsentados a piernas cruzadas en el suelo con las manos atadas detr\u00e1s de las<br \/>\nespaldas. Se les hab\u00edan detenido desde al menos una hora antes. Despu\u00e9s de<br \/>\notros veinte minutos, soldados les quitaron la vendas y las ataduras pl\u00e1sticas<br \/>\nen las mu\u00f1ecas, y les empujaron fuera por la verja, riendo y dici\u00e9ndoles<br \/>\n\u00abChao\u201d. ECAPer@os hablaron con los dos hombres, quienes les dijeron que no<br \/>\nten\u00edan idea de porqu\u00e9 hab\u00edan estado detenido, y que los soldados les hab\u00edan<br \/>\narrancado de sus casas. Los j\u00f3venes tambi\u00e9n dijeron que soldados hab\u00edan<br \/>\ndetenido y llevado a dos de sus amigos.\u00a0<\/p>\n<p><em>El Editor de RedECAP lamenta lo tardado de esta noticia ya que se puso en marcha un cese al fuego el 21 de noviembre.<\/em><\/p>\n<\/div>\n<div>\n<div>Categories<\/div>\n<div>\n<div><a href=\"\/taxonomy\/term\/1416\">al-Khalil (Hebron)<\/a><\/div>\n<\/div>\n<\/div>\n<\/div>\n<\/article>\n<\/div>\n<\/div>\n<\/div>\n<\/div>\n<p>\n            <\/p>\n<\/div>\n<p><\/p>\n<\/div>\n","protected":false},"excerpt":{"rendered":"<p>RedECAP22 de noviembre de 2012AL-KHALIL (HEBRON): Las nubes se ensombrecen sobre Palestina El 14 y 15 de noviembre, tres miembros de los Equipos Cristianos de Acci\u00f3n para la Paz asistieron a una conferencia en Jeric\u00f3 en la cual varias organizaciones no gubernamentales israelies y palestinas, junto con activistas, intercambiaron ideas sobre el futuro de un [&hellip;]<\/p>\n","protected":false},"author":3,"featured_media":0,"comment_status":"closed","ping_status":"closed","sticky":false,"template":"","format":"standard","meta":{"footnotes":""},"categories":[15],"tags":[],"class_list":["post-10170","post","type-post","status-publish","format-standard","hentry","category-al-khalil-hebron"],"yoast_head":"<!-- This site is optimized with the Yoast SEO Premium plugin v27.4 (Yoast SEO v27.4) - https:\/\/yoast.com\/product\/yoast-seo-premium-wordpress\/ -->\n<title>AL-KHALIL (HEBRON): Las nubes se ensombrecen sobre Palestina | Christian Peacemaker Teams<\/title>\n<meta name=\"description\" content=\"RedECAP22 de noviembre de 2012AL-KHALIL (HEBRON): Las nubes se ensombrecen sobre Palestina El 14 y 15 de noviembre, tres miembros de los Equipos Cristianos de Acci\u00f3n para la Paz asistieron a una conferencia en Jeric\u00f3 en la cual varias organizaciones no gubernamentales israelies y palestinas, junto con activistas, intercambiaron ideas sobre el futuro de un estado palestino, y la b\u00fasqueda de la paz en Israel y Palestina.\" \/>\n<meta name=\"robots\" content=\"index, follow, max-snippet:-1, max-image-preview:large, max-video-preview:-1\" \/>\n<link rel=\"canonical\" href=\"https:\/\/cpt.org\/es\/2012\/11\/22\/al-khalil-hebron-las-nubes-se-ensombrecen-sobre-palestina\" \/>\n<meta property=\"og:locale\" content=\"es_ES\" \/>\n<meta property=\"og:type\" content=\"article\" \/>\n<meta property=\"og:title\" content=\"AL-KHALIL (HEBRON): Las nubes se ensombrecen sobre Palestina\" \/>\n<meta property=\"og:description\" content=\"Community Peacemaker Teams builds partnerships to transform violence and oppression. Over 35 years of action for peace and justice.\" \/>\n<meta property=\"og:url\" content=\"https:\/\/cpt.org\/es\/2012\/11\/22\/al-khalil-hebron-las-nubes-se-ensombrecen-sobre-palestina\" \/>\n<meta property=\"og:site_name\" content=\"Equipos y Comunidades de Acci\u00f3n por la Paz\" \/>\n<meta property=\"article:publisher\" content=\"https:\/\/www.facebook.com\/cpters\" \/>\n<meta property=\"article:published_time\" content=\"2012-11-22T17:00:00+00:00\" \/>\n<meta property=\"article:modified_time\" content=\"2020-12-29T21:58:49+00:00\" \/>\n<meta property=\"og:image\" content=\"https:\/\/cpt.org\/wp-content\/uploads\/Training20201920-20Colombia202-28.jpg\" \/>\n\t<meta property=\"og:image:width\" content=\"2000\" \/>\n\t<meta property=\"og:image:height\" content=\"1335\" \/>\n\t<meta property=\"og:image:type\" content=\"image\/jpeg\" \/>\n<meta name=\"author\" content=\"demo\" \/>\n<meta name=\"twitter:card\" content=\"summary_large_image\" \/>\n<meta name=\"twitter:title\" content=\"AL-KHALIL (HEBRON): Las nubes se ensombrecen sobre Palestina | Christian Peacemaker Teams\" \/>\n<meta name=\"twitter:description\" content=\"RedECAP22 de noviembre de 2012AL-KHALIL (HEBRON): Las nubes se ensombrecen sobre Palestina El 14 y 15 de noviembre, tres miembros de los Equipos Cristianos de Acci\u00f3n para la Paz asistieron a una conferencia en Jeric\u00f3 en la cual varias organizaciones no gubernamentales israelies y palestinas, junto con activistas, intercambiaron ideas sobre el futuro de un estado palestino, y la b\u00fasqueda de la paz en Israel y Palestina.\" \/>\n<meta name=\"twitter:creator\" content=\"@cpt_intl\" \/>\n<meta name=\"twitter:site\" content=\"@cpt_intl\" \/>\n<meta name=\"twitter:label1\" content=\"Escrito por\" \/>\n\t<meta name=\"twitter:data1\" content=\"demo\" \/>\n\t<meta name=\"twitter:label2\" content=\"Tiempo de lectura\" \/>\n\t<meta name=\"twitter:data2\" content=\"3 minutos\" \/>\n<script type=\"application\/ld+json\" class=\"yoast-schema-graph\">{\"@context\":\"https:\\\/\\\/schema.org\",\"@graph\":[{\"@type\":\"Article\",\"@id\":\"https:\\\/\\\/cpt.org\\\/es\\\/2012\\\/11\\\/22\\\/al-khalil-hebron-las-nubes-se-ensombrecen-sobre-palestina#article\",\"isPartOf\":{\"@id\":\"https:\\\/\\\/cpt.org\\\/es\\\/2012\\\/11\\\/22\\\/al-khalil-hebron-las-nubes-se-ensombrecen-sobre-palestina\"},\"author\":{\"name\":\"demo\",\"@id\":\"https:\\\/\\\/cpt.org\\\/es#\\\/schema\\\/person\\\/1187ed3b9ce9cbbb08dbb3a90bb6e8f6\"},\"headline\":\"AL-KHALIL (HEBRON): Las nubes se ensombrecen sobre Palestina\",\"datePublished\":\"2012-11-22T17:00:00+00:00\",\"dateModified\":\"2020-12-29T21:58:49+00:00\",\"mainEntityOfPage\":{\"@id\":\"https:\\\/\\\/cpt.org\\\/es\\\/2012\\\/11\\\/22\\\/al-khalil-hebron-las-nubes-se-ensombrecen-sobre-palestina\"},\"wordCount\":639,\"publisher\":{\"@id\":\"https:\\\/\\\/cpt.org\\\/es#organization\"},\"articleSection\":[\"al-Khalil (Hebron)\"],\"inLanguage\":\"es\"},{\"@type\":\"WebPage\",\"@id\":\"https:\\\/\\\/cpt.org\\\/es\\\/2012\\\/11\\\/22\\\/al-khalil-hebron-las-nubes-se-ensombrecen-sobre-palestina\",\"url\":\"https:\\\/\\\/cpt.org\\\/es\\\/2012\\\/11\\\/22\\\/al-khalil-hebron-las-nubes-se-ensombrecen-sobre-palestina\",\"name\":\"AL-KHALIL (HEBRON): Las nubes se ensombrecen sobre Palestina | Christian Peacemaker Teams\",\"isPartOf\":{\"@id\":\"https:\\\/\\\/cpt.org\\\/es#website\"},\"datePublished\":\"2012-11-22T17:00:00+00:00\",\"dateModified\":\"2020-12-29T21:58:49+00:00\",\"description\":\"RedECAP22 de noviembre de 2012AL-KHALIL (HEBRON): Las nubes se ensombrecen sobre Palestina El 14 y 15 de noviembre, tres miembros de los Equipos Cristianos de Acci\u00f3n para la Paz asistieron a una conferencia en Jeric\u00f3 en la cual varias organizaciones no gubernamentales israelies y palestinas, junto con activistas, intercambiaron ideas sobre el futuro de un estado palestino, y la b\u00fasqueda de la paz en Israel y Palestina.\",\"breadcrumb\":{\"@id\":\"https:\\\/\\\/cpt.org\\\/es\\\/2012\\\/11\\\/22\\\/al-khalil-hebron-las-nubes-se-ensombrecen-sobre-palestina#breadcrumb\"},\"inLanguage\":\"es\",\"potentialAction\":[{\"@type\":\"ReadAction\",\"target\":[\"https:\\\/\\\/cpt.org\\\/es\\\/2012\\\/11\\\/22\\\/al-khalil-hebron-las-nubes-se-ensombrecen-sobre-palestina\"]}]},{\"@type\":\"BreadcrumbList\",\"@id\":\"https:\\\/\\\/cpt.org\\\/es\\\/2012\\\/11\\\/22\\\/al-khalil-hebron-las-nubes-se-ensombrecen-sobre-palestina#breadcrumb\",\"itemListElement\":[{\"@type\":\"ListItem\",\"position\":1,\"name\":\"Home\",\"item\":\"https:\\\/\\\/cpt.org\\\/es\"},{\"@type\":\"ListItem\",\"position\":2,\"name\":\"AL-KHALIL (HEBRON): Las nubes se ensombrecen sobre Palestina\"}]},{\"@type\":\"WebSite\",\"@id\":\"https:\\\/\\\/cpt.org\\\/es#website\",\"url\":\"https:\\\/\\\/cpt.org\\\/es\",\"name\":\"Equipos y Comunidades de Acci\u00f3n por la Paz\",\"description\":\"Building partnerships to transform violence and oppression\",\"publisher\":{\"@id\":\"https:\\\/\\\/cpt.org\\\/es#organization\"},\"potentialAction\":[{\"@type\":\"SearchAction\",\"target\":{\"@type\":\"EntryPoint\",\"urlTemplate\":\"https:\\\/\\\/cpt.org\\\/es?s={search_term_string}\"},\"query-input\":{\"@type\":\"PropertyValueSpecification\",\"valueRequired\":true,\"valueName\":\"search_term_string\"}}],\"inLanguage\":\"es\"},{\"@type\":\"Organization\",\"@id\":\"https:\\\/\\\/cpt.org\\\/es#organization\",\"name\":\"Equipos y Comunidades de Acci\u00f3n por la Paz\",\"url\":\"https:\\\/\\\/cpt.org\\\/es\",\"logo\":{\"@type\":\"ImageObject\",\"inLanguage\":\"es\",\"@id\":\"https:\\\/\\\/cpt.org\\\/es#\\\/schema\\\/logo\\\/image\\\/\",\"url\":\"https:\\\/\\\/cpt.org\\\/wp-content\\\/uploads\\\/logoCPT-red-2.png\",\"contentUrl\":\"https:\\\/\\\/cpt.org\\\/wp-content\\\/uploads\\\/logoCPT-red-2.png\",\"width\":1730,\"height\":840,\"caption\":\"Equipos y Comunidades de Acci\u00f3n por la Paz\"},\"image\":{\"@id\":\"https:\\\/\\\/cpt.org\\\/es#\\\/schema\\\/logo\\\/image\\\/\"},\"sameAs\":[\"https:\\\/\\\/www.facebook.com\\\/cpters\",\"https:\\\/\\\/x.com\\\/cpt_intl\",\"https:\\\/\\\/www.instagram.com\\\/cpteams\\\/\",\"https:\\\/\\\/www.youtube.com\\\/user\\\/cptvideos\"]},{\"@type\":\"Person\",\"@id\":\"https:\\\/\\\/cpt.org\\\/es#\\\/schema\\\/person\\\/1187ed3b9ce9cbbb08dbb3a90bb6e8f6\",\"name\":\"demo\",\"image\":{\"@type\":\"ImageObject\",\"inLanguage\":\"es\",\"@id\":\"https:\\\/\\\/secure.gravatar.com\\\/avatar\\\/bf8c7166601a64c6c57b67ffbeab8f8c6a378cca786da9a326c1a34a2ec6f860?s=96&r=g\",\"url\":\"https:\\\/\\\/secure.gravatar.com\\\/avatar\\\/bf8c7166601a64c6c57b67ffbeab8f8c6a378cca786da9a326c1a34a2ec6f860?s=96&r=g\",\"contentUrl\":\"https:\\\/\\\/secure.gravatar.com\\\/avatar\\\/bf8c7166601a64c6c57b67ffbeab8f8c6a378cca786da9a326c1a34a2ec6f860?s=96&r=g\",\"caption\":\"demo\"},\"url\":\"https:\\\/\\\/cpt.org\\\/es\\\/author\\\/demo\"}]}<\/script>\n<!-- \/ Yoast SEO Premium plugin. -->","yoast_head_json":{"title":"AL-KHALIL (HEBRON): Las nubes se ensombrecen sobre Palestina | Christian Peacemaker Teams","description":"RedECAP22 de noviembre de 2012AL-KHALIL (HEBRON): Las nubes se ensombrecen sobre Palestina El 14 y 15 de noviembre, tres miembros de los Equipos Cristianos de Acci\u00f3n para la Paz asistieron a una conferencia en Jeric\u00f3 en la cual varias organizaciones no gubernamentales israelies y palestinas, junto con activistas, intercambiaron ideas sobre el futuro de un estado palestino, y la b\u00fasqueda de la paz en Israel y Palestina.","robots":{"index":"index","follow":"follow","max-snippet":"max-snippet:-1","max-image-preview":"max-image-preview:large","max-video-preview":"max-video-preview:-1"},"canonical":"https:\/\/cpt.org\/es\/2012\/11\/22\/al-khalil-hebron-las-nubes-se-ensombrecen-sobre-palestina","og_locale":"es_ES","og_type":"article","og_title":"AL-KHALIL (HEBRON): Las nubes se ensombrecen sobre Palestina","og_description":"Community Peacemaker Teams builds partnerships to transform violence and oppression. Over 35 years of action for peace and justice.","og_url":"https:\/\/cpt.org\/es\/2012\/11\/22\/al-khalil-hebron-las-nubes-se-ensombrecen-sobre-palestina","og_site_name":"Equipos y Comunidades de Acci\u00f3n por la Paz","article_publisher":"https:\/\/www.facebook.com\/cpters","article_published_time":"2012-11-22T17:00:00+00:00","article_modified_time":"2020-12-29T21:58:49+00:00","og_image":[{"width":2000,"height":1335,"url":"https:\/\/cpt.org\/wp-content\/uploads\/Training20201920-20Colombia202-28.jpg","type":"image\/jpeg"}],"author":"demo","twitter_card":"summary_large_image","twitter_title":"AL-KHALIL (HEBRON): Las nubes se ensombrecen sobre Palestina | Christian Peacemaker Teams","twitter_description":"RedECAP22 de noviembre de 2012AL-KHALIL (HEBRON): Las nubes se ensombrecen sobre Palestina El 14 y 15 de noviembre, tres miembros de los Equipos Cristianos de Acci\u00f3n para la Paz asistieron a una conferencia en Jeric\u00f3 en la cual varias organizaciones no gubernamentales israelies y palestinas, junto con activistas, intercambiaron ideas sobre el futuro de un estado palestino, y la b\u00fasqueda de la paz en Israel y Palestina.","twitter_creator":"@cpt_intl","twitter_site":"@cpt_intl","twitter_misc":{"Escrito por":"demo","Tiempo de lectura":"3 minutos"},"schema":{"@context":"https:\/\/schema.org","@graph":[{"@type":"Article","@id":"https:\/\/cpt.org\/es\/2012\/11\/22\/al-khalil-hebron-las-nubes-se-ensombrecen-sobre-palestina#article","isPartOf":{"@id":"https:\/\/cpt.org\/es\/2012\/11\/22\/al-khalil-hebron-las-nubes-se-ensombrecen-sobre-palestina"},"author":{"name":"demo","@id":"https:\/\/cpt.org\/es#\/schema\/person\/1187ed3b9ce9cbbb08dbb3a90bb6e8f6"},"headline":"AL-KHALIL (HEBRON): Las nubes se ensombrecen sobre Palestina","datePublished":"2012-11-22T17:00:00+00:00","dateModified":"2020-12-29T21:58:49+00:00","mainEntityOfPage":{"@id":"https:\/\/cpt.org\/es\/2012\/11\/22\/al-khalil-hebron-las-nubes-se-ensombrecen-sobre-palestina"},"wordCount":639,"publisher":{"@id":"https:\/\/cpt.org\/es#organization"},"articleSection":["al-Khalil (Hebron)"],"inLanguage":"es"},{"@type":"WebPage","@id":"https:\/\/cpt.org\/es\/2012\/11\/22\/al-khalil-hebron-las-nubes-se-ensombrecen-sobre-palestina","url":"https:\/\/cpt.org\/es\/2012\/11\/22\/al-khalil-hebron-las-nubes-se-ensombrecen-sobre-palestina","name":"AL-KHALIL (HEBRON): Las nubes se ensombrecen sobre Palestina | Christian Peacemaker Teams","isPartOf":{"@id":"https:\/\/cpt.org\/es#website"},"datePublished":"2012-11-22T17:00:00+00:00","dateModified":"2020-12-29T21:58:49+00:00","description":"RedECAP22 de noviembre de 2012AL-KHALIL (HEBRON): Las nubes se ensombrecen sobre Palestina El 14 y 15 de noviembre, tres miembros de los Equipos Cristianos de Acci\u00f3n para la Paz asistieron a una conferencia en Jeric\u00f3 en la cual varias organizaciones no gubernamentales israelies y palestinas, junto con activistas, intercambiaron ideas sobre el futuro de un estado palestino, y la b\u00fasqueda de la paz en Israel y Palestina.","breadcrumb":{"@id":"https:\/\/cpt.org\/es\/2012\/11\/22\/al-khalil-hebron-las-nubes-se-ensombrecen-sobre-palestina#breadcrumb"},"inLanguage":"es","potentialAction":[{"@type":"ReadAction","target":["https:\/\/cpt.org\/es\/2012\/11\/22\/al-khalil-hebron-las-nubes-se-ensombrecen-sobre-palestina"]}]},{"@type":"BreadcrumbList","@id":"https:\/\/cpt.org\/es\/2012\/11\/22\/al-khalil-hebron-las-nubes-se-ensombrecen-sobre-palestina#breadcrumb","itemListElement":[{"@type":"ListItem","position":1,"name":"Home","item":"https:\/\/cpt.org\/es"},{"@type":"ListItem","position":2,"name":"AL-KHALIL (HEBRON): Las nubes se ensombrecen sobre Palestina"}]},{"@type":"WebSite","@id":"https:\/\/cpt.org\/es#website","url":"https:\/\/cpt.org\/es","name":"Equipos y Comunidades de Acci\u00f3n por la Paz","description":"Building partnerships to transform violence and oppression","publisher":{"@id":"https:\/\/cpt.org\/es#organization"},"potentialAction":[{"@type":"SearchAction","target":{"@type":"EntryPoint","urlTemplate":"https:\/\/cpt.org\/es?s={search_term_string}"},"query-input":{"@type":"PropertyValueSpecification","valueRequired":true,"valueName":"search_term_string"}}],"inLanguage":"es"},{"@type":"Organization","@id":"https:\/\/cpt.org\/es#organization","name":"Equipos y Comunidades de Acci\u00f3n por la Paz","url":"https:\/\/cpt.org\/es","logo":{"@type":"ImageObject","inLanguage":"es","@id":"https:\/\/cpt.org\/es#\/schema\/logo\/image\/","url":"https:\/\/cpt.org\/wp-content\/uploads\/logoCPT-red-2.png","contentUrl":"https:\/\/cpt.org\/wp-content\/uploads\/logoCPT-red-2.png","width":1730,"height":840,"caption":"Equipos y Comunidades de Acci\u00f3n por la Paz"},"image":{"@id":"https:\/\/cpt.org\/es#\/schema\/logo\/image\/"},"sameAs":["https:\/\/www.facebook.com\/cpters","https:\/\/x.com\/cpt_intl","https:\/\/www.instagram.com\/cpteams\/","https:\/\/www.youtube.com\/user\/cptvideos"]},{"@type":"Person","@id":"https:\/\/cpt.org\/es#\/schema\/person\/1187ed3b9ce9cbbb08dbb3a90bb6e8f6","name":"demo","image":{"@type":"ImageObject","inLanguage":"es","@id":"https:\/\/secure.gravatar.com\/avatar\/bf8c7166601a64c6c57b67ffbeab8f8c6a378cca786da9a326c1a34a2ec6f860?s=96&r=g","url":"https:\/\/secure.gravatar.com\/avatar\/bf8c7166601a64c6c57b67ffbeab8f8c6a378cca786da9a326c1a34a2ec6f860?s=96&r=g","contentUrl":"https:\/\/secure.gravatar.com\/avatar\/bf8c7166601a64c6c57b67ffbeab8f8c6a378cca786da9a326c1a34a2ec6f860?s=96&r=g","caption":"demo"},"url":"https:\/\/cpt.org\/es\/author\/demo"}]}},"_links":{"self":[{"href":"https:\/\/cpt.org\/es\/wp-json\/wp\/v2\/posts\/10170","targetHints":{"allow":["GET"]}}],"collection":[{"href":"https:\/\/cpt.org\/es\/wp-json\/wp\/v2\/posts"}],"about":[{"href":"https:\/\/cpt.org\/es\/wp-json\/wp\/v2\/types\/post"}],"author":[{"embeddable":true,"href":"https:\/\/cpt.org\/es\/wp-json\/wp\/v2\/users\/3"}],"replies":[{"embeddable":true,"href":"https:\/\/cpt.org\/es\/wp-json\/wp\/v2\/comments?post=10170"}],"version-history":[{"count":1,"href":"https:\/\/cpt.org\/es\/wp-json\/wp\/v2\/posts\/10170\/revisions"}],"predecessor-version":[{"id":17586,"href":"https:\/\/cpt.org\/es\/wp-json\/wp\/v2\/posts\/10170\/revisions\/17586"}],"wp:attachment":[{"href":"https:\/\/cpt.org\/es\/wp-json\/wp\/v2\/media?parent=10170"}],"wp:term":[{"taxonomy":"category","embeddable":true,"href":"https:\/\/cpt.org\/es\/wp-json\/wp\/v2\/categories?post=10170"},{"taxonomy":"post_tag","embeddable":true,"href":"https:\/\/cpt.org\/es\/wp-json\/wp\/v2\/tags?post=10170"}],"curies":[{"name":"wp","href":"https:\/\/api.w.org\/{rel}","templated":true}]}}