{"id":10171,"date":"2012-11-26T12:00:00","date_gmt":"2012-11-26T17:00:00","guid":{"rendered":"https:\/\/cpt.org\/blog\/colombia-familias-rurales-celebran-decision-sobre-las-pavas"},"modified":"2020-12-29T16:58:52","modified_gmt":"2020-12-29T21:58:52","slug":"colombia-familias-rurales-celebran-decision-sobre-las-pavas","status":"publish","type":"post","link":"https:\/\/cpt.org\/es\/2012\/11\/26\/colombia-familias-rurales-celebran-decision-sobre-las-pavas","title":{"rendered":"COLOMBIA: \u00ab116 Familias \u00a1celebramos!\u00bb complacidos por la resoluci\u00f3n sobre Las Pavas"},"content":{"rendered":"<div class=\"container tmpWrnglr\">\n<p>\n          <\/p>\n<\/p>\n<div class=\"row\">\n<div class=\"col-md-12\"><\/div>\n<\/div>\n<div class=\"row layout\">\n      <\/p>\n<div class=\"content_layout\">\n<div class=\"col-md-12\">\n<div class=\"region region-content\">\n<div id=\"block-drupal8-zymphonies-theme-content\" class=\"block block-system block-system-main-block\">\n<article class=\"node node--type-story node--view-mode-full\">\n<div class=\"node__content\">\n<div>\n<p>RedECAP<br \/>26 de noviembre 2012<br \/><strong>COLOMBIA: \u00ab116 Familias\u00a0\u00a1celebramos!\u00bb complacidos por la resoluci\u00f3n sobre Las Pavas<\/strong><\/p>\n<p><em>La\u00a0Asociaci\u00f3n de Campesinos de<br \/>\nBuenos Aires, socio de Equipos Cristianos de Acion por la Paz desde 2009, emiti\u00f3<br \/>\nel siguiente comunicado despu\u00e9s del <\/em><em>la decisi\u00f3n el 14<br \/>\nde noviembre del Instituto Colombiano de Desarrolo Rural\u00a0(incoder) de expropiarle<br \/>\na\u00a0la productora de aceite de palma, Aportes San Isidro, S.A., todas las<br \/>\npropiedades restantes de la hacienda conocida como Las Pavas.<\/em><\/p>\n<p><em>Ver <a href=\"\/es\/redecap\/2012\/11\/26\/colombia-familias-rurales-celebran-una-decision-sobre-las-pavas\">historia relacionada de ECAP<\/a>.<\/em><\/p>\n<table align=\"right\">\n<tbody>\n<tr>\n<td>\u00a0<\/td>\n<td><img fetchpriority=\"high\" decoding=\"async\" class=\"mceItem\" src=\"https:\/\/cpt-org.cftvgy.org\/sites\/default\/files\/styles\/medium\/public\/g2_archive\/CPTnet\/121126%20pavas%20banner2.jpg?itok=QDojfRql\" alt width=\"480\" height=\"360\"><\/td>\n<\/tr>\n<tr>\n<td>\u00a0<\/td>\n<td style=\"text-align:right\"><em>foto de ECAP, abril, 2012<\/em><\/td>\n<\/tr>\n<\/tbody>\n<\/table>\n<p>La Asociaci\u00f3n de Campesinos de Buenos Aires (ASOCAB), damos gracias a Dios por que en \u00e9l hemos cre\u00eddo, a todas las organizaciones nacionales e internacionales que nos han acompa\u00f1ado en \u00e9ste proceso, a las iglesias, a la Cl\u00ednica Jur\u00eddica de la Pontificia Universidad Javeriana y a todos los que han contribuido, para mostrarle al mundo la realidad de nuestro caso y hoy tuvi\u00e9ramos una decisi\u00f3n que da respuesta a la verdad. As\u00ed mismo damos las gracias a las Instituciones colombianas por que seguimos creyendo en ellas.<\/p>\n<p>Por eso hemos esperado tanto tiempo, son seis a\u00f1os desde que iniciamos formalmente el proceso jur\u00eddico y toda una vida en la que hemos resistido todo tipo de atropellos:\u00a0 desplazamiento forzado, desalojos ilegales, ataques de terceros, da\u00f1os en los cultivos que hacemos, contaminaci\u00f3n y desecamiento de los humedales que nos rodean, estigmatizaci\u00f3n por la defensa de nuestros derechos hasta el punto de se\u00f1alarnos como terroristas, persecuci\u00f3n a nuestros l\u00edderes, amenazas directas e indirectas de muerte, agresiones f\u00edsicas, asesinato de animales que nos sirven para nuestra subsitencia, destrucci\u00f3n de nuestras casas y ranchos, cierre de servidumbres en donde nos impiden el acceso para trabajar y movernos libremente, rompimiento del tejido social, conformaci\u00f3n de organizaci\u00f3nes paralelas en contra nuestra; y muchas m\u00e1s agresiones,\u00a0 todo esto con el fin de vulnerar nuestros derechos y a\u00fan as\u00ed hemos seguido soportando por que somos\u00a0 una comunidad de mucha fe y esperanza, de gente luchadora, humilde, sencilla, honesta y solidaria, pues creemos que no hay mal que dure cien a\u00f1os.<\/p>\n<p>El d\u00eda 14 de Noviembre del 2012 el INCODER resolvi\u00f3 extinguir el dominio total de los 3 predios que estaban en cuestionamiento (Las Pavas, Si Dios Quiere y Pe\u00f1aloza con un total de 1290 hectarias), obedeciendo a la petici\u00f3n de la Corte Constitucional a traves de la Sentencia T- 267 del 2011 en la cual le ordenaba al INCODER reabrir el proceso de extinci\u00f3n de dominio y clarificar la propiedad sobre los predios que hacen parte de la Hacienda Las Pavas.<\/p>\n<p>Estamos muy contentos y complacidos con la resoluci\u00f3n que expidi\u00f3 el INCODER por que en ella vemos reflejada la justicia que nos hab\u00eda sido negada, adem\u00e1s la oportunidad de que se nos restituya pronta y legalmente las tierras sobre las cuales tenemos derechos, por haberlas trabajado por muchos a\u00f1os y de las cuales hemos obtenido el sustento para mantener a nuestras familias,\u00a0 hoy estas tierras pertenecen al Estado colombiano se ha resuelto la extinci\u00f3n de dominio respetando las pruebas que dicen la verdad.<\/p>\n<p>Esta es una desici\u00f3n hist\u00f3rica pues se le est\u00e1 devolviendo al campesino colombiano la oportunidad de vivir en su tierra felizmente, con libertad, soberan\u00eda alimentaria y autonomia. Por eso tenemos la esperanza de que el camino que sigue sea positivo y por fin obtengamos lo que hemos llamado el Milagro de Las Pavas.<\/p>\n<p>Hacemos un llamado a la comunidad \u00a0nacional e internacional y a todas las entidades estatales para que respalden la decisi\u00f3n del INCODER, adem\u00e1s que se brinde garant\u00edas y se respete los derechos adquiridos por nuestra comunidad, por eso le pedimos a la Presidencia de la Rep\u00fablica, a la\u00a0 Defensor\u00eda del pueblo, a la Procuradur\u00eda General de la Naci\u00f3n, a la Fiscal\u00eda General de la Naci\u00f3n, al Ministerio de Agricultura, al Minisiterio del Interior y de Justicia, a la Polic\u00eda Nacional, al ej\u00e9rcito colombiano, a la Gobernaci\u00f3n del Bol\u00edvar, a la Alcald\u00eda del Pe\u00f1on y en especial a las Altas Cortes que se brinde el respaldo suficiente y transparente. As\u00ed mismo se nos garantice la vida y la integridad, pues tenemos conocimiento que se prometen retaliaciones contra nuestra comunidad y los l\u00edderes por esta decisi\u00f3n.<\/p>\n<p>Nos despedimos, dando nuevamente gracias a Dios y pidi\u00e9ndole que de sabidur\u00eda a las insituciones para que contin\u00faen protegiendo los derechos de las personas y de los campesinos en especial, que hemos sido lo m\u00e1s vulnerados. Por que esta es la forma de contribuirle a la paz que tanto necesitamos los colombianos.<\/p>\n<p>Buenos Aires, El Pe\u00f1\u00f3n, Sur de Bol\u00edvar, 16 de Noviembre de 2012<\/p>\n<p>Publicado primero <a href=\"https:\/\/retornoalaspavas.wordpress.com\/2012\/11\/20\/116-familias-celebramos-asocab-es-respetuosa-de-la-decision-del-incoder\/\">aqu\u00ed<\/a>.<\/p>\n<\/div>\n<div>\n<div>Categories<\/div>\n<div>\n<div><a href=\"\/taxonomy\/term\/1399\">Colombia<\/a><\/div>\n<\/div>\n<\/div>\n<\/div>\n<\/article>\n<\/div>\n<\/div>\n<\/div>\n<\/div>\n<p>\n            <\/p>\n<\/div>\n<p><\/p>\n<\/div>\n","protected":false},"excerpt":{"rendered":"<p>RedECAP26 de noviembre 2012COLOMBIA: \u00ab116 Familias\u00a0\u00a1celebramos!\u00bb complacidos por la resoluci\u00f3n sobre Las Pavas La\u00a0Asociaci\u00f3n de Campesinos de Buenos Aires, socio de Equipos Cristianos de Acion por la Paz desde 2009, emiti\u00f3 el siguiente comunicado despu\u00e9s del la decisi\u00f3n el 14 de noviembre del Instituto Colombiano de Desarrolo Rural\u00a0(incoder) de expropiarle a\u00a0la productora de aceite de [&hellip;]<\/p>\n","protected":false},"author":3,"featured_media":0,"comment_status":"closed","ping_status":"closed","sticky":false,"template":"","format":"standard","meta":{"footnotes":""},"categories":[12],"tags":[],"class_list":["post-10171","post","type-post","status-publish","format-standard","hentry","category-colombia"],"yoast_head":"<!-- This site is optimized with the Yoast SEO Premium plugin v27.4 (Yoast SEO v27.4) - https:\/\/yoast.com\/product\/yoast-seo-premium-wordpress\/ -->\n<title>COLOMBIA: &quot;116 Familias \u00a1celebramos!&quot; complacidos por la resoluci\u00f3n sobre Las Pavas | Christian Peacemaker Teams<\/title>\n<meta name=\"description\" content=\"RedECAP26 de noviembre 2012COLOMBIA: &quot;116 Familias\u00a0\u00a1celebramos!&quot; complacidos por la resoluci\u00f3n sobre Las Pavas La\u00a0Asociaci\u00f3n de Campesinos de Buenos Aires, socio de Equipos Cristianos de Acion por la Paz desde 2009, emiti\u00f3 el siguiente comunicado despu\u00e9s del la decisi\u00f3n el 14 de noviembre del Instituto Colombiano de Desarrolo Rural\u00a0(incoder) de expropiarle a\u00a0la productora de aceite de palma, Aportes San Isidro, S.A., todas las propiedades restantes de la hacienda conocida como Las Pavas.\" \/>\n<meta name=\"robots\" content=\"index, follow, max-snippet:-1, max-image-preview:large, max-video-preview:-1\" \/>\n<link rel=\"canonical\" href=\"https:\/\/cpt.org\/es\/2012\/11\/26\/colombia-familias-rurales-celebran-decision-sobre-las-pavas\" \/>\n<meta property=\"og:locale\" content=\"es_ES\" \/>\n<meta property=\"og:type\" content=\"article\" \/>\n<meta property=\"og:title\" content=\"COLOMBIA: &quot;116 Familias \u00a1celebramos!&quot; complacidos por la resoluci\u00f3n sobre Las Pavas\" \/>\n<meta property=\"og:description\" content=\"Community Peacemaker Teams builds partnerships to transform violence and oppression. Over 35 years of action for peace and justice.\" \/>\n<meta property=\"og:url\" content=\"https:\/\/cpt.org\/es\/2012\/11\/26\/colombia-familias-rurales-celebran-decision-sobre-las-pavas\" \/>\n<meta property=\"og:site_name\" content=\"Equipos y Comunidades de Acci\u00f3n por la Paz\" \/>\n<meta property=\"article:publisher\" content=\"https:\/\/www.facebook.com\/cpters\" \/>\n<meta property=\"article:published_time\" content=\"2012-11-26T17:00:00+00:00\" \/>\n<meta property=\"article:modified_time\" content=\"2020-12-29T21:58:52+00:00\" \/>\n<meta property=\"og:image\" content=\"https:\/\/cpt-org.cftvgy.org\/sites\/default\/files\/styles\/medium\/public\/g2_archive\/CPTnet\/121126%20pavas%20banner2.jpg?itok=QDojfRql\" \/>\n<meta name=\"author\" content=\"demo\" \/>\n<meta name=\"twitter:card\" content=\"summary_large_image\" \/>\n<meta name=\"twitter:title\" content=\"COLOMBIA: &quot;116 Familias \u00a1celebramos!&quot; complacidos por la resoluci\u00f3n sobre Las Pavas | Christian Peacemaker Teams\" \/>\n<meta name=\"twitter:description\" content=\"RedECAP26 de noviembre 2012COLOMBIA: &quot;116 Familias\u00a0\u00a1celebramos!&quot; complacidos por la resoluci\u00f3n sobre Las Pavas La\u00a0Asociaci\u00f3n de Campesinos de Buenos Aires, socio de Equipos Cristianos de Acion por la Paz desde 2009, emiti\u00f3 el siguiente comunicado despu\u00e9s del la decisi\u00f3n el 14 de noviembre del Instituto Colombiano de Desarrolo Rural\u00a0(incoder) de expropiarle a\u00a0la productora de aceite de palma, Aportes San Isidro, S.A., todas las propiedades restantes de la hacienda conocida como Las Pavas.\" \/>\n<meta name=\"twitter:creator\" content=\"@cpt_intl\" \/>\n<meta name=\"twitter:site\" content=\"@cpt_intl\" \/>\n<meta name=\"twitter:label1\" content=\"Escrito por\" \/>\n\t<meta name=\"twitter:data1\" content=\"demo\" \/>\n\t<meta name=\"twitter:label2\" content=\"Tiempo de lectura\" \/>\n\t<meta name=\"twitter:data2\" content=\"4 minutos\" \/>\n<script type=\"application\/ld+json\" class=\"yoast-schema-graph\">{\"@context\":\"https:\\\/\\\/schema.org\",\"@graph\":[{\"@type\":\"Article\",\"@id\":\"https:\\\/\\\/cpt.org\\\/es\\\/2012\\\/11\\\/26\\\/colombia-familias-rurales-celebran-decision-sobre-las-pavas#article\",\"isPartOf\":{\"@id\":\"https:\\\/\\\/cpt.org\\\/es\\\/2012\\\/11\\\/26\\\/colombia-familias-rurales-celebran-decision-sobre-las-pavas\"},\"author\":{\"name\":\"demo\",\"@id\":\"https:\\\/\\\/cpt.org\\\/es#\\\/schema\\\/person\\\/1187ed3b9ce9cbbb08dbb3a90bb6e8f6\"},\"headline\":\"COLOMBIA: \u00ab116 Familias \u00a1celebramos!\u00bb complacidos por la resoluci\u00f3n sobre Las Pavas\",\"datePublished\":\"2012-11-26T17:00:00+00:00\",\"dateModified\":\"2020-12-29T21:58:52+00:00\",\"mainEntityOfPage\":{\"@id\":\"https:\\\/\\\/cpt.org\\\/es\\\/2012\\\/11\\\/26\\\/colombia-familias-rurales-celebran-decision-sobre-las-pavas\"},\"wordCount\":816,\"publisher\":{\"@id\":\"https:\\\/\\\/cpt.org\\\/es#organization\"},\"image\":{\"@id\":\"https:\\\/\\\/cpt.org\\\/es\\\/2012\\\/11\\\/26\\\/colombia-familias-rurales-celebran-decision-sobre-las-pavas#primaryimage\"},\"thumbnailUrl\":\"https:\\\/\\\/cpt-org.cftvgy.org\\\/sites\\\/default\\\/files\\\/styles\\\/medium\\\/public\\\/g2_archive\\\/CPTnet\\\/121126%20pavas%20banner2.jpg?itok=QDojfRql\",\"articleSection\":[\"Colombia\"],\"inLanguage\":\"es\"},{\"@type\":\"WebPage\",\"@id\":\"https:\\\/\\\/cpt.org\\\/es\\\/2012\\\/11\\\/26\\\/colombia-familias-rurales-celebran-decision-sobre-las-pavas\",\"url\":\"https:\\\/\\\/cpt.org\\\/es\\\/2012\\\/11\\\/26\\\/colombia-familias-rurales-celebran-decision-sobre-las-pavas\",\"name\":\"COLOMBIA: \\\"116 Familias \u00a1celebramos!\\\" complacidos por la resoluci\u00f3n sobre Las Pavas | Christian Peacemaker Teams\",\"isPartOf\":{\"@id\":\"https:\\\/\\\/cpt.org\\\/es#website\"},\"primaryImageOfPage\":{\"@id\":\"https:\\\/\\\/cpt.org\\\/es\\\/2012\\\/11\\\/26\\\/colombia-familias-rurales-celebran-decision-sobre-las-pavas#primaryimage\"},\"image\":{\"@id\":\"https:\\\/\\\/cpt.org\\\/es\\\/2012\\\/11\\\/26\\\/colombia-familias-rurales-celebran-decision-sobre-las-pavas#primaryimage\"},\"thumbnailUrl\":\"https:\\\/\\\/cpt-org.cftvgy.org\\\/sites\\\/default\\\/files\\\/styles\\\/medium\\\/public\\\/g2_archive\\\/CPTnet\\\/121126%20pavas%20banner2.jpg?itok=QDojfRql\",\"datePublished\":\"2012-11-26T17:00:00+00:00\",\"dateModified\":\"2020-12-29T21:58:52+00:00\",\"description\":\"RedECAP26 de noviembre 2012COLOMBIA: \\\"116 Familias\u00a0\u00a1celebramos!\\\" complacidos por la resoluci\u00f3n sobre Las Pavas La\u00a0Asociaci\u00f3n de Campesinos de Buenos Aires, socio de Equipos Cristianos de Acion por la Paz desde 2009, emiti\u00f3 el siguiente comunicado despu\u00e9s del la decisi\u00f3n el 14 de noviembre del Instituto Colombiano de Desarrolo Rural\u00a0(incoder) de expropiarle a\u00a0la productora de aceite de palma, Aportes San Isidro, S.A., todas las propiedades restantes de la hacienda conocida como Las Pavas.\",\"breadcrumb\":{\"@id\":\"https:\\\/\\\/cpt.org\\\/es\\\/2012\\\/11\\\/26\\\/colombia-familias-rurales-celebran-decision-sobre-las-pavas#breadcrumb\"},\"inLanguage\":\"es\",\"potentialAction\":[{\"@type\":\"ReadAction\",\"target\":[\"https:\\\/\\\/cpt.org\\\/es\\\/2012\\\/11\\\/26\\\/colombia-familias-rurales-celebran-decision-sobre-las-pavas\"]}]},{\"@type\":\"ImageObject\",\"inLanguage\":\"es\",\"@id\":\"https:\\\/\\\/cpt.org\\\/es\\\/2012\\\/11\\\/26\\\/colombia-familias-rurales-celebran-decision-sobre-las-pavas#primaryimage\",\"url\":\"https:\\\/\\\/cpt-org.cftvgy.org\\\/sites\\\/default\\\/files\\\/styles\\\/medium\\\/public\\\/g2_archive\\\/CPTnet\\\/121126%20pavas%20banner2.jpg?itok=QDojfRql\",\"contentUrl\":\"https:\\\/\\\/cpt-org.cftvgy.org\\\/sites\\\/default\\\/files\\\/styles\\\/medium\\\/public\\\/g2_archive\\\/CPTnet\\\/121126%20pavas%20banner2.jpg?itok=QDojfRql\"},{\"@type\":\"BreadcrumbList\",\"@id\":\"https:\\\/\\\/cpt.org\\\/es\\\/2012\\\/11\\\/26\\\/colombia-familias-rurales-celebran-decision-sobre-las-pavas#breadcrumb\",\"itemListElement\":[{\"@type\":\"ListItem\",\"position\":1,\"name\":\"Home\",\"item\":\"https:\\\/\\\/cpt.org\\\/es\"},{\"@type\":\"ListItem\",\"position\":2,\"name\":\"COLOMBIA: \u00ab116 Familias \u00a1celebramos!\u00bb complacidos por la resoluci\u00f3n sobre Las Pavas\"}]},{\"@type\":\"WebSite\",\"@id\":\"https:\\\/\\\/cpt.org\\\/es#website\",\"url\":\"https:\\\/\\\/cpt.org\\\/es\",\"name\":\"Equipos y Comunidades de Acci\u00f3n por la Paz\",\"description\":\"Building partnerships to transform violence and oppression\",\"publisher\":{\"@id\":\"https:\\\/\\\/cpt.org\\\/es#organization\"},\"potentialAction\":[{\"@type\":\"SearchAction\",\"target\":{\"@type\":\"EntryPoint\",\"urlTemplate\":\"https:\\\/\\\/cpt.org\\\/es?s={search_term_string}\"},\"query-input\":{\"@type\":\"PropertyValueSpecification\",\"valueRequired\":true,\"valueName\":\"search_term_string\"}}],\"inLanguage\":\"es\"},{\"@type\":\"Organization\",\"@id\":\"https:\\\/\\\/cpt.org\\\/es#organization\",\"name\":\"Equipos y Comunidades de Acci\u00f3n por la Paz\",\"url\":\"https:\\\/\\\/cpt.org\\\/es\",\"logo\":{\"@type\":\"ImageObject\",\"inLanguage\":\"es\",\"@id\":\"https:\\\/\\\/cpt.org\\\/es#\\\/schema\\\/logo\\\/image\\\/\",\"url\":\"https:\\\/\\\/cpt.org\\\/wp-content\\\/uploads\\\/logoCPT-red-2.png\",\"contentUrl\":\"https:\\\/\\\/cpt.org\\\/wp-content\\\/uploads\\\/logoCPT-red-2.png\",\"width\":1730,\"height\":840,\"caption\":\"Equipos y Comunidades de Acci\u00f3n por la Paz\"},\"image\":{\"@id\":\"https:\\\/\\\/cpt.org\\\/es#\\\/schema\\\/logo\\\/image\\\/\"},\"sameAs\":[\"https:\\\/\\\/www.facebook.com\\\/cpters\",\"https:\\\/\\\/x.com\\\/cpt_intl\",\"https:\\\/\\\/www.instagram.com\\\/cpteams\\\/\",\"https:\\\/\\\/www.youtube.com\\\/user\\\/cptvideos\"]},{\"@type\":\"Person\",\"@id\":\"https:\\\/\\\/cpt.org\\\/es#\\\/schema\\\/person\\\/1187ed3b9ce9cbbb08dbb3a90bb6e8f6\",\"name\":\"demo\",\"image\":{\"@type\":\"ImageObject\",\"inLanguage\":\"es\",\"@id\":\"https:\\\/\\\/secure.gravatar.com\\\/avatar\\\/bf8c7166601a64c6c57b67ffbeab8f8c6a378cca786da9a326c1a34a2ec6f860?s=96&r=g\",\"url\":\"https:\\\/\\\/secure.gravatar.com\\\/avatar\\\/bf8c7166601a64c6c57b67ffbeab8f8c6a378cca786da9a326c1a34a2ec6f860?s=96&r=g\",\"contentUrl\":\"https:\\\/\\\/secure.gravatar.com\\\/avatar\\\/bf8c7166601a64c6c57b67ffbeab8f8c6a378cca786da9a326c1a34a2ec6f860?s=96&r=g\",\"caption\":\"demo\"},\"url\":\"https:\\\/\\\/cpt.org\\\/es\\\/author\\\/demo\"}]}<\/script>\n<!-- \/ Yoast SEO Premium plugin. -->","yoast_head_json":{"title":"COLOMBIA: \"116 Familias \u00a1celebramos!\" complacidos por la resoluci\u00f3n sobre Las Pavas | Christian Peacemaker Teams","description":"RedECAP26 de noviembre 2012COLOMBIA: \"116 Familias\u00a0\u00a1celebramos!\" complacidos por la resoluci\u00f3n sobre Las Pavas La\u00a0Asociaci\u00f3n de Campesinos de Buenos Aires, socio de Equipos Cristianos de Acion por la Paz desde 2009, emiti\u00f3 el siguiente comunicado despu\u00e9s del la decisi\u00f3n el 14 de noviembre del Instituto Colombiano de Desarrolo Rural\u00a0(incoder) de expropiarle a\u00a0la productora de aceite de palma, Aportes San Isidro, S.A., todas las propiedades restantes de la hacienda conocida como Las Pavas.","robots":{"index":"index","follow":"follow","max-snippet":"max-snippet:-1","max-image-preview":"max-image-preview:large","max-video-preview":"max-video-preview:-1"},"canonical":"https:\/\/cpt.org\/es\/2012\/11\/26\/colombia-familias-rurales-celebran-decision-sobre-las-pavas","og_locale":"es_ES","og_type":"article","og_title":"COLOMBIA: \"116 Familias \u00a1celebramos!\" complacidos por la resoluci\u00f3n sobre Las Pavas","og_description":"Community Peacemaker Teams builds partnerships to transform violence and oppression. Over 35 years of action for peace and justice.","og_url":"https:\/\/cpt.org\/es\/2012\/11\/26\/colombia-familias-rurales-celebran-decision-sobre-las-pavas","og_site_name":"Equipos y Comunidades de Acci\u00f3n por la Paz","article_publisher":"https:\/\/www.facebook.com\/cpters","article_published_time":"2012-11-26T17:00:00+00:00","article_modified_time":"2020-12-29T21:58:52+00:00","og_image":[{"url":"https:\/\/cpt-org.cftvgy.org\/sites\/default\/files\/styles\/medium\/public\/g2_archive\/CPTnet\/121126%20pavas%20banner2.jpg?itok=QDojfRql","type":"","width":"","height":""}],"author":"demo","twitter_card":"summary_large_image","twitter_title":"COLOMBIA: \"116 Familias \u00a1celebramos!\" complacidos por la resoluci\u00f3n sobre Las Pavas | Christian Peacemaker Teams","twitter_description":"RedECAP26 de noviembre 2012COLOMBIA: \"116 Familias\u00a0\u00a1celebramos!\" complacidos por la resoluci\u00f3n sobre Las Pavas La\u00a0Asociaci\u00f3n de Campesinos de Buenos Aires, socio de Equipos Cristianos de Acion por la Paz desde 2009, emiti\u00f3 el siguiente comunicado despu\u00e9s del la decisi\u00f3n el 14 de noviembre del Instituto Colombiano de Desarrolo Rural\u00a0(incoder) de expropiarle a\u00a0la productora de aceite de palma, Aportes San Isidro, S.A., todas las propiedades restantes de la hacienda conocida como Las Pavas.","twitter_creator":"@cpt_intl","twitter_site":"@cpt_intl","twitter_misc":{"Escrito por":"demo","Tiempo de lectura":"4 minutos"},"schema":{"@context":"https:\/\/schema.org","@graph":[{"@type":"Article","@id":"https:\/\/cpt.org\/es\/2012\/11\/26\/colombia-familias-rurales-celebran-decision-sobre-las-pavas#article","isPartOf":{"@id":"https:\/\/cpt.org\/es\/2012\/11\/26\/colombia-familias-rurales-celebran-decision-sobre-las-pavas"},"author":{"name":"demo","@id":"https:\/\/cpt.org\/es#\/schema\/person\/1187ed3b9ce9cbbb08dbb3a90bb6e8f6"},"headline":"COLOMBIA: \u00ab116 Familias \u00a1celebramos!\u00bb complacidos por la resoluci\u00f3n sobre Las Pavas","datePublished":"2012-11-26T17:00:00+00:00","dateModified":"2020-12-29T21:58:52+00:00","mainEntityOfPage":{"@id":"https:\/\/cpt.org\/es\/2012\/11\/26\/colombia-familias-rurales-celebran-decision-sobre-las-pavas"},"wordCount":816,"publisher":{"@id":"https:\/\/cpt.org\/es#organization"},"image":{"@id":"https:\/\/cpt.org\/es\/2012\/11\/26\/colombia-familias-rurales-celebran-decision-sobre-las-pavas#primaryimage"},"thumbnailUrl":"https:\/\/cpt-org.cftvgy.org\/sites\/default\/files\/styles\/medium\/public\/g2_archive\/CPTnet\/121126%20pavas%20banner2.jpg?itok=QDojfRql","articleSection":["Colombia"],"inLanguage":"es"},{"@type":"WebPage","@id":"https:\/\/cpt.org\/es\/2012\/11\/26\/colombia-familias-rurales-celebran-decision-sobre-las-pavas","url":"https:\/\/cpt.org\/es\/2012\/11\/26\/colombia-familias-rurales-celebran-decision-sobre-las-pavas","name":"COLOMBIA: \"116 Familias \u00a1celebramos!\" complacidos por la resoluci\u00f3n sobre Las Pavas | Christian Peacemaker Teams","isPartOf":{"@id":"https:\/\/cpt.org\/es#website"},"primaryImageOfPage":{"@id":"https:\/\/cpt.org\/es\/2012\/11\/26\/colombia-familias-rurales-celebran-decision-sobre-las-pavas#primaryimage"},"image":{"@id":"https:\/\/cpt.org\/es\/2012\/11\/26\/colombia-familias-rurales-celebran-decision-sobre-las-pavas#primaryimage"},"thumbnailUrl":"https:\/\/cpt-org.cftvgy.org\/sites\/default\/files\/styles\/medium\/public\/g2_archive\/CPTnet\/121126%20pavas%20banner2.jpg?itok=QDojfRql","datePublished":"2012-11-26T17:00:00+00:00","dateModified":"2020-12-29T21:58:52+00:00","description":"RedECAP26 de noviembre 2012COLOMBIA: \"116 Familias\u00a0\u00a1celebramos!\" complacidos por la resoluci\u00f3n sobre Las Pavas La\u00a0Asociaci\u00f3n de Campesinos de Buenos Aires, socio de Equipos Cristianos de Acion por la Paz desde 2009, emiti\u00f3 el siguiente comunicado despu\u00e9s del la decisi\u00f3n el 14 de noviembre del Instituto Colombiano de Desarrolo Rural\u00a0(incoder) de expropiarle a\u00a0la productora de aceite de palma, Aportes San Isidro, S.A., todas las propiedades restantes de la hacienda conocida como Las Pavas.","breadcrumb":{"@id":"https:\/\/cpt.org\/es\/2012\/11\/26\/colombia-familias-rurales-celebran-decision-sobre-las-pavas#breadcrumb"},"inLanguage":"es","potentialAction":[{"@type":"ReadAction","target":["https:\/\/cpt.org\/es\/2012\/11\/26\/colombia-familias-rurales-celebran-decision-sobre-las-pavas"]}]},{"@type":"ImageObject","inLanguage":"es","@id":"https:\/\/cpt.org\/es\/2012\/11\/26\/colombia-familias-rurales-celebran-decision-sobre-las-pavas#primaryimage","url":"https:\/\/cpt-org.cftvgy.org\/sites\/default\/files\/styles\/medium\/public\/g2_archive\/CPTnet\/121126%20pavas%20banner2.jpg?itok=QDojfRql","contentUrl":"https:\/\/cpt-org.cftvgy.org\/sites\/default\/files\/styles\/medium\/public\/g2_archive\/CPTnet\/121126%20pavas%20banner2.jpg?itok=QDojfRql"},{"@type":"BreadcrumbList","@id":"https:\/\/cpt.org\/es\/2012\/11\/26\/colombia-familias-rurales-celebran-decision-sobre-las-pavas#breadcrumb","itemListElement":[{"@type":"ListItem","position":1,"name":"Home","item":"https:\/\/cpt.org\/es"},{"@type":"ListItem","position":2,"name":"COLOMBIA: \u00ab116 Familias \u00a1celebramos!\u00bb complacidos por la resoluci\u00f3n sobre Las Pavas"}]},{"@type":"WebSite","@id":"https:\/\/cpt.org\/es#website","url":"https:\/\/cpt.org\/es","name":"Equipos y Comunidades de Acci\u00f3n por la Paz","description":"Building partnerships to transform violence and oppression","publisher":{"@id":"https:\/\/cpt.org\/es#organization"},"potentialAction":[{"@type":"SearchAction","target":{"@type":"EntryPoint","urlTemplate":"https:\/\/cpt.org\/es?s={search_term_string}"},"query-input":{"@type":"PropertyValueSpecification","valueRequired":true,"valueName":"search_term_string"}}],"inLanguage":"es"},{"@type":"Organization","@id":"https:\/\/cpt.org\/es#organization","name":"Equipos y Comunidades de Acci\u00f3n por la Paz","url":"https:\/\/cpt.org\/es","logo":{"@type":"ImageObject","inLanguage":"es","@id":"https:\/\/cpt.org\/es#\/schema\/logo\/image\/","url":"https:\/\/cpt.org\/wp-content\/uploads\/logoCPT-red-2.png","contentUrl":"https:\/\/cpt.org\/wp-content\/uploads\/logoCPT-red-2.png","width":1730,"height":840,"caption":"Equipos y Comunidades de Acci\u00f3n por la Paz"},"image":{"@id":"https:\/\/cpt.org\/es#\/schema\/logo\/image\/"},"sameAs":["https:\/\/www.facebook.com\/cpters","https:\/\/x.com\/cpt_intl","https:\/\/www.instagram.com\/cpteams\/","https:\/\/www.youtube.com\/user\/cptvideos"]},{"@type":"Person","@id":"https:\/\/cpt.org\/es#\/schema\/person\/1187ed3b9ce9cbbb08dbb3a90bb6e8f6","name":"demo","image":{"@type":"ImageObject","inLanguage":"es","@id":"https:\/\/secure.gravatar.com\/avatar\/bf8c7166601a64c6c57b67ffbeab8f8c6a378cca786da9a326c1a34a2ec6f860?s=96&r=g","url":"https:\/\/secure.gravatar.com\/avatar\/bf8c7166601a64c6c57b67ffbeab8f8c6a378cca786da9a326c1a34a2ec6f860?s=96&r=g","contentUrl":"https:\/\/secure.gravatar.com\/avatar\/bf8c7166601a64c6c57b67ffbeab8f8c6a378cca786da9a326c1a34a2ec6f860?s=96&r=g","caption":"demo"},"url":"https:\/\/cpt.org\/es\/author\/demo"}]}},"_links":{"self":[{"href":"https:\/\/cpt.org\/es\/wp-json\/wp\/v2\/posts\/10171","targetHints":{"allow":["GET"]}}],"collection":[{"href":"https:\/\/cpt.org\/es\/wp-json\/wp\/v2\/posts"}],"about":[{"href":"https:\/\/cpt.org\/es\/wp-json\/wp\/v2\/types\/post"}],"author":[{"embeddable":true,"href":"https:\/\/cpt.org\/es\/wp-json\/wp\/v2\/users\/3"}],"replies":[{"embeddable":true,"href":"https:\/\/cpt.org\/es\/wp-json\/wp\/v2\/comments?post=10171"}],"version-history":[{"count":1,"href":"https:\/\/cpt.org\/es\/wp-json\/wp\/v2\/posts\/10171\/revisions"}],"predecessor-version":[{"id":17587,"href":"https:\/\/cpt.org\/es\/wp-json\/wp\/v2\/posts\/10171\/revisions\/17587"}],"wp:attachment":[{"href":"https:\/\/cpt.org\/es\/wp-json\/wp\/v2\/media?parent=10171"}],"wp:term":[{"taxonomy":"category","embeddable":true,"href":"https:\/\/cpt.org\/es\/wp-json\/wp\/v2\/categories?post=10171"},{"taxonomy":"post_tag","embeddable":true,"href":"https:\/\/cpt.org\/es\/wp-json\/wp\/v2\/tags?post=10171"}],"curies":[{"name":"wp","href":"https:\/\/api.w.org\/{rel}","templated":true}]}}