{"id":10172,"date":"2012-11-26T12:00:00","date_gmt":"2012-11-26T17:00:00","guid":{"rendered":"https:\/\/cpt.org\/blog\/colombia-familias-rurales-celebran-una-decision-sobre-las-pavas"},"modified":"2020-12-29T16:58:54","modified_gmt":"2020-12-29T21:58:54","slug":"colombia-familias-rurales-celebran-una-decision-sobre-las-pavas","status":"publish","type":"post","link":"https:\/\/cpt.org\/es\/2012\/11\/26\/colombia-familias-rurales-celebran-una-decision-sobre-las-pavas","title":{"rendered":"COLOMBIA: Familias campesinas celebran decision sobre Las Pavas"},"content":{"rendered":"<div class=\"container tmpWrnglr\">\n<p>\n          <\/p>\n<\/p>\n<div class=\"row\">\n<div class=\"col-md-12\"><\/div>\n<\/div>\n<div class=\"row layout\">\n      <\/p>\n<div class=\"content_layout\">\n<div class=\"col-md-12\">\n<div class=\"region region-content\">\n<div id=\"block-drupal8-zymphonies-theme-content\" class=\"block block-system block-system-main-block\">\n<article class=\"node node--type-story node--view-mode-full\">\n<div class=\"node__content\">\n<div>\n<p>RedECAP<br \/>\n26 de noviembre<br \/><strong>COLOMBIA: Familias campesinas celebran decision sobre Las Pavas<\/strong><\/p>\n<p>El Instituto Colombiano de Desarrolo Rural\u00a0(incoder) public\u00f3 una decisi\u00f3n el 14 de noviembre para expropiarle a la empresa productora de aceite de palma, Aportes San Isidro, S.A.\u00a0todas las propiedades restantes de la hacienda<br \/>\nconocida como Las Pavas.<\/p>\n<p class=\"Default\">\u00abEn firme el proceso de extinci\u00f3n de<br \/>\ndominio, se proceder\u00e1 a la recuperaci\u00f3n material y titulaci\u00f3n a favor de la<br \/>\npoblaci\u00f3n campesina\u00bb, dice el\u00a0<a href=\"https:\/\/www.incoder.gov.co\/documentos\/Boletines%20noviembre%202012\/Bolet%25C3%25ADn156Decisi%25C3%25B3nFinalLasPavas.pdf\">comunicado<br \/>\nde prensa<\/a> del incoder.<\/p>\n<p>Parcelas expropiadas en septiembre, principalmente humedales u otras areas<br \/>\ninundables, nunca debieron caer en manos privadas, sentenci\u00f3 el instituto.<\/p>\n<table align=\"right\">\n<tbody>\n<tr>\n<td>\u00a0<\/td>\n<td><img fetchpriority=\"high\" decoding=\"async\" class=\"mceItem\" src=\"\/gallery2\/d\/26590-1\/121126+Pavas+banner.jpg\" alt width=\"480\" height=\"360\"><\/td>\n<\/tr>\n<tr>\n<td>\u00a0<\/td>\n<td style=\"text-align:center\">Los campesinos retornan a la hacienda de Las Pavas, abril del 2011.<\/td>\n<\/tr>\n<\/tbody>\n<\/table>\n<p>En una declaraci\u00f3n del 16 de noviembre, la Asociaci\u00f3n de Campesinos de Buenos Aires (ASOCAB), conformada de 116 familias acompa\u00f1adas desde 2009 por el proyecto en Colombia de Equipos Cristianos de Acci\u00f3n por la Paz, le dio gracias a Dios, a las iglesias y otras organizaciones de apoyo, as\u00ed como a las agencias gubernamentales responsables. Si bien elogi\u00f3 la decisi\u00f3n, las familias pidieron su cumplimiento de manera ordenada en medio de amenazas vigentes.<\/p>\n<p>En los \u00faltimos meses, Aportes San Isidro ha intensificado las t\u00e1cticas de intimidaci\u00f3n en contra de los campesinos ASOCAB, incluyendo la\u00a0<a href=\"https:\/\/www.semana.com\/nacion\/campesinos-denuncian-nueva-invasion-disputada-finca-pavas\/180531-3.aspx\">invasi\u00f3n de tierras<\/a>,\u00a0<a href=\"\/es\/redecap\/2012\/10\/11\/colombia-comunidad-de-las-pavas-sufre-amenazas-asaltos-despu%25C3%25A9s-de-una-peque%25C3%25B1-vict\">amenazas, destrucci\u00f3n de viviendas<\/a>\u00a0y destrucci\u00f3n de cultivos. Y con prometidas \u00abretaliaciones contra nuestra comunidad y los l\u00edderes por esta decisi\u00f3n [del incoder]\u00bb, la ASOCAB en su declaraci\u00f3n solicit\u00f3 medidas de seguridad.<\/p>\n<p>La subgerente de tierras rurales del incoder, Jhenifer Mojica, expres\u00f3 la misma preocupaci\u00f3n. \u00abEl Instituto hace ahora un llamado a las autoridades competentes para que acompa\u00f1en el proceso y al campesinado para garantizar todos los derechos de la poblaci\u00f3n y los de las personas y organizaciones involucradas\u00bb, seg\u00fan le cit\u00f3 el diario colombiano\u00a0<em>Vanguardia Liberal<\/em>\u00a0el 16 de noviembre.<\/p>\n<p>Todav\u00eda no hay claridad sobre cu\u00e1ndo y c\u00f3mo la decisi\u00f3n se har\u00e1 efectiva. Aportes San Isidro y sus grandes extensiones de palma aceitera siguen ocupando porciones del terreno, mientras que los miembros de ASOCAB cultivan otras.<\/p>\n<p>La violencia y las injusticias que enfrentan los miembros de la ASOCAB en Las Pavas son emblem\u00e1ticos de los problemas del desplazamiento y la despojo de tierras en el contexto de d\u00e9cadas de conflicto armado en Colombia. Sus respuestas persistentes, fieles y no violentas frente a un cat\u00e1logo de males les han ayudado a mantenerse unidos en situaciones que a otras comunidades se les hubiera salido de la mano.<\/p>\n<p>La resistencia de esta comunidad en su lucha ha permitido que Las Pavas se convierta en un caso probatorio de un esfuerzo nacional para establecer un marco jur\u00eddico para la restituci\u00f3n de tierras. Este esfuerzo, montado desde que Juan Manuel Santos fue elegido presidente en 2010, cuenta con unas 27.000 reclamaciones registradas hasta la fecha. La eficacia de los esfuerzos de restituci\u00f3n de tierras tendr\u00e1 necesariamente un impacto significativo sobre los pron\u00f3sticos de paz. Tambi\u00e9n puede figurar en las conversaciones en curso entre el gobierno colombiano y la guerrilla de las FARC.<\/p>\n<p>Los miembros de ASOCAB \u00abtenemos la esperanza de que el camino que sigue sea positivo y por fin obtengamos lo que hemos llamado el Milagro de Las Pavas\u00bb.<\/p>\n<p>El texto completo de la declaraci\u00f3n de ASOCAB se puede encontrar <a href=\"\/cptnet\/2012\/11\/26\/colombia-116-families-celebrate-asocab-respects-decision-incoder\">aqu\u00ed<\/a>.<\/p>\n<\/div>\n<div>\n<div>Categories<\/div>\n<div>\n<div><a href=\"\/taxonomy\/term\/1399\">Colombia<\/a><\/div>\n<\/div>\n<\/div>\n<\/div>\n<\/article>\n<\/div>\n<\/div>\n<\/div>\n<\/div>\n<p>\n            <\/p>\n<\/div>\n<p><\/p>\n<\/div>\n","protected":false},"excerpt":{"rendered":"<p>RedECAP 26 de noviembreCOLOMBIA: Familias campesinas celebran decision sobre Las Pavas El Instituto Colombiano de Desarrolo Rural\u00a0(incoder) public\u00f3 una decisi\u00f3n el 14 de noviembre para expropiarle a la empresa productora de aceite de palma, Aportes San Isidro, S.A.\u00a0todas las propiedades restantes de la hacienda conocida como Las Pavas. \u00abEn firme el proceso de extinci\u00f3n de [&hellip;]<\/p>\n","protected":false},"author":3,"featured_media":0,"comment_status":"closed","ping_status":"closed","sticky":false,"template":"","format":"standard","meta":{"footnotes":""},"categories":[12],"tags":[],"class_list":["post-10172","post","type-post","status-publish","format-standard","hentry","category-colombia"],"yoast_head":"<!-- This site is optimized with the Yoast SEO Premium plugin v27.4 (Yoast SEO v27.4) - https:\/\/yoast.com\/product\/yoast-seo-premium-wordpress\/ -->\n<title>COLOMBIA: Familias campesinas celebran decision sobre Las Pavas | Christian Peacemaker Teams<\/title>\n<meta name=\"description\" content=\"RedECAP 26 de noviembreCOLOMBIA: Familias campesinas celebran decision sobre Las Pavas El Instituto Colombiano de Desarrolo Rural\u00a0(incoder) public\u00f3 una decisi\u00f3n el 14 de noviembre para expropiarle a la empresa productora de aceite de palma, Aportes San Isidro, S.A.\u00a0todas las propiedades restantes de la hacienda conocida como Las Pavas.\" \/>\n<meta name=\"robots\" content=\"index, follow, max-snippet:-1, max-image-preview:large, max-video-preview:-1\" \/>\n<link rel=\"canonical\" href=\"https:\/\/cpt.org\/es\/2012\/11\/26\/colombia-familias-rurales-celebran-una-decision-sobre-las-pavas\" \/>\n<meta property=\"og:locale\" content=\"es_ES\" \/>\n<meta property=\"og:type\" content=\"article\" \/>\n<meta property=\"og:title\" content=\"COLOMBIA: Familias campesinas celebran decision sobre Las Pavas\" \/>\n<meta property=\"og:description\" content=\"Community Peacemaker Teams builds partnerships to transform violence and oppression. Over 35 years of action for peace and justice.\" \/>\n<meta property=\"og:url\" content=\"https:\/\/cpt.org\/es\/2012\/11\/26\/colombia-familias-rurales-celebran-una-decision-sobre-las-pavas\" \/>\n<meta property=\"og:site_name\" content=\"Equipos y Comunidades de Acci\u00f3n por la Paz\" \/>\n<meta property=\"article:publisher\" content=\"https:\/\/www.facebook.com\/cpters\" \/>\n<meta property=\"article:published_time\" content=\"2012-11-26T17:00:00+00:00\" \/>\n<meta property=\"article:modified_time\" content=\"2020-12-29T21:58:54+00:00\" \/>\n<meta property=\"og:image\" content=\"https:\/\/cpt.org\/gallery2\/d\/26590-1\/121126+Pavas+banner.jpg\" \/>\n<meta name=\"author\" content=\"demo\" \/>\n<meta name=\"twitter:card\" content=\"summary_large_image\" \/>\n<meta name=\"twitter:title\" content=\"COLOMBIA: Familias campesinas celebran decision sobre Las Pavas | Christian Peacemaker Teams\" \/>\n<meta name=\"twitter:description\" content=\"RedECAP 26 de noviembreCOLOMBIA: Familias campesinas celebran decision sobre Las Pavas El Instituto Colombiano de Desarrolo Rural\u00a0(incoder) public\u00f3 una decisi\u00f3n el 14 de noviembre para expropiarle a la empresa productora de aceite de palma, Aportes San Isidro, S.A.\u00a0todas las propiedades restantes de la hacienda conocida como Las Pavas.\" \/>\n<meta name=\"twitter:creator\" content=\"@cpt_intl\" \/>\n<meta name=\"twitter:site\" content=\"@cpt_intl\" \/>\n<meta name=\"twitter:label1\" content=\"Escrito por\" \/>\n\t<meta name=\"twitter:data1\" content=\"demo\" \/>\n\t<meta name=\"twitter:label2\" content=\"Tiempo de lectura\" \/>\n\t<meta name=\"twitter:data2\" content=\"3 minutos\" \/>\n<script type=\"application\/ld+json\" class=\"yoast-schema-graph\">{\"@context\":\"https:\\\/\\\/schema.org\",\"@graph\":[{\"@type\":\"Article\",\"@id\":\"https:\\\/\\\/cpt.org\\\/es\\\/2012\\\/11\\\/26\\\/colombia-familias-rurales-celebran-una-decision-sobre-las-pavas#article\",\"isPartOf\":{\"@id\":\"https:\\\/\\\/cpt.org\\\/es\\\/2012\\\/11\\\/26\\\/colombia-familias-rurales-celebran-una-decision-sobre-las-pavas\"},\"author\":{\"name\":\"demo\",\"@id\":\"https:\\\/\\\/cpt.org\\\/es#\\\/schema\\\/person\\\/1187ed3b9ce9cbbb08dbb3a90bb6e8f6\"},\"headline\":\"COLOMBIA: Familias campesinas celebran decision sobre Las Pavas\",\"datePublished\":\"2012-11-26T17:00:00+00:00\",\"dateModified\":\"2020-12-29T21:58:54+00:00\",\"mainEntityOfPage\":{\"@id\":\"https:\\\/\\\/cpt.org\\\/es\\\/2012\\\/11\\\/26\\\/colombia-familias-rurales-celebran-una-decision-sobre-las-pavas\"},\"wordCount\":573,\"publisher\":{\"@id\":\"https:\\\/\\\/cpt.org\\\/es#organization\"},\"articleSection\":[\"Colombia\"],\"inLanguage\":\"es\"},{\"@type\":\"WebPage\",\"@id\":\"https:\\\/\\\/cpt.org\\\/es\\\/2012\\\/11\\\/26\\\/colombia-familias-rurales-celebran-una-decision-sobre-las-pavas\",\"url\":\"https:\\\/\\\/cpt.org\\\/es\\\/2012\\\/11\\\/26\\\/colombia-familias-rurales-celebran-una-decision-sobre-las-pavas\",\"name\":\"COLOMBIA: Familias campesinas celebran decision sobre Las Pavas | Christian Peacemaker Teams\",\"isPartOf\":{\"@id\":\"https:\\\/\\\/cpt.org\\\/es#website\"},\"datePublished\":\"2012-11-26T17:00:00+00:00\",\"dateModified\":\"2020-12-29T21:58:54+00:00\",\"description\":\"RedECAP 26 de noviembreCOLOMBIA: Familias campesinas celebran decision sobre Las Pavas El Instituto Colombiano de Desarrolo Rural\u00a0(incoder) public\u00f3 una decisi\u00f3n el 14 de noviembre para expropiarle a la empresa productora de aceite de palma, Aportes San Isidro, S.A.\u00a0todas las propiedades restantes de la hacienda conocida como Las Pavas.\",\"breadcrumb\":{\"@id\":\"https:\\\/\\\/cpt.org\\\/es\\\/2012\\\/11\\\/26\\\/colombia-familias-rurales-celebran-una-decision-sobre-las-pavas#breadcrumb\"},\"inLanguage\":\"es\",\"potentialAction\":[{\"@type\":\"ReadAction\",\"target\":[\"https:\\\/\\\/cpt.org\\\/es\\\/2012\\\/11\\\/26\\\/colombia-familias-rurales-celebran-una-decision-sobre-las-pavas\"]}]},{\"@type\":\"BreadcrumbList\",\"@id\":\"https:\\\/\\\/cpt.org\\\/es\\\/2012\\\/11\\\/26\\\/colombia-familias-rurales-celebran-una-decision-sobre-las-pavas#breadcrumb\",\"itemListElement\":[{\"@type\":\"ListItem\",\"position\":1,\"name\":\"Home\",\"item\":\"https:\\\/\\\/cpt.org\\\/es\"},{\"@type\":\"ListItem\",\"position\":2,\"name\":\"COLOMBIA: Familias campesinas celebran decision sobre Las Pavas\"}]},{\"@type\":\"WebSite\",\"@id\":\"https:\\\/\\\/cpt.org\\\/es#website\",\"url\":\"https:\\\/\\\/cpt.org\\\/es\",\"name\":\"Equipos y Comunidades de Acci\u00f3n por la Paz\",\"description\":\"Building partnerships to transform violence and oppression\",\"publisher\":{\"@id\":\"https:\\\/\\\/cpt.org\\\/es#organization\"},\"potentialAction\":[{\"@type\":\"SearchAction\",\"target\":{\"@type\":\"EntryPoint\",\"urlTemplate\":\"https:\\\/\\\/cpt.org\\\/es?s={search_term_string}\"},\"query-input\":{\"@type\":\"PropertyValueSpecification\",\"valueRequired\":true,\"valueName\":\"search_term_string\"}}],\"inLanguage\":\"es\"},{\"@type\":\"Organization\",\"@id\":\"https:\\\/\\\/cpt.org\\\/es#organization\",\"name\":\"Equipos y Comunidades de Acci\u00f3n por la Paz\",\"url\":\"https:\\\/\\\/cpt.org\\\/es\",\"logo\":{\"@type\":\"ImageObject\",\"inLanguage\":\"es\",\"@id\":\"https:\\\/\\\/cpt.org\\\/es#\\\/schema\\\/logo\\\/image\\\/\",\"url\":\"https:\\\/\\\/cpt.org\\\/wp-content\\\/uploads\\\/logoCPT-red-2.png\",\"contentUrl\":\"https:\\\/\\\/cpt.org\\\/wp-content\\\/uploads\\\/logoCPT-red-2.png\",\"width\":1730,\"height\":840,\"caption\":\"Equipos y Comunidades de Acci\u00f3n por la Paz\"},\"image\":{\"@id\":\"https:\\\/\\\/cpt.org\\\/es#\\\/schema\\\/logo\\\/image\\\/\"},\"sameAs\":[\"https:\\\/\\\/www.facebook.com\\\/cpters\",\"https:\\\/\\\/x.com\\\/cpt_intl\",\"https:\\\/\\\/www.instagram.com\\\/cpteams\\\/\",\"https:\\\/\\\/www.youtube.com\\\/user\\\/cptvideos\"]},{\"@type\":\"Person\",\"@id\":\"https:\\\/\\\/cpt.org\\\/es#\\\/schema\\\/person\\\/1187ed3b9ce9cbbb08dbb3a90bb6e8f6\",\"name\":\"demo\",\"image\":{\"@type\":\"ImageObject\",\"inLanguage\":\"es\",\"@id\":\"https:\\\/\\\/secure.gravatar.com\\\/avatar\\\/bf8c7166601a64c6c57b67ffbeab8f8c6a378cca786da9a326c1a34a2ec6f860?s=96&r=g\",\"url\":\"https:\\\/\\\/secure.gravatar.com\\\/avatar\\\/bf8c7166601a64c6c57b67ffbeab8f8c6a378cca786da9a326c1a34a2ec6f860?s=96&r=g\",\"contentUrl\":\"https:\\\/\\\/secure.gravatar.com\\\/avatar\\\/bf8c7166601a64c6c57b67ffbeab8f8c6a378cca786da9a326c1a34a2ec6f860?s=96&r=g\",\"caption\":\"demo\"},\"url\":\"https:\\\/\\\/cpt.org\\\/es\\\/author\\\/demo\"}]}<\/script>\n<!-- \/ Yoast SEO Premium plugin. -->","yoast_head_json":{"title":"COLOMBIA: Familias campesinas celebran decision sobre Las Pavas | Christian Peacemaker Teams","description":"RedECAP 26 de noviembreCOLOMBIA: Familias campesinas celebran decision sobre Las Pavas El Instituto Colombiano de Desarrolo Rural\u00a0(incoder) public\u00f3 una decisi\u00f3n el 14 de noviembre para expropiarle a la empresa productora de aceite de palma, Aportes San Isidro, S.A.\u00a0todas las propiedades restantes de la hacienda conocida como Las Pavas.","robots":{"index":"index","follow":"follow","max-snippet":"max-snippet:-1","max-image-preview":"max-image-preview:large","max-video-preview":"max-video-preview:-1"},"canonical":"https:\/\/cpt.org\/es\/2012\/11\/26\/colombia-familias-rurales-celebran-una-decision-sobre-las-pavas","og_locale":"es_ES","og_type":"article","og_title":"COLOMBIA: Familias campesinas celebran decision sobre Las Pavas","og_description":"Community Peacemaker Teams builds partnerships to transform violence and oppression. Over 35 years of action for peace and justice.","og_url":"https:\/\/cpt.org\/es\/2012\/11\/26\/colombia-familias-rurales-celebran-una-decision-sobre-las-pavas","og_site_name":"Equipos y Comunidades de Acci\u00f3n por la Paz","article_publisher":"https:\/\/www.facebook.com\/cpters","article_published_time":"2012-11-26T17:00:00+00:00","article_modified_time":"2020-12-29T21:58:54+00:00","og_image":[{"url":"https:\/\/cpt.org\/gallery2\/d\/26590-1\/121126+Pavas+banner.jpg","type":"","width":"","height":""}],"author":"demo","twitter_card":"summary_large_image","twitter_title":"COLOMBIA: Familias campesinas celebran decision sobre Las Pavas | Christian Peacemaker Teams","twitter_description":"RedECAP 26 de noviembreCOLOMBIA: Familias campesinas celebran decision sobre Las Pavas El Instituto Colombiano de Desarrolo Rural\u00a0(incoder) public\u00f3 una decisi\u00f3n el 14 de noviembre para expropiarle a la empresa productora de aceite de palma, Aportes San Isidro, S.A.\u00a0todas las propiedades restantes de la hacienda conocida como Las Pavas.","twitter_creator":"@cpt_intl","twitter_site":"@cpt_intl","twitter_misc":{"Escrito por":"demo","Tiempo de lectura":"3 minutos"},"schema":{"@context":"https:\/\/schema.org","@graph":[{"@type":"Article","@id":"https:\/\/cpt.org\/es\/2012\/11\/26\/colombia-familias-rurales-celebran-una-decision-sobre-las-pavas#article","isPartOf":{"@id":"https:\/\/cpt.org\/es\/2012\/11\/26\/colombia-familias-rurales-celebran-una-decision-sobre-las-pavas"},"author":{"name":"demo","@id":"https:\/\/cpt.org\/es#\/schema\/person\/1187ed3b9ce9cbbb08dbb3a90bb6e8f6"},"headline":"COLOMBIA: Familias campesinas celebran decision sobre Las Pavas","datePublished":"2012-11-26T17:00:00+00:00","dateModified":"2020-12-29T21:58:54+00:00","mainEntityOfPage":{"@id":"https:\/\/cpt.org\/es\/2012\/11\/26\/colombia-familias-rurales-celebran-una-decision-sobre-las-pavas"},"wordCount":573,"publisher":{"@id":"https:\/\/cpt.org\/es#organization"},"articleSection":["Colombia"],"inLanguage":"es"},{"@type":"WebPage","@id":"https:\/\/cpt.org\/es\/2012\/11\/26\/colombia-familias-rurales-celebran-una-decision-sobre-las-pavas","url":"https:\/\/cpt.org\/es\/2012\/11\/26\/colombia-familias-rurales-celebran-una-decision-sobre-las-pavas","name":"COLOMBIA: Familias campesinas celebran decision sobre Las Pavas | Christian Peacemaker Teams","isPartOf":{"@id":"https:\/\/cpt.org\/es#website"},"datePublished":"2012-11-26T17:00:00+00:00","dateModified":"2020-12-29T21:58:54+00:00","description":"RedECAP 26 de noviembreCOLOMBIA: Familias campesinas celebran decision sobre Las Pavas El Instituto Colombiano de Desarrolo Rural\u00a0(incoder) public\u00f3 una decisi\u00f3n el 14 de noviembre para expropiarle a la empresa productora de aceite de palma, Aportes San Isidro, S.A.\u00a0todas las propiedades restantes de la hacienda conocida como Las Pavas.","breadcrumb":{"@id":"https:\/\/cpt.org\/es\/2012\/11\/26\/colombia-familias-rurales-celebran-una-decision-sobre-las-pavas#breadcrumb"},"inLanguage":"es","potentialAction":[{"@type":"ReadAction","target":["https:\/\/cpt.org\/es\/2012\/11\/26\/colombia-familias-rurales-celebran-una-decision-sobre-las-pavas"]}]},{"@type":"BreadcrumbList","@id":"https:\/\/cpt.org\/es\/2012\/11\/26\/colombia-familias-rurales-celebran-una-decision-sobre-las-pavas#breadcrumb","itemListElement":[{"@type":"ListItem","position":1,"name":"Home","item":"https:\/\/cpt.org\/es"},{"@type":"ListItem","position":2,"name":"COLOMBIA: Familias campesinas celebran decision sobre Las Pavas"}]},{"@type":"WebSite","@id":"https:\/\/cpt.org\/es#website","url":"https:\/\/cpt.org\/es","name":"Equipos y Comunidades de Acci\u00f3n por la Paz","description":"Building partnerships to transform violence and oppression","publisher":{"@id":"https:\/\/cpt.org\/es#organization"},"potentialAction":[{"@type":"SearchAction","target":{"@type":"EntryPoint","urlTemplate":"https:\/\/cpt.org\/es?s={search_term_string}"},"query-input":{"@type":"PropertyValueSpecification","valueRequired":true,"valueName":"search_term_string"}}],"inLanguage":"es"},{"@type":"Organization","@id":"https:\/\/cpt.org\/es#organization","name":"Equipos y Comunidades de Acci\u00f3n por la Paz","url":"https:\/\/cpt.org\/es","logo":{"@type":"ImageObject","inLanguage":"es","@id":"https:\/\/cpt.org\/es#\/schema\/logo\/image\/","url":"https:\/\/cpt.org\/wp-content\/uploads\/logoCPT-red-2.png","contentUrl":"https:\/\/cpt.org\/wp-content\/uploads\/logoCPT-red-2.png","width":1730,"height":840,"caption":"Equipos y Comunidades de Acci\u00f3n por la Paz"},"image":{"@id":"https:\/\/cpt.org\/es#\/schema\/logo\/image\/"},"sameAs":["https:\/\/www.facebook.com\/cpters","https:\/\/x.com\/cpt_intl","https:\/\/www.instagram.com\/cpteams\/","https:\/\/www.youtube.com\/user\/cptvideos"]},{"@type":"Person","@id":"https:\/\/cpt.org\/es#\/schema\/person\/1187ed3b9ce9cbbb08dbb3a90bb6e8f6","name":"demo","image":{"@type":"ImageObject","inLanguage":"es","@id":"https:\/\/secure.gravatar.com\/avatar\/bf8c7166601a64c6c57b67ffbeab8f8c6a378cca786da9a326c1a34a2ec6f860?s=96&r=g","url":"https:\/\/secure.gravatar.com\/avatar\/bf8c7166601a64c6c57b67ffbeab8f8c6a378cca786da9a326c1a34a2ec6f860?s=96&r=g","contentUrl":"https:\/\/secure.gravatar.com\/avatar\/bf8c7166601a64c6c57b67ffbeab8f8c6a378cca786da9a326c1a34a2ec6f860?s=96&r=g","caption":"demo"},"url":"https:\/\/cpt.org\/es\/author\/demo"}]}},"_links":{"self":[{"href":"https:\/\/cpt.org\/es\/wp-json\/wp\/v2\/posts\/10172","targetHints":{"allow":["GET"]}}],"collection":[{"href":"https:\/\/cpt.org\/es\/wp-json\/wp\/v2\/posts"}],"about":[{"href":"https:\/\/cpt.org\/es\/wp-json\/wp\/v2\/types\/post"}],"author":[{"embeddable":true,"href":"https:\/\/cpt.org\/es\/wp-json\/wp\/v2\/users\/3"}],"replies":[{"embeddable":true,"href":"https:\/\/cpt.org\/es\/wp-json\/wp\/v2\/comments?post=10172"}],"version-history":[{"count":1,"href":"https:\/\/cpt.org\/es\/wp-json\/wp\/v2\/posts\/10172\/revisions"}],"predecessor-version":[{"id":17588,"href":"https:\/\/cpt.org\/es\/wp-json\/wp\/v2\/posts\/10172\/revisions\/17588"}],"wp:attachment":[{"href":"https:\/\/cpt.org\/es\/wp-json\/wp\/v2\/media?parent=10172"}],"wp:term":[{"taxonomy":"category","embeddable":true,"href":"https:\/\/cpt.org\/es\/wp-json\/wp\/v2\/categories?post=10172"},{"taxonomy":"post_tag","embeddable":true,"href":"https:\/\/cpt.org\/es\/wp-json\/wp\/v2\/tags?post=10172"}],"curies":[{"name":"wp","href":"https:\/\/api.w.org\/{rel}","templated":true}]}}