{"id":10237,"date":"2013-08-26T12:00:00","date_gmt":"2013-08-26T16:00:00","guid":{"rendered":"https:\/\/cpt.org\/blog\/colombia-cartilla-el-paro-nacional"},"modified":"2020-12-29T17:01:31","modified_gmt":"2020-12-29T22:01:31","slug":"colombia-cartilla-el-paro-nacional","status":"publish","type":"post","link":"https:\/\/cpt.org\/es\/2013\/08\/26\/colombia-cartilla-el-paro-nacional","title":{"rendered":"COLOMBIA CARTILLA: El Paro Nacional"},"content":{"rendered":"<div class=\"container tmpWrnglr\">\n<p>\n          <\/p>\n<\/p>\n<div class=\"row\">\n<div class=\"col-md-12\"><\/div>\n<\/div>\n<div class=\"row layout\">\n      <\/p>\n<div class=\"content_layout\">\n<div class=\"col-md-12\">\n<div class=\"region region-content\">\n<div id=\"block-drupal8-zymphonies-theme-content\" class=\"block block-system block-system-main-block\">\n<article class=\"node node--type-story node--view-mode-full\">\n<div class=\"node__content\">\n<div>\n<p>redECAP<br \/>26 augusto 2013<br \/><strong>COLOMBIA CARTILLA: El Paro Nacional <\/strong><\/p>\n<p>\u00a0<\/p>\n<table align=\"right\">\n<tbody>\n<tr>\n<td>\u00a0<\/td>\n<td><img fetchpriority=\"high\" decoding=\"async\" class=\"mceItem\" src=\"https:\/\/cpt.org\/wp-content\/uploads\/chocho_0-1.jpg\" alt height=\"353\" width=\"770\"><\/td>\n<\/tr>\n<\/tbody>\n<\/table>\n<p style=\"text-align:left\"><span style=\"line-height:1.5\">A<br \/>\n partir del lunes, el 19 de agosto, varios sectores de la sociedad<br \/>\ncolombiana se juntaron en un paro nacional. El paro, que sigue tomando<br \/>\nlugar en ciudades y zonas rurales en varias partes del pa\u00eds, involucra<br \/>\ncampesinos agropecuarios, mineros artesanales, sindicatos cafeteros,<br \/>\ncamioneros, \u00a0estudiantes, maestros y trabajadores de la salud. ECAP ha<br \/>\nestado presente con las comunidades que llevan a cabo el paro en Segovia<br \/>\n y Remedios, en el nordeste antioque\u00f1o. Lo que sigue es una cartilla<br \/>\ncorta sobre el porqu\u00e9 del paro, el contexto hist\u00f3rico de las<br \/>\nmanifestaciones, y lo que han exigido los manifestantes al Estado.<\/span><\/p>\n<h4 style=\"text-align:left\">Una deuda hist\u00f3rica<\/h4>\n<p style=\"text-align:left\">Colombia<br \/>\n es un pa\u00eds profundamente dividido por la inequidad econ\u00f3mica. Esta es<br \/>\nespecialmente impactante cuando se viaja entre una ciudad y una zona<br \/>\nrural: el<a href=\"https:\/\/www.ruralpovertyportal.org\/country\/home\/tags\/colombia\"> 64%<\/a><br \/>\n de la poblaci\u00f3n vive en la pobreza, en comparaci\u00f3n con el 39% en las<br \/>\nciudades. Casi la mitad de los colombianos en zonas rurales viven en la<br \/>\npobreza extrema,<a href=\"https:\/\/www.earth.columbia.edu\/articles\/view\/1780\"> definida<\/a> por subsistir en menos que COP 2.000 diariamente. En total, m\u00e1s que<a href=\"https:\/\/colombiareports.com\/15-million-colombians-remain-in-poverty\/\"> 15 millones<\/a> \u00a0de colombianos viven en la pobreza, la mayor\u00eda de ellos en las zonas rurales.<\/p>\n<p style=\"text-align:left\">Colombia tambi\u00e9n alberga<a href=\"https:\/\/www.internal-displacement.org\/countries\/colombia\"> cinco millones<\/a><br \/>\n personas desplazadas, un n\u00famero igualado en la planeta solamente con el<br \/>\n Sud\u00e1n. Esto se suma a uno de cada diez colombianos, todos desplazados<br \/>\nen los \u00faltimos doce a\u00f1os a campamentos de refugiados, barrios populares,<br \/>\n y alojamientos temporales. Las mujeres, los afrodescendientes, y los<br \/>\nind\u00edgenas tienen niveles m\u00e1s altos del desplazamiento que los otros<br \/>\nsectores.<\/p>\n<p style=\"text-align:left\">Pero Colombia tambi\u00e9n es un pa\u00eds<br \/>\nde gran riquezas y un PIB que se va aumentando. Desgraciadamente, los<br \/>\npobres no han visto los beneficios de este aumento. El pa\u00eds el segundo<br \/>\nm\u00e1s<a href=\"https:\/\/www.cia.gov\/library\/publications\/the-world-factbook\/rankorder\/2172rank.html\"> desigual<\/a><br \/>\n en el hemisferio occidental; sigue solamente a Hait\u00ed. Es el octavo pa\u00eds<br \/>\n en desigualdad en todo el planeta. En las zonas rurales, esta<br \/>\ndesigualdad se manifiesta m\u00e1s obscenamente en la propiedad de tierras:<br \/>\nel 0,4% de los terratenientes tienen el<a href=\"https:\/\/www.abcolombia.org.uk\/mainpage.asp?mainid=76\"> 61%<\/a><br \/>\n del territorio rural, y esta concentraci\u00f3n de tierras se sigue<br \/>\naumentando con los niveles de inversi\u00f3n directa del extranjero, que han<br \/>\nsubido en los \u00faltimos quince a\u00f1os.<\/p>\n<p style=\"text-align:left\">La ola reciente de Tratados de Libre Comercio solo ha empeorado la situaci\u00f3n.<a href=\"https:\/\/www.oxfamamerica.org\/publications\/impact-of-the-us-colombia-fta-on-the-small-farm-economy-in-colombia\"> Oxfam<\/a><br \/>\n y otros estimaron que el TLC con los EE.UU., que entr\u00f3 en vigor en el<br \/>\n2012, significar\u00eda que los campesinos rurales perdieran hasta el 70% de<br \/>\nsus ingresos. Los niveles del<a href=\"https:\/\/www.truth-out.org\/news\/item\/16737-the-horrific-costs-of-the-us-colombia-trade-agreement?tmpl=component&#038;print=1\"> desplazamiento<\/a> ya han incrementado desde que el TLC entr\u00f3 en vigor.[1]<\/p>\n<p style=\"text-align:left\">Como escribieron los<a href=\"https:\/\/www.marchapatriotica.org\/noticias-2\/1769-paro-agrario-pliego-nacional-de-peticiones-agropecuarias-y-populares\"> organizadores del paro<\/a> en el primer d\u00eda de la manifestaci\u00f3n, hay una<\/p>\n<p style=\"padding-left:60px;text-align:left\"><em>\u201c\u2026 deuda<br \/>\nhist\u00f3rica que el Estado colombiano tiene con el mundo rural. [H]emos<br \/>\nlogrado establecer reivindicaciones en leyes y decretos, que a la luz de<br \/>\n la realidad son letra muerta, en algunos casos su pretexto del d\u00e9ficit<br \/>\npresupuestal a pesar que cada a\u00f1o los gremios econ\u00f3micos hablan de<br \/>\nabundantes ganancias que no se reflejan en nuestros ingresos ni el<br \/>\nmejoramiento de nuestra calidad de vida.<\/em><\/p>\n<p style=\"padding-left:60px;text-align:left\"><em>Adicional a<br \/>\nello se ha aplicado todo un paquete legislativo y normativa en materia<br \/>\nde producci\u00f3n agropecuaria, minera, energ\u00e9tica, vivienda y de servicios<br \/>\np\u00fablicos que favoreciendo intereses del capital va en contra de los<br \/>\nintereses del pueblo. La tercera parte de la poblaci\u00f3n rural vive en<br \/>\npobreza extrema\u2026 el 75,5% de los municipios colombianos son rurales, en<br \/>\nellos vive el 31,6% de la poblaci\u00f3n.<\/em><\/p>\n<p style=\"padding-left:60px;text-align:left\"><em>En nuestra<br \/>\nrealidad, la deuda social se refleja en el despojo, la no adjudicaci\u00f3n y<br \/>\n dotaci\u00f3n de tierras, en el desconocimiento territorial, en la carente<br \/>\npol\u00edtica para fortalecer la producci\u00f3n agropecuaria, en la pol\u00edtica<br \/>\nminera a favor de multinacionales y en contra de comunidades, y mineros<br \/>\npeque\u00f1os y artesanales, y la ausencia estatal en cuanto programas de<br \/>\ninversi\u00f3n social en educaci\u00f3n, salud, vivienda, infraestructura vial y<br \/>\nservicios p\u00fablicos se refiere.<\/em><\/p>\n<p style=\"padding-left:60px;text-align:left\"><em>El art\u00edculo<br \/>\n65 de la Constituci\u00f3n Pol\u00edtica de Colombia de 1991 define \u2018La producci\u00f3n<br \/>\n de alimentos gozar\u00e1 de la especial protecci\u00f3n del Estado.\u2019 Sin embargo,<br \/>\n la pol\u00edtica agraria no ha resuelto la situaci\u00f3n de inseguridad<br \/>\nalimentaria, desnutrici\u00f3n y hambre de los pobladores del sector urbano y<br \/>\n rural: el 58,3% de los hogares rurales se encuentran en alg\u00fan grado de<br \/>\ninseguridad alimentaria; el 20% de los ni\u00f1os menores de cinco a\u00f1os en<br \/>\nsituaci\u00f3n de desnutrici\u00f3n cr\u00f3nica y el 1,3% en situaci\u00f3n de desnutrici\u00f3n<br \/>\n aguda. Seg\u00fan la Defensor\u00eda del Pueblo el 40,8% de la poblaci\u00f3n total en<br \/>\n el pa\u00eds se encuentra en condiciones de inseguridad alimentaria. Ante<br \/>\nlas injusticias vividas, hemos enviado cartas, sostenido reuniones,<br \/>\naudiencias, hemos hecho uso de derecho leg\u00edtimos a la protesta llegando a<br \/>\n acuerdos con distintos gobiernos municipales, departamentales, e<br \/>\nincluso con el gobierno nacional, para dar soluci\u00f3n a los problemas que<br \/>\nse generan y viven en la ruralidad, y que afectan al conjunto de la<br \/>\nsociedad colombiana. Cada uno de estos acuerdos se ha sido incumplido de<br \/>\n manera sistem\u00e1tica por el Estado y sus diferentes instituciones.\u201d<\/em><\/p>\n<h4 style=\"text-align:left\">Las Ganancias de la Gran Miner\u00eda de Oro<\/h4>\n<p style=\"text-align:left\">La inversi\u00f3n extranjera hecho por<br \/>\nlas industrias extractivas en Colombia ha aumentado ampliamente en los<br \/>\n\u00faltimos quince a\u00f1os, debido en parte a una reducci\u00f3n de la actividad<br \/>\nguerrillera,que hace que la gran miner\u00eda sea m\u00e1s rentable y menos<br \/>\nriesgosa para las multinacionales. Debido a estos cambios, y en<br \/>\nrespuesta a un aumento en el precio del oro durante la crisis econ\u00f3mica<br \/>\nmundial, la producci\u00f3n del oro en el pa\u00eds se ha<a href=\"https:\/\/mondediplo.com\/2010\/08\/08colombia\"> triplicado<\/a><br \/>\n desde el 2006. Pero a pesar de la gran expansi\u00f3n de la miner\u00eda en el<br \/>\npa\u00eds, la mayor\u00eda de los proyectos mineros quedan en la etapa de<br \/>\nexploraci\u00f3n, con las multinacionales haciendo cola para pedir<br \/>\nconcesiones en las zonas rurales. En las palabras de un<a href=\"https:\/\/www.theaureport.com\/pub\/na\/louis-james-straight-talk-from-and-about-colombia\"> analista de finanzas<\/a><br \/>\n en los EE.UU., Colombia \u201cno ha sido explorada por d\u00e9cadas debido a la<br \/>\nguerra con la guerrilla y otros problemas. Por esto, creo que hay mucha<br \/>\nm\u00e1s oportunidad all\u00e1 [que en los otros pa\u00edses que producen el oro].\u201d<\/p>\n<p style=\"text-align:left\">Ese af\u00e1n ha tra\u00eddo un aumento del<a href=\"https:\/\/www.pbi-colombia.org\/los-proyectos\/pbi-colombia\/noticias-de-colombia\/ultimas-noticias\/?L=1&#038;tx_ttnews%5Btt_news%5D=2307&#038;cHash=2952bbeced5cbbf4824303f730f2465d\"> 640%<\/a><br \/>\n \u00a0en la inversi\u00f3n minera de las multinacionales desde el 1999. Los<br \/>\ngastos del gobierno en el desarrollo de la infraestructura se concentra<br \/>\nen las \u00e1reas bajo exploraci\u00f3n por multinacionales, y hasta se ha<br \/>\nreportado que<a href=\"https:\/\/mondediplo.com\/2010\/08\/08colombia\"> 40%<\/a> del territorio rural est\u00e1 abierto para concesionar a multinacionales. Estas estad\u00edsticas, juntos con el nuevo<a href=\"https:\/\/www.prensarural.org\/spip\/spip.php?article2080\"> c\u00f3digo minero<\/a><br \/>\n (partes de cual, se rumora, fue escrito por la empresa minera AngloGold<br \/>\n Ashanti) que reduce las restricciones en la miner\u00eda para<br \/>\nmultinacionales, dibujan un imagen clara de un Estado rentista que est\u00e1<br \/>\npreparando una pista de aterrizaje para el capital extranjero para<br \/>\napropiarse del patrimonio nacional, mientras los residentes de las zonas<br \/>\n donde hay oro viven sin v\u00edas, saneamiento, o infraestructura social.<br \/>\n(V\u00e9ase la <a href=\"https:\/\/https:\/\/ecapcolombia.wordpress.com\/2013\/08\/23\/piedras-y-metales-preciosos\/\" target=\"_blank\" rel=\"noopener\">reflexi\u00f3n <\/a>de Pierre Shantz, que discute las ganancias mineras en Segovia, Antioquia.)<\/p>\n<p style=\"text-align:left\">Es m\u00e1s. La coyuntura econ\u00f3mica<br \/>\ntoma lugar en el contexto de un conflicto armado, que, contrario a la<br \/>\nnarrativa nacional, no se ha acabado. La gente en el campo en particular<br \/>\n sigue siendo afectada por las depredaciones de los grupos armados<br \/>\nlegales e ilegales, como escriben<a href=\"https:\/\/cahucopana.blogspot.com\/2013\/08\/pliego-regional-de-peticiones.html\"> manifestantes en Antioquia<\/a>:<\/p>\n<p style=\"padding-left:60px;text-align:left\"><em>\u201c[Vivimos<br \/>\nen] regiones olvidadas por el Estado Colombiano, donde el conflicto<br \/>\nsocial y armado se ha vivido con m\u00e1s intensidad, dejando centenares de<br \/>\nfamilias sin tierra, despojados y desarraigados de sus territorios,<br \/>\ninvadidos por el militarismo y los planes de consolidaci\u00f3n territorial, a<br \/>\n la par de la alta presencia de empresas transnacionales y<br \/>\nmultinacionales que potencializan el accionar de grupos paramilitares y<br \/>\ndelincuenciales en los campos colombianos y que han sometido a la<br \/>\npoblaci\u00f3n rural y urbana a la crisis humanitaria por d\u00e9cadas.<\/em><\/p>\n<p style=\"padding-left:60px;text-align:left\"><em>Las<br \/>\nejecuciones extrajudiciales, la estigmatizaci\u00f3n y el se\u00f1alamiento de<br \/>\nl\u00edderes campesinos, los bloqueos econ\u00f3micos y sanitarios, los<br \/>\nametrallamientos y bombardeos indiscriminados, por parte de las Fuerzas<br \/>\nMilitares, son otras de las formas de violencia que han tenido que<br \/>\npadecer campesinos y campesinas de la regi\u00f3n, y han sido estas, las<br \/>\n\u00fanicas muestras de presencia que ha hecho el Estado Colombiano en estos<br \/>\nterritorios.\u201d<\/em><\/p>\n<h5 style=\"text-align:left\">Las Exigencias de los Movimientos Sociales<\/h5>\n<p style=\"text-align:left\">En resumen, mientras que la<br \/>\ninversi\u00f3n extranjera directa (IED) sigue aumentando en Colombia,<br \/>\nespecialmente en el sector de la miner\u00eda del oro, las comunidades<br \/>\nlocales\u2014muchas de cuales han sobrevivido en la miner\u00eda artesanal por<br \/>\nsiglos\u2014no han visto los beneficios del influjo de capital, y en su lugar<br \/>\n han padecido m\u00e1s violencia, desplazamiento, y pobreza mientras las<br \/>\nmultinacionales llenan sus bolsillos, ya pesados. \u00a0El gobierno de Santos<br \/>\n se ha\u00a0<a href=\"https:\/\/www.reuters.com\/article\/2012\/10\/18\/colombia-peace-idUSL5E8LIK8820121018\">negado<\/a> a discutir la inversi\u00f3n extranjera o el modelo econ\u00f3mico del comercio libre en las negociaciones con las FARC-EP.<\/p>\n<p style=\"text-align:left\">Como respuesta,\u00a0<a href=\"https:\/\/www.marchapatriotica.org\/noticias-2\/1769-paro-agrario-pliego-nacional-de-peticiones-agropecuarias-y-populares\">organizadores<\/a> del Paro Nacional han publicado una lista de seis exigencias espec\u00edficas que hacen al Estado.[2] Estas incluyen:<\/p>\n<ol style=\"text-align:left\">\n<li>Exigimos la implementaci\u00f3n de medidas y acciones frente a la crisis<br \/>\nde la producci\u00f3n agropecuaria.Exigimos acceso a la propiedad de la<br \/>\ntierra.<\/li>\n<li>Exigimos reconocimiento a la\u00a0<a href=\"https:\/\/colombiareports.com\/what-is-a-rural-peasant-reserve-zone\/\">territorialidad campesina<\/a>.<\/li>\n<li>Exigimos la participaci\u00f3n efectiva de las comunidades y los mineros<br \/>\npeque\u00f1os y tradicionales en la formulaci\u00f3n y desarrollo de la pol\u00edtica<br \/>\nminera.<\/li>\n<li>Exigimos se adopten medidas y se cumplan las garant\u00edas reales para el ejercicio de los derechos pol\u00edticos de la poblaci\u00f3n rural.<\/li>\n<li>Exigimos inversi\u00f3n social en la poblaci\u00f3n rural y urbana en educaci\u00f3n, salud, vivienda, servicios p\u00fablicos y v\u00edas.\u201d<\/li>\n<\/ol>\n<p style=\"text-align:left\">Los organizadores concluyen: \u201cDe parte<br \/>\nnuestra ya est\u00e1n los voceros nacionales para iniciar en di\u00e1logo y<br \/>\nconformar la Mesa de Interlocuci\u00f3n y Acuerdo Agropecuaria y Popular<br \/>\n(MIA), escenario que proponemos como la instancia para abordar el pliego<br \/>\n de peticiones y llegar a acuerdos.\u201d<\/p>\n<p style=\"text-align:left\"><em>Para seguir los desarrollos en el Paro Nacional, v\u00e9ase nuestra p\u00e1gina de<a href=\"https:\/\/storify.com\/cptco\"> Storify<\/a>, donde recogemos las noticias y avances del paro.<\/em><\/p>\n<p style=\"text-align:left\"><em>Para m\u00e1s informaci\u00f3n sobre los asuntos de la gran miner\u00eda en Colombia (en ingles), v\u00e9ase a<a href=\"https:\/\/www.peacebrigades.org\/fileadmin\/user_files\/projects\/colombia\/files\/colomPBIa\/111203_mining_in_colombia_web.pdf\"> este<\/a> informe por Peace Brigades International, y<a href=\"https:\/\/www.usofficeoncolombia.org\/docs\/large-scale-mining-full-report.pdf\"> este<\/a> informe por la U.S. Office on Colombia.<\/em><\/p>\n<hr>\n<p style=\"text-align:left\"><span style=\"line-height:1.5\">[1] Los<\/span><a style=\"line-height:1.5\" href=\"https:\/\/brownfieldagnews.com\/2012\/05\/21\/colombia-fta-finally-in-place-says-afbf\/\"> agricultores<\/a><span style=\"line-height:1.5\"> y<\/span><a style=\"line-height:1.5\" href=\"https:\/\/colombiareports.com\/colombia-exports-to-us-down-13-after-implementation-fta\/\"> exportadores<\/a><span style=\"line-height:1.5\"> estadounidenses, por el otro lado, esperan ver ganancias significantes.<\/span><\/p>\n<p style=\"text-align:left\">[2] Cada exigencia tiene una lista extensiva de sub-puntos; por favor v\u00e9ase el<a href=\"https:\/\/www.marchapatriotica.org\/noticias-2\/1769-paro-agrario-pliego-nacional-de-peticiones-agropecuarias-y-populares\"> documento<\/a> original para m\u00e1s detalles.<\/p>\n<\/div>\n<div>\n<div>Categories<\/div>\n<div>\n<div><a href=\"\/taxonomy\/term\/1399\">Colombia<\/a><\/div>\n<\/div>\n<\/div>\n<\/div>\n<\/article>\n<\/div>\n<\/div>\n<\/div>\n<\/div>\n<p>\n            <\/p>\n<\/div>\n<p><\/p>\n<\/div>\n","protected":false},"excerpt":{"rendered":"<p>redECAP26 augusto 2013COLOMBIA CARTILLA: El Paro Nacional \u00a0 \u00a0 A partir del lunes, el 19 de agosto, varios sectores de la sociedad colombiana se juntaron en un paro nacional. El paro, que sigue tomando lugar en ciudades y zonas rurales en varias partes del pa\u00eds, involucra campesinos agropecuarios, mineros artesanales, sindicatos cafeteros, camioneros, \u00a0estudiantes, maestros [&hellip;]<\/p>\n","protected":false},"author":3,"featured_media":0,"comment_status":"closed","ping_status":"closed","sticky":false,"template":"","format":"standard","meta":{"footnotes":""},"categories":[12],"tags":[],"class_list":["post-10237","post","type-post","status-publish","format-standard","hentry","category-colombia"],"yoast_head":"<!-- This site is optimized with the Yoast SEO Premium plugin v27.4 (Yoast SEO v27.4) - https:\/\/yoast.com\/product\/yoast-seo-premium-wordpress\/ -->\n<title>COLOMBIA CARTILLA: El Paro Nacional | Christian Peacemaker Teams<\/title>\n<meta name=\"description\" content=\"redECAP26 augusto 2013COLOMBIA CARTILLA: El Paro Nacional\" \/>\n<meta name=\"robots\" content=\"index, follow, max-snippet:-1, max-image-preview:large, max-video-preview:-1\" \/>\n<link rel=\"canonical\" href=\"https:\/\/cpt.org\/es\/2013\/08\/26\/colombia-cartilla-el-paro-nacional\" \/>\n<meta property=\"og:locale\" content=\"es_ES\" \/>\n<meta property=\"og:type\" content=\"article\" \/>\n<meta property=\"og:title\" content=\"COLOMBIA CARTILLA: El Paro Nacional\" \/>\n<meta property=\"og:description\" content=\"Community Peacemaker Teams builds partnerships to transform violence and oppression. Over 35 years of action for peace and justice.\" \/>\n<meta property=\"og:url\" content=\"https:\/\/cpt.org\/es\/2013\/08\/26\/colombia-cartilla-el-paro-nacional\" \/>\n<meta property=\"og:site_name\" content=\"Equipos y Comunidades de Acci\u00f3n por la Paz\" \/>\n<meta property=\"article:publisher\" content=\"https:\/\/www.facebook.com\/cpters\" \/>\n<meta property=\"article:published_time\" content=\"2013-08-26T16:00:00+00:00\" \/>\n<meta property=\"article:modified_time\" content=\"2020-12-29T22:01:31+00:00\" \/>\n<meta property=\"og:image\" content=\"https:\/\/cpt.org\/wp-content\/uploads\/chocho_0-1.jpg\" \/>\n<meta name=\"author\" content=\"demo\" \/>\n<meta name=\"twitter:card\" content=\"summary_large_image\" \/>\n<meta name=\"twitter:title\" content=\"COLOMBIA CARTILLA: El Paro Nacional | Christian Peacemaker Teams\" \/>\n<meta name=\"twitter:description\" content=\"redECAP26 augusto 2013COLOMBIA CARTILLA: El Paro Nacional\" \/>\n<meta name=\"twitter:creator\" content=\"@cpt_intl\" \/>\n<meta name=\"twitter:site\" content=\"@cpt_intl\" \/>\n<meta name=\"twitter:label1\" content=\"Escrito por\" \/>\n\t<meta name=\"twitter:data1\" content=\"demo\" \/>\n\t<meta name=\"twitter:label2\" content=\"Tiempo de lectura\" \/>\n\t<meta name=\"twitter:data2\" content=\"9 minutos\" \/>\n<script type=\"application\/ld+json\" class=\"yoast-schema-graph\">{\"@context\":\"https:\\\/\\\/schema.org\",\"@graph\":[{\"@type\":\"Article\",\"@id\":\"https:\\\/\\\/cpt.org\\\/es\\\/2013\\\/08\\\/26\\\/colombia-cartilla-el-paro-nacional#article\",\"isPartOf\":{\"@id\":\"https:\\\/\\\/cpt.org\\\/es\\\/2013\\\/08\\\/26\\\/colombia-cartilla-el-paro-nacional\"},\"author\":{\"name\":\"demo\",\"@id\":\"https:\\\/\\\/cpt.org\\\/es#\\\/schema\\\/person\\\/1187ed3b9ce9cbbb08dbb3a90bb6e8f6\"},\"headline\":\"COLOMBIA CARTILLA: El Paro Nacional\",\"datePublished\":\"2013-08-26T16:00:00+00:00\",\"dateModified\":\"2020-12-29T22:01:31+00:00\",\"mainEntityOfPage\":{\"@id\":\"https:\\\/\\\/cpt.org\\\/es\\\/2013\\\/08\\\/26\\\/colombia-cartilla-el-paro-nacional\"},\"wordCount\":1759,\"publisher\":{\"@id\":\"https:\\\/\\\/cpt.org\\\/es#organization\"},\"image\":{\"@id\":\"https:\\\/\\\/cpt.org\\\/es\\\/2013\\\/08\\\/26\\\/colombia-cartilla-el-paro-nacional#primaryimage\"},\"thumbnailUrl\":\"https:\\\/\\\/cpt.org\\\/wp-content\\\/uploads\\\/chocho_0-1.jpg\",\"articleSection\":[\"Colombia\"],\"inLanguage\":\"es\"},{\"@type\":\"WebPage\",\"@id\":\"https:\\\/\\\/cpt.org\\\/es\\\/2013\\\/08\\\/26\\\/colombia-cartilla-el-paro-nacional\",\"url\":\"https:\\\/\\\/cpt.org\\\/es\\\/2013\\\/08\\\/26\\\/colombia-cartilla-el-paro-nacional\",\"name\":\"COLOMBIA CARTILLA: El Paro Nacional | Christian Peacemaker Teams\",\"isPartOf\":{\"@id\":\"https:\\\/\\\/cpt.org\\\/es#website\"},\"primaryImageOfPage\":{\"@id\":\"https:\\\/\\\/cpt.org\\\/es\\\/2013\\\/08\\\/26\\\/colombia-cartilla-el-paro-nacional#primaryimage\"},\"image\":{\"@id\":\"https:\\\/\\\/cpt.org\\\/es\\\/2013\\\/08\\\/26\\\/colombia-cartilla-el-paro-nacional#primaryimage\"},\"thumbnailUrl\":\"https:\\\/\\\/cpt.org\\\/wp-content\\\/uploads\\\/chocho_0-1.jpg\",\"datePublished\":\"2013-08-26T16:00:00+00:00\",\"dateModified\":\"2020-12-29T22:01:31+00:00\",\"description\":\"redECAP26 augusto 2013COLOMBIA CARTILLA: El Paro Nacional\",\"breadcrumb\":{\"@id\":\"https:\\\/\\\/cpt.org\\\/es\\\/2013\\\/08\\\/26\\\/colombia-cartilla-el-paro-nacional#breadcrumb\"},\"inLanguage\":\"es\",\"potentialAction\":[{\"@type\":\"ReadAction\",\"target\":[\"https:\\\/\\\/cpt.org\\\/es\\\/2013\\\/08\\\/26\\\/colombia-cartilla-el-paro-nacional\"]}]},{\"@type\":\"ImageObject\",\"inLanguage\":\"es\",\"@id\":\"https:\\\/\\\/cpt.org\\\/es\\\/2013\\\/08\\\/26\\\/colombia-cartilla-el-paro-nacional#primaryimage\",\"url\":\"https:\\\/\\\/cpt.org\\\/wp-content\\\/uploads\\\/chocho_0-1.jpg\",\"contentUrl\":\"https:\\\/\\\/cpt.org\\\/wp-content\\\/uploads\\\/chocho_0-1.jpg\"},{\"@type\":\"BreadcrumbList\",\"@id\":\"https:\\\/\\\/cpt.org\\\/es\\\/2013\\\/08\\\/26\\\/colombia-cartilla-el-paro-nacional#breadcrumb\",\"itemListElement\":[{\"@type\":\"ListItem\",\"position\":1,\"name\":\"Home\",\"item\":\"https:\\\/\\\/cpt.org\\\/es\"},{\"@type\":\"ListItem\",\"position\":2,\"name\":\"COLOMBIA CARTILLA: El Paro Nacional\"}]},{\"@type\":\"WebSite\",\"@id\":\"https:\\\/\\\/cpt.org\\\/es#website\",\"url\":\"https:\\\/\\\/cpt.org\\\/es\",\"name\":\"Equipos y Comunidades de Acci\u00f3n por la Paz\",\"description\":\"Building partnerships to transform violence and oppression\",\"publisher\":{\"@id\":\"https:\\\/\\\/cpt.org\\\/es#organization\"},\"potentialAction\":[{\"@type\":\"SearchAction\",\"target\":{\"@type\":\"EntryPoint\",\"urlTemplate\":\"https:\\\/\\\/cpt.org\\\/es?s={search_term_string}\"},\"query-input\":{\"@type\":\"PropertyValueSpecification\",\"valueRequired\":true,\"valueName\":\"search_term_string\"}}],\"inLanguage\":\"es\"},{\"@type\":\"Organization\",\"@id\":\"https:\\\/\\\/cpt.org\\\/es#organization\",\"name\":\"Equipos y Comunidades de Acci\u00f3n por la Paz\",\"url\":\"https:\\\/\\\/cpt.org\\\/es\",\"logo\":{\"@type\":\"ImageObject\",\"inLanguage\":\"es\",\"@id\":\"https:\\\/\\\/cpt.org\\\/es#\\\/schema\\\/logo\\\/image\\\/\",\"url\":\"https:\\\/\\\/cpt.org\\\/wp-content\\\/uploads\\\/logoCPT-red-2.png\",\"contentUrl\":\"https:\\\/\\\/cpt.org\\\/wp-content\\\/uploads\\\/logoCPT-red-2.png\",\"width\":1730,\"height\":840,\"caption\":\"Equipos y Comunidades de Acci\u00f3n por la Paz\"},\"image\":{\"@id\":\"https:\\\/\\\/cpt.org\\\/es#\\\/schema\\\/logo\\\/image\\\/\"},\"sameAs\":[\"https:\\\/\\\/www.facebook.com\\\/cpters\",\"https:\\\/\\\/x.com\\\/cpt_intl\",\"https:\\\/\\\/www.instagram.com\\\/cpteams\\\/\",\"https:\\\/\\\/www.youtube.com\\\/user\\\/cptvideos\"]},{\"@type\":\"Person\",\"@id\":\"https:\\\/\\\/cpt.org\\\/es#\\\/schema\\\/person\\\/1187ed3b9ce9cbbb08dbb3a90bb6e8f6\",\"name\":\"demo\",\"image\":{\"@type\":\"ImageObject\",\"inLanguage\":\"es\",\"@id\":\"https:\\\/\\\/secure.gravatar.com\\\/avatar\\\/bf8c7166601a64c6c57b67ffbeab8f8c6a378cca786da9a326c1a34a2ec6f860?s=96&r=g\",\"url\":\"https:\\\/\\\/secure.gravatar.com\\\/avatar\\\/bf8c7166601a64c6c57b67ffbeab8f8c6a378cca786da9a326c1a34a2ec6f860?s=96&r=g\",\"contentUrl\":\"https:\\\/\\\/secure.gravatar.com\\\/avatar\\\/bf8c7166601a64c6c57b67ffbeab8f8c6a378cca786da9a326c1a34a2ec6f860?s=96&r=g\",\"caption\":\"demo\"},\"url\":\"https:\\\/\\\/cpt.org\\\/es\\\/author\\\/demo\"}]}<\/script>\n<!-- \/ Yoast SEO Premium plugin. -->","yoast_head_json":{"title":"COLOMBIA CARTILLA: El Paro Nacional | Christian Peacemaker Teams","description":"redECAP26 augusto 2013COLOMBIA CARTILLA: El Paro Nacional","robots":{"index":"index","follow":"follow","max-snippet":"max-snippet:-1","max-image-preview":"max-image-preview:large","max-video-preview":"max-video-preview:-1"},"canonical":"https:\/\/cpt.org\/es\/2013\/08\/26\/colombia-cartilla-el-paro-nacional","og_locale":"es_ES","og_type":"article","og_title":"COLOMBIA CARTILLA: El Paro Nacional","og_description":"Community Peacemaker Teams builds partnerships to transform violence and oppression. Over 35 years of action for peace and justice.","og_url":"https:\/\/cpt.org\/es\/2013\/08\/26\/colombia-cartilla-el-paro-nacional","og_site_name":"Equipos y Comunidades de Acci\u00f3n por la Paz","article_publisher":"https:\/\/www.facebook.com\/cpters","article_published_time":"2013-08-26T16:00:00+00:00","article_modified_time":"2020-12-29T22:01:31+00:00","og_image":[{"url":"https:\/\/cpt.org\/wp-content\/uploads\/chocho_0-1.jpg","type":"","width":"","height":""}],"author":"demo","twitter_card":"summary_large_image","twitter_title":"COLOMBIA CARTILLA: El Paro Nacional | Christian Peacemaker Teams","twitter_description":"redECAP26 augusto 2013COLOMBIA CARTILLA: El Paro Nacional","twitter_creator":"@cpt_intl","twitter_site":"@cpt_intl","twitter_misc":{"Escrito por":"demo","Tiempo de lectura":"9 minutos"},"schema":{"@context":"https:\/\/schema.org","@graph":[{"@type":"Article","@id":"https:\/\/cpt.org\/es\/2013\/08\/26\/colombia-cartilla-el-paro-nacional#article","isPartOf":{"@id":"https:\/\/cpt.org\/es\/2013\/08\/26\/colombia-cartilla-el-paro-nacional"},"author":{"name":"demo","@id":"https:\/\/cpt.org\/es#\/schema\/person\/1187ed3b9ce9cbbb08dbb3a90bb6e8f6"},"headline":"COLOMBIA CARTILLA: El Paro Nacional","datePublished":"2013-08-26T16:00:00+00:00","dateModified":"2020-12-29T22:01:31+00:00","mainEntityOfPage":{"@id":"https:\/\/cpt.org\/es\/2013\/08\/26\/colombia-cartilla-el-paro-nacional"},"wordCount":1759,"publisher":{"@id":"https:\/\/cpt.org\/es#organization"},"image":{"@id":"https:\/\/cpt.org\/es\/2013\/08\/26\/colombia-cartilla-el-paro-nacional#primaryimage"},"thumbnailUrl":"https:\/\/cpt.org\/wp-content\/uploads\/chocho_0-1.jpg","articleSection":["Colombia"],"inLanguage":"es"},{"@type":"WebPage","@id":"https:\/\/cpt.org\/es\/2013\/08\/26\/colombia-cartilla-el-paro-nacional","url":"https:\/\/cpt.org\/es\/2013\/08\/26\/colombia-cartilla-el-paro-nacional","name":"COLOMBIA CARTILLA: El Paro Nacional | Christian Peacemaker Teams","isPartOf":{"@id":"https:\/\/cpt.org\/es#website"},"primaryImageOfPage":{"@id":"https:\/\/cpt.org\/es\/2013\/08\/26\/colombia-cartilla-el-paro-nacional#primaryimage"},"image":{"@id":"https:\/\/cpt.org\/es\/2013\/08\/26\/colombia-cartilla-el-paro-nacional#primaryimage"},"thumbnailUrl":"https:\/\/cpt.org\/wp-content\/uploads\/chocho_0-1.jpg","datePublished":"2013-08-26T16:00:00+00:00","dateModified":"2020-12-29T22:01:31+00:00","description":"redECAP26 augusto 2013COLOMBIA CARTILLA: El Paro Nacional","breadcrumb":{"@id":"https:\/\/cpt.org\/es\/2013\/08\/26\/colombia-cartilla-el-paro-nacional#breadcrumb"},"inLanguage":"es","potentialAction":[{"@type":"ReadAction","target":["https:\/\/cpt.org\/es\/2013\/08\/26\/colombia-cartilla-el-paro-nacional"]}]},{"@type":"ImageObject","inLanguage":"es","@id":"https:\/\/cpt.org\/es\/2013\/08\/26\/colombia-cartilla-el-paro-nacional#primaryimage","url":"https:\/\/cpt.org\/wp-content\/uploads\/chocho_0-1.jpg","contentUrl":"https:\/\/cpt.org\/wp-content\/uploads\/chocho_0-1.jpg"},{"@type":"BreadcrumbList","@id":"https:\/\/cpt.org\/es\/2013\/08\/26\/colombia-cartilla-el-paro-nacional#breadcrumb","itemListElement":[{"@type":"ListItem","position":1,"name":"Home","item":"https:\/\/cpt.org\/es"},{"@type":"ListItem","position":2,"name":"COLOMBIA CARTILLA: El Paro Nacional"}]},{"@type":"WebSite","@id":"https:\/\/cpt.org\/es#website","url":"https:\/\/cpt.org\/es","name":"Equipos y Comunidades de Acci\u00f3n por la Paz","description":"Building partnerships to transform violence and oppression","publisher":{"@id":"https:\/\/cpt.org\/es#organization"},"potentialAction":[{"@type":"SearchAction","target":{"@type":"EntryPoint","urlTemplate":"https:\/\/cpt.org\/es?s={search_term_string}"},"query-input":{"@type":"PropertyValueSpecification","valueRequired":true,"valueName":"search_term_string"}}],"inLanguage":"es"},{"@type":"Organization","@id":"https:\/\/cpt.org\/es#organization","name":"Equipos y Comunidades de Acci\u00f3n por la Paz","url":"https:\/\/cpt.org\/es","logo":{"@type":"ImageObject","inLanguage":"es","@id":"https:\/\/cpt.org\/es#\/schema\/logo\/image\/","url":"https:\/\/cpt.org\/wp-content\/uploads\/logoCPT-red-2.png","contentUrl":"https:\/\/cpt.org\/wp-content\/uploads\/logoCPT-red-2.png","width":1730,"height":840,"caption":"Equipos y Comunidades de Acci\u00f3n por la Paz"},"image":{"@id":"https:\/\/cpt.org\/es#\/schema\/logo\/image\/"},"sameAs":["https:\/\/www.facebook.com\/cpters","https:\/\/x.com\/cpt_intl","https:\/\/www.instagram.com\/cpteams\/","https:\/\/www.youtube.com\/user\/cptvideos"]},{"@type":"Person","@id":"https:\/\/cpt.org\/es#\/schema\/person\/1187ed3b9ce9cbbb08dbb3a90bb6e8f6","name":"demo","image":{"@type":"ImageObject","inLanguage":"es","@id":"https:\/\/secure.gravatar.com\/avatar\/bf8c7166601a64c6c57b67ffbeab8f8c6a378cca786da9a326c1a34a2ec6f860?s=96&r=g","url":"https:\/\/secure.gravatar.com\/avatar\/bf8c7166601a64c6c57b67ffbeab8f8c6a378cca786da9a326c1a34a2ec6f860?s=96&r=g","contentUrl":"https:\/\/secure.gravatar.com\/avatar\/bf8c7166601a64c6c57b67ffbeab8f8c6a378cca786da9a326c1a34a2ec6f860?s=96&r=g","caption":"demo"},"url":"https:\/\/cpt.org\/es\/author\/demo"}]}},"_links":{"self":[{"href":"https:\/\/cpt.org\/es\/wp-json\/wp\/v2\/posts\/10237","targetHints":{"allow":["GET"]}}],"collection":[{"href":"https:\/\/cpt.org\/es\/wp-json\/wp\/v2\/posts"}],"about":[{"href":"https:\/\/cpt.org\/es\/wp-json\/wp\/v2\/types\/post"}],"author":[{"embeddable":true,"href":"https:\/\/cpt.org\/es\/wp-json\/wp\/v2\/users\/3"}],"replies":[{"embeddable":true,"href":"https:\/\/cpt.org\/es\/wp-json\/wp\/v2\/comments?post=10237"}],"version-history":[{"count":1,"href":"https:\/\/cpt.org\/es\/wp-json\/wp\/v2\/posts\/10237\/revisions"}],"predecessor-version":[{"id":17652,"href":"https:\/\/cpt.org\/es\/wp-json\/wp\/v2\/posts\/10237\/revisions\/17652"}],"wp:attachment":[{"href":"https:\/\/cpt.org\/es\/wp-json\/wp\/v2\/media?parent=10237"}],"wp:term":[{"taxonomy":"category","embeddable":true,"href":"https:\/\/cpt.org\/es\/wp-json\/wp\/v2\/categories?post=10237"},{"taxonomy":"post_tag","embeddable":true,"href":"https:\/\/cpt.org\/es\/wp-json\/wp\/v2\/tags?post=10237"}],"curies":[{"name":"wp","href":"https:\/\/api.w.org\/{rel}","templated":true}]}}