{"id":10322,"date":"2014-12-10T12:00:00","date_gmt":"2014-12-10T17:00:00","guid":{"rendered":"https:\/\/cpt.org\/blog\/al-khalil-hebron-reflection-practicing-gratitude-middle-it-all"},"modified":"2020-12-29T17:05:36","modified_gmt":"2020-12-29T22:05:36","slug":"al-khalil-hebron-reflection-practicing-gratitude-middle-it-all","status":"publish","type":"post","link":"https:\/\/cpt.org\/es\/2014\/12\/10\/al-khalil-hebron-reflection-practicing-gratitude-middle-it-all","title":{"rendered":"AL-Khalil (Hebr\u00f3n) REFLEXI\u00d3N: Practicar la gratitud el medio de todo"},"content":{"rendered":"<div class=\"container tmpWrnglr\">\n<p>\n          <\/p>\n<\/p>\n<div class=\"row\">\n<div class=\"col-md-12\"><\/div>\n<\/div>\n<div class=\"row layout\">\n      <\/p>\n<div class=\"content_layout\">\n<div class=\"col-md-12\">\n<div class=\"region region-content\">\n<div id=\"block-drupal8-zymphonies-theme-content\" class=\"block block-system block-system-main-block\">\n<article class=\"node node--type-story node--view-mode-full\">\n<div class=\"node__content\">\n<div>\n<p>Red ECAP<br \/>\n2 de diciembre, 2014 <br \/><strong><br \/>\nAL-Khalil (Hebr\u00f3n) REFLEXI\u00d3N: Practicar la gratitud el medio de todo<\/strong><\/p>\n<p>por ECAPero palestino\u00a0<\/p>\n<p><strong>En el mundo de hoy, las organizaciones sin fines de lucro, organizaciones no gubernamentales, familias, empresas, centros comunitarios e individuos  alrededor del  mundo se re\u00fanen por un prop\u00f3sito com\u00fan. Equipos Cristiano por la Paz est\u00e1 aqu\u00ed en la ciudad de Hebr\u00f3n, en solidaridad con los compa\u00f1eros locales cuya seguridad, hogares y medios de vida se ven amenazados por la ocupaci\u00f3n militar israel\u00ed <a style=\"font-size:12px\" href=\"https:\/\/donatenow.networkforgood.org\/CPT?code=%23GivingTuesday\"><span class=\"s1\">Contribuir\u00eda usted $55 hoy  por #GivingTuesday(el martes de dar)? <\/span><\/a>Con tan s\u00f3lo 365 personas que aporten $55 cada una,  Podemos cubrir el costo de un activista de acci\u00f3n por la paz en el campo durante un a\u00f1o. Sea el cambio<\/strong><\/p>\n<p><strong>S\u00f3lo $55 patrocina a un activista de acci\u00f3n por la paz en el campo por un d\u00eda..\u00a0<\/strong><\/p>\n<p>[Nota: lo siguientes se ha adaptado para red ECAP. El original est\u00e1 disponible <a style=\"font-size:12px\" href=\"https:\/\/cptpalestine.wordpress.com\/2014\/11\/30\/practicing-gratitude-in-the-middle-of-it-all\/\">en CPT blog de Palestina<\/a>]<\/p>\n<table align=\"right\">\n<tbody>\n<tr>\n<td><img decoding=\"async\" src=\"https:\/\/cpt.org\/wp-content\/uploads\/2013-11-06-05-05-56-1-scaled.jpg\" width=\"180\" height=\"135\" style=\"float:right\" class=\"mceItem\"><\/td>\n<\/tr>\n<tr>\n<td style=\"text-align:center\"><span style=\"color:#777777;font-family:'Helvetica Neue', Arial, Helvetica, 'Nimbus Sans L', sans-serif;font-size:8px;line-height:8px;text-align:left;background-color:#f1f1f1\">Olivo de mil a\u00f1os con vista a la ciudad de Hebr\u00f3n.<\/span><\/td>\n<\/tr>\n<\/tbody>\n<\/table>\n<p>En los EE.UU., el final del mes de noviembre significa la celebraci\u00f3n de Acci\u00f3n<br \/>\nde Gracias. Aqu\u00ed, en Hebr\u00f3n, a veces nos podemos preguntar: \u00bfDe qu\u00e9 podemos<br \/>\nestar agradecidos? Vemos tirar el gas lacrim\u00f3geno a los ni\u00f1os con regularidad,<br \/>\nlos hombres y los muchachos son detenidos diariamente, hostigamiento frecuente<br \/>\nhacia los palestinos. Violencia. Desesperanza.<br \/>\nEs en lugares como Hebr\u00f3n, donde debemos practicar la gratitud, donde no<br \/>\ndebemos dejar que el mal que vemos el eclipse lo bueno- eso, contra todos los<br \/>\npron\u00f3sticos &#8211; abunda. En efecto, \u00bfc\u00f3mo es posible \u00a0conectarse y compartir<br \/>\nbondad si ni siquiera somos capaces de reconocerla a nuestro alrededor? <br \/>\nY as\u00ed, nosotros, el \u00a0grupo ECAP Palestina actual, ofrece lo siguiente &#8211;<br \/>\nlos lugares y momentos donde la luz \u00a0rompe la oscuridad, donde la<br \/>\nesperanza vence a la desesperanza, donde el amor prevalece sobre el odio, el<br \/>\ntemor, y la apat\u00eda:<br \/>\nEstoy agradecido por la familia y la amistad que nos apoyan en todos los<br \/>\naspectos de la vida.<br \/>\nEstoy agradecido por mi hijo y por la belleza y la promesa de la vida que le<br \/>\nespera. Creo esto no s\u00f3lo en mi hijo, pero en todos los ni\u00f1os a m\u00ed alrededor.<br \/>\nEstoy agradecido por la tierra. Cuando pasaba a trav\u00e9s de un valle entre Bel\u00e9n<br \/>\ny Hebr\u00f3n el otro d\u00eda, vi la tierra cantar en color oxidado de las parras y<br \/>\nverduras de hoja verde. Durante varios d\u00edas, el cielo ha estado ri\u00e9ndose de<br \/>\nnosotros con lluvia, frustrando nuestros planes con lluvias torrenciales e<br \/>\ninundaciones. Mirando a los olivos milenarios, me maravillo en la manera en que<br \/>\npueden crecer en lugares secos y rocosos. Y me recuerda que la tierra contin\u00faa<br \/>\nsu resistencia firme, superando lentamente el paisaje de miedo.<br \/>\nEstoy agradecido por los palestinos, que me muestran lo que son la<br \/>\nperseverancia, el valor, la paciencia y la hospitalidad. Estoy agradecido por<br \/>\nlos compa\u00f1eros del equipo y los amigos de cerca y de lejos que me muestre c\u00f3mo<br \/>\nvivir con compasi\u00f3n y humildad al reconocer que nuestro trabajo no es nuestro,<br \/>\npero el producto de Dios trabajando a trav\u00e9s de nosotros. Espero que alg\u00fan d\u00eda<br \/>\neste equipo no sea necesario, pero mientras lo es, estoy agradecido por las<br \/>\nmuchas personas que hacen posible que yo aqu\u00ed participe en esta labor.<br \/>\nEstoy muy agradecido a sentir que Dios est\u00e1 junto a m\u00ed. Si una puerta se cierra<br \/>\nen mi cara, Dios abre otra puerta para m\u00ed. Me alegro de que estoy trabajando<br \/>\ncon el equipo, que Dios abri\u00f3 esa puerta para m\u00ed a veces sonri\u00f3, y espero que<br \/>\ntodo va a estar bien, as\u00ed que llevo la esperanza y no vivo en el c\u00edrculo en el<br \/>\nque todo es malo.<br \/>\nEstoy agradecido por la infinitud del cielo que me recuerda la inmensidad de<br \/>\nDios.<br \/>\nPor estas cosas y muchas m\u00e1s, estamos agradecidos. Esperamos sinceramente que<br \/>\nusted, tambi\u00e9n, vea la belleza, note las experiencias de la gracia, y encuentre<br \/>\nmuchos motivos de gratitud en cualquier momento y dondequiera que est\u00e9.<\/p>\n<p><strong><a href=\"https:\/\/donatenow.networkforgood.org\/CPT?code=%23GivingTuesday\"><strong style=\"font-size:12px\"><\/strong><\/a><strong style=\"font-size:12px\"><a style=\"font-size:12px\" href=\"https:\/\/donatenow.networkforgood.org\/CPT?code=%23GivingTuesday\"><span class=\"s1\">Contribuir\u00eda usted $55 hoy por #GivingTuesday(el martes de dar)?\u00a0<\/span><\/a><\/strong>\u00a0Con tan s\u00f3lo 365 personas que aporten $55 cada una, podemos cubrir el costo de un activista de acci\u00f3n por la paz en el campo durante un a\u00f1o. <\/strong><\/p>\n<\/div>\n<div>\n<div>Categories<\/div>\n<div>\n<div><a href=\"\/taxonomy\/term\/1415\">Palestine<\/a><\/div>\n<div><a href=\"\/taxonomy\/term\/1416\">al-Khalil (Hebron)<\/a><\/div>\n<div><a href=\"\/taxonomy\/term\/1425\">Reflections<\/a><\/div>\n<\/div>\n<\/div>\n<\/div>\n<\/article>\n<\/div>\n<\/div>\n<\/div>\n<\/div>\n<p>\n            <\/p>\n<\/div>\n<p><\/p>\n<\/div>\n","protected":false},"excerpt":{"rendered":"<p>Red ECAP 2 de diciembre, 2014 AL-Khalil (Hebr\u00f3n) REFLEXI\u00d3N: Practicar la gratitud el medio de todo por ECAPero palestino\u00a0 En el mundo de hoy, las organizaciones sin fines de lucro, organizaciones no gubernamentales, familias, empresas, centros comunitarios e individuos alrededor del mundo se re\u00fanen por un prop\u00f3sito com\u00fan. Equipos Cristiano por la Paz est\u00e1 aqu\u00ed [&hellip;]<\/p>\n","protected":false},"author":3,"featured_media":0,"comment_status":"closed","ping_status":"closed","sticky":false,"template":"","format":"standard","meta":{"footnotes":""},"categories":[15,20,26],"tags":[],"class_list":["post-10322","post","type-post","status-publish","format-standard","hentry","category-al-khalil-hebron","category-palestine","category-reflections"],"yoast_head":"<!-- This site is optimized with the Yoast SEO Premium plugin v27.4 (Yoast SEO v27.4) - https:\/\/yoast.com\/product\/yoast-seo-premium-wordpress\/ -->\n<title>AL-Khalil (Hebr\u00f3n) REFLEXI\u00d3N: Practicar la gratitud el medio de todo | Christian Peacemaker Teams<\/title>\n<meta name=\"description\" content=\"Red ECAP 2 de diciembre, 2014 AL-Khalil (Hebr\u00f3n) REFLEXI\u00d3N: Practicar la gratitud el medio de todopor ECAPero palestino\" \/>\n<meta name=\"robots\" content=\"index, follow, max-snippet:-1, max-image-preview:large, max-video-preview:-1\" \/>\n<link rel=\"canonical\" href=\"https:\/\/cpt.org\/es\/2014\/12\/10\/al-khalil-hebron-reflection-practicing-gratitude-middle-it-all\" \/>\n<meta property=\"og:locale\" content=\"es_ES\" \/>\n<meta property=\"og:type\" content=\"article\" \/>\n<meta property=\"og:title\" content=\"AL-Khalil (Hebr\u00f3n) REFLEXI\u00d3N: Practicar la gratitud el medio de todo\" \/>\n<meta property=\"og:description\" content=\"Community Peacemaker Teams builds partnerships to transform violence and oppression. Over 35 years of action for peace and justice.\" \/>\n<meta property=\"og:url\" content=\"https:\/\/cpt.org\/es\/2014\/12\/10\/al-khalil-hebron-reflection-practicing-gratitude-middle-it-all\" \/>\n<meta property=\"og:site_name\" content=\"Equipos y Comunidades de Acci\u00f3n por la Paz\" \/>\n<meta property=\"article:publisher\" content=\"https:\/\/www.facebook.com\/cpters\" \/>\n<meta property=\"article:published_time\" content=\"2014-12-10T17:00:00+00:00\" \/>\n<meta property=\"article:modified_time\" content=\"2020-12-29T22:05:36+00:00\" \/>\n<meta property=\"og:image\" content=\"https:\/\/cpt.org\/wp-content\/uploads\/2013-11-06-05-05-56-1-scaled.jpg\" \/>\n<meta name=\"author\" content=\"demo\" \/>\n<meta name=\"twitter:card\" content=\"summary_large_image\" \/>\n<meta name=\"twitter:title\" content=\"AL-Khalil (Hebr\u00f3n) REFLEXI\u00d3N: Practicar la gratitud el medio de todo | Christian Peacemaker Teams\" \/>\n<meta name=\"twitter:description\" content=\"Red ECAP 2 de diciembre, 2014 AL-Khalil (Hebr\u00f3n) REFLEXI\u00d3N: Practicar la gratitud el medio de todopor ECAPero palestino\" \/>\n<meta name=\"twitter:creator\" content=\"@cpt_intl\" \/>\n<meta name=\"twitter:site\" content=\"@cpt_intl\" \/>\n<meta name=\"twitter:label1\" content=\"Escrito por\" \/>\n\t<meta name=\"twitter:data1\" content=\"demo\" \/>\n\t<meta name=\"twitter:label2\" content=\"Tiempo de lectura\" \/>\n\t<meta name=\"twitter:data2\" content=\"4 minutos\" \/>\n<script type=\"application\/ld+json\" class=\"yoast-schema-graph\">{\"@context\":\"https:\\\/\\\/schema.org\",\"@graph\":[{\"@type\":\"Article\",\"@id\":\"https:\\\/\\\/cpt.org\\\/es\\\/2014\\\/12\\\/10\\\/al-khalil-hebron-reflection-practicing-gratitude-middle-it-all#article\",\"isPartOf\":{\"@id\":\"https:\\\/\\\/cpt.org\\\/es\\\/2014\\\/12\\\/10\\\/al-khalil-hebron-reflection-practicing-gratitude-middle-it-all\"},\"author\":{\"name\":\"demo\",\"@id\":\"https:\\\/\\\/cpt.org\\\/es#\\\/schema\\\/person\\\/1187ed3b9ce9cbbb08dbb3a90bb6e8f6\"},\"headline\":\"AL-Khalil (Hebr\u00f3n) REFLEXI\u00d3N: Practicar la gratitud el medio de todo\",\"datePublished\":\"2014-12-10T17:00:00+00:00\",\"dateModified\":\"2020-12-29T22:05:36+00:00\",\"mainEntityOfPage\":{\"@id\":\"https:\\\/\\\/cpt.org\\\/es\\\/2014\\\/12\\\/10\\\/al-khalil-hebron-reflection-practicing-gratitude-middle-it-all\"},\"wordCount\":756,\"publisher\":{\"@id\":\"https:\\\/\\\/cpt.org\\\/es#organization\"},\"image\":{\"@id\":\"https:\\\/\\\/cpt.org\\\/es\\\/2014\\\/12\\\/10\\\/al-khalil-hebron-reflection-practicing-gratitude-middle-it-all#primaryimage\"},\"thumbnailUrl\":\"https:\\\/\\\/cpt.org\\\/wp-content\\\/uploads\\\/2013-11-06-05-05-56-1-scaled.jpg\",\"articleSection\":[\"al-Khalil (Hebron)\",\"Palestine\",\"Reflections\"],\"inLanguage\":\"es\"},{\"@type\":\"WebPage\",\"@id\":\"https:\\\/\\\/cpt.org\\\/es\\\/2014\\\/12\\\/10\\\/al-khalil-hebron-reflection-practicing-gratitude-middle-it-all\",\"url\":\"https:\\\/\\\/cpt.org\\\/es\\\/2014\\\/12\\\/10\\\/al-khalil-hebron-reflection-practicing-gratitude-middle-it-all\",\"name\":\"AL-Khalil (Hebr\u00f3n) REFLEXI\u00d3N: Practicar la gratitud el medio de todo | Christian Peacemaker Teams\",\"isPartOf\":{\"@id\":\"https:\\\/\\\/cpt.org\\\/es#website\"},\"primaryImageOfPage\":{\"@id\":\"https:\\\/\\\/cpt.org\\\/es\\\/2014\\\/12\\\/10\\\/al-khalil-hebron-reflection-practicing-gratitude-middle-it-all#primaryimage\"},\"image\":{\"@id\":\"https:\\\/\\\/cpt.org\\\/es\\\/2014\\\/12\\\/10\\\/al-khalil-hebron-reflection-practicing-gratitude-middle-it-all#primaryimage\"},\"thumbnailUrl\":\"https:\\\/\\\/cpt.org\\\/wp-content\\\/uploads\\\/2013-11-06-05-05-56-1-scaled.jpg\",\"datePublished\":\"2014-12-10T17:00:00+00:00\",\"dateModified\":\"2020-12-29T22:05:36+00:00\",\"description\":\"Red ECAP 2 de diciembre, 2014 AL-Khalil (Hebr\u00f3n) REFLEXI\u00d3N: Practicar la gratitud el medio de todopor ECAPero palestino\",\"breadcrumb\":{\"@id\":\"https:\\\/\\\/cpt.org\\\/es\\\/2014\\\/12\\\/10\\\/al-khalil-hebron-reflection-practicing-gratitude-middle-it-all#breadcrumb\"},\"inLanguage\":\"es\",\"potentialAction\":[{\"@type\":\"ReadAction\",\"target\":[\"https:\\\/\\\/cpt.org\\\/es\\\/2014\\\/12\\\/10\\\/al-khalil-hebron-reflection-practicing-gratitude-middle-it-all\"]}]},{\"@type\":\"ImageObject\",\"inLanguage\":\"es\",\"@id\":\"https:\\\/\\\/cpt.org\\\/es\\\/2014\\\/12\\\/10\\\/al-khalil-hebron-reflection-practicing-gratitude-middle-it-all#primaryimage\",\"url\":\"https:\\\/\\\/cpt.org\\\/wp-content\\\/uploads\\\/2013-11-06-05-05-56-1-scaled.jpg\",\"contentUrl\":\"https:\\\/\\\/cpt.org\\\/wp-content\\\/uploads\\\/2013-11-06-05-05-56-1-scaled.jpg\"},{\"@type\":\"BreadcrumbList\",\"@id\":\"https:\\\/\\\/cpt.org\\\/es\\\/2014\\\/12\\\/10\\\/al-khalil-hebron-reflection-practicing-gratitude-middle-it-all#breadcrumb\",\"itemListElement\":[{\"@type\":\"ListItem\",\"position\":1,\"name\":\"Home\",\"item\":\"https:\\\/\\\/cpt.org\\\/es\"},{\"@type\":\"ListItem\",\"position\":2,\"name\":\"AL-Khalil (Hebr\u00f3n) REFLEXI\u00d3N: Practicar la gratitud el medio de todo\"}]},{\"@type\":\"WebSite\",\"@id\":\"https:\\\/\\\/cpt.org\\\/es#website\",\"url\":\"https:\\\/\\\/cpt.org\\\/es\",\"name\":\"Equipos y Comunidades de Acci\u00f3n por la Paz\",\"description\":\"Building partnerships to transform violence and oppression\",\"publisher\":{\"@id\":\"https:\\\/\\\/cpt.org\\\/es#organization\"},\"potentialAction\":[{\"@type\":\"SearchAction\",\"target\":{\"@type\":\"EntryPoint\",\"urlTemplate\":\"https:\\\/\\\/cpt.org\\\/es?s={search_term_string}\"},\"query-input\":{\"@type\":\"PropertyValueSpecification\",\"valueRequired\":true,\"valueName\":\"search_term_string\"}}],\"inLanguage\":\"es\"},{\"@type\":\"Organization\",\"@id\":\"https:\\\/\\\/cpt.org\\\/es#organization\",\"name\":\"Equipos y Comunidades de Acci\u00f3n por la Paz\",\"url\":\"https:\\\/\\\/cpt.org\\\/es\",\"logo\":{\"@type\":\"ImageObject\",\"inLanguage\":\"es\",\"@id\":\"https:\\\/\\\/cpt.org\\\/es#\\\/schema\\\/logo\\\/image\\\/\",\"url\":\"https:\\\/\\\/cpt.org\\\/wp-content\\\/uploads\\\/logoCPT-red-2.png\",\"contentUrl\":\"https:\\\/\\\/cpt.org\\\/wp-content\\\/uploads\\\/logoCPT-red-2.png\",\"width\":1730,\"height\":840,\"caption\":\"Equipos y Comunidades de Acci\u00f3n por la Paz\"},\"image\":{\"@id\":\"https:\\\/\\\/cpt.org\\\/es#\\\/schema\\\/logo\\\/image\\\/\"},\"sameAs\":[\"https:\\\/\\\/www.facebook.com\\\/cpters\",\"https:\\\/\\\/x.com\\\/cpt_intl\",\"https:\\\/\\\/www.instagram.com\\\/cpteams\\\/\",\"https:\\\/\\\/www.youtube.com\\\/user\\\/cptvideos\"]},{\"@type\":\"Person\",\"@id\":\"https:\\\/\\\/cpt.org\\\/es#\\\/schema\\\/person\\\/1187ed3b9ce9cbbb08dbb3a90bb6e8f6\",\"name\":\"demo\",\"image\":{\"@type\":\"ImageObject\",\"inLanguage\":\"es\",\"@id\":\"https:\\\/\\\/secure.gravatar.com\\\/avatar\\\/bf8c7166601a64c6c57b67ffbeab8f8c6a378cca786da9a326c1a34a2ec6f860?s=96&r=g\",\"url\":\"https:\\\/\\\/secure.gravatar.com\\\/avatar\\\/bf8c7166601a64c6c57b67ffbeab8f8c6a378cca786da9a326c1a34a2ec6f860?s=96&r=g\",\"contentUrl\":\"https:\\\/\\\/secure.gravatar.com\\\/avatar\\\/bf8c7166601a64c6c57b67ffbeab8f8c6a378cca786da9a326c1a34a2ec6f860?s=96&r=g\",\"caption\":\"demo\"},\"url\":\"https:\\\/\\\/cpt.org\\\/es\\\/author\\\/demo\"}]}<\/script>\n<!-- \/ Yoast SEO Premium plugin. -->","yoast_head_json":{"title":"AL-Khalil (Hebr\u00f3n) REFLEXI\u00d3N: Practicar la gratitud el medio de todo | Christian Peacemaker Teams","description":"Red ECAP 2 de diciembre, 2014 AL-Khalil (Hebr\u00f3n) REFLEXI\u00d3N: Practicar la gratitud el medio de todopor ECAPero palestino","robots":{"index":"index","follow":"follow","max-snippet":"max-snippet:-1","max-image-preview":"max-image-preview:large","max-video-preview":"max-video-preview:-1"},"canonical":"https:\/\/cpt.org\/es\/2014\/12\/10\/al-khalil-hebron-reflection-practicing-gratitude-middle-it-all","og_locale":"es_ES","og_type":"article","og_title":"AL-Khalil (Hebr\u00f3n) REFLEXI\u00d3N: Practicar la gratitud el medio de todo","og_description":"Community Peacemaker Teams builds partnerships to transform violence and oppression. Over 35 years of action for peace and justice.","og_url":"https:\/\/cpt.org\/es\/2014\/12\/10\/al-khalil-hebron-reflection-practicing-gratitude-middle-it-all","og_site_name":"Equipos y Comunidades de Acci\u00f3n por la Paz","article_publisher":"https:\/\/www.facebook.com\/cpters","article_published_time":"2014-12-10T17:00:00+00:00","article_modified_time":"2020-12-29T22:05:36+00:00","og_image":[{"url":"https:\/\/cpt.org\/wp-content\/uploads\/2013-11-06-05-05-56-1-scaled.jpg","type":"","width":"","height":""}],"author":"demo","twitter_card":"summary_large_image","twitter_title":"AL-Khalil (Hebr\u00f3n) REFLEXI\u00d3N: Practicar la gratitud el medio de todo | Christian Peacemaker Teams","twitter_description":"Red ECAP 2 de diciembre, 2014 AL-Khalil (Hebr\u00f3n) REFLEXI\u00d3N: Practicar la gratitud el medio de todopor ECAPero palestino","twitter_creator":"@cpt_intl","twitter_site":"@cpt_intl","twitter_misc":{"Escrito por":"demo","Tiempo de lectura":"4 minutos"},"schema":{"@context":"https:\/\/schema.org","@graph":[{"@type":"Article","@id":"https:\/\/cpt.org\/es\/2014\/12\/10\/al-khalil-hebron-reflection-practicing-gratitude-middle-it-all#article","isPartOf":{"@id":"https:\/\/cpt.org\/es\/2014\/12\/10\/al-khalil-hebron-reflection-practicing-gratitude-middle-it-all"},"author":{"name":"demo","@id":"https:\/\/cpt.org\/es#\/schema\/person\/1187ed3b9ce9cbbb08dbb3a90bb6e8f6"},"headline":"AL-Khalil (Hebr\u00f3n) REFLEXI\u00d3N: Practicar la gratitud el medio de todo","datePublished":"2014-12-10T17:00:00+00:00","dateModified":"2020-12-29T22:05:36+00:00","mainEntityOfPage":{"@id":"https:\/\/cpt.org\/es\/2014\/12\/10\/al-khalil-hebron-reflection-practicing-gratitude-middle-it-all"},"wordCount":756,"publisher":{"@id":"https:\/\/cpt.org\/es#organization"},"image":{"@id":"https:\/\/cpt.org\/es\/2014\/12\/10\/al-khalil-hebron-reflection-practicing-gratitude-middle-it-all#primaryimage"},"thumbnailUrl":"https:\/\/cpt.org\/wp-content\/uploads\/2013-11-06-05-05-56-1-scaled.jpg","articleSection":["al-Khalil (Hebron)","Palestine","Reflections"],"inLanguage":"es"},{"@type":"WebPage","@id":"https:\/\/cpt.org\/es\/2014\/12\/10\/al-khalil-hebron-reflection-practicing-gratitude-middle-it-all","url":"https:\/\/cpt.org\/es\/2014\/12\/10\/al-khalil-hebron-reflection-practicing-gratitude-middle-it-all","name":"AL-Khalil (Hebr\u00f3n) REFLEXI\u00d3N: Practicar la gratitud el medio de todo | Christian Peacemaker Teams","isPartOf":{"@id":"https:\/\/cpt.org\/es#website"},"primaryImageOfPage":{"@id":"https:\/\/cpt.org\/es\/2014\/12\/10\/al-khalil-hebron-reflection-practicing-gratitude-middle-it-all#primaryimage"},"image":{"@id":"https:\/\/cpt.org\/es\/2014\/12\/10\/al-khalil-hebron-reflection-practicing-gratitude-middle-it-all#primaryimage"},"thumbnailUrl":"https:\/\/cpt.org\/wp-content\/uploads\/2013-11-06-05-05-56-1-scaled.jpg","datePublished":"2014-12-10T17:00:00+00:00","dateModified":"2020-12-29T22:05:36+00:00","description":"Red ECAP 2 de diciembre, 2014 AL-Khalil (Hebr\u00f3n) REFLEXI\u00d3N: Practicar la gratitud el medio de todopor ECAPero palestino","breadcrumb":{"@id":"https:\/\/cpt.org\/es\/2014\/12\/10\/al-khalil-hebron-reflection-practicing-gratitude-middle-it-all#breadcrumb"},"inLanguage":"es","potentialAction":[{"@type":"ReadAction","target":["https:\/\/cpt.org\/es\/2014\/12\/10\/al-khalil-hebron-reflection-practicing-gratitude-middle-it-all"]}]},{"@type":"ImageObject","inLanguage":"es","@id":"https:\/\/cpt.org\/es\/2014\/12\/10\/al-khalil-hebron-reflection-practicing-gratitude-middle-it-all#primaryimage","url":"https:\/\/cpt.org\/wp-content\/uploads\/2013-11-06-05-05-56-1-scaled.jpg","contentUrl":"https:\/\/cpt.org\/wp-content\/uploads\/2013-11-06-05-05-56-1-scaled.jpg"},{"@type":"BreadcrumbList","@id":"https:\/\/cpt.org\/es\/2014\/12\/10\/al-khalil-hebron-reflection-practicing-gratitude-middle-it-all#breadcrumb","itemListElement":[{"@type":"ListItem","position":1,"name":"Home","item":"https:\/\/cpt.org\/es"},{"@type":"ListItem","position":2,"name":"AL-Khalil (Hebr\u00f3n) REFLEXI\u00d3N: Practicar la gratitud el medio de todo"}]},{"@type":"WebSite","@id":"https:\/\/cpt.org\/es#website","url":"https:\/\/cpt.org\/es","name":"Equipos y Comunidades de Acci\u00f3n por la Paz","description":"Building partnerships to transform violence and oppression","publisher":{"@id":"https:\/\/cpt.org\/es#organization"},"potentialAction":[{"@type":"SearchAction","target":{"@type":"EntryPoint","urlTemplate":"https:\/\/cpt.org\/es?s={search_term_string}"},"query-input":{"@type":"PropertyValueSpecification","valueRequired":true,"valueName":"search_term_string"}}],"inLanguage":"es"},{"@type":"Organization","@id":"https:\/\/cpt.org\/es#organization","name":"Equipos y Comunidades de Acci\u00f3n por la Paz","url":"https:\/\/cpt.org\/es","logo":{"@type":"ImageObject","inLanguage":"es","@id":"https:\/\/cpt.org\/es#\/schema\/logo\/image\/","url":"https:\/\/cpt.org\/wp-content\/uploads\/logoCPT-red-2.png","contentUrl":"https:\/\/cpt.org\/wp-content\/uploads\/logoCPT-red-2.png","width":1730,"height":840,"caption":"Equipos y Comunidades de Acci\u00f3n por la Paz"},"image":{"@id":"https:\/\/cpt.org\/es#\/schema\/logo\/image\/"},"sameAs":["https:\/\/www.facebook.com\/cpters","https:\/\/x.com\/cpt_intl","https:\/\/www.instagram.com\/cpteams\/","https:\/\/www.youtube.com\/user\/cptvideos"]},{"@type":"Person","@id":"https:\/\/cpt.org\/es#\/schema\/person\/1187ed3b9ce9cbbb08dbb3a90bb6e8f6","name":"demo","image":{"@type":"ImageObject","inLanguage":"es","@id":"https:\/\/secure.gravatar.com\/avatar\/bf8c7166601a64c6c57b67ffbeab8f8c6a378cca786da9a326c1a34a2ec6f860?s=96&r=g","url":"https:\/\/secure.gravatar.com\/avatar\/bf8c7166601a64c6c57b67ffbeab8f8c6a378cca786da9a326c1a34a2ec6f860?s=96&r=g","contentUrl":"https:\/\/secure.gravatar.com\/avatar\/bf8c7166601a64c6c57b67ffbeab8f8c6a378cca786da9a326c1a34a2ec6f860?s=96&r=g","caption":"demo"},"url":"https:\/\/cpt.org\/es\/author\/demo"}]}},"_links":{"self":[{"href":"https:\/\/cpt.org\/es\/wp-json\/wp\/v2\/posts\/10322","targetHints":{"allow":["GET"]}}],"collection":[{"href":"https:\/\/cpt.org\/es\/wp-json\/wp\/v2\/posts"}],"about":[{"href":"https:\/\/cpt.org\/es\/wp-json\/wp\/v2\/types\/post"}],"author":[{"embeddable":true,"href":"https:\/\/cpt.org\/es\/wp-json\/wp\/v2\/users\/3"}],"replies":[{"embeddable":true,"href":"https:\/\/cpt.org\/es\/wp-json\/wp\/v2\/comments?post=10322"}],"version-history":[{"count":1,"href":"https:\/\/cpt.org\/es\/wp-json\/wp\/v2\/posts\/10322\/revisions"}],"predecessor-version":[{"id":17736,"href":"https:\/\/cpt.org\/es\/wp-json\/wp\/v2\/posts\/10322\/revisions\/17736"}],"wp:attachment":[{"href":"https:\/\/cpt.org\/es\/wp-json\/wp\/v2\/media?parent=10322"}],"wp:term":[{"taxonomy":"category","embeddable":true,"href":"https:\/\/cpt.org\/es\/wp-json\/wp\/v2\/categories?post=10322"},{"taxonomy":"post_tag","embeddable":true,"href":"https:\/\/cpt.org\/es\/wp-json\/wp\/v2\/tags?post=10322"}],"curies":[{"name":"wp","href":"https:\/\/api.w.org\/{rel}","templated":true}]}}