{"id":10332,"date":"2015-02-25T12:00:00","date_gmt":"2015-02-25T17:00:00","guid":{"rendered":"https:\/\/cpt.org\/blog\/oraciones-por-la-paz-febrero-25-de-2015"},"modified":"2020-12-29T17:05:59","modified_gmt":"2020-12-29T22:05:59","slug":"oraciones-por-la-paz-febrero-25-de-2015","status":"publish","type":"post","link":"https:\/\/cpt.org\/es\/2015\/02\/25\/oraciones-por-la-paz-febrero-25-de-2015","title":{"rendered":"Oraciones por la paz, febrero 25 de 2015"},"content":{"rendered":"<div class=\"container tmpWrnglr\">\n<p>\n          <\/p>\n<\/p>\n<div class=\"row\">\n<div class=\"col-md-12\"><\/div>\n<\/div>\n<div class=\"row layout\">\n      <\/p>\n<div class=\"content_layout\">\n<div class=\"col-md-12\">\n<div class=\"region region-content\">\n<div id=\"block-drupal8-zymphonies-theme-content\" class=\"block block-system block-system-main-block\">\n<article class=\"node node--type-story node--view-mode-full\">\n<div class=\"node__content\">\n<div>\n<p><strong>Oraciones por la paz, febrero 25 de 2015<\/strong><\/p>\n<p><span style=\"color:#222222;font-family:arial, sans-serif;font-size:16px\">Oren por l@s habitantes de Hebr\u00f3n. El 25 de febrero se cumplen 21 a\u00f1os de las Masacre de la Mezquita de Ibrahim, cuando un colono israel\u00ed-estadounidense (nacido en Estados Unidos) asesin\u00f3 29 musulmanes cuando se encontraban rezando. En respuesta, el Ej\u00e9rcito israel\u00ed prohibi\u00f3 la circulaci\u00f3n de palestin@s en la calle Shuhada. Esta semana se van a adelantar varias acciones no violentas para protestar el cierre de esta calle. Oren por la seguridad de l@s manifestantes, ya que el Ej\u00e9rcito israel\u00ed probablemente va a responder a las manifestaciones con gas lacrim\u00f3geno, granadas de aturdimiento y arrestos violentos. Oren por la seguridad de todas las personas en la ciudad antigua, ya que la represi\u00f3n del Ej\u00e9rcito israel\u00ed implica castigos colectivos para las personas que poseen negocios, familias y ni\u00f1@s. Oren por el equipo de ECAP-Hebr\u00f3n que va a estar en las protestas.\u00a0<\/span><\/p>\n<table align=\"center\">\n<tbody>\n<tr>\n<td style=\"text-align:center\">\u00a0*<strong style=\"margin:0px;padding:0px;border:0px;outline:0px;font-size:15px;font-family:'Gill Sans Regular', Cabin, 'Trebuchet MS', Calibri, sans-serif;vertical-align:baseline;color:#444444;line-height:30px;text-align:center\"><span style=\"margin:0px;padding:0px;border:0px;outline:0px;font-weight:inherit;font-style:inherit;font-size:10px;font-family:inherit;vertical-align:baseline\">Fotograf\u00eda epist\u00f3lica* para el domingo 1 de marzo de 2015<\/span><\/strong><\/td>\n<\/tr>\n<tr>\n<td><img fetchpriority=\"high\" decoding=\"async\" src=\"https:\/\/cpt.org\/wp-content\/uploads\/11t3lux-1.jpg\" width=\"640\" height=\"425\" style=\"vertical-align:middle\" class=\"mceItem\"><\/td>\n<\/tr>\n<tr>\n<td>\u00a0<span class=\"Ps-22-24 text\" style=\"box-sizing:border-box;-webkit-font-smoothing:antialiased;position:relative;font-family:'Helvetica Neue', Verdana, Helvetica, Arial, sans-serif;font-size:16px;line-height:24px\">Pues no ha pasado por alto ni ha tenido en menos el sufrimiento de los necesitados;<\/span><br style=\"box-sizing:border-box;font-family:'Helvetica Neue', Verdana, Helvetica, Arial, sans-serif;font-size:16px;line-height:24px\"><span class=\"indent-1\" style=\"box-sizing:border-box;-webkit-font-smoothing:antialiased;font-family:'Helvetica Neue', Verdana, Helvetica, Arial, sans-serif;font-size:16px;line-height:24px\"><span class=\"indent-1-breaks\" style=\"box-sizing:border-box;-webkit-font-smoothing:antialiased;font-family:monospace;font-size:0.42em;line-height:0\">\u00a0\u00a0\u00a0\u00a0<\/span><span class=\"Ps-22-24 text\" style=\"box-sizing:border-box;-webkit-font-smoothing:antialiased;position:relative\">no les dio la espalda,<\/span><\/span><br style=\"box-sizing:border-box;font-family:'Helvetica Neue', Verdana, Helvetica, Arial, sans-serif;font-size:16px;line-height:24px\"><span class=\"indent-1\" style=\"box-sizing:border-box;-webkit-font-smoothing:antialiased;font-family:'Helvetica Neue', Verdana, Helvetica, Arial, sans-serif;font-size:16px;line-height:24px\"><span class=\"indent-1-breaks\" style=\"box-sizing:border-box;-webkit-font-smoothing:antialiased;font-family:monospace;font-size:0.42em;line-height:0\">\u00a0\u00a0\u00a0\u00a0<\/span><span class=\"Ps-22-24 text\" style=\"box-sizing:border-box;-webkit-font-smoothing:antialiased;position:relative\">sino que ha escuchado sus gritos de auxilio.<\/span><\/span><span style=\"font-family:Calibri, Arial, sans-serif;font-size:14.6666669845581px;background-color:#f9f9f9\">\u00a0Salmos 22:24<\/span><\/td>\n<\/tr>\n<tr>\n<td>\u00a0<\/td>\n<\/tr>\n<tr>\n<td>\u00a0<span style=\"color:#444444;font-family:'Gill Sans Regular', Cabin, 'Trebuchet MS', Calibri, sans-serif;font-size:8px;line-height:8px;text-align:center\">*Fotograf\u00eda epist\u00f3lica es un proyecto dirigido a las Iglesias, donde se comparte una foto y un texto que se\u00a0<\/span><span style=\"color:#444444;font-family:'Gill Sans Regular', Cabin, 'Trebuchet MS', Calibri, sans-serif;font-size:8px;line-height:8px;text-align:center\">\u00a0relacionan con las lecturas del Leccionario Com\u00fan Revisado para el d\u00eda domingo.<\/span><\/td>\n<\/tr>\n<\/tbody>\n<\/table>\n<\/div>\n<div>\n<div>Categories<\/div>\n<div>\n<div><a href=\"\/taxonomy\/term\/1424\">Public Witness<\/a><\/div>\n<div><a href=\"\/taxonomy\/term\/1422\">Prayers<\/a><\/div>\n<div><a href=\"\/taxonomy\/term\/1415\">Palestine<\/a><\/div>\n<div><a href=\"\/taxonomy\/term\/1423\">Lectionary<\/a><\/div>\n<div><a href=\"\/taxonomy\/term\/1416\">al-Khalil (Hebron)<\/a><\/div>\n<\/div>\n<\/div>\n<\/div>\n<\/article>\n<\/div>\n<\/div>\n<\/div>\n<\/div>\n<p>\n            <\/p>\n<\/div>\n<p><\/p>\n<\/div>\n","protected":false},"excerpt":{"rendered":"<p>Oraciones por la paz, febrero 25 de 2015 Oren por l@s habitantes de Hebr\u00f3n. El 25 de febrero se cumplen 21 a\u00f1os de las Masacre de la Mezquita de Ibrahim, cuando un colono israel\u00ed-estadounidense (nacido en Estados Unidos) asesin\u00f3 29 musulmanes cuando se encontraban rezando. En respuesta, el Ej\u00e9rcito israel\u00ed prohibi\u00f3 la circulaci\u00f3n de palestin@s [&hellip;]<\/p>\n","protected":false},"author":3,"featured_media":0,"comment_status":"closed","ping_status":"closed","sticky":false,"template":"","format":"standard","meta":{"footnotes":""},"categories":[15,44,20,16,27],"tags":[],"class_list":["post-10332","post","type-post","status-publish","format-standard","hentry","category-al-khalil-hebron","category-lectionary","category-palestine","category-prayers","category-public-witness"],"yoast_head":"<!-- This site is optimized with the Yoast SEO Premium plugin v27.4 (Yoast SEO v27.4) - https:\/\/yoast.com\/product\/yoast-seo-premium-wordpress\/ -->\n<title>Oraciones por la paz, febrero 25 de 2015 | Christian Peacemaker Teams<\/title>\n<meta name=\"description\" content=\"Oraciones por la paz, febrero 25 de 2015\" \/>\n<meta name=\"robots\" content=\"index, follow, max-snippet:-1, max-image-preview:large, max-video-preview:-1\" \/>\n<link rel=\"canonical\" href=\"https:\/\/cpt.org\/es\/2015\/02\/25\/oraciones-por-la-paz-febrero-25-de-2015\" \/>\n<meta property=\"og:locale\" content=\"es_ES\" \/>\n<meta property=\"og:type\" content=\"article\" \/>\n<meta property=\"og:title\" content=\"Oraciones por la paz, febrero 25 de 2015\" \/>\n<meta property=\"og:description\" content=\"Community Peacemaker Teams builds partnerships to transform violence and oppression. Over 35 years of action for peace and justice.\" \/>\n<meta property=\"og:url\" content=\"https:\/\/cpt.org\/es\/2015\/02\/25\/oraciones-por-la-paz-febrero-25-de-2015\" \/>\n<meta property=\"og:site_name\" content=\"Equipos y Comunidades de Acci\u00f3n por la Paz\" \/>\n<meta property=\"article:publisher\" content=\"https:\/\/www.facebook.com\/cpters\" \/>\n<meta property=\"article:published_time\" content=\"2015-02-25T17:00:00+00:00\" \/>\n<meta property=\"article:modified_time\" content=\"2020-12-29T22:05:59+00:00\" \/>\n<meta property=\"og:image\" content=\"https:\/\/cpt.org\/wp-content\/uploads\/11t3lux-1.jpg\" \/>\n<meta name=\"author\" content=\"demo\" \/>\n<meta name=\"twitter:card\" content=\"summary_large_image\" \/>\n<meta name=\"twitter:title\" content=\"Oraciones por la paz, febrero 25 de 2015 | Christian Peacemaker Teams\" \/>\n<meta name=\"twitter:description\" content=\"Oraciones por la paz, febrero 25 de 2015\" \/>\n<meta name=\"twitter:creator\" content=\"@cpt_intl\" \/>\n<meta name=\"twitter:site\" content=\"@cpt_intl\" \/>\n<meta name=\"twitter:label1\" content=\"Escrito por\" \/>\n\t<meta name=\"twitter:data1\" content=\"demo\" \/>\n\t<meta name=\"twitter:label2\" content=\"Tiempo de lectura\" \/>\n\t<meta name=\"twitter:data2\" content=\"1 minuto\" \/>\n<script type=\"application\/ld+json\" class=\"yoast-schema-graph\">{\"@context\":\"https:\\\/\\\/schema.org\",\"@graph\":[{\"@type\":\"Article\",\"@id\":\"https:\\\/\\\/cpt.org\\\/es\\\/2015\\\/02\\\/25\\\/oraciones-por-la-paz-febrero-25-de-2015#article\",\"isPartOf\":{\"@id\":\"https:\\\/\\\/cpt.org\\\/es\\\/2015\\\/02\\\/25\\\/oraciones-por-la-paz-febrero-25-de-2015\"},\"author\":{\"name\":\"demo\",\"@id\":\"https:\\\/\\\/cpt.org\\\/es#\\\/schema\\\/person\\\/1187ed3b9ce9cbbb08dbb3a90bb6e8f6\"},\"headline\":\"Oraciones por la paz, febrero 25 de 2015\",\"datePublished\":\"2015-02-25T17:00:00+00:00\",\"dateModified\":\"2020-12-29T22:05:59+00:00\",\"mainEntityOfPage\":{\"@id\":\"https:\\\/\\\/cpt.org\\\/es\\\/2015\\\/02\\\/25\\\/oraciones-por-la-paz-febrero-25-de-2015\"},\"wordCount\":246,\"publisher\":{\"@id\":\"https:\\\/\\\/cpt.org\\\/es#organization\"},\"image\":{\"@id\":\"https:\\\/\\\/cpt.org\\\/es\\\/2015\\\/02\\\/25\\\/oraciones-por-la-paz-febrero-25-de-2015#primaryimage\"},\"thumbnailUrl\":\"https:\\\/\\\/cpt.org\\\/wp-content\\\/uploads\\\/11t3lux-1.jpg\",\"articleSection\":[\"al-Khalil (Hebron)\",\"Lectionary\",\"Palestine\",\"Prayers\",\"Public Witness\"],\"inLanguage\":\"es\"},{\"@type\":\"WebPage\",\"@id\":\"https:\\\/\\\/cpt.org\\\/es\\\/2015\\\/02\\\/25\\\/oraciones-por-la-paz-febrero-25-de-2015\",\"url\":\"https:\\\/\\\/cpt.org\\\/es\\\/2015\\\/02\\\/25\\\/oraciones-por-la-paz-febrero-25-de-2015\",\"name\":\"Oraciones por la paz, febrero 25 de 2015 | Christian Peacemaker Teams\",\"isPartOf\":{\"@id\":\"https:\\\/\\\/cpt.org\\\/es#website\"},\"primaryImageOfPage\":{\"@id\":\"https:\\\/\\\/cpt.org\\\/es\\\/2015\\\/02\\\/25\\\/oraciones-por-la-paz-febrero-25-de-2015#primaryimage\"},\"image\":{\"@id\":\"https:\\\/\\\/cpt.org\\\/es\\\/2015\\\/02\\\/25\\\/oraciones-por-la-paz-febrero-25-de-2015#primaryimage\"},\"thumbnailUrl\":\"https:\\\/\\\/cpt.org\\\/wp-content\\\/uploads\\\/11t3lux-1.jpg\",\"datePublished\":\"2015-02-25T17:00:00+00:00\",\"dateModified\":\"2020-12-29T22:05:59+00:00\",\"description\":\"Oraciones por la paz, febrero 25 de 2015\",\"breadcrumb\":{\"@id\":\"https:\\\/\\\/cpt.org\\\/es\\\/2015\\\/02\\\/25\\\/oraciones-por-la-paz-febrero-25-de-2015#breadcrumb\"},\"inLanguage\":\"es\",\"potentialAction\":[{\"@type\":\"ReadAction\",\"target\":[\"https:\\\/\\\/cpt.org\\\/es\\\/2015\\\/02\\\/25\\\/oraciones-por-la-paz-febrero-25-de-2015\"]}]},{\"@type\":\"ImageObject\",\"inLanguage\":\"es\",\"@id\":\"https:\\\/\\\/cpt.org\\\/es\\\/2015\\\/02\\\/25\\\/oraciones-por-la-paz-febrero-25-de-2015#primaryimage\",\"url\":\"https:\\\/\\\/cpt.org\\\/wp-content\\\/uploads\\\/11t3lux-1.jpg\",\"contentUrl\":\"https:\\\/\\\/cpt.org\\\/wp-content\\\/uploads\\\/11t3lux-1.jpg\"},{\"@type\":\"BreadcrumbList\",\"@id\":\"https:\\\/\\\/cpt.org\\\/es\\\/2015\\\/02\\\/25\\\/oraciones-por-la-paz-febrero-25-de-2015#breadcrumb\",\"itemListElement\":[{\"@type\":\"ListItem\",\"position\":1,\"name\":\"Home\",\"item\":\"https:\\\/\\\/cpt.org\\\/es\"},{\"@type\":\"ListItem\",\"position\":2,\"name\":\"Oraciones por la paz, febrero 25 de 2015\"}]},{\"@type\":\"WebSite\",\"@id\":\"https:\\\/\\\/cpt.org\\\/es#website\",\"url\":\"https:\\\/\\\/cpt.org\\\/es\",\"name\":\"Equipos y Comunidades de Acci\u00f3n por la Paz\",\"description\":\"Building partnerships to transform violence and oppression\",\"publisher\":{\"@id\":\"https:\\\/\\\/cpt.org\\\/es#organization\"},\"potentialAction\":[{\"@type\":\"SearchAction\",\"target\":{\"@type\":\"EntryPoint\",\"urlTemplate\":\"https:\\\/\\\/cpt.org\\\/es?s={search_term_string}\"},\"query-input\":{\"@type\":\"PropertyValueSpecification\",\"valueRequired\":true,\"valueName\":\"search_term_string\"}}],\"inLanguage\":\"es\"},{\"@type\":\"Organization\",\"@id\":\"https:\\\/\\\/cpt.org\\\/es#organization\",\"name\":\"Equipos y Comunidades de Acci\u00f3n por la Paz\",\"url\":\"https:\\\/\\\/cpt.org\\\/es\",\"logo\":{\"@type\":\"ImageObject\",\"inLanguage\":\"es\",\"@id\":\"https:\\\/\\\/cpt.org\\\/es#\\\/schema\\\/logo\\\/image\\\/\",\"url\":\"https:\\\/\\\/cpt.org\\\/wp-content\\\/uploads\\\/logoCPT-red-2.png\",\"contentUrl\":\"https:\\\/\\\/cpt.org\\\/wp-content\\\/uploads\\\/logoCPT-red-2.png\",\"width\":1730,\"height\":840,\"caption\":\"Equipos y Comunidades de Acci\u00f3n por la Paz\"},\"image\":{\"@id\":\"https:\\\/\\\/cpt.org\\\/es#\\\/schema\\\/logo\\\/image\\\/\"},\"sameAs\":[\"https:\\\/\\\/www.facebook.com\\\/cpters\",\"https:\\\/\\\/x.com\\\/cpt_intl\",\"https:\\\/\\\/www.instagram.com\\\/cpteams\\\/\",\"https:\\\/\\\/www.youtube.com\\\/user\\\/cptvideos\"]},{\"@type\":\"Person\",\"@id\":\"https:\\\/\\\/cpt.org\\\/es#\\\/schema\\\/person\\\/1187ed3b9ce9cbbb08dbb3a90bb6e8f6\",\"name\":\"demo\",\"image\":{\"@type\":\"ImageObject\",\"inLanguage\":\"es\",\"@id\":\"https:\\\/\\\/secure.gravatar.com\\\/avatar\\\/bf8c7166601a64c6c57b67ffbeab8f8c6a378cca786da9a326c1a34a2ec6f860?s=96&r=g\",\"url\":\"https:\\\/\\\/secure.gravatar.com\\\/avatar\\\/bf8c7166601a64c6c57b67ffbeab8f8c6a378cca786da9a326c1a34a2ec6f860?s=96&r=g\",\"contentUrl\":\"https:\\\/\\\/secure.gravatar.com\\\/avatar\\\/bf8c7166601a64c6c57b67ffbeab8f8c6a378cca786da9a326c1a34a2ec6f860?s=96&r=g\",\"caption\":\"demo\"},\"url\":\"https:\\\/\\\/cpt.org\\\/es\\\/author\\\/demo\"}]}<\/script>\n<!-- \/ Yoast SEO Premium plugin. -->","yoast_head_json":{"title":"Oraciones por la paz, febrero 25 de 2015 | Christian Peacemaker Teams","description":"Oraciones por la paz, febrero 25 de 2015","robots":{"index":"index","follow":"follow","max-snippet":"max-snippet:-1","max-image-preview":"max-image-preview:large","max-video-preview":"max-video-preview:-1"},"canonical":"https:\/\/cpt.org\/es\/2015\/02\/25\/oraciones-por-la-paz-febrero-25-de-2015","og_locale":"es_ES","og_type":"article","og_title":"Oraciones por la paz, febrero 25 de 2015","og_description":"Community Peacemaker Teams builds partnerships to transform violence and oppression. Over 35 years of action for peace and justice.","og_url":"https:\/\/cpt.org\/es\/2015\/02\/25\/oraciones-por-la-paz-febrero-25-de-2015","og_site_name":"Equipos y Comunidades de Acci\u00f3n por la Paz","article_publisher":"https:\/\/www.facebook.com\/cpters","article_published_time":"2015-02-25T17:00:00+00:00","article_modified_time":"2020-12-29T22:05:59+00:00","og_image":[{"url":"https:\/\/cpt.org\/wp-content\/uploads\/11t3lux-1.jpg","type":"","width":"","height":""}],"author":"demo","twitter_card":"summary_large_image","twitter_title":"Oraciones por la paz, febrero 25 de 2015 | Christian Peacemaker Teams","twitter_description":"Oraciones por la paz, febrero 25 de 2015","twitter_creator":"@cpt_intl","twitter_site":"@cpt_intl","twitter_misc":{"Escrito por":"demo","Tiempo de lectura":"1 minuto"},"schema":{"@context":"https:\/\/schema.org","@graph":[{"@type":"Article","@id":"https:\/\/cpt.org\/es\/2015\/02\/25\/oraciones-por-la-paz-febrero-25-de-2015#article","isPartOf":{"@id":"https:\/\/cpt.org\/es\/2015\/02\/25\/oraciones-por-la-paz-febrero-25-de-2015"},"author":{"name":"demo","@id":"https:\/\/cpt.org\/es#\/schema\/person\/1187ed3b9ce9cbbb08dbb3a90bb6e8f6"},"headline":"Oraciones por la paz, febrero 25 de 2015","datePublished":"2015-02-25T17:00:00+00:00","dateModified":"2020-12-29T22:05:59+00:00","mainEntityOfPage":{"@id":"https:\/\/cpt.org\/es\/2015\/02\/25\/oraciones-por-la-paz-febrero-25-de-2015"},"wordCount":246,"publisher":{"@id":"https:\/\/cpt.org\/es#organization"},"image":{"@id":"https:\/\/cpt.org\/es\/2015\/02\/25\/oraciones-por-la-paz-febrero-25-de-2015#primaryimage"},"thumbnailUrl":"https:\/\/cpt.org\/wp-content\/uploads\/11t3lux-1.jpg","articleSection":["al-Khalil (Hebron)","Lectionary","Palestine","Prayers","Public Witness"],"inLanguage":"es"},{"@type":"WebPage","@id":"https:\/\/cpt.org\/es\/2015\/02\/25\/oraciones-por-la-paz-febrero-25-de-2015","url":"https:\/\/cpt.org\/es\/2015\/02\/25\/oraciones-por-la-paz-febrero-25-de-2015","name":"Oraciones por la paz, febrero 25 de 2015 | Christian Peacemaker Teams","isPartOf":{"@id":"https:\/\/cpt.org\/es#website"},"primaryImageOfPage":{"@id":"https:\/\/cpt.org\/es\/2015\/02\/25\/oraciones-por-la-paz-febrero-25-de-2015#primaryimage"},"image":{"@id":"https:\/\/cpt.org\/es\/2015\/02\/25\/oraciones-por-la-paz-febrero-25-de-2015#primaryimage"},"thumbnailUrl":"https:\/\/cpt.org\/wp-content\/uploads\/11t3lux-1.jpg","datePublished":"2015-02-25T17:00:00+00:00","dateModified":"2020-12-29T22:05:59+00:00","description":"Oraciones por la paz, febrero 25 de 2015","breadcrumb":{"@id":"https:\/\/cpt.org\/es\/2015\/02\/25\/oraciones-por-la-paz-febrero-25-de-2015#breadcrumb"},"inLanguage":"es","potentialAction":[{"@type":"ReadAction","target":["https:\/\/cpt.org\/es\/2015\/02\/25\/oraciones-por-la-paz-febrero-25-de-2015"]}]},{"@type":"ImageObject","inLanguage":"es","@id":"https:\/\/cpt.org\/es\/2015\/02\/25\/oraciones-por-la-paz-febrero-25-de-2015#primaryimage","url":"https:\/\/cpt.org\/wp-content\/uploads\/11t3lux-1.jpg","contentUrl":"https:\/\/cpt.org\/wp-content\/uploads\/11t3lux-1.jpg"},{"@type":"BreadcrumbList","@id":"https:\/\/cpt.org\/es\/2015\/02\/25\/oraciones-por-la-paz-febrero-25-de-2015#breadcrumb","itemListElement":[{"@type":"ListItem","position":1,"name":"Home","item":"https:\/\/cpt.org\/es"},{"@type":"ListItem","position":2,"name":"Oraciones por la paz, febrero 25 de 2015"}]},{"@type":"WebSite","@id":"https:\/\/cpt.org\/es#website","url":"https:\/\/cpt.org\/es","name":"Equipos y Comunidades de Acci\u00f3n por la Paz","description":"Building partnerships to transform violence and oppression","publisher":{"@id":"https:\/\/cpt.org\/es#organization"},"potentialAction":[{"@type":"SearchAction","target":{"@type":"EntryPoint","urlTemplate":"https:\/\/cpt.org\/es?s={search_term_string}"},"query-input":{"@type":"PropertyValueSpecification","valueRequired":true,"valueName":"search_term_string"}}],"inLanguage":"es"},{"@type":"Organization","@id":"https:\/\/cpt.org\/es#organization","name":"Equipos y Comunidades de Acci\u00f3n por la Paz","url":"https:\/\/cpt.org\/es","logo":{"@type":"ImageObject","inLanguage":"es","@id":"https:\/\/cpt.org\/es#\/schema\/logo\/image\/","url":"https:\/\/cpt.org\/wp-content\/uploads\/logoCPT-red-2.png","contentUrl":"https:\/\/cpt.org\/wp-content\/uploads\/logoCPT-red-2.png","width":1730,"height":840,"caption":"Equipos y Comunidades de Acci\u00f3n por la Paz"},"image":{"@id":"https:\/\/cpt.org\/es#\/schema\/logo\/image\/"},"sameAs":["https:\/\/www.facebook.com\/cpters","https:\/\/x.com\/cpt_intl","https:\/\/www.instagram.com\/cpteams\/","https:\/\/www.youtube.com\/user\/cptvideos"]},{"@type":"Person","@id":"https:\/\/cpt.org\/es#\/schema\/person\/1187ed3b9ce9cbbb08dbb3a90bb6e8f6","name":"demo","image":{"@type":"ImageObject","inLanguage":"es","@id":"https:\/\/secure.gravatar.com\/avatar\/bf8c7166601a64c6c57b67ffbeab8f8c6a378cca786da9a326c1a34a2ec6f860?s=96&r=g","url":"https:\/\/secure.gravatar.com\/avatar\/bf8c7166601a64c6c57b67ffbeab8f8c6a378cca786da9a326c1a34a2ec6f860?s=96&r=g","contentUrl":"https:\/\/secure.gravatar.com\/avatar\/bf8c7166601a64c6c57b67ffbeab8f8c6a378cca786da9a326c1a34a2ec6f860?s=96&r=g","caption":"demo"},"url":"https:\/\/cpt.org\/es\/author\/demo"}]}},"_links":{"self":[{"href":"https:\/\/cpt.org\/es\/wp-json\/wp\/v2\/posts\/10332","targetHints":{"allow":["GET"]}}],"collection":[{"href":"https:\/\/cpt.org\/es\/wp-json\/wp\/v2\/posts"}],"about":[{"href":"https:\/\/cpt.org\/es\/wp-json\/wp\/v2\/types\/post"}],"author":[{"embeddable":true,"href":"https:\/\/cpt.org\/es\/wp-json\/wp\/v2\/users\/3"}],"replies":[{"embeddable":true,"href":"https:\/\/cpt.org\/es\/wp-json\/wp\/v2\/comments?post=10332"}],"version-history":[{"count":1,"href":"https:\/\/cpt.org\/es\/wp-json\/wp\/v2\/posts\/10332\/revisions"}],"predecessor-version":[{"id":17746,"href":"https:\/\/cpt.org\/es\/wp-json\/wp\/v2\/posts\/10332\/revisions\/17746"}],"wp:attachment":[{"href":"https:\/\/cpt.org\/es\/wp-json\/wp\/v2\/media?parent=10332"}],"wp:term":[{"taxonomy":"category","embeddable":true,"href":"https:\/\/cpt.org\/es\/wp-json\/wp\/v2\/categories?post=10332"},{"taxonomy":"post_tag","embeddable":true,"href":"https:\/\/cpt.org\/es\/wp-json\/wp\/v2\/tags?post=10332"}],"curies":[{"name":"wp","href":"https:\/\/api.w.org\/{rel}","templated":true}]}}