{"id":10446,"date":"2017-05-26T12:00:00","date_gmt":"2017-05-26T16:00:00","guid":{"rendered":"https:\/\/cpt.org\/blog\/oraciones-por-la-paz-mayo-26-2017"},"modified":"2020-12-29T17:10:25","modified_gmt":"2020-12-29T22:10:25","slug":"oraciones-por-la-paz-mayo-26-2017","status":"publish","type":"post","link":"https:\/\/cpt.org\/es\/2017\/05\/26\/oraciones-por-la-paz-mayo-26-2017","title":{"rendered":"Oraciones por la paz. Mayo 26, 2017"},"content":{"rendered":"<div class=\"container tmpWrnglr\">\n<p>\n          <\/p>\n<\/p>\n<div class=\"row\">\n<div class=\"col-md-12\"><\/div>\n<\/div>\n<div class=\"row layout\">\n      <\/p>\n<div class=\"content_layout\">\n<div class=\"col-md-12\">\n<div class=\"region region-content\">\n<div id=\"block-drupal8-zymphonies-theme-content\" class=\"block block-system block-system-main-block\">\n<article class=\"node node--type-story node--view-mode-full\">\n<div class=\"node__content\">\n<div>\n<p><strong>Oraciones<br \/>\npor la paz. Mayo 26, 2017<\/strong><\/p>\n<p>Muchas veces no somos agradecid@s por todas las<br \/>\nbendiciones que tenemos en nuestras vidas y no reconocemos los privilegios que<br \/>\ntenemos. Por ejemplo cuando podemos tener un trabajo, cuando podemos tener un<br \/>\nestado legal garantizado, cuando nos sentimos segur@s y libres, cuando estamos<br \/>\nsan@s y no padecemos ning\u00fan tipo de incapacidad. La gran mayor\u00eda de las veces<br \/>\nsomos consientes de la ausencia de estos privilegios pero no de su presencia.<\/p>\n<p>Hoy queremos recordar todos estos privilegios y bendiciones. Nos<br \/>\ngustar\u00eda animarl@s para que<br \/>\nabracen todas esas situaciones y momentos positivos en la vida, para que<br \/>\ncompartan el amor y la solidaridad con aquellas personas que se encuentran<br \/>\nexperimentando una dif\u00edcil situaci\u00f3n. Oremos por aquell@s que no se encuentran<br \/>\nbien f\u00edsica o emocionalmente. Oremos para que aquell@s que buscan trabajo encuentren<br \/>\nla mejor manera de apoyar a sus familias y a sus comunidades.\u00a0 Oremos por las personas indocumentadas y por<br \/>\naquell@s que huyen de la guerra y la opresi\u00f3n, para que les sea otorgado el<br \/>\nasilo y para que sean tratados con todo el respeto por su humanidad y<br \/>\nderechos.\u00a0 Oremos por aquell@s que viven<br \/>\nen medio de las guerras para que encuentren la fuerza necesaria para continuar<br \/>\nresistiendo a la muerte y a la violencia. Oremos por cada un@ de nosotr@s y<br \/>\napoy\u00e9monos en nuestros tiempos de necesidad y dificultad, para as\u00ed encentrar el<br \/>\nmejor camino para seguir adelante y superar todos los obst\u00e1culos que podamos<br \/>\nencontrar.<\/p>\n<p><img fetchpriority=\"high\" decoding=\"async\" src=\"https:\/\/cpt.org\/wp-content\/uploads\/f11908096-1.jpg\" alt=\"Yezidi family\" width=\"600\" height=\"450\" style=\"border:1px solid #cccccc;margin:0px;padding:2px;outline:0px;font-size:14px;font-family:'Gill Sans Regular', Cabin, 'Trebuchet MS', Calibri, sans-serif;vertical-align:baseline;color:#444444\" class=\"mceItem\"><\/p>\n<p>Lucas 17:20-21<\/p>\n<p>Preguntado por los fariseos, cu\u00e1ndo<br \/>\nhab\u00eda de venir el reino de Dios, les respondi\u00f3 y dijo: El reino de Dios no<br \/>\nvendr\u00e1 con advertencia, ni dir\u00e1n: Helo aqu\u00ed, o helo all\u00ed;<br \/>\nporque he aqu\u00ed el reino de Dios est\u00e1 entre vosotros.<\/p>\n<\/div>\n<div>\n<div>Categories<\/div>\n<div>\n<div><a href=\"\/taxonomy\/term\/1397\">Canada<\/a><\/div>\n<div><a href=\"\/taxonomy\/term\/1398\">Chicago<\/a><\/div>\n<div><a href=\"\/taxonomy\/term\/1400\">CPT International<\/a><\/div>\n<div><a href=\"\/taxonomy\/term\/1402\">Europe<\/a><\/div>\n<div><a href=\"\/taxonomy\/term\/1404\">Indigenous Peoples Solidarity<\/a><\/div>\n<div><a href=\"\/taxonomy\/term\/1406\">Iraq<\/a><\/div>\n<div><a href=\"\/taxonomy\/term\/1408\">Kurdistan<\/a><\/div>\n<div><a href=\"\/taxonomy\/term\/1415\">Palestine<\/a><\/div>\n<div><a href=\"\/taxonomy\/term\/1416\">al-Khalil (Hebron)<\/a><\/div>\n<div><a href=\"\/taxonomy\/term\/1422\">Prayers<\/a><\/div>\n<\/div>\n<\/div>\n<\/div>\n<\/article>\n<\/div>\n<\/div>\n<\/div>\n<\/div>\n<p>\n            <\/p>\n<\/div>\n<p><\/p>\n<\/div>\n","protected":false},"excerpt":{"rendered":"<p>Oraciones por la paz. Mayo 26, 2017 Muchas veces no somos agradecid@s por todas las bendiciones que tenemos en nuestras vidas y no reconocemos los privilegios que tenemos. Por ejemplo cuando podemos tener un trabajo, cuando podemos tener un estado legal garantizado, cuando nos sentimos segur@s y libres, cuando estamos san@s y no padecemos ning\u00fan [&hellip;]<\/p>\n","protected":false},"author":3,"featured_media":0,"comment_status":"closed","ping_status":"closed","sticky":false,"template":"","format":"standard","meta":{"footnotes":""},"categories":[15,19,18,24,32,23,22,57,20,16],"tags":[],"class_list":["post-10446","post","type-post","status-publish","format-standard","hentry","category-al-khalil-hebron","category-canada","category-chicago","category-cpt-international","category-europe","category-indigenous-peoples-solidarity","category-iraq","category-kurdistan","category-palestine","category-prayers"],"yoast_head":"<!-- This site is optimized with the Yoast SEO Premium plugin v27.4 (Yoast SEO v27.4) - https:\/\/yoast.com\/product\/yoast-seo-premium-wordpress\/ -->\n<title>Oraciones por la paz. Mayo 26, 2017 | Christian Peacemaker Teams<\/title>\n<meta name=\"description\" content=\"Oraciones por la paz. Mayo 26, 2017 Muchas veces no somos agradecid@s por todas las bendiciones que tenemos en nuestras vidas y no reconocemos los privilegios que tenemos. Por ejemplo cuando podemos tener un trabajo, cuando podemos tener un estado legal garantizado, cuando nos sentimos segur@s y libres, cuando estamos san@s y no padecemos ning\u00fan tipo de incapacidad. La gran mayor\u00eda de las veces somos consientes de la ausencia de estos privilegios pero no de su presencia.\" \/>\n<meta name=\"robots\" content=\"index, follow, max-snippet:-1, max-image-preview:large, max-video-preview:-1\" \/>\n<link rel=\"canonical\" href=\"https:\/\/cpt.org\/es\/2017\/05\/26\/oraciones-por-la-paz-mayo-26-2017\" \/>\n<meta property=\"og:locale\" content=\"es_ES\" \/>\n<meta property=\"og:type\" content=\"article\" \/>\n<meta property=\"og:title\" content=\"Oraciones por la paz. Mayo 26, 2017\" \/>\n<meta property=\"og:description\" content=\"Community Peacemaker Teams builds partnerships to transform violence and oppression. Over 35 years of action for peace and justice.\" \/>\n<meta property=\"og:url\" content=\"https:\/\/cpt.org\/es\/2017\/05\/26\/oraciones-por-la-paz-mayo-26-2017\" \/>\n<meta property=\"og:site_name\" content=\"Equipos y Comunidades de Acci\u00f3n por la Paz\" \/>\n<meta property=\"article:publisher\" content=\"https:\/\/www.facebook.com\/cpters\" \/>\n<meta property=\"article:published_time\" content=\"2017-05-26T16:00:00+00:00\" \/>\n<meta property=\"article:modified_time\" content=\"2020-12-29T22:10:25+00:00\" \/>\n<meta property=\"og:image\" content=\"https:\/\/cpt.org\/wp-content\/uploads\/f11908096-1.jpg\" \/>\n<meta name=\"author\" content=\"demo\" \/>\n<meta name=\"twitter:card\" content=\"summary_large_image\" \/>\n<meta name=\"twitter:title\" content=\"Oraciones por la paz. Mayo 26, 2017 | Christian Peacemaker Teams\" \/>\n<meta name=\"twitter:description\" content=\"Oraciones por la paz. Mayo 26, 2017 Muchas veces no somos agradecid@s por todas las bendiciones que tenemos en nuestras vidas y no reconocemos los privilegios que tenemos. Por ejemplo cuando podemos tener un trabajo, cuando podemos tener un estado legal garantizado, cuando nos sentimos segur@s y libres, cuando estamos san@s y no padecemos ning\u00fan tipo de incapacidad. La gran mayor\u00eda de las veces somos consientes de la ausencia de estos privilegios pero no de su presencia.\" \/>\n<meta name=\"twitter:creator\" content=\"@cpt_intl\" \/>\n<meta name=\"twitter:site\" content=\"@cpt_intl\" \/>\n<meta name=\"twitter:label1\" content=\"Escrito por\" \/>\n\t<meta name=\"twitter:data1\" content=\"demo\" \/>\n\t<meta name=\"twitter:label2\" content=\"Tiempo de lectura\" \/>\n\t<meta name=\"twitter:data2\" content=\"2 minutos\" \/>\n<script type=\"application\/ld+json\" class=\"yoast-schema-graph\">{\"@context\":\"https:\\\/\\\/schema.org\",\"@graph\":[{\"@type\":\"Article\",\"@id\":\"https:\\\/\\\/cpt.org\\\/es\\\/2017\\\/05\\\/26\\\/oraciones-por-la-paz-mayo-26-2017#article\",\"isPartOf\":{\"@id\":\"https:\\\/\\\/cpt.org\\\/es\\\/2017\\\/05\\\/26\\\/oraciones-por-la-paz-mayo-26-2017\"},\"author\":{\"name\":\"demo\",\"@id\":\"https:\\\/\\\/cpt.org\\\/es#\\\/schema\\\/person\\\/1187ed3b9ce9cbbb08dbb3a90bb6e8f6\"},\"headline\":\"Oraciones por la paz. Mayo 26, 2017\",\"datePublished\":\"2017-05-26T16:00:00+00:00\",\"dateModified\":\"2020-12-29T22:10:25+00:00\",\"mainEntityOfPage\":{\"@id\":\"https:\\\/\\\/cpt.org\\\/es\\\/2017\\\/05\\\/26\\\/oraciones-por-la-paz-mayo-26-2017\"},\"wordCount\":326,\"publisher\":{\"@id\":\"https:\\\/\\\/cpt.org\\\/es#organization\"},\"image\":{\"@id\":\"https:\\\/\\\/cpt.org\\\/es\\\/2017\\\/05\\\/26\\\/oraciones-por-la-paz-mayo-26-2017#primaryimage\"},\"thumbnailUrl\":\"https:\\\/\\\/cpt.org\\\/wp-content\\\/uploads\\\/f11908096-1.jpg\",\"articleSection\":[\"al-Khalil (Hebron)\",\"Canada\",\"Chicago\",\"CPT International\",\"Europe\",\"Indigenous Peoples Solidarity\",\"Iraq\",\"Kurdistan\",\"Palestine\",\"Prayers\"],\"inLanguage\":\"es\"},{\"@type\":\"WebPage\",\"@id\":\"https:\\\/\\\/cpt.org\\\/es\\\/2017\\\/05\\\/26\\\/oraciones-por-la-paz-mayo-26-2017\",\"url\":\"https:\\\/\\\/cpt.org\\\/es\\\/2017\\\/05\\\/26\\\/oraciones-por-la-paz-mayo-26-2017\",\"name\":\"Oraciones por la paz. Mayo 26, 2017 | Christian Peacemaker Teams\",\"isPartOf\":{\"@id\":\"https:\\\/\\\/cpt.org\\\/es#website\"},\"primaryImageOfPage\":{\"@id\":\"https:\\\/\\\/cpt.org\\\/es\\\/2017\\\/05\\\/26\\\/oraciones-por-la-paz-mayo-26-2017#primaryimage\"},\"image\":{\"@id\":\"https:\\\/\\\/cpt.org\\\/es\\\/2017\\\/05\\\/26\\\/oraciones-por-la-paz-mayo-26-2017#primaryimage\"},\"thumbnailUrl\":\"https:\\\/\\\/cpt.org\\\/wp-content\\\/uploads\\\/f11908096-1.jpg\",\"datePublished\":\"2017-05-26T16:00:00+00:00\",\"dateModified\":\"2020-12-29T22:10:25+00:00\",\"description\":\"Oraciones por la paz. Mayo 26, 2017 Muchas veces no somos agradecid@s por todas las bendiciones que tenemos en nuestras vidas y no reconocemos los privilegios que tenemos. Por ejemplo cuando podemos tener un trabajo, cuando podemos tener un estado legal garantizado, cuando nos sentimos segur@s y libres, cuando estamos san@s y no padecemos ning\u00fan tipo de incapacidad. La gran mayor\u00eda de las veces somos consientes de la ausencia de estos privilegios pero no de su presencia.\",\"breadcrumb\":{\"@id\":\"https:\\\/\\\/cpt.org\\\/es\\\/2017\\\/05\\\/26\\\/oraciones-por-la-paz-mayo-26-2017#breadcrumb\"},\"inLanguage\":\"es\",\"potentialAction\":[{\"@type\":\"ReadAction\",\"target\":[\"https:\\\/\\\/cpt.org\\\/es\\\/2017\\\/05\\\/26\\\/oraciones-por-la-paz-mayo-26-2017\"]}]},{\"@type\":\"ImageObject\",\"inLanguage\":\"es\",\"@id\":\"https:\\\/\\\/cpt.org\\\/es\\\/2017\\\/05\\\/26\\\/oraciones-por-la-paz-mayo-26-2017#primaryimage\",\"url\":\"https:\\\/\\\/cpt.org\\\/wp-content\\\/uploads\\\/f11908096-1.jpg\",\"contentUrl\":\"https:\\\/\\\/cpt.org\\\/wp-content\\\/uploads\\\/f11908096-1.jpg\"},{\"@type\":\"BreadcrumbList\",\"@id\":\"https:\\\/\\\/cpt.org\\\/es\\\/2017\\\/05\\\/26\\\/oraciones-por-la-paz-mayo-26-2017#breadcrumb\",\"itemListElement\":[{\"@type\":\"ListItem\",\"position\":1,\"name\":\"Home\",\"item\":\"https:\\\/\\\/cpt.org\\\/es\"},{\"@type\":\"ListItem\",\"position\":2,\"name\":\"Oraciones por la paz. Mayo 26, 2017\"}]},{\"@type\":\"WebSite\",\"@id\":\"https:\\\/\\\/cpt.org\\\/es#website\",\"url\":\"https:\\\/\\\/cpt.org\\\/es\",\"name\":\"Equipos y Comunidades de Acci\u00f3n por la Paz\",\"description\":\"Building partnerships to transform violence and oppression\",\"publisher\":{\"@id\":\"https:\\\/\\\/cpt.org\\\/es#organization\"},\"potentialAction\":[{\"@type\":\"SearchAction\",\"target\":{\"@type\":\"EntryPoint\",\"urlTemplate\":\"https:\\\/\\\/cpt.org\\\/es?s={search_term_string}\"},\"query-input\":{\"@type\":\"PropertyValueSpecification\",\"valueRequired\":true,\"valueName\":\"search_term_string\"}}],\"inLanguage\":\"es\"},{\"@type\":\"Organization\",\"@id\":\"https:\\\/\\\/cpt.org\\\/es#organization\",\"name\":\"Equipos y Comunidades de Acci\u00f3n por la Paz\",\"url\":\"https:\\\/\\\/cpt.org\\\/es\",\"logo\":{\"@type\":\"ImageObject\",\"inLanguage\":\"es\",\"@id\":\"https:\\\/\\\/cpt.org\\\/es#\\\/schema\\\/logo\\\/image\\\/\",\"url\":\"https:\\\/\\\/cpt.org\\\/wp-content\\\/uploads\\\/logoCPT-red-2.png\",\"contentUrl\":\"https:\\\/\\\/cpt.org\\\/wp-content\\\/uploads\\\/logoCPT-red-2.png\",\"width\":1730,\"height\":840,\"caption\":\"Equipos y Comunidades de Acci\u00f3n por la Paz\"},\"image\":{\"@id\":\"https:\\\/\\\/cpt.org\\\/es#\\\/schema\\\/logo\\\/image\\\/\"},\"sameAs\":[\"https:\\\/\\\/www.facebook.com\\\/cpters\",\"https:\\\/\\\/x.com\\\/cpt_intl\",\"https:\\\/\\\/www.instagram.com\\\/cpteams\\\/\",\"https:\\\/\\\/www.youtube.com\\\/user\\\/cptvideos\"]},{\"@type\":\"Person\",\"@id\":\"https:\\\/\\\/cpt.org\\\/es#\\\/schema\\\/person\\\/1187ed3b9ce9cbbb08dbb3a90bb6e8f6\",\"name\":\"demo\",\"image\":{\"@type\":\"ImageObject\",\"inLanguage\":\"es\",\"@id\":\"https:\\\/\\\/secure.gravatar.com\\\/avatar\\\/bf8c7166601a64c6c57b67ffbeab8f8c6a378cca786da9a326c1a34a2ec6f860?s=96&r=g\",\"url\":\"https:\\\/\\\/secure.gravatar.com\\\/avatar\\\/bf8c7166601a64c6c57b67ffbeab8f8c6a378cca786da9a326c1a34a2ec6f860?s=96&r=g\",\"contentUrl\":\"https:\\\/\\\/secure.gravatar.com\\\/avatar\\\/bf8c7166601a64c6c57b67ffbeab8f8c6a378cca786da9a326c1a34a2ec6f860?s=96&r=g\",\"caption\":\"demo\"},\"url\":\"https:\\\/\\\/cpt.org\\\/es\\\/author\\\/demo\"}]}<\/script>\n<!-- \/ Yoast SEO Premium plugin. -->","yoast_head_json":{"title":"Oraciones por la paz. Mayo 26, 2017 | Christian Peacemaker Teams","description":"Oraciones por la paz. Mayo 26, 2017 Muchas veces no somos agradecid@s por todas las bendiciones que tenemos en nuestras vidas y no reconocemos los privilegios que tenemos. Por ejemplo cuando podemos tener un trabajo, cuando podemos tener un estado legal garantizado, cuando nos sentimos segur@s y libres, cuando estamos san@s y no padecemos ning\u00fan tipo de incapacidad. La gran mayor\u00eda de las veces somos consientes de la ausencia de estos privilegios pero no de su presencia.","robots":{"index":"index","follow":"follow","max-snippet":"max-snippet:-1","max-image-preview":"max-image-preview:large","max-video-preview":"max-video-preview:-1"},"canonical":"https:\/\/cpt.org\/es\/2017\/05\/26\/oraciones-por-la-paz-mayo-26-2017","og_locale":"es_ES","og_type":"article","og_title":"Oraciones por la paz. Mayo 26, 2017","og_description":"Community Peacemaker Teams builds partnerships to transform violence and oppression. Over 35 years of action for peace and justice.","og_url":"https:\/\/cpt.org\/es\/2017\/05\/26\/oraciones-por-la-paz-mayo-26-2017","og_site_name":"Equipos y Comunidades de Acci\u00f3n por la Paz","article_publisher":"https:\/\/www.facebook.com\/cpters","article_published_time":"2017-05-26T16:00:00+00:00","article_modified_time":"2020-12-29T22:10:25+00:00","og_image":[{"url":"https:\/\/cpt.org\/wp-content\/uploads\/f11908096-1.jpg","type":"","width":"","height":""}],"author":"demo","twitter_card":"summary_large_image","twitter_title":"Oraciones por la paz. Mayo 26, 2017 | Christian Peacemaker Teams","twitter_description":"Oraciones por la paz. Mayo 26, 2017 Muchas veces no somos agradecid@s por todas las bendiciones que tenemos en nuestras vidas y no reconocemos los privilegios que tenemos. Por ejemplo cuando podemos tener un trabajo, cuando podemos tener un estado legal garantizado, cuando nos sentimos segur@s y libres, cuando estamos san@s y no padecemos ning\u00fan tipo de incapacidad. La gran mayor\u00eda de las veces somos consientes de la ausencia de estos privilegios pero no de su presencia.","twitter_creator":"@cpt_intl","twitter_site":"@cpt_intl","twitter_misc":{"Escrito por":"demo","Tiempo de lectura":"2 minutos"},"schema":{"@context":"https:\/\/schema.org","@graph":[{"@type":"Article","@id":"https:\/\/cpt.org\/es\/2017\/05\/26\/oraciones-por-la-paz-mayo-26-2017#article","isPartOf":{"@id":"https:\/\/cpt.org\/es\/2017\/05\/26\/oraciones-por-la-paz-mayo-26-2017"},"author":{"name":"demo","@id":"https:\/\/cpt.org\/es#\/schema\/person\/1187ed3b9ce9cbbb08dbb3a90bb6e8f6"},"headline":"Oraciones por la paz. Mayo 26, 2017","datePublished":"2017-05-26T16:00:00+00:00","dateModified":"2020-12-29T22:10:25+00:00","mainEntityOfPage":{"@id":"https:\/\/cpt.org\/es\/2017\/05\/26\/oraciones-por-la-paz-mayo-26-2017"},"wordCount":326,"publisher":{"@id":"https:\/\/cpt.org\/es#organization"},"image":{"@id":"https:\/\/cpt.org\/es\/2017\/05\/26\/oraciones-por-la-paz-mayo-26-2017#primaryimage"},"thumbnailUrl":"https:\/\/cpt.org\/wp-content\/uploads\/f11908096-1.jpg","articleSection":["al-Khalil (Hebron)","Canada","Chicago","CPT International","Europe","Indigenous Peoples Solidarity","Iraq","Kurdistan","Palestine","Prayers"],"inLanguage":"es"},{"@type":"WebPage","@id":"https:\/\/cpt.org\/es\/2017\/05\/26\/oraciones-por-la-paz-mayo-26-2017","url":"https:\/\/cpt.org\/es\/2017\/05\/26\/oraciones-por-la-paz-mayo-26-2017","name":"Oraciones por la paz. Mayo 26, 2017 | Christian Peacemaker Teams","isPartOf":{"@id":"https:\/\/cpt.org\/es#website"},"primaryImageOfPage":{"@id":"https:\/\/cpt.org\/es\/2017\/05\/26\/oraciones-por-la-paz-mayo-26-2017#primaryimage"},"image":{"@id":"https:\/\/cpt.org\/es\/2017\/05\/26\/oraciones-por-la-paz-mayo-26-2017#primaryimage"},"thumbnailUrl":"https:\/\/cpt.org\/wp-content\/uploads\/f11908096-1.jpg","datePublished":"2017-05-26T16:00:00+00:00","dateModified":"2020-12-29T22:10:25+00:00","description":"Oraciones por la paz. Mayo 26, 2017 Muchas veces no somos agradecid@s por todas las bendiciones que tenemos en nuestras vidas y no reconocemos los privilegios que tenemos. Por ejemplo cuando podemos tener un trabajo, cuando podemos tener un estado legal garantizado, cuando nos sentimos segur@s y libres, cuando estamos san@s y no padecemos ning\u00fan tipo de incapacidad. La gran mayor\u00eda de las veces somos consientes de la ausencia de estos privilegios pero no de su presencia.","breadcrumb":{"@id":"https:\/\/cpt.org\/es\/2017\/05\/26\/oraciones-por-la-paz-mayo-26-2017#breadcrumb"},"inLanguage":"es","potentialAction":[{"@type":"ReadAction","target":["https:\/\/cpt.org\/es\/2017\/05\/26\/oraciones-por-la-paz-mayo-26-2017"]}]},{"@type":"ImageObject","inLanguage":"es","@id":"https:\/\/cpt.org\/es\/2017\/05\/26\/oraciones-por-la-paz-mayo-26-2017#primaryimage","url":"https:\/\/cpt.org\/wp-content\/uploads\/f11908096-1.jpg","contentUrl":"https:\/\/cpt.org\/wp-content\/uploads\/f11908096-1.jpg"},{"@type":"BreadcrumbList","@id":"https:\/\/cpt.org\/es\/2017\/05\/26\/oraciones-por-la-paz-mayo-26-2017#breadcrumb","itemListElement":[{"@type":"ListItem","position":1,"name":"Home","item":"https:\/\/cpt.org\/es"},{"@type":"ListItem","position":2,"name":"Oraciones por la paz. Mayo 26, 2017"}]},{"@type":"WebSite","@id":"https:\/\/cpt.org\/es#website","url":"https:\/\/cpt.org\/es","name":"Equipos y Comunidades de Acci\u00f3n por la Paz","description":"Building partnerships to transform violence and oppression","publisher":{"@id":"https:\/\/cpt.org\/es#organization"},"potentialAction":[{"@type":"SearchAction","target":{"@type":"EntryPoint","urlTemplate":"https:\/\/cpt.org\/es?s={search_term_string}"},"query-input":{"@type":"PropertyValueSpecification","valueRequired":true,"valueName":"search_term_string"}}],"inLanguage":"es"},{"@type":"Organization","@id":"https:\/\/cpt.org\/es#organization","name":"Equipos y Comunidades de Acci\u00f3n por la Paz","url":"https:\/\/cpt.org\/es","logo":{"@type":"ImageObject","inLanguage":"es","@id":"https:\/\/cpt.org\/es#\/schema\/logo\/image\/","url":"https:\/\/cpt.org\/wp-content\/uploads\/logoCPT-red-2.png","contentUrl":"https:\/\/cpt.org\/wp-content\/uploads\/logoCPT-red-2.png","width":1730,"height":840,"caption":"Equipos y Comunidades de Acci\u00f3n por la Paz"},"image":{"@id":"https:\/\/cpt.org\/es#\/schema\/logo\/image\/"},"sameAs":["https:\/\/www.facebook.com\/cpters","https:\/\/x.com\/cpt_intl","https:\/\/www.instagram.com\/cpteams\/","https:\/\/www.youtube.com\/user\/cptvideos"]},{"@type":"Person","@id":"https:\/\/cpt.org\/es#\/schema\/person\/1187ed3b9ce9cbbb08dbb3a90bb6e8f6","name":"demo","image":{"@type":"ImageObject","inLanguage":"es","@id":"https:\/\/secure.gravatar.com\/avatar\/bf8c7166601a64c6c57b67ffbeab8f8c6a378cca786da9a326c1a34a2ec6f860?s=96&r=g","url":"https:\/\/secure.gravatar.com\/avatar\/bf8c7166601a64c6c57b67ffbeab8f8c6a378cca786da9a326c1a34a2ec6f860?s=96&r=g","contentUrl":"https:\/\/secure.gravatar.com\/avatar\/bf8c7166601a64c6c57b67ffbeab8f8c6a378cca786da9a326c1a34a2ec6f860?s=96&r=g","caption":"demo"},"url":"https:\/\/cpt.org\/es\/author\/demo"}]}},"_links":{"self":[{"href":"https:\/\/cpt.org\/es\/wp-json\/wp\/v2\/posts\/10446","targetHints":{"allow":["GET"]}}],"collection":[{"href":"https:\/\/cpt.org\/es\/wp-json\/wp\/v2\/posts"}],"about":[{"href":"https:\/\/cpt.org\/es\/wp-json\/wp\/v2\/types\/post"}],"author":[{"embeddable":true,"href":"https:\/\/cpt.org\/es\/wp-json\/wp\/v2\/users\/3"}],"replies":[{"embeddable":true,"href":"https:\/\/cpt.org\/es\/wp-json\/wp\/v2\/comments?post=10446"}],"version-history":[{"count":1,"href":"https:\/\/cpt.org\/es\/wp-json\/wp\/v2\/posts\/10446\/revisions"}],"predecessor-version":[{"id":17860,"href":"https:\/\/cpt.org\/es\/wp-json\/wp\/v2\/posts\/10446\/revisions\/17860"}],"wp:attachment":[{"href":"https:\/\/cpt.org\/es\/wp-json\/wp\/v2\/media?parent=10446"}],"wp:term":[{"taxonomy":"category","embeddable":true,"href":"https:\/\/cpt.org\/es\/wp-json\/wp\/v2\/categories?post=10446"},{"taxonomy":"post_tag","embeddable":true,"href":"https:\/\/cpt.org\/es\/wp-json\/wp\/v2\/tags?post=10446"}],"curies":[{"name":"wp","href":"https:\/\/api.w.org\/{rel}","templated":true}]}}