{"id":10449,"date":"2017-06-15T12:00:00","date_gmt":"2017-06-15T16:00:00","guid":{"rendered":"https:\/\/cpt.org\/blog\/oraciones-por-la-paz-junio-15-2017"},"modified":"2020-12-29T17:10:32","modified_gmt":"2020-12-29T22:10:32","slug":"oraciones-por-la-paz-junio-15-2017","status":"publish","type":"post","link":"https:\/\/cpt.org\/es\/2017\/06\/15\/oraciones-por-la-paz-junio-15-2017","title":{"rendered":"Oraciones por la paz. Junio 15, 2017"},"content":{"rendered":"<div class=\"container tmpWrnglr\">\n<p>\n          <\/p>\n<\/p>\n<div class=\"row\">\n<div class=\"col-md-12\"><\/div>\n<\/div>\n<div class=\"row layout\">\n      <\/p>\n<div class=\"content_layout\">\n<div class=\"col-md-12\">\n<div class=\"region region-content\">\n<div id=\"block-drupal8-zymphonies-theme-content\" class=\"block block-system block-system-main-block\">\n<article class=\"node node--type-story node--view-mode-full\">\n<div class=\"node__content\">\n<div>\n<p><strong>Oraciones por la paz. Junio 15, 2017<\/strong><\/p>\n<p><strong>\u00a0<\/strong>El 12 de<br \/>\njunio de cada a\u00f1o, el mundo conmemora el D\u00eda Mundial contra el Trabajo<br \/>\nInfantil. El objetivo central de este d\u00eda es crear conciencia y llamar la<br \/>\natenci\u00f3n sobre los esfuerzos que se deben hacer para prevenir el trabajo<br \/>\ninfantil. De acuerdo con la informaci\u00f3n recolectada por la Organizaci\u00f3n Mundial<br \/>\ndel Trabajo, m\u00e1s de 168 millones de ni\u00f1os alrededor del mundo se han visto<br \/>\nforzados a trabajar, lo cual no les permite el disfrutar de la ni\u00f1ez, todo su<br \/>\npotencial y dignidad trayendo consigo consecuencias f\u00edsicas y mentales que<br \/>\nafectan su desarrollo.\u00a0<\/p>\n<p style=\"margin:0px 0px 1.5em;padding:0px;border:0px;outline:0px;font-size:14px;font-family:'Gill Sans Regular', Cabin, 'Trebuchet MS', Calibri, sans-serif;vertical-align:baseline;color:#444444\">\u00a0<img fetchpriority=\"high\" decoding=\"async\" src=\"https:\/\/cpt-org.cftvgy.org\/sites\/default\/files\/styles\/medium\/public\/g2_archive\/CPTnet\/child-labor.jpg?itok=3rf-VRp6\" alt=\"Child Labour\" width=\"600\" height=\"400\" style=\"border:1px solid #cccccc;margin:0px;padding:2px;outline:0px;font-style:inherit;font-family:inherit;vertical-align:baseline\" class=\"mceItem\"><\/p>\n<p>Las peores<br \/>\nformas de trabajo infantil incluyen las nuevas formas de esclavitud, el tr\u00e1fico<br \/>\nde personas, la prostituci\u00f3n, trabajos con graves consecuencias para su salud<br \/>\nf\u00edsica y mental y el ser forzados a participar en los conflictos armados. Las<br \/>\ncausas del trabajo infantil las encontramos no s\u00f3lo en las guerras, los<br \/>\ndesastres naturales y los reg\u00edmenes opresivos, sino tambi\u00e9n en la falta de<br \/>\njusticia social, acceso a la educaci\u00f3n, a un sistema de salud digno y en la<br \/>\nfalta de apoyo de la comunidad.<\/p>\n<p style=\"margin:0px 0px 1.5em;padding:0px;border:0px;outline:0px;font-size:14px;font-family:'Gill Sans Regular', Cabin, 'Trebuchet MS', Calibri, sans-serif;vertical-align:baseline;color:#444444\"><img decoding=\"async\" src=\"https:\/\/cpt-org.cftvgy.org\/sites\/default\/files\/styles\/medium\/public\/g2_archive\/CPTnet\/child%20labour%20good%20pic.png?itok=g_hq0imT\" alt=\"Types of child labour\" width=\"600\" height=\"424\" style=\"border:1px solid #cccccc;margin:0px;padding:2px;outline:0px;font-style:inherit;font-family:inherit;vertical-align:baseline\" class=\"mceItem\"><\/p>\n<p style=\"margin:0px 0px 1.5em;padding:0px;border:0px;outline:0px;font-size:14px;font-family:'Gill Sans Regular', Cabin, 'Trebuchet MS', Calibri, sans-serif;vertical-align:baseline;color:#444444\"><img decoding=\"async\" src=\"https:\/\/cpt-org.cftvgy.org\/sites\/default\/files\/styles\/medium\/public\/g2_archive\/CPTnet\/child-labor-dangers.jpg?itok=abP1sWhX\" alt=\"Child Labour Dangers\" width=\"600\" height=\"342\" style=\"border:1px solid #cccccc;margin:0px;padding:2px;outline:0px;font-style:inherit;font-family:inherit;vertical-align:baseline\" class=\"mceItem\"><\/p>\n<p>Oremos por<br \/>\nlos ni\u00f1os y ni\u00f1as, especialmente por aquellos que se encuentran en alto riesgo<br \/>\no expuestos a tener que trabajar, a la violencia y a la explotaci\u00f3n. Oremos<br \/>\npor todos los ni\u00f1os y ni\u00f1as alrededor del mundo para que puedan disfrutar de su<br \/>\nni\u00f1ez, desarrollar su personalidad, tener un adecuado y seguro acceso a<br \/>\neducaci\u00f3n, salud, hogar y apoyo. Oremos por todos aquellos que trabajan<br \/>\nfuertemente para hacer de este mundo un lugar mejor para los ni\u00f1os y ni\u00f1as.<br \/>\nOremos y recapacitemos en lo que cada uno de nosotros y nosotras podemos hacer<br \/>\npara que los ni\u00f1os y ni\u00f1as tengan un futuro m\u00e1s justo, m\u00e1s divertido y m\u00e1s<br \/>\namoroso al interior de sus comunidades.<strong>\u00a0<\/strong><\/p>\n<p><strong>Mateo 18: 1-6<\/strong><\/p>\n<p>En aquel tiempo los disc\u00edpulos se acercaron a Jes\u00fas y le<br \/>\npreguntaron: \u2014\u00bfQui\u00e9n es el mayor en el reino de los cielos? Llamando Jes\u00fas a un ni\u00f1o, lo puso en medio de ellos<strong><sup>\u00a0<\/sup><\/strong>y dijo: \u2014De cierto os digo que si no os volv\u00e9is y os hac\u00e9is como<br \/>\nni\u00f1os, no entrar\u00e9is en el reino de los cielos.\u00a0<strong><sup>\u00a0<\/sup><\/strong>As\u00ed que cualquiera que se<br \/>\nhumille como este ni\u00f1o, \u00e9se es el mayor en el reino de los cielos.\u00a0<strong><sup>\u00a0<\/sup><\/strong>Y<br \/>\ncualquiera que reciba en mi nombre a un ni\u00f1o como \u00e9ste, a m\u00ed me recibe. A cualquiera que haga tropezar a alguno de estos peque\u00f1os que<br \/>\ncreen en m\u00ed, mejor le fuera que se le colgara al cuello una piedra de molino de<br \/>\nasno y que se le hundiera en lo profundo del mar.<\/p>\n<\/div>\n<div>\n<div>Categories<\/div>\n<div>\n<div><a href=\"\/taxonomy\/term\/1392\">Africa<\/a><\/div>\n<div><a href=\"\/taxonomy\/term\/1396\">Borderlands<\/a><\/div>\n<div><a href=\"\/taxonomy\/term\/1399\">Colombia<\/a><\/div>\n<div><a href=\"\/taxonomy\/term\/1403\">Haiti<\/a><\/div>\n<div><a href=\"\/taxonomy\/term\/1408\">Kurdistan<\/a><\/div>\n<div><a href=\"\/taxonomy\/term\/1409\">Mexico<\/a><\/div>\n<div><a href=\"\/taxonomy\/term\/1414\">Pakistan<\/a><\/div>\n<div><a href=\"\/taxonomy\/term\/1415\">Palestine<\/a><\/div>\n<div><a href=\"\/taxonomy\/term\/1421\">Philippines<\/a><\/div>\n<div><a href=\"\/taxonomy\/term\/1422\">Prayers<\/a><\/div>\n<\/div>\n<\/div>\n<\/div>\n<\/article>\n<\/div>\n<\/div>\n<\/div>\n<\/div>\n<p>\n            <\/p>\n<\/div>\n<p><\/p>\n<\/div>\n","protected":false},"excerpt":{"rendered":"<p>Oraciones por la paz. Junio 15, 2017 \u00a0El 12 de junio de cada a\u00f1o, el mundo conmemora el D\u00eda Mundial contra el Trabajo Infantil. El objetivo central de este d\u00eda es crear conciencia y llamar la atenci\u00f3n sobre los esfuerzos que se deben hacer para prevenir el trabajo infantil. De acuerdo con la informaci\u00f3n recolectada [&hellip;]<\/p>\n","protected":false},"author":3,"featured_media":0,"comment_status":"closed","ping_status":"closed","sticky":false,"template":"","format":"standard","meta":{"footnotes":""},"categories":[71,29,12,101,57,34,91,20,99,16],"tags":[],"class_list":["post-10449","post","type-post","status-publish","format-standard","hentry","category-africa","category-borderlands","category-colombia","category-haiti","category-kurdistan","category-mexico","category-pakistan","category-palestine","category-philippines","category-prayers"],"yoast_head":"<!-- This site is optimized with the Yoast SEO Premium plugin v27.4 (Yoast SEO v27.4) - https:\/\/yoast.com\/product\/yoast-seo-premium-wordpress\/ -->\n<title>Oraciones por la paz. Junio 15, 2017 | Christian Peacemaker Teams<\/title>\n<meta name=\"description\" content=\"Oraciones por la paz. Junio 15, 2017\" \/>\n<meta name=\"robots\" content=\"index, follow, max-snippet:-1, max-image-preview:large, max-video-preview:-1\" \/>\n<link rel=\"canonical\" href=\"https:\/\/cpt.org\/es\/2017\/06\/15\/oraciones-por-la-paz-junio-15-2017\" \/>\n<meta property=\"og:locale\" content=\"es_ES\" \/>\n<meta property=\"og:type\" content=\"article\" \/>\n<meta property=\"og:title\" content=\"Oraciones por la paz. Junio 15, 2017\" \/>\n<meta property=\"og:description\" content=\"Community Peacemaker Teams builds partnerships to transform violence and oppression. Over 35 years of action for peace and justice.\" \/>\n<meta property=\"og:url\" content=\"https:\/\/cpt.org\/es\/2017\/06\/15\/oraciones-por-la-paz-junio-15-2017\" \/>\n<meta property=\"og:site_name\" content=\"Equipos y Comunidades de Acci\u00f3n por la Paz\" \/>\n<meta property=\"article:publisher\" content=\"https:\/\/www.facebook.com\/cpters\" \/>\n<meta property=\"article:published_time\" content=\"2017-06-15T16:00:00+00:00\" \/>\n<meta property=\"article:modified_time\" content=\"2020-12-29T22:10:32+00:00\" \/>\n<meta property=\"og:image\" content=\"https:\/\/cpt-org.cftvgy.org\/sites\/default\/files\/styles\/medium\/public\/g2_archive\/CPTnet\/child-labor.jpg?itok=3rf-VRp6\" \/>\n<meta name=\"author\" content=\"demo\" \/>\n<meta name=\"twitter:card\" content=\"summary_large_image\" \/>\n<meta name=\"twitter:title\" content=\"Oraciones por la paz. Junio 15, 2017 | Christian Peacemaker Teams\" \/>\n<meta name=\"twitter:description\" content=\"Oraciones por la paz. Junio 15, 2017\" \/>\n<meta name=\"twitter:creator\" content=\"@cpt_intl\" \/>\n<meta name=\"twitter:site\" content=\"@cpt_intl\" \/>\n<meta name=\"twitter:label1\" content=\"Escrito por\" \/>\n\t<meta name=\"twitter:data1\" content=\"demo\" \/>\n\t<meta name=\"twitter:label2\" content=\"Tiempo de lectura\" \/>\n\t<meta name=\"twitter:data2\" content=\"2 minutos\" \/>\n<script type=\"application\/ld+json\" class=\"yoast-schema-graph\">{\"@context\":\"https:\\\/\\\/schema.org\",\"@graph\":[{\"@type\":\"Article\",\"@id\":\"https:\\\/\\\/cpt.org\\\/es\\\/2017\\\/06\\\/15\\\/oraciones-por-la-paz-junio-15-2017#article\",\"isPartOf\":{\"@id\":\"https:\\\/\\\/cpt.org\\\/es\\\/2017\\\/06\\\/15\\\/oraciones-por-la-paz-junio-15-2017\"},\"author\":{\"name\":\"demo\",\"@id\":\"https:\\\/\\\/cpt.org\\\/es#\\\/schema\\\/person\\\/1187ed3b9ce9cbbb08dbb3a90bb6e8f6\"},\"headline\":\"Oraciones por la paz. Junio 15, 2017\",\"datePublished\":\"2017-06-15T16:00:00+00:00\",\"dateModified\":\"2020-12-29T22:10:32+00:00\",\"mainEntityOfPage\":{\"@id\":\"https:\\\/\\\/cpt.org\\\/es\\\/2017\\\/06\\\/15\\\/oraciones-por-la-paz-junio-15-2017\"},\"wordCount\":488,\"publisher\":{\"@id\":\"https:\\\/\\\/cpt.org\\\/es#organization\"},\"image\":{\"@id\":\"https:\\\/\\\/cpt.org\\\/es\\\/2017\\\/06\\\/15\\\/oraciones-por-la-paz-junio-15-2017#primaryimage\"},\"thumbnailUrl\":\"https:\\\/\\\/cpt-org.cftvgy.org\\\/sites\\\/default\\\/files\\\/styles\\\/medium\\\/public\\\/g2_archive\\\/CPTnet\\\/child-labor.jpg?itok=3rf-VRp6\",\"articleSection\":[\"Africa\",\"Borderlands\",\"Colombia\",\"Haiti\",\"Kurdistan\",\"Mexico\",\"Pakistan\",\"Palestine\",\"Philippines\",\"Prayers\"],\"inLanguage\":\"es\"},{\"@type\":\"WebPage\",\"@id\":\"https:\\\/\\\/cpt.org\\\/es\\\/2017\\\/06\\\/15\\\/oraciones-por-la-paz-junio-15-2017\",\"url\":\"https:\\\/\\\/cpt.org\\\/es\\\/2017\\\/06\\\/15\\\/oraciones-por-la-paz-junio-15-2017\",\"name\":\"Oraciones por la paz. Junio 15, 2017 | Christian Peacemaker Teams\",\"isPartOf\":{\"@id\":\"https:\\\/\\\/cpt.org\\\/es#website\"},\"primaryImageOfPage\":{\"@id\":\"https:\\\/\\\/cpt.org\\\/es\\\/2017\\\/06\\\/15\\\/oraciones-por-la-paz-junio-15-2017#primaryimage\"},\"image\":{\"@id\":\"https:\\\/\\\/cpt.org\\\/es\\\/2017\\\/06\\\/15\\\/oraciones-por-la-paz-junio-15-2017#primaryimage\"},\"thumbnailUrl\":\"https:\\\/\\\/cpt-org.cftvgy.org\\\/sites\\\/default\\\/files\\\/styles\\\/medium\\\/public\\\/g2_archive\\\/CPTnet\\\/child-labor.jpg?itok=3rf-VRp6\",\"datePublished\":\"2017-06-15T16:00:00+00:00\",\"dateModified\":\"2020-12-29T22:10:32+00:00\",\"description\":\"Oraciones por la paz. Junio 15, 2017\",\"breadcrumb\":{\"@id\":\"https:\\\/\\\/cpt.org\\\/es\\\/2017\\\/06\\\/15\\\/oraciones-por-la-paz-junio-15-2017#breadcrumb\"},\"inLanguage\":\"es\",\"potentialAction\":[{\"@type\":\"ReadAction\",\"target\":[\"https:\\\/\\\/cpt.org\\\/es\\\/2017\\\/06\\\/15\\\/oraciones-por-la-paz-junio-15-2017\"]}]},{\"@type\":\"ImageObject\",\"inLanguage\":\"es\",\"@id\":\"https:\\\/\\\/cpt.org\\\/es\\\/2017\\\/06\\\/15\\\/oraciones-por-la-paz-junio-15-2017#primaryimage\",\"url\":\"https:\\\/\\\/cpt-org.cftvgy.org\\\/sites\\\/default\\\/files\\\/styles\\\/medium\\\/public\\\/g2_archive\\\/CPTnet\\\/child-labor.jpg?itok=3rf-VRp6\",\"contentUrl\":\"https:\\\/\\\/cpt-org.cftvgy.org\\\/sites\\\/default\\\/files\\\/styles\\\/medium\\\/public\\\/g2_archive\\\/CPTnet\\\/child-labor.jpg?itok=3rf-VRp6\"},{\"@type\":\"BreadcrumbList\",\"@id\":\"https:\\\/\\\/cpt.org\\\/es\\\/2017\\\/06\\\/15\\\/oraciones-por-la-paz-junio-15-2017#breadcrumb\",\"itemListElement\":[{\"@type\":\"ListItem\",\"position\":1,\"name\":\"Home\",\"item\":\"https:\\\/\\\/cpt.org\\\/es\"},{\"@type\":\"ListItem\",\"position\":2,\"name\":\"Oraciones por la paz. Junio 15, 2017\"}]},{\"@type\":\"WebSite\",\"@id\":\"https:\\\/\\\/cpt.org\\\/es#website\",\"url\":\"https:\\\/\\\/cpt.org\\\/es\",\"name\":\"Equipos y Comunidades de Acci\u00f3n por la Paz\",\"description\":\"Building partnerships to transform violence and oppression\",\"publisher\":{\"@id\":\"https:\\\/\\\/cpt.org\\\/es#organization\"},\"potentialAction\":[{\"@type\":\"SearchAction\",\"target\":{\"@type\":\"EntryPoint\",\"urlTemplate\":\"https:\\\/\\\/cpt.org\\\/es?s={search_term_string}\"},\"query-input\":{\"@type\":\"PropertyValueSpecification\",\"valueRequired\":true,\"valueName\":\"search_term_string\"}}],\"inLanguage\":\"es\"},{\"@type\":\"Organization\",\"@id\":\"https:\\\/\\\/cpt.org\\\/es#organization\",\"name\":\"Equipos y Comunidades de Acci\u00f3n por la Paz\",\"url\":\"https:\\\/\\\/cpt.org\\\/es\",\"logo\":{\"@type\":\"ImageObject\",\"inLanguage\":\"es\",\"@id\":\"https:\\\/\\\/cpt.org\\\/es#\\\/schema\\\/logo\\\/image\\\/\",\"url\":\"https:\\\/\\\/cpt.org\\\/wp-content\\\/uploads\\\/logoCPT-red-2.png\",\"contentUrl\":\"https:\\\/\\\/cpt.org\\\/wp-content\\\/uploads\\\/logoCPT-red-2.png\",\"width\":1730,\"height\":840,\"caption\":\"Equipos y Comunidades de Acci\u00f3n por la Paz\"},\"image\":{\"@id\":\"https:\\\/\\\/cpt.org\\\/es#\\\/schema\\\/logo\\\/image\\\/\"},\"sameAs\":[\"https:\\\/\\\/www.facebook.com\\\/cpters\",\"https:\\\/\\\/x.com\\\/cpt_intl\",\"https:\\\/\\\/www.instagram.com\\\/cpteams\\\/\",\"https:\\\/\\\/www.youtube.com\\\/user\\\/cptvideos\"]},{\"@type\":\"Person\",\"@id\":\"https:\\\/\\\/cpt.org\\\/es#\\\/schema\\\/person\\\/1187ed3b9ce9cbbb08dbb3a90bb6e8f6\",\"name\":\"demo\",\"image\":{\"@type\":\"ImageObject\",\"inLanguage\":\"es\",\"@id\":\"https:\\\/\\\/secure.gravatar.com\\\/avatar\\\/bf8c7166601a64c6c57b67ffbeab8f8c6a378cca786da9a326c1a34a2ec6f860?s=96&r=g\",\"url\":\"https:\\\/\\\/secure.gravatar.com\\\/avatar\\\/bf8c7166601a64c6c57b67ffbeab8f8c6a378cca786da9a326c1a34a2ec6f860?s=96&r=g\",\"contentUrl\":\"https:\\\/\\\/secure.gravatar.com\\\/avatar\\\/bf8c7166601a64c6c57b67ffbeab8f8c6a378cca786da9a326c1a34a2ec6f860?s=96&r=g\",\"caption\":\"demo\"},\"url\":\"https:\\\/\\\/cpt.org\\\/es\\\/author\\\/demo\"}]}<\/script>\n<!-- \/ Yoast SEO Premium plugin. -->","yoast_head_json":{"title":"Oraciones por la paz. Junio 15, 2017 | Christian Peacemaker Teams","description":"Oraciones por la paz. Junio 15, 2017","robots":{"index":"index","follow":"follow","max-snippet":"max-snippet:-1","max-image-preview":"max-image-preview:large","max-video-preview":"max-video-preview:-1"},"canonical":"https:\/\/cpt.org\/es\/2017\/06\/15\/oraciones-por-la-paz-junio-15-2017","og_locale":"es_ES","og_type":"article","og_title":"Oraciones por la paz. Junio 15, 2017","og_description":"Community Peacemaker Teams builds partnerships to transform violence and oppression. Over 35 years of action for peace and justice.","og_url":"https:\/\/cpt.org\/es\/2017\/06\/15\/oraciones-por-la-paz-junio-15-2017","og_site_name":"Equipos y Comunidades de Acci\u00f3n por la Paz","article_publisher":"https:\/\/www.facebook.com\/cpters","article_published_time":"2017-06-15T16:00:00+00:00","article_modified_time":"2020-12-29T22:10:32+00:00","og_image":[{"url":"https:\/\/cpt-org.cftvgy.org\/sites\/default\/files\/styles\/medium\/public\/g2_archive\/CPTnet\/child-labor.jpg?itok=3rf-VRp6","type":"","width":"","height":""}],"author":"demo","twitter_card":"summary_large_image","twitter_title":"Oraciones por la paz. Junio 15, 2017 | Christian Peacemaker Teams","twitter_description":"Oraciones por la paz. Junio 15, 2017","twitter_creator":"@cpt_intl","twitter_site":"@cpt_intl","twitter_misc":{"Escrito por":"demo","Tiempo de lectura":"2 minutos"},"schema":{"@context":"https:\/\/schema.org","@graph":[{"@type":"Article","@id":"https:\/\/cpt.org\/es\/2017\/06\/15\/oraciones-por-la-paz-junio-15-2017#article","isPartOf":{"@id":"https:\/\/cpt.org\/es\/2017\/06\/15\/oraciones-por-la-paz-junio-15-2017"},"author":{"name":"demo","@id":"https:\/\/cpt.org\/es#\/schema\/person\/1187ed3b9ce9cbbb08dbb3a90bb6e8f6"},"headline":"Oraciones por la paz. Junio 15, 2017","datePublished":"2017-06-15T16:00:00+00:00","dateModified":"2020-12-29T22:10:32+00:00","mainEntityOfPage":{"@id":"https:\/\/cpt.org\/es\/2017\/06\/15\/oraciones-por-la-paz-junio-15-2017"},"wordCount":488,"publisher":{"@id":"https:\/\/cpt.org\/es#organization"},"image":{"@id":"https:\/\/cpt.org\/es\/2017\/06\/15\/oraciones-por-la-paz-junio-15-2017#primaryimage"},"thumbnailUrl":"https:\/\/cpt-org.cftvgy.org\/sites\/default\/files\/styles\/medium\/public\/g2_archive\/CPTnet\/child-labor.jpg?itok=3rf-VRp6","articleSection":["Africa","Borderlands","Colombia","Haiti","Kurdistan","Mexico","Pakistan","Palestine","Philippines","Prayers"],"inLanguage":"es"},{"@type":"WebPage","@id":"https:\/\/cpt.org\/es\/2017\/06\/15\/oraciones-por-la-paz-junio-15-2017","url":"https:\/\/cpt.org\/es\/2017\/06\/15\/oraciones-por-la-paz-junio-15-2017","name":"Oraciones por la paz. Junio 15, 2017 | Christian Peacemaker Teams","isPartOf":{"@id":"https:\/\/cpt.org\/es#website"},"primaryImageOfPage":{"@id":"https:\/\/cpt.org\/es\/2017\/06\/15\/oraciones-por-la-paz-junio-15-2017#primaryimage"},"image":{"@id":"https:\/\/cpt.org\/es\/2017\/06\/15\/oraciones-por-la-paz-junio-15-2017#primaryimage"},"thumbnailUrl":"https:\/\/cpt-org.cftvgy.org\/sites\/default\/files\/styles\/medium\/public\/g2_archive\/CPTnet\/child-labor.jpg?itok=3rf-VRp6","datePublished":"2017-06-15T16:00:00+00:00","dateModified":"2020-12-29T22:10:32+00:00","description":"Oraciones por la paz. Junio 15, 2017","breadcrumb":{"@id":"https:\/\/cpt.org\/es\/2017\/06\/15\/oraciones-por-la-paz-junio-15-2017#breadcrumb"},"inLanguage":"es","potentialAction":[{"@type":"ReadAction","target":["https:\/\/cpt.org\/es\/2017\/06\/15\/oraciones-por-la-paz-junio-15-2017"]}]},{"@type":"ImageObject","inLanguage":"es","@id":"https:\/\/cpt.org\/es\/2017\/06\/15\/oraciones-por-la-paz-junio-15-2017#primaryimage","url":"https:\/\/cpt-org.cftvgy.org\/sites\/default\/files\/styles\/medium\/public\/g2_archive\/CPTnet\/child-labor.jpg?itok=3rf-VRp6","contentUrl":"https:\/\/cpt-org.cftvgy.org\/sites\/default\/files\/styles\/medium\/public\/g2_archive\/CPTnet\/child-labor.jpg?itok=3rf-VRp6"},{"@type":"BreadcrumbList","@id":"https:\/\/cpt.org\/es\/2017\/06\/15\/oraciones-por-la-paz-junio-15-2017#breadcrumb","itemListElement":[{"@type":"ListItem","position":1,"name":"Home","item":"https:\/\/cpt.org\/es"},{"@type":"ListItem","position":2,"name":"Oraciones por la paz. Junio 15, 2017"}]},{"@type":"WebSite","@id":"https:\/\/cpt.org\/es#website","url":"https:\/\/cpt.org\/es","name":"Equipos y Comunidades de Acci\u00f3n por la Paz","description":"Building partnerships to transform violence and oppression","publisher":{"@id":"https:\/\/cpt.org\/es#organization"},"potentialAction":[{"@type":"SearchAction","target":{"@type":"EntryPoint","urlTemplate":"https:\/\/cpt.org\/es?s={search_term_string}"},"query-input":{"@type":"PropertyValueSpecification","valueRequired":true,"valueName":"search_term_string"}}],"inLanguage":"es"},{"@type":"Organization","@id":"https:\/\/cpt.org\/es#organization","name":"Equipos y Comunidades de Acci\u00f3n por la Paz","url":"https:\/\/cpt.org\/es","logo":{"@type":"ImageObject","inLanguage":"es","@id":"https:\/\/cpt.org\/es#\/schema\/logo\/image\/","url":"https:\/\/cpt.org\/wp-content\/uploads\/logoCPT-red-2.png","contentUrl":"https:\/\/cpt.org\/wp-content\/uploads\/logoCPT-red-2.png","width":1730,"height":840,"caption":"Equipos y Comunidades de Acci\u00f3n por la Paz"},"image":{"@id":"https:\/\/cpt.org\/es#\/schema\/logo\/image\/"},"sameAs":["https:\/\/www.facebook.com\/cpters","https:\/\/x.com\/cpt_intl","https:\/\/www.instagram.com\/cpteams\/","https:\/\/www.youtube.com\/user\/cptvideos"]},{"@type":"Person","@id":"https:\/\/cpt.org\/es#\/schema\/person\/1187ed3b9ce9cbbb08dbb3a90bb6e8f6","name":"demo","image":{"@type":"ImageObject","inLanguage":"es","@id":"https:\/\/secure.gravatar.com\/avatar\/bf8c7166601a64c6c57b67ffbeab8f8c6a378cca786da9a326c1a34a2ec6f860?s=96&r=g","url":"https:\/\/secure.gravatar.com\/avatar\/bf8c7166601a64c6c57b67ffbeab8f8c6a378cca786da9a326c1a34a2ec6f860?s=96&r=g","contentUrl":"https:\/\/secure.gravatar.com\/avatar\/bf8c7166601a64c6c57b67ffbeab8f8c6a378cca786da9a326c1a34a2ec6f860?s=96&r=g","caption":"demo"},"url":"https:\/\/cpt.org\/es\/author\/demo"}]}},"_links":{"self":[{"href":"https:\/\/cpt.org\/es\/wp-json\/wp\/v2\/posts\/10449","targetHints":{"allow":["GET"]}}],"collection":[{"href":"https:\/\/cpt.org\/es\/wp-json\/wp\/v2\/posts"}],"about":[{"href":"https:\/\/cpt.org\/es\/wp-json\/wp\/v2\/types\/post"}],"author":[{"embeddable":true,"href":"https:\/\/cpt.org\/es\/wp-json\/wp\/v2\/users\/3"}],"replies":[{"embeddable":true,"href":"https:\/\/cpt.org\/es\/wp-json\/wp\/v2\/comments?post=10449"}],"version-history":[{"count":1,"href":"https:\/\/cpt.org\/es\/wp-json\/wp\/v2\/posts\/10449\/revisions"}],"predecessor-version":[{"id":17863,"href":"https:\/\/cpt.org\/es\/wp-json\/wp\/v2\/posts\/10449\/revisions\/17863"}],"wp:attachment":[{"href":"https:\/\/cpt.org\/es\/wp-json\/wp\/v2\/media?parent=10449"}],"wp:term":[{"taxonomy":"category","embeddable":true,"href":"https:\/\/cpt.org\/es\/wp-json\/wp\/v2\/categories?post=10449"},{"taxonomy":"post_tag","embeddable":true,"href":"https:\/\/cpt.org\/es\/wp-json\/wp\/v2\/tags?post=10449"}],"curies":[{"name":"wp","href":"https:\/\/api.w.org\/{rel}","templated":true}]}}