{"id":23050,"date":"2020-12-28T09:35:50","date_gmt":"2020-12-28T15:35:50","guid":{"rendered":"https:\/\/cpt.org\/2022\/01\/08\/caminar-con-humildad-consolidando-los-derechos-indigenas-por-distintos-caminos"},"modified":"2022-01-11T17:32:26","modified_gmt":"2022-01-11T23:32:26","slug":"caminar-con-humildad-consolidando-los-derechos-indigenas-por-distintos-caminos","status":"publish","type":"post","link":"https:\/\/cpt.org\/es\/2020\/12\/28\/caminar-con-humildad-consolidando-los-derechos-indigenas-por-distintos-caminos","title":{"rendered":"Caminar con Humildad \u2013 Consolidando los Derechos Ind\u00edgenas por Distintos Caminos"},"content":{"rendered":"\n<p>Durante los \u00faltimos cinco a\u00f1os, los Equipos Cristianos de Acci\u00f3n por la Paz y la Iglesia Menonita de Canad\u00e1, trabajaron incansablemente junto a socies ind\u00edgenas y ecum\u00e9nicos para apoyar la legislaci\u00f3n federal que implementar\u00e1 la Declaraci\u00f3n de las Naciones Unidas sobre los Derechos de los Pueblos Ind\u00edgenas. Este mes, finalmente, el Gobierno canadiense program\u00f3 la discusi\u00f3n del Proyecto de Ley C-15: un acto de respeto a la Declaraci\u00f3n de la ONU.<\/p>\n\n<p>La Declaraci\u00f3n es un instrumento internacional consensuado de derechos humanos, fue elaborada por ind\u00edgenas y representantes de los Estados-Naci\u00f3n durante 25 a\u00f1os. La Declaraci\u00f3n afirma los derechos inherentes de los pueblos ind\u00edgenas, derechos que \u201cconstituyen las normas m\u00ednimas para la supervivencia, la dignidad y el bienestar de los pueblos ind\u00edgenas del mundo.\u201d (Art\u00edculo 43)<\/p>\n\n<p>Desde el 2007 y la adopci\u00f3n de la Declaraci\u00f3n por parte de la Asamblea General de la ONU, organizaciones ind\u00edgenas canadienses como la Uni\u00f3n de Gobernadores Ind\u00edgenas de BC, les Haudenosaunee de Kanehsata:ke, y la Asamblea de Primeras Naciones, hab\u00edan invitado al Gobierno canadiense a crear un plan nacional de implementaci\u00f3n de la Declaraci\u00f3n, con la inclusi\u00f3n de un margo legislativo. La Relator\u00eda Especial de la ONU para los Derechos de los Pueblos Ind\u00edgenas hizo eco a esta invitaci\u00f3n, junto con el Comit\u00e9 para la Eliminaci\u00f3n de la Discriminaci\u00f3n Racial. M\u00e1s tarde, en el 2015, la Comisi\u00f3n para la Verdad y la Reconciliaci\u00f3n de Canad\u00e1, una Comisi\u00f3n creada por les sobrevivientes de las Escuelas Residenciales Ind\u00edgenas, amplific\u00f3 este llamado al 1) nombrar la Declaraci\u00f3n como el primer paso en el camino a la reconciliaci\u00f3n y 2) invitar al Gobierno Federal a \u201cadoptar completamente e implementar la Declaraci\u00f3n de las Naciones Unidas sobre los Derechos de los Pueblos Ind\u00edgenas como el marco para la reconciliaci\u00f3n<\/p>\n\n<blockquote class=\"wp-block-quote is-layout-flow wp-block-quote-is-layout-flow\"><p>[\u2026 y] desarrollar un plan nacional de acci\u00f3n, estrategias y otras medidas concretas para alcanzar los objetivos de la Declaraci\u00f3n de la ONU.\u201d (Llamados de Acci\u00f3n #43 y #44)<\/p><\/blockquote>\n\n<p>En aquella \u00e9poca, el Gobierno canadiense, bajo el liderazgo del Partido Conservador, no se mostr\u00f3 interesado en responder a ese llamado. El Gobierno conservador hab\u00eda firmado la Declaraci\u00f3n a rega\u00f1adientes en el 2010, siguiendo los pasos de Australia y Nueva Zelanda, y adelant\u00e1ndose por poco a los Estados Unidos, el \u00faltimo pa\u00eds del mundo en apoyar la Declaraci\u00f3n. El apoyo de Canad\u00e1, al igual que el de los otros tres estados coloniales, aclar\u00f3 que la Declaraci\u00f3n era un instrumento no vinculante que carec\u00eda de efectos legales.<\/p>\n\n<p>En noviembre del 2015, el Partido Liberal lleg\u00f3 al poder prometiendo relacionarse de manera distinta con los pueblos ind\u00edgenas. En mayo de 2016, el Ministro para los Asuntos Ind\u00edgenas y del Norte anunci\u00f3 al mundo que Canad\u00e1 comenzaba a apoyar la Declaraci\u00f3n de las Naciones Unidas \u201csin ninguna reserva\u201d. No obstante, apenas regres\u00f3 a su \u201chogar y tierra nativa\u201d, el Gobierno Federal declar\u00f3 \u201cinviable\u201d el Proyecto de Ley C-262, la legislaci\u00f3n sobre la Declaraci\u00f3n propuesto por Romeo Saganash, miembro Cree del Parlamento, y apoyada por organizaciones ind\u00edgenas, sindicatos, iglesias, y otros grupos. \u00bfPor qu\u00e9?<\/p>\n\n<p>No estamos completamente seguros de la respuesta a esta pregunta. Tal vez el Partido Liberal gobernante, en el fondo, no se diferenciaba mucho de su contraparte conservadora. Listo para reafirmar los \u201cderechos suaves\u201d sobre la cultura y el lenguaje, pero ansioso sobre los \u201cderechos duros\u201d relacionados con la tierra y el consentimiento previo, libre e informado. Es f\u00e1cil comprender que si el consentimiento ind\u00edgena es efectivamente reconocido en la legislaci\u00f3n canadiense, no simplemente la consulta, esto afectar\u00e1 la econom\u00eda extractiva promovida por el mism\u00edsimo Estado. En general, los pueblos ind\u00edgenas est\u00e1n mucho m\u00e1s preocupados acerca de la sostenibilidad y las relaciones de reciprocidad con la tierra que la sociedad colonial.<\/p>\n\n<p>No obstante, 18 meses m\u00e1s tarde, el Gobierno canadiense dio una voltereta y anunci\u00f3 su apoyo al Proyecto C-262. \u00bfQu\u00e9 sucedi\u00f3? Nuestra conclusi\u00f3n es que el poder popular tuvo una victoria. Nuestro movimiento march\u00f3, escribi\u00f3 cartas, adelant\u00f3 huelgas de hambre, organiz\u00f3 protestas, y puso presi\u00f3n en miembros espec\u00edficos del Partido Liberal para que cambiaran su voto. Esta acci\u00f3n permanente y el apoyo de coaliciones populares forzaron a un Gobierno que ya estaba p\u00fablicamente comprometido con la reconciliaci\u00f3n a apoyar la legislaci\u00f3n sobre la Declaraci\u00f3n. Fue un gran logro, pocas personas creyeron que pod\u00edamos alcanzarlo, pero a trav\u00e9s de la organizaci\u00f3n estrat\u00e9gica y la obtenci\u00f3n de la simpat\u00eda de la opini\u00f3n p\u00fablica, forzamos al Gobierno canadiense a decir \u201cs\u00ed\u201d.<\/p>\n\n<p>Con el apoyo del Gobierno, 262 votos atravesaron los pasillos del poder y llegaron a la l\u00ednea final, pero justo al cierre del a\u00f1o legislativo no lleg\u00f3 a entrar en vigor debido a las t\u00e1cticas de bloqueo ejercidas por la oposici\u00f3n conservadora. Coincidentemente, el d\u00eda era el 21 de junio de 2018, D\u00eda Nacional de los Pueblos Ind\u00edgenas.<\/p>\n\n<p>Mientras que el Parlamento entraba en el receso de verano, los Liberales prometieron reintroducir la legislaci\u00f3n del Gobierno para implementar la Declaraci\u00f3n si ellos eran reelegidos en el oto\u00f1o. Debemos reconocer que fueron fieles a su promesa, programando el Proyecto de <a href=\"https:\/\/parl.ca\/Content\/Bills\/432\/Government\/C-15\/C-15_1\/C-15_1.PDF\">Ley C-15<\/a> para diciembre de 2020. Aun as\u00ed, todos sabemos que el camino para llegar al respeto genuino por los derechos ind\u00edgenas es dif\u00edcil y est\u00e1 lejos de llegar a su fin. Mientras que el Proyecto C-15 transita en la C\u00e1mara y el Senado, surgen varias preguntas. \u00bfLograr\u00e1 el Proyecto C-15 su aprobaci\u00f3n antes de unas potenciales elecciones en la primavera? \u00bfSi C-15 se convierte en ley, tendr\u00e1 Canad\u00e1 un marco legal que reconozca genuinamente los est\u00e1ndares internacionales de la Declaraci\u00f3n para \u201cla supervivencia, la dignidad y el bienestar de los pueblos ind\u00edgenas\u201d? \u00bfY, m\u00e1s importante a\u00fan, respetar\u00e1 la Corona dichos est\u00e1ndares, teniendo en cuenta que incluso hoy en d\u00eda tiene problemas para respetar las leyes existentes y las sentencias de la Corte Suprema que reconocen varios derechos ind\u00edgenas?<\/p>\n\n<p>Muches colegas ind\u00edgenas son profundamente esc\u00e9pticos, comprensiblemente, creen que el Gobierno \u201char\u00e1 como siempre ha hecho.\u201d Y algunes, un movimiento creciente que incluye respetades l\u00edderes ind\u00edgenas, no quieren que C-15 se convierta en ley porque est\u00e1n seguros de que est\u00e1 legislaci\u00f3n <a href=\"https:\/\/idlenomore.ca\/indigenous-networks-and-land-defenders-call-to-reject-bill-c-15\/\">domesticar\u00eda los derechos ind\u00edgenas para el status quo canadiense<\/a>. Por ejemplo, un buen amigo ind\u00edgena interpreta la actual <a href=\"https:\/\/indigenousfoundations.arts.ubc.ca\/constitution_act_1982_section_35\/\">Secci\u00f3n 35<\/a> como \u201cun caballo de Troya [&#8230;] que acabar\u00eda con nuestros derechos!\u201d Al mismo tiempo, otros socies ind\u00edgenas y organizaciones est\u00e1n esperanzados, y ven el Proyecto C-35 como un paso significativo para reparar las relaciones. \u201cEs un buen d\u00eda!\u201d Dijo el Gran Jefe Cree Willie Littlechild la ma\u00f1ana que el gobierno anunci\u00f3 la discusi\u00f3n del Proyecto de Ley C-15. \u201cAhora estamos encaminados en una verdadera ruta de reconciliaci\u00f3n, sanaci\u00f3n, paz y justicia.\u201d<\/p>\n\n<p>Los caminos de la justicia son largos. Los pueblos ind\u00edgenas lo saben muy bien, mucho mejor que les colones de clase media como yo. No obstante seguimos presionando, dando pasos hac\u00eda la libertad, pasos hac\u00eda el florecimiento y la autodeterminaci\u00f3n ind\u00edgena, pasos hac\u00eda la decolonizaci\u00f3n de Canad\u00e1. C\u00f3mo dar esos pasos es un asunto que no siempre es claro para las personas de buena voluntad y coraz\u00f3n. Lo que parece un signo de esperanza para m\u00ed es visto como una trampa por un amigo ind\u00edgena de confianza. \u201cT\u00fa ves una cobija de estrellas [en la promesa del Proyecto C-35], yo veo una cobija contaminada de viruela\u201d, comparte \u00e9l con quienes siguen su cuenta en Twitter. Y as\u00ed caminamos por diferentes caminos, incluso opuestos, en este momento. Esta es una realidad dif\u00edcil de asimilar, pero la verdad es que los caminos hac\u00eda la libertad, la justicia y la paz son pol\u00e9micos, no todos los vemos de la misma forma. As\u00ed que permanecemos <a href=\"https:\/\/www.commonword.ca\/ResourceView\/82\/23711\">escuch\u00e1ndonos las unas a los otros y a las muchas que nos rodean<\/a>, mientras debatimos cu\u00e1l es el siguiente paso. Todes oramos, cada cual a su manera particular y con un efecto diferente. \u201cEn tu luz veremos la luz\u201d (Salmo 36:9), Creador danos coraje, y sobre todo, humildad.<\/p>\n\n<hr class=\"wp-block-separator\"\/>\n\n<p class=\"has-small-font-size\">Steve Heinrichs es el Vicepresidente de la Mesa Directiva de ECAP y el Director de Relaciones Colones-Ind\u00edgenas, Iglesia Menonita de Canad\u00e1<\/p>\n","protected":false},"excerpt":{"rendered":"<p>La Declaraci\u00f3n es un instrumento internacional consensuado de derechos humanos, fue elaborada por ind\u00edgenas y representantes de los Estados-Naci\u00f3n durante 25 a\u00f1os. La Declaraci\u00f3n afirma los derechos inherentes de los pueblos ind\u00edgenas, derechos que \u201cconstituyen las normas m\u00ednimas para la supervivencia, la dignidad y el bienestar de los pueblos ind\u00edgenas del mundo.\u201d<\/p>\n","protected":false},"author":19,"featured_media":23048,"comment_status":"closed","ping_status":"closed","sticky":false,"template":"","format":"standard","meta":{"footnotes":""},"categories":[241],"tags":[],"class_list":["post-23050","post","type-post","status-publish","format-standard","has-post-thumbnail","hentry","category-red-de-solidaridad-de-la-isla-tortuga"],"yoast_head":"<!-- This site is optimized with the Yoast SEO Premium plugin v27.4 (Yoast SEO v27.4) - https:\/\/yoast.com\/product\/yoast-seo-premium-wordpress\/ -->\n<title>Caminar con Humildad \u2013 Consolidando los Derechos Ind\u00edgenas por Distintos Caminos<\/title>\n<meta name=\"description\" content=\"Equipos y Comunidades de Acci\u00f3n por la Paz construye alianzas para transformar la violencia y la opresi\u00f3n. M\u00e1s de 35 a\u00f1os de acci\u00f3n por la paz y la justicia.\" \/>\n<meta name=\"robots\" content=\"index, follow, max-snippet:-1, max-image-preview:large, max-video-preview:-1\" \/>\n<link rel=\"canonical\" href=\"https:\/\/cpt.org\/es\/2020\/12\/28\/caminar-con-humildad-consolidando-los-derechos-indigenas-por-distintos-caminos\" \/>\n<meta property=\"og:locale\" content=\"es_ES\" \/>\n<meta property=\"og:type\" content=\"article\" \/>\n<meta property=\"og:title\" content=\"Caminar con Humildad \u2013 Consolidando los Derechos Ind\u00edgenas por Distintos Caminos\" \/>\n<meta property=\"og:description\" content=\"Community Peacemaker Teams builds partnerships to transform violence and oppression. Over 35 years of action for peace and justice.\" \/>\n<meta property=\"og:url\" content=\"https:\/\/cpt.org\/es\/2020\/12\/28\/caminar-con-humildad-consolidando-los-derechos-indigenas-por-distintos-caminos\" \/>\n<meta property=\"og:site_name\" content=\"Equipos y Comunidades de Acci\u00f3n por la Paz\" \/>\n<meta property=\"article:publisher\" content=\"https:\/\/www.facebook.com\/cpters\" \/>\n<meta property=\"article:published_time\" content=\"2020-12-28T15:35:50+00:00\" \/>\n<meta property=\"article:modified_time\" content=\"2022-01-11T23:32:26+00:00\" \/>\n<meta property=\"og:image\" content=\"https:\/\/cpt.org\/wp-content\/uploads\/210105-tisn.jpg\" \/>\n\t<meta property=\"og:image:width\" content=\"800\" \/>\n\t<meta property=\"og:image:height\" content=\"533\" \/>\n\t<meta property=\"og:image:type\" content=\"image\/jpeg\" \/>\n<meta name=\"author\" content=\"Steve Heinrichs\" \/>\n<meta name=\"twitter:card\" content=\"summary_large_image\" \/>\n<meta name=\"twitter:creator\" content=\"@cpt_intl\" \/>\n<meta name=\"twitter:site\" content=\"@cpt_intl\" \/>\n<meta name=\"twitter:label1\" content=\"Escrito por\" \/>\n\t<meta name=\"twitter:data1\" content=\"Steve Heinrichs\" \/>\n\t<meta name=\"twitter:label2\" content=\"Tiempo de lectura\" \/>\n\t<meta name=\"twitter:data2\" content=\"7 minutos\" \/>\n<script type=\"application\/ld+json\" class=\"yoast-schema-graph\">{\"@context\":\"https:\\\/\\\/schema.org\",\"@graph\":[{\"@type\":\"Article\",\"@id\":\"https:\\\/\\\/cpt.org\\\/es\\\/2020\\\/12\\\/28\\\/caminar-con-humildad-consolidando-los-derechos-indigenas-por-distintos-caminos#article\",\"isPartOf\":{\"@id\":\"https:\\\/\\\/cpt.org\\\/es\\\/2020\\\/12\\\/28\\\/caminar-con-humildad-consolidando-los-derechos-indigenas-por-distintos-caminos\"},\"author\":{\"name\":\"Steve Heinrichs\",\"@id\":\"https:\\\/\\\/cpt.org\\\/es#\\\/schema\\\/person\\\/6b67ff232fffdc353f40f0b8f490476f\"},\"headline\":\"Caminar con Humildad \u2013 Consolidando los Derechos Ind\u00edgenas por Distintos Caminos\",\"datePublished\":\"2020-12-28T15:35:50+00:00\",\"dateModified\":\"2022-01-11T23:32:26+00:00\",\"mainEntityOfPage\":{\"@id\":\"https:\\\/\\\/cpt.org\\\/es\\\/2020\\\/12\\\/28\\\/caminar-con-humildad-consolidando-los-derechos-indigenas-por-distintos-caminos\"},\"wordCount\":1448,\"publisher\":{\"@id\":\"https:\\\/\\\/cpt.org\\\/es#organization\"},\"image\":{\"@id\":\"https:\\\/\\\/cpt.org\\\/es\\\/2020\\\/12\\\/28\\\/caminar-con-humildad-consolidando-los-derechos-indigenas-por-distintos-caminos#primaryimage\"},\"thumbnailUrl\":\"https:\\\/\\\/cpt.org\\\/wp-content\\\/uploads\\\/210105-tisn.jpg\",\"articleSection\":[\"Red de Solidaridad de la Isla Tortuga\"],\"inLanguage\":\"es\"},{\"@type\":\"WebPage\",\"@id\":\"https:\\\/\\\/cpt.org\\\/es\\\/2020\\\/12\\\/28\\\/caminar-con-humildad-consolidando-los-derechos-indigenas-por-distintos-caminos\",\"url\":\"https:\\\/\\\/cpt.org\\\/es\\\/2020\\\/12\\\/28\\\/caminar-con-humildad-consolidando-los-derechos-indigenas-por-distintos-caminos\",\"name\":\"Caminar con Humildad \u2013 Consolidando los Derechos Ind\u00edgenas por Distintos Caminos\",\"isPartOf\":{\"@id\":\"https:\\\/\\\/cpt.org\\\/es#website\"},\"primaryImageOfPage\":{\"@id\":\"https:\\\/\\\/cpt.org\\\/es\\\/2020\\\/12\\\/28\\\/caminar-con-humildad-consolidando-los-derechos-indigenas-por-distintos-caminos#primaryimage\"},\"image\":{\"@id\":\"https:\\\/\\\/cpt.org\\\/es\\\/2020\\\/12\\\/28\\\/caminar-con-humildad-consolidando-los-derechos-indigenas-por-distintos-caminos#primaryimage\"},\"thumbnailUrl\":\"https:\\\/\\\/cpt.org\\\/wp-content\\\/uploads\\\/210105-tisn.jpg\",\"datePublished\":\"2020-12-28T15:35:50+00:00\",\"dateModified\":\"2022-01-11T23:32:26+00:00\",\"description\":\"Equipos y Comunidades de Acci\u00f3n por la Paz construye alianzas para transformar la violencia y la opresi\u00f3n. M\u00e1s de 35 a\u00f1os de acci\u00f3n por la paz y la justicia.\",\"breadcrumb\":{\"@id\":\"https:\\\/\\\/cpt.org\\\/es\\\/2020\\\/12\\\/28\\\/caminar-con-humildad-consolidando-los-derechos-indigenas-por-distintos-caminos#breadcrumb\"},\"inLanguage\":\"es\",\"potentialAction\":[{\"@type\":\"ReadAction\",\"target\":[\"https:\\\/\\\/cpt.org\\\/es\\\/2020\\\/12\\\/28\\\/caminar-con-humildad-consolidando-los-derechos-indigenas-por-distintos-caminos\"]}]},{\"@type\":\"ImageObject\",\"inLanguage\":\"es\",\"@id\":\"https:\\\/\\\/cpt.org\\\/es\\\/2020\\\/12\\\/28\\\/caminar-con-humildad-consolidando-los-derechos-indigenas-por-distintos-caminos#primaryimage\",\"url\":\"https:\\\/\\\/cpt.org\\\/wp-content\\\/uploads\\\/210105-tisn.jpg\",\"contentUrl\":\"https:\\\/\\\/cpt.org\\\/wp-content\\\/uploads\\\/210105-tisn.jpg\",\"width\":800,\"height\":533,\"caption\":\"CPT participates in a rally at Canadian Mennonite University in support of bill C-262\"},{\"@type\":\"BreadcrumbList\",\"@id\":\"https:\\\/\\\/cpt.org\\\/es\\\/2020\\\/12\\\/28\\\/caminar-con-humildad-consolidando-los-derechos-indigenas-por-distintos-caminos#breadcrumb\",\"itemListElement\":[{\"@type\":\"ListItem\",\"position\":1,\"name\":\"Home\",\"item\":\"https:\\\/\\\/cpt.org\\\/es\"},{\"@type\":\"ListItem\",\"position\":2,\"name\":\"Caminar con Humildad \u2013 Consolidando los Derechos Ind\u00edgenas por Distintos Caminos\"}]},{\"@type\":\"WebSite\",\"@id\":\"https:\\\/\\\/cpt.org\\\/es#website\",\"url\":\"https:\\\/\\\/cpt.org\\\/es\",\"name\":\"Equipos y Comunidades de Acci\u00f3n por la Paz\",\"description\":\"Building partnerships to transform violence and oppression\",\"publisher\":{\"@id\":\"https:\\\/\\\/cpt.org\\\/es#organization\"},\"potentialAction\":[{\"@type\":\"SearchAction\",\"target\":{\"@type\":\"EntryPoint\",\"urlTemplate\":\"https:\\\/\\\/cpt.org\\\/es?s={search_term_string}\"},\"query-input\":{\"@type\":\"PropertyValueSpecification\",\"valueRequired\":true,\"valueName\":\"search_term_string\"}}],\"inLanguage\":\"es\"},{\"@type\":\"Organization\",\"@id\":\"https:\\\/\\\/cpt.org\\\/es#organization\",\"name\":\"Equipos y Comunidades de Acci\u00f3n por la Paz\",\"url\":\"https:\\\/\\\/cpt.org\\\/es\",\"logo\":{\"@type\":\"ImageObject\",\"inLanguage\":\"es\",\"@id\":\"https:\\\/\\\/cpt.org\\\/es#\\\/schema\\\/logo\\\/image\\\/\",\"url\":\"https:\\\/\\\/cpt.org\\\/wp-content\\\/uploads\\\/logoCPT-red-2.png\",\"contentUrl\":\"https:\\\/\\\/cpt.org\\\/wp-content\\\/uploads\\\/logoCPT-red-2.png\",\"width\":1730,\"height\":840,\"caption\":\"Equipos y Comunidades de Acci\u00f3n por la Paz\"},\"image\":{\"@id\":\"https:\\\/\\\/cpt.org\\\/es#\\\/schema\\\/logo\\\/image\\\/\"},\"sameAs\":[\"https:\\\/\\\/www.facebook.com\\\/cpters\",\"https:\\\/\\\/x.com\\\/cpt_intl\",\"https:\\\/\\\/www.instagram.com\\\/cpteams\\\/\",\"https:\\\/\\\/www.youtube.com\\\/user\\\/cptvideos\"]},{\"@type\":\"Person\",\"@id\":\"https:\\\/\\\/cpt.org\\\/es#\\\/schema\\\/person\\\/6b67ff232fffdc353f40f0b8f490476f\",\"name\":\"Steve Heinrichs\",\"image\":{\"@type\":\"ImageObject\",\"inLanguage\":\"es\",\"@id\":\"https:\\\/\\\/secure.gravatar.com\\\/avatar\\\/f58500656ed09a732317ea94bf1edad977ad0f0d28e26dd1963be7bb05f5b076?s=96&r=g\",\"url\":\"https:\\\/\\\/secure.gravatar.com\\\/avatar\\\/f58500656ed09a732317ea94bf1edad977ad0f0d28e26dd1963be7bb05f5b076?s=96&r=g\",\"contentUrl\":\"https:\\\/\\\/secure.gravatar.com\\\/avatar\\\/f58500656ed09a732317ea94bf1edad977ad0f0d28e26dd1963be7bb05f5b076?s=96&r=g\",\"caption\":\"Steve Heinrichs\"},\"url\":\"https:\\\/\\\/cpt.org\\\/es\\\/author\\\/steve-heinrichs\"}]}<\/script>\n<!-- \/ Yoast SEO Premium plugin. -->","yoast_head_json":{"title":"Caminar con Humildad \u2013 Consolidando los Derechos Ind\u00edgenas por Distintos Caminos","description":"Equipos y Comunidades de Acci\u00f3n por la Paz construye alianzas para transformar la violencia y la opresi\u00f3n. M\u00e1s de 35 a\u00f1os de acci\u00f3n por la paz y la justicia.","robots":{"index":"index","follow":"follow","max-snippet":"max-snippet:-1","max-image-preview":"max-image-preview:large","max-video-preview":"max-video-preview:-1"},"canonical":"https:\/\/cpt.org\/es\/2020\/12\/28\/caminar-con-humildad-consolidando-los-derechos-indigenas-por-distintos-caminos","og_locale":"es_ES","og_type":"article","og_title":"Caminar con Humildad \u2013 Consolidando los Derechos Ind\u00edgenas por Distintos Caminos","og_description":"Community Peacemaker Teams builds partnerships to transform violence and oppression. Over 35 years of action for peace and justice.","og_url":"https:\/\/cpt.org\/es\/2020\/12\/28\/caminar-con-humildad-consolidando-los-derechos-indigenas-por-distintos-caminos","og_site_name":"Equipos y Comunidades de Acci\u00f3n por la Paz","article_publisher":"https:\/\/www.facebook.com\/cpters","article_published_time":"2020-12-28T15:35:50+00:00","article_modified_time":"2022-01-11T23:32:26+00:00","og_image":[{"width":800,"height":533,"url":"https:\/\/cpt.org\/wp-content\/uploads\/210105-tisn.jpg","type":"image\/jpeg"}],"author":"Steve Heinrichs","twitter_card":"summary_large_image","twitter_creator":"@cpt_intl","twitter_site":"@cpt_intl","twitter_misc":{"Escrito por":"Steve Heinrichs","Tiempo de lectura":"7 minutos"},"schema":{"@context":"https:\/\/schema.org","@graph":[{"@type":"Article","@id":"https:\/\/cpt.org\/es\/2020\/12\/28\/caminar-con-humildad-consolidando-los-derechos-indigenas-por-distintos-caminos#article","isPartOf":{"@id":"https:\/\/cpt.org\/es\/2020\/12\/28\/caminar-con-humildad-consolidando-los-derechos-indigenas-por-distintos-caminos"},"author":{"name":"Steve Heinrichs","@id":"https:\/\/cpt.org\/es#\/schema\/person\/6b67ff232fffdc353f40f0b8f490476f"},"headline":"Caminar con Humildad \u2013 Consolidando los Derechos Ind\u00edgenas por Distintos Caminos","datePublished":"2020-12-28T15:35:50+00:00","dateModified":"2022-01-11T23:32:26+00:00","mainEntityOfPage":{"@id":"https:\/\/cpt.org\/es\/2020\/12\/28\/caminar-con-humildad-consolidando-los-derechos-indigenas-por-distintos-caminos"},"wordCount":1448,"publisher":{"@id":"https:\/\/cpt.org\/es#organization"},"image":{"@id":"https:\/\/cpt.org\/es\/2020\/12\/28\/caminar-con-humildad-consolidando-los-derechos-indigenas-por-distintos-caminos#primaryimage"},"thumbnailUrl":"https:\/\/cpt.org\/wp-content\/uploads\/210105-tisn.jpg","articleSection":["Red de Solidaridad de la Isla Tortuga"],"inLanguage":"es"},{"@type":"WebPage","@id":"https:\/\/cpt.org\/es\/2020\/12\/28\/caminar-con-humildad-consolidando-los-derechos-indigenas-por-distintos-caminos","url":"https:\/\/cpt.org\/es\/2020\/12\/28\/caminar-con-humildad-consolidando-los-derechos-indigenas-por-distintos-caminos","name":"Caminar con Humildad \u2013 Consolidando los Derechos Ind\u00edgenas por Distintos Caminos","isPartOf":{"@id":"https:\/\/cpt.org\/es#website"},"primaryImageOfPage":{"@id":"https:\/\/cpt.org\/es\/2020\/12\/28\/caminar-con-humildad-consolidando-los-derechos-indigenas-por-distintos-caminos#primaryimage"},"image":{"@id":"https:\/\/cpt.org\/es\/2020\/12\/28\/caminar-con-humildad-consolidando-los-derechos-indigenas-por-distintos-caminos#primaryimage"},"thumbnailUrl":"https:\/\/cpt.org\/wp-content\/uploads\/210105-tisn.jpg","datePublished":"2020-12-28T15:35:50+00:00","dateModified":"2022-01-11T23:32:26+00:00","description":"Equipos y Comunidades de Acci\u00f3n por la Paz construye alianzas para transformar la violencia y la opresi\u00f3n. M\u00e1s de 35 a\u00f1os de acci\u00f3n por la paz y la justicia.","breadcrumb":{"@id":"https:\/\/cpt.org\/es\/2020\/12\/28\/caminar-con-humildad-consolidando-los-derechos-indigenas-por-distintos-caminos#breadcrumb"},"inLanguage":"es","potentialAction":[{"@type":"ReadAction","target":["https:\/\/cpt.org\/es\/2020\/12\/28\/caminar-con-humildad-consolidando-los-derechos-indigenas-por-distintos-caminos"]}]},{"@type":"ImageObject","inLanguage":"es","@id":"https:\/\/cpt.org\/es\/2020\/12\/28\/caminar-con-humildad-consolidando-los-derechos-indigenas-por-distintos-caminos#primaryimage","url":"https:\/\/cpt.org\/wp-content\/uploads\/210105-tisn.jpg","contentUrl":"https:\/\/cpt.org\/wp-content\/uploads\/210105-tisn.jpg","width":800,"height":533,"caption":"CPT participates in a rally at Canadian Mennonite University in support of bill C-262"},{"@type":"BreadcrumbList","@id":"https:\/\/cpt.org\/es\/2020\/12\/28\/caminar-con-humildad-consolidando-los-derechos-indigenas-por-distintos-caminos#breadcrumb","itemListElement":[{"@type":"ListItem","position":1,"name":"Home","item":"https:\/\/cpt.org\/es"},{"@type":"ListItem","position":2,"name":"Caminar con Humildad \u2013 Consolidando los Derechos Ind\u00edgenas por Distintos Caminos"}]},{"@type":"WebSite","@id":"https:\/\/cpt.org\/es#website","url":"https:\/\/cpt.org\/es","name":"Equipos y Comunidades de Acci\u00f3n por la Paz","description":"Building partnerships to transform violence and oppression","publisher":{"@id":"https:\/\/cpt.org\/es#organization"},"potentialAction":[{"@type":"SearchAction","target":{"@type":"EntryPoint","urlTemplate":"https:\/\/cpt.org\/es?s={search_term_string}"},"query-input":{"@type":"PropertyValueSpecification","valueRequired":true,"valueName":"search_term_string"}}],"inLanguage":"es"},{"@type":"Organization","@id":"https:\/\/cpt.org\/es#organization","name":"Equipos y Comunidades de Acci\u00f3n por la Paz","url":"https:\/\/cpt.org\/es","logo":{"@type":"ImageObject","inLanguage":"es","@id":"https:\/\/cpt.org\/es#\/schema\/logo\/image\/","url":"https:\/\/cpt.org\/wp-content\/uploads\/logoCPT-red-2.png","contentUrl":"https:\/\/cpt.org\/wp-content\/uploads\/logoCPT-red-2.png","width":1730,"height":840,"caption":"Equipos y Comunidades de Acci\u00f3n por la Paz"},"image":{"@id":"https:\/\/cpt.org\/es#\/schema\/logo\/image\/"},"sameAs":["https:\/\/www.facebook.com\/cpters","https:\/\/x.com\/cpt_intl","https:\/\/www.instagram.com\/cpteams\/","https:\/\/www.youtube.com\/user\/cptvideos"]},{"@type":"Person","@id":"https:\/\/cpt.org\/es#\/schema\/person\/6b67ff232fffdc353f40f0b8f490476f","name":"Steve Heinrichs","image":{"@type":"ImageObject","inLanguage":"es","@id":"https:\/\/secure.gravatar.com\/avatar\/f58500656ed09a732317ea94bf1edad977ad0f0d28e26dd1963be7bb05f5b076?s=96&r=g","url":"https:\/\/secure.gravatar.com\/avatar\/f58500656ed09a732317ea94bf1edad977ad0f0d28e26dd1963be7bb05f5b076?s=96&r=g","contentUrl":"https:\/\/secure.gravatar.com\/avatar\/f58500656ed09a732317ea94bf1edad977ad0f0d28e26dd1963be7bb05f5b076?s=96&r=g","caption":"Steve Heinrichs"},"url":"https:\/\/cpt.org\/es\/author\/steve-heinrichs"}]}},"_links":{"self":[{"href":"https:\/\/cpt.org\/es\/wp-json\/wp\/v2\/posts\/23050","targetHints":{"allow":["GET"]}}],"collection":[{"href":"https:\/\/cpt.org\/es\/wp-json\/wp\/v2\/posts"}],"about":[{"href":"https:\/\/cpt.org\/es\/wp-json\/wp\/v2\/types\/post"}],"author":[{"embeddable":true,"href":"https:\/\/cpt.org\/es\/wp-json\/wp\/v2\/users\/19"}],"replies":[{"embeddable":true,"href":"https:\/\/cpt.org\/es\/wp-json\/wp\/v2\/comments?post=23050"}],"version-history":[{"count":1,"href":"https:\/\/cpt.org\/es\/wp-json\/wp\/v2\/posts\/23050\/revisions"}],"predecessor-version":[{"id":23051,"href":"https:\/\/cpt.org\/es\/wp-json\/wp\/v2\/posts\/23050\/revisions\/23051"}],"wp:featuredmedia":[{"embeddable":true,"href":"https:\/\/cpt.org\/es\/wp-json\/wp\/v2\/media\/23048"}],"wp:attachment":[{"href":"https:\/\/cpt.org\/es\/wp-json\/wp\/v2\/media?parent=23050"}],"wp:term":[{"taxonomy":"category","embeddable":true,"href":"https:\/\/cpt.org\/es\/wp-json\/wp\/v2\/categories?post=23050"},{"taxonomy":"post_tag","embeddable":true,"href":"https:\/\/cpt.org\/es\/wp-json\/wp\/v2\/tags?post=23050"}],"curies":[{"name":"wp","href":"https:\/\/api.w.org\/{rel}","templated":true}]}}