{"id":23363,"date":"2021-04-17T14:47:00","date_gmt":"2021-04-17T19:47:00","guid":{"rendered":"https:\/\/cpt.org\/?p=23363"},"modified":"2022-01-11T17:46:30","modified_gmt":"2022-01-11T23:46:30","slug":"persona-vacunada-una-nueva-categoria-de-privilegios-israel-toma-el-liderazgo","status":"publish","type":"post","link":"https:\/\/cpt.org\/es\/2021\/04\/17\/persona-vacunada-una-nueva-categoria-de-privilegios-israel-toma-el-liderazgo","title":{"rendered":"Persona Vacunada. Una nueva categor\u00eda de privilegios: Israel toma el liderazgo."},"content":{"rendered":"\n<p><em>Traducci\u00f3n: Adriana Cabrera Vel\u00e1squez @topoetics<\/em><\/p>\n\n\n\n<p>La semana pasada estuve hablando con mi t\u00eda de m\u00e1s de sesenta a\u00f1os. Ella sol\u00eda visitar Jerusal\u00e9n cada viernes, cuando el gobierno Israel\u00ed permit\u00eda visitas de las personas palestinas de m\u00e1s de 50 a\u00f1os a esa ciudad.&nbsp; Sin embargo, despu\u00e9s de que la pandemia del Covid 19 se expandi\u00f3 por el mundo entero, las autoridades Israel\u00edes cerraron la mesquita Al-Aqsa durante meses, y no se volvieron a permitir los viajes a Jerusal\u00e9n. Visitar Jerusal\u00e9n los viernes es un acto sagrado para mi t\u00eda, especialmente durante el mes de Ramad\u00e1n. \u201cNo creo que pueda visitar al-Aqsa este Ramad\u00e1n. Primero necesitamos la vacuna,\u201d me dijo ella.&nbsp; Esto me record\u00f3 un fragmento del poema <em>En Jerusal\u00e9n<\/em>:<\/p>\n\n\n\n<p><em>Aqu\u00ed yacen todo tipo de personas que alguna vez caminaron el mundo<\/em><\/p>\n\n\n\n<p><em>Ellas eran notas de pie de p\u00e1gina del libro; ahora son el texto principal.<\/em><\/p>\n\n\n\n<p><em>\u00bfEs solo para nosotres que la ciudad se ha vuelto tan peque\u00f1a?<\/em><\/p>\n\n\n\n<p><em>\u00a1Oh, Cronista! \u00bfQu\u00e9 te hizo excluirnos? Escribe de nuevo y vuelve a pensar, pues veo que has cometido un grave error.<\/em><\/p>\n\n\n\n<p><em>-Tamim Al-Barghouthi<\/em><\/p>\n\n\n\n<p>S\u00e9 que esta situaci\u00f3n no es realmente nueva para las personas palestinas. La mayor\u00eda de nuestras vidas se nos ha vetado viajar a Jerusal\u00e9n \u2013 o a cualquier lugar dentro de la l\u00ednea verde \u2014 a menos que paguemos un permiso especial y las autoridades palestinas determinen que somos lo suficientemente buenas personas como para ir a visitar. Hoy, estar vacunade se ha sumado a la lista de requisitos.<\/p>\n\n\n\n<p>Israel fue uno de los primero pa\u00edses en comprar la vacuna contra el Covid 19 en grandes cantidades y en este momento ha vacunado casi un 60% de su poblaci\u00f3n. Actualmente, 116 de cada 100 personas han recibido la vacuna con un total de<a href=\"https:\/\/www.nytimes.com\/interactive\/2021\/world\/covid-vaccinations-tracker.html\"><em>10.290.033 <\/em><\/a>de dosis suministradas. El Primer Ministro Israel\u00ed anunci\u00f3 que Israel ser\u00eda un pa\u00eds&nbsp; modelo, habiendo vacunado a su poblaci\u00f3n mayor de 16 a\u00f1os para finales de marzo.&nbsp; Ahora que los restaurantes han vuelto a prestar servicio en sus instalaciones con un&nbsp; 75% de su capacidad, \u00abestamos regresando a la vida\u00bb, dice el Primer Ministro.<\/p>\n\n\n\n<p>Pero esta \u201cgran victoria\u201d llega a expensas de las personas palestinas bajo ocupaci\u00f3n en Cisjordania y Gaza. De acuerdo con la cuarta Convenci\u00f3n de Ginebra, las Fuerzas Israel\u00edes de Ocupaci\u00f3n son responsables de proveer atenci\u00f3n en salud a la poblaci\u00f3n del \u00e1rea ocupada. Sin embargo, el ministro de salud le dijo a <a href=\"https:\/\/news.sky.com\/story\/covid-19-israel-urges-world-to-follow-its-rapid-vaccine-rollout-but-palestinians-are-left-waiting-12184489\">Sky News<\/a>: \u00abYo no pienso que haya nadie en este pa\u00eds, cualquiera que sean sus ideas, que se imagine que yo pueda quitarle la vacuna a un ciudadano de Israel y, con la mejor voluntad, d\u00e1rsela a nuestros vecinos.\u00bb<\/p>\n\n\n\n<p>Mientras tanto, <a href=\"https:\/\/www.nytimes.com\/2021\/02\/23\/world\/middleeast\/israel-palestinians-vaccine-diplomacy.html\">Israel <\/a>le est\u00e1 dando la vacuna a sus aliades. Los gobiernos de la Rep\u00fablica Checa, Honduras, Hungr\u00eda y Guatemala recibir\u00e1n cerca de 5000 dosis de la vacuna Moderna.<\/p>\n\n\n\n<p>Colonos israel\u00edes celebraron la Pascua como de costumbre en Hebron\/Al-Khalil y Jerusal\u00e9n. Fue una gran verguenza que al mismo tiempo personas musulmanas y cristianas no pudieran celebrar la Pascua de Resurrecci\u00f3n y Ramad\u00e1n con sus familias y amistades. Cisjordania tuvo un nuevo cierre el 27 de febrero del 2021 que dur\u00f3 dos semanas y afect\u00f3 a todos los sectores de la sociedad. Se espera que haya m\u00e1s cierres en los pr\u00f3ximos d\u00edas.&nbsp; El Ministro de Salud Mai Al-Kaila dijo que 16.262 personas han recibido la vacuna en Cisjordania y 17.272 en la franja de Gaza, incluyendo personal medico. La Autoridad Nacional Palestina (ANP) ha recibido 62.000 dosis de vacunas Pfizer y AstraZeneca y se espera que reciba 125.000 nuevas dosis de las vacunas Sinopharm China y AstraZeneca brit\u00e1nica.<\/p>\n\n\n\n<p>La ANP ha recibido muchas cr\u00edticas de la ciudadan\u00eda palestina y las organizaciones por distribuir estas vacunas sin seguir las instrucciones globales de priorizar a personas enfermas, personas de edad, personas del sector educaci\u00f3n y aquellas en estado critico.&nbsp; A inicios de marzo, La ANP distribuy\u00f3 un n\u00famero de vacunas para sus ministros y personal de seguridad, personas miembras de la Organizaci\u00f3n para la Liberaci\u00f3n Palestina (OLP), trabajadores del Comit\u00e9 Central Electoral, personas empleadas en varias embajadas \u00e1rabes en los Territorios Ocupados, jugadores de la Selecci\u00f3n Nacional de F\u00fatbol de Palestina, y 100 estudiantes que se dirigen al exterior.<\/p>\n\n\n\n<p>La vacuna ha sido uno de los puntos de mayor controversia entre la ciudadan\u00eda palestina. \u00bfQu\u00e9 tan seguras son las distintas versiones de la vacuna? \u00bfAl fin cuando vamos a ser vacunades? \u00bfC\u00f3mo vamos a proteger a nuestras familias mientras esperamos que nos vacunen?<\/p>\n\n\n\n<p>Algunas familias pudientes pudieron comprarle la vacuna de Pfizer a Israel. Esta pandemia ha expandido la brecha del clasismo dentro de la comunidad palestina, cuando 300.000 personas&nbsp; han perdido sus trabajos ya sea parcial o totalmente mientras las grandes compa\u00f1\u00edas contin\u00faan creciendo o no se han visto afectadas tanto como sus mismes empleades.<\/p>\n\n\n\n<p>Adem\u00e1s, la supremac\u00eda blanca ha jugado un rol primordial en el plan de distribuci\u00f3n de la vacuna, donde las naciones poderosas est\u00e1n comprando todas las dosis de Pfizer y Moderna, creando preocupaciones infundadas sobre la recepci\u00f3n de otras vacunas.&nbsp; Mi dietista me dijo \u00abYo tengo contacto directo con mis clientes y no sabemos todav\u00eda cuando nos toca nuestro turno. Yo preferir\u00eda recibir la vacuna de Pfizer, as\u00ed eso signifique que se la tenga que comprar a Israel.\u00bb Por otro lado, a principios de abril, la ANP comenz\u00f3 a vacunar personas del sector educaci\u00f3n para continuar el semestre acad\u00e9mico de manera presencial, utilizando las vacunas Sinopharm y AstraZeneca, aunque algunes profesores se rehusaron a recibirla y dejaron el recinto.<\/p>\n\n\n\n<p>La vacuna se ha convertido en un generador de poder entre los pa\u00edses poderosos y pudientes como Israel, dejando a los pa\u00edses en desarrollo en lista de espera, preocupados y en la incertidumbre.<\/p>\n","protected":false},"excerpt":{"rendered":"<p>La vacuna se ha convertido en un generador de poder entre los pa\u00edses poderosos y pudientes como Israel, dejando a los pa\u00edses en desarrollo en lista de espera, preocupados y en la incertidumbre.<\/p>\n","protected":false},"author":24,"featured_media":23361,"comment_status":"closed","ping_status":"closed","sticky":false,"template":"","format":"standard","meta":{"footnotes":""},"categories":[226],"tags":[],"class_list":["post-23363","post","type-post","status-publish","format-standard","has-post-thumbnail","hentry","category-palestina"],"yoast_head":"<!-- This site is optimized with the Yoast SEO Premium plugin v27.4 (Yoast SEO v27.4) - https:\/\/yoast.com\/product\/yoast-seo-premium-wordpress\/ -->\n<title>Persona Vacunada. Una nueva categor\u00eda de privilegios: Israel toma el liderazgo.<\/title>\n<meta name=\"description\" content=\"Equipos y Comunidades de Acci\u00f3n por la Paz construye alianzas para transformar la violencia y la opresi\u00f3n. M\u00e1s de 35 a\u00f1os de acci\u00f3n por la paz y la justicia.\" \/>\n<meta name=\"robots\" content=\"index, follow, max-snippet:-1, max-image-preview:large, max-video-preview:-1\" \/>\n<link rel=\"canonical\" href=\"https:\/\/cpt.org\/es\/2021\/04\/17\/persona-vacunada-una-nueva-categoria-de-privilegios-israel-toma-el-liderazgo\" \/>\n<meta property=\"og:locale\" content=\"es_ES\" \/>\n<meta property=\"og:type\" content=\"article\" \/>\n<meta property=\"og:title\" content=\"Persona Vacunada. Una nueva categor\u00eda de privilegios: Israel toma el liderazgo.\" \/>\n<meta property=\"og:description\" content=\"Community Peacemaker Teams builds partnerships to transform violence and oppression. Over 35 years of action for peace and justice.\" \/>\n<meta property=\"og:url\" content=\"https:\/\/cpt.org\/es\/2021\/04\/17\/persona-vacunada-una-nueva-categoria-de-privilegios-israel-toma-el-liderazgo\" \/>\n<meta property=\"og:site_name\" content=\"Equipos y Comunidades de Acci\u00f3n por la Paz\" \/>\n<meta property=\"article:publisher\" content=\"https:\/\/www.facebook.com\/cpters\" \/>\n<meta property=\"article:published_time\" content=\"2021-04-17T19:47:00+00:00\" \/>\n<meta property=\"article:modified_time\" content=\"2022-01-11T23:46:30+00:00\" \/>\n<meta property=\"og:image\" content=\"https:\/\/cpt.org\/wp-content\/uploads\/210417-palestine.jpeg\" \/>\n\t<meta property=\"og:image:width\" content=\"800\" \/>\n\t<meta property=\"og:image:height\" content=\"493\" \/>\n\t<meta property=\"og:image:type\" content=\"image\/jpeg\" \/>\n<meta name=\"author\" content=\"T J\" \/>\n<meta name=\"twitter:card\" content=\"summary_large_image\" \/>\n<meta name=\"twitter:creator\" content=\"@cpt_intl\" \/>\n<meta name=\"twitter:site\" content=\"@cpt_intl\" \/>\n<meta name=\"twitter:label1\" content=\"Escrito por\" \/>\n\t<meta name=\"twitter:data1\" content=\"T J\" \/>\n\t<meta name=\"twitter:label2\" content=\"Tiempo de lectura\" \/>\n\t<meta name=\"twitter:data2\" content=\"5 minutos\" \/>\n<script type=\"application\/ld+json\" class=\"yoast-schema-graph\">{\"@context\":\"https:\\\/\\\/schema.org\",\"@graph\":[{\"@type\":\"Article\",\"@id\":\"https:\\\/\\\/cpt.org\\\/es\\\/2021\\\/04\\\/17\\\/persona-vacunada-una-nueva-categoria-de-privilegios-israel-toma-el-liderazgo#article\",\"isPartOf\":{\"@id\":\"https:\\\/\\\/cpt.org\\\/es\\\/2021\\\/04\\\/17\\\/persona-vacunada-una-nueva-categoria-de-privilegios-israel-toma-el-liderazgo\"},\"author\":{\"name\":\"T J\",\"@id\":\"https:\\\/\\\/cpt.org\\\/es#\\\/schema\\\/person\\\/efe726c61ae6febacce6e525fe584c47\"},\"headline\":\"Persona Vacunada. Una nueva categor\u00eda de privilegios: Israel toma el liderazgo.\",\"datePublished\":\"2021-04-17T19:47:00+00:00\",\"dateModified\":\"2022-01-11T23:46:30+00:00\",\"mainEntityOfPage\":{\"@id\":\"https:\\\/\\\/cpt.org\\\/es\\\/2021\\\/04\\\/17\\\/persona-vacunada-una-nueva-categoria-de-privilegios-israel-toma-el-liderazgo\"},\"wordCount\":1017,\"publisher\":{\"@id\":\"https:\\\/\\\/cpt.org\\\/es#organization\"},\"image\":{\"@id\":\"https:\\\/\\\/cpt.org\\\/es\\\/2021\\\/04\\\/17\\\/persona-vacunada-una-nueva-categoria-de-privilegios-israel-toma-el-liderazgo#primaryimage\"},\"thumbnailUrl\":\"https:\\\/\\\/cpt.org\\\/wp-content\\\/uploads\\\/210417-palestine.jpeg\",\"articleSection\":[\"Palestina\"],\"inLanguage\":\"es\"},{\"@type\":\"WebPage\",\"@id\":\"https:\\\/\\\/cpt.org\\\/es\\\/2021\\\/04\\\/17\\\/persona-vacunada-una-nueva-categoria-de-privilegios-israel-toma-el-liderazgo\",\"url\":\"https:\\\/\\\/cpt.org\\\/es\\\/2021\\\/04\\\/17\\\/persona-vacunada-una-nueva-categoria-de-privilegios-israel-toma-el-liderazgo\",\"name\":\"Persona Vacunada. Una nueva categor\u00eda de privilegios: Israel toma el liderazgo.\",\"isPartOf\":{\"@id\":\"https:\\\/\\\/cpt.org\\\/es#website\"},\"primaryImageOfPage\":{\"@id\":\"https:\\\/\\\/cpt.org\\\/es\\\/2021\\\/04\\\/17\\\/persona-vacunada-una-nueva-categoria-de-privilegios-israel-toma-el-liderazgo#primaryimage\"},\"image\":{\"@id\":\"https:\\\/\\\/cpt.org\\\/es\\\/2021\\\/04\\\/17\\\/persona-vacunada-una-nueva-categoria-de-privilegios-israel-toma-el-liderazgo#primaryimage\"},\"thumbnailUrl\":\"https:\\\/\\\/cpt.org\\\/wp-content\\\/uploads\\\/210417-palestine.jpeg\",\"datePublished\":\"2021-04-17T19:47:00+00:00\",\"dateModified\":\"2022-01-11T23:46:30+00:00\",\"description\":\"Equipos y Comunidades de Acci\u00f3n por la Paz construye alianzas para transformar la violencia y la opresi\u00f3n. M\u00e1s de 35 a\u00f1os de acci\u00f3n por la paz y la justicia.\",\"breadcrumb\":{\"@id\":\"https:\\\/\\\/cpt.org\\\/es\\\/2021\\\/04\\\/17\\\/persona-vacunada-una-nueva-categoria-de-privilegios-israel-toma-el-liderazgo#breadcrumb\"},\"inLanguage\":\"es\",\"potentialAction\":[{\"@type\":\"ReadAction\",\"target\":[\"https:\\\/\\\/cpt.org\\\/es\\\/2021\\\/04\\\/17\\\/persona-vacunada-una-nueva-categoria-de-privilegios-israel-toma-el-liderazgo\"]}]},{\"@type\":\"ImageObject\",\"inLanguage\":\"es\",\"@id\":\"https:\\\/\\\/cpt.org\\\/es\\\/2021\\\/04\\\/17\\\/persona-vacunada-una-nueva-categoria-de-privilegios-israel-toma-el-liderazgo#primaryimage\",\"url\":\"https:\\\/\\\/cpt.org\\\/wp-content\\\/uploads\\\/210417-palestine.jpeg\",\"contentUrl\":\"https:\\\/\\\/cpt.org\\\/wp-content\\\/uploads\\\/210417-palestine.jpeg\",\"width\":800,\"height\":493,\"caption\":\"A cartoon caricature of a Palestinian woman waiting for a COVID vaccination. The door behind her and the bench beside her have signs that read \\\"Settlers only\\\". The drinking fountain behind her reads \\\"non-Palestinians only\\\" and there is an Israeli flag mounted on the wall.\"},{\"@type\":\"BreadcrumbList\",\"@id\":\"https:\\\/\\\/cpt.org\\\/es\\\/2021\\\/04\\\/17\\\/persona-vacunada-una-nueva-categoria-de-privilegios-israel-toma-el-liderazgo#breadcrumb\",\"itemListElement\":[{\"@type\":\"ListItem\",\"position\":1,\"name\":\"Home\",\"item\":\"https:\\\/\\\/cpt.org\\\/es\"},{\"@type\":\"ListItem\",\"position\":2,\"name\":\"Persona Vacunada. Una nueva categor\u00eda de privilegios: Israel toma el liderazgo.\"}]},{\"@type\":\"WebSite\",\"@id\":\"https:\\\/\\\/cpt.org\\\/es#website\",\"url\":\"https:\\\/\\\/cpt.org\\\/es\",\"name\":\"Equipos y Comunidades de Acci\u00f3n por la Paz\",\"description\":\"Building partnerships to transform violence and oppression\",\"publisher\":{\"@id\":\"https:\\\/\\\/cpt.org\\\/es#organization\"},\"potentialAction\":[{\"@type\":\"SearchAction\",\"target\":{\"@type\":\"EntryPoint\",\"urlTemplate\":\"https:\\\/\\\/cpt.org\\\/es?s={search_term_string}\"},\"query-input\":{\"@type\":\"PropertyValueSpecification\",\"valueRequired\":true,\"valueName\":\"search_term_string\"}}],\"inLanguage\":\"es\"},{\"@type\":\"Organization\",\"@id\":\"https:\\\/\\\/cpt.org\\\/es#organization\",\"name\":\"Equipos y Comunidades de Acci\u00f3n por la Paz\",\"url\":\"https:\\\/\\\/cpt.org\\\/es\",\"logo\":{\"@type\":\"ImageObject\",\"inLanguage\":\"es\",\"@id\":\"https:\\\/\\\/cpt.org\\\/es#\\\/schema\\\/logo\\\/image\\\/\",\"url\":\"https:\\\/\\\/cpt.org\\\/wp-content\\\/uploads\\\/logoCPT-red-2.png\",\"contentUrl\":\"https:\\\/\\\/cpt.org\\\/wp-content\\\/uploads\\\/logoCPT-red-2.png\",\"width\":1730,\"height\":840,\"caption\":\"Equipos y Comunidades de Acci\u00f3n por la Paz\"},\"image\":{\"@id\":\"https:\\\/\\\/cpt.org\\\/es#\\\/schema\\\/logo\\\/image\\\/\"},\"sameAs\":[\"https:\\\/\\\/www.facebook.com\\\/cpters\",\"https:\\\/\\\/x.com\\\/cpt_intl\",\"https:\\\/\\\/www.instagram.com\\\/cpteams\\\/\",\"https:\\\/\\\/www.youtube.com\\\/user\\\/cptvideos\"]},{\"@type\":\"Person\",\"@id\":\"https:\\\/\\\/cpt.org\\\/es#\\\/schema\\\/person\\\/efe726c61ae6febacce6e525fe584c47\",\"name\":\"T J\",\"image\":{\"@type\":\"ImageObject\",\"inLanguage\":\"es\",\"@id\":\"https:\\\/\\\/secure.gravatar.com\\\/avatar\\\/6c50806cccccc0612d5bd0cb38df848d199b9ba43a2ab28c2b8e27cf20995164?s=96&r=g\",\"url\":\"https:\\\/\\\/secure.gravatar.com\\\/avatar\\\/6c50806cccccc0612d5bd0cb38df848d199b9ba43a2ab28c2b8e27cf20995164?s=96&r=g\",\"contentUrl\":\"https:\\\/\\\/secure.gravatar.com\\\/avatar\\\/6c50806cccccc0612d5bd0cb38df848d199b9ba43a2ab28c2b8e27cf20995164?s=96&r=g\",\"caption\":\"T J\"},\"url\":\"https:\\\/\\\/cpt.org\\\/es\\\/author\\\/tj\"}]}<\/script>\n<!-- \/ Yoast SEO Premium plugin. -->","yoast_head_json":{"title":"Persona Vacunada. Una nueva categor\u00eda de privilegios: Israel toma el liderazgo.","description":"Equipos y Comunidades de Acci\u00f3n por la Paz construye alianzas para transformar la violencia y la opresi\u00f3n. M\u00e1s de 35 a\u00f1os de acci\u00f3n por la paz y la justicia.","robots":{"index":"index","follow":"follow","max-snippet":"max-snippet:-1","max-image-preview":"max-image-preview:large","max-video-preview":"max-video-preview:-1"},"canonical":"https:\/\/cpt.org\/es\/2021\/04\/17\/persona-vacunada-una-nueva-categoria-de-privilegios-israel-toma-el-liderazgo","og_locale":"es_ES","og_type":"article","og_title":"Persona Vacunada. Una nueva categor\u00eda de privilegios: Israel toma el liderazgo.","og_description":"Community Peacemaker Teams builds partnerships to transform violence and oppression. Over 35 years of action for peace and justice.","og_url":"https:\/\/cpt.org\/es\/2021\/04\/17\/persona-vacunada-una-nueva-categoria-de-privilegios-israel-toma-el-liderazgo","og_site_name":"Equipos y Comunidades de Acci\u00f3n por la Paz","article_publisher":"https:\/\/www.facebook.com\/cpters","article_published_time":"2021-04-17T19:47:00+00:00","article_modified_time":"2022-01-11T23:46:30+00:00","og_image":[{"width":800,"height":493,"url":"https:\/\/cpt.org\/wp-content\/uploads\/210417-palestine.jpeg","type":"image\/jpeg"}],"author":"T J","twitter_card":"summary_large_image","twitter_creator":"@cpt_intl","twitter_site":"@cpt_intl","twitter_misc":{"Escrito por":"T J","Tiempo de lectura":"5 minutos"},"schema":{"@context":"https:\/\/schema.org","@graph":[{"@type":"Article","@id":"https:\/\/cpt.org\/es\/2021\/04\/17\/persona-vacunada-una-nueva-categoria-de-privilegios-israel-toma-el-liderazgo#article","isPartOf":{"@id":"https:\/\/cpt.org\/es\/2021\/04\/17\/persona-vacunada-una-nueva-categoria-de-privilegios-israel-toma-el-liderazgo"},"author":{"name":"T J","@id":"https:\/\/cpt.org\/es#\/schema\/person\/efe726c61ae6febacce6e525fe584c47"},"headline":"Persona Vacunada. Una nueva categor\u00eda de privilegios: Israel toma el liderazgo.","datePublished":"2021-04-17T19:47:00+00:00","dateModified":"2022-01-11T23:46:30+00:00","mainEntityOfPage":{"@id":"https:\/\/cpt.org\/es\/2021\/04\/17\/persona-vacunada-una-nueva-categoria-de-privilegios-israel-toma-el-liderazgo"},"wordCount":1017,"publisher":{"@id":"https:\/\/cpt.org\/es#organization"},"image":{"@id":"https:\/\/cpt.org\/es\/2021\/04\/17\/persona-vacunada-una-nueva-categoria-de-privilegios-israel-toma-el-liderazgo#primaryimage"},"thumbnailUrl":"https:\/\/cpt.org\/wp-content\/uploads\/210417-palestine.jpeg","articleSection":["Palestina"],"inLanguage":"es"},{"@type":"WebPage","@id":"https:\/\/cpt.org\/es\/2021\/04\/17\/persona-vacunada-una-nueva-categoria-de-privilegios-israel-toma-el-liderazgo","url":"https:\/\/cpt.org\/es\/2021\/04\/17\/persona-vacunada-una-nueva-categoria-de-privilegios-israel-toma-el-liderazgo","name":"Persona Vacunada. Una nueva categor\u00eda de privilegios: Israel toma el liderazgo.","isPartOf":{"@id":"https:\/\/cpt.org\/es#website"},"primaryImageOfPage":{"@id":"https:\/\/cpt.org\/es\/2021\/04\/17\/persona-vacunada-una-nueva-categoria-de-privilegios-israel-toma-el-liderazgo#primaryimage"},"image":{"@id":"https:\/\/cpt.org\/es\/2021\/04\/17\/persona-vacunada-una-nueva-categoria-de-privilegios-israel-toma-el-liderazgo#primaryimage"},"thumbnailUrl":"https:\/\/cpt.org\/wp-content\/uploads\/210417-palestine.jpeg","datePublished":"2021-04-17T19:47:00+00:00","dateModified":"2022-01-11T23:46:30+00:00","description":"Equipos y Comunidades de Acci\u00f3n por la Paz construye alianzas para transformar la violencia y la opresi\u00f3n. M\u00e1s de 35 a\u00f1os de acci\u00f3n por la paz y la justicia.","breadcrumb":{"@id":"https:\/\/cpt.org\/es\/2021\/04\/17\/persona-vacunada-una-nueva-categoria-de-privilegios-israel-toma-el-liderazgo#breadcrumb"},"inLanguage":"es","potentialAction":[{"@type":"ReadAction","target":["https:\/\/cpt.org\/es\/2021\/04\/17\/persona-vacunada-una-nueva-categoria-de-privilegios-israel-toma-el-liderazgo"]}]},{"@type":"ImageObject","inLanguage":"es","@id":"https:\/\/cpt.org\/es\/2021\/04\/17\/persona-vacunada-una-nueva-categoria-de-privilegios-israel-toma-el-liderazgo#primaryimage","url":"https:\/\/cpt.org\/wp-content\/uploads\/210417-palestine.jpeg","contentUrl":"https:\/\/cpt.org\/wp-content\/uploads\/210417-palestine.jpeg","width":800,"height":493,"caption":"A cartoon caricature of a Palestinian woman waiting for a COVID vaccination. The door behind her and the bench beside her have signs that read \"Settlers only\". The drinking fountain behind her reads \"non-Palestinians only\" and there is an Israeli flag mounted on the wall."},{"@type":"BreadcrumbList","@id":"https:\/\/cpt.org\/es\/2021\/04\/17\/persona-vacunada-una-nueva-categoria-de-privilegios-israel-toma-el-liderazgo#breadcrumb","itemListElement":[{"@type":"ListItem","position":1,"name":"Home","item":"https:\/\/cpt.org\/es"},{"@type":"ListItem","position":2,"name":"Persona Vacunada. Una nueva categor\u00eda de privilegios: Israel toma el liderazgo."}]},{"@type":"WebSite","@id":"https:\/\/cpt.org\/es#website","url":"https:\/\/cpt.org\/es","name":"Equipos y Comunidades de Acci\u00f3n por la Paz","description":"Building partnerships to transform violence and oppression","publisher":{"@id":"https:\/\/cpt.org\/es#organization"},"potentialAction":[{"@type":"SearchAction","target":{"@type":"EntryPoint","urlTemplate":"https:\/\/cpt.org\/es?s={search_term_string}"},"query-input":{"@type":"PropertyValueSpecification","valueRequired":true,"valueName":"search_term_string"}}],"inLanguage":"es"},{"@type":"Organization","@id":"https:\/\/cpt.org\/es#organization","name":"Equipos y Comunidades de Acci\u00f3n por la Paz","url":"https:\/\/cpt.org\/es","logo":{"@type":"ImageObject","inLanguage":"es","@id":"https:\/\/cpt.org\/es#\/schema\/logo\/image\/","url":"https:\/\/cpt.org\/wp-content\/uploads\/logoCPT-red-2.png","contentUrl":"https:\/\/cpt.org\/wp-content\/uploads\/logoCPT-red-2.png","width":1730,"height":840,"caption":"Equipos y Comunidades de Acci\u00f3n por la Paz"},"image":{"@id":"https:\/\/cpt.org\/es#\/schema\/logo\/image\/"},"sameAs":["https:\/\/www.facebook.com\/cpters","https:\/\/x.com\/cpt_intl","https:\/\/www.instagram.com\/cpteams\/","https:\/\/www.youtube.com\/user\/cptvideos"]},{"@type":"Person","@id":"https:\/\/cpt.org\/es#\/schema\/person\/efe726c61ae6febacce6e525fe584c47","name":"T J","image":{"@type":"ImageObject","inLanguage":"es","@id":"https:\/\/secure.gravatar.com\/avatar\/6c50806cccccc0612d5bd0cb38df848d199b9ba43a2ab28c2b8e27cf20995164?s=96&r=g","url":"https:\/\/secure.gravatar.com\/avatar\/6c50806cccccc0612d5bd0cb38df848d199b9ba43a2ab28c2b8e27cf20995164?s=96&r=g","contentUrl":"https:\/\/secure.gravatar.com\/avatar\/6c50806cccccc0612d5bd0cb38df848d199b9ba43a2ab28c2b8e27cf20995164?s=96&r=g","caption":"T J"},"url":"https:\/\/cpt.org\/es\/author\/tj"}]}},"_links":{"self":[{"href":"https:\/\/cpt.org\/es\/wp-json\/wp\/v2\/posts\/23363","targetHints":{"allow":["GET"]}}],"collection":[{"href":"https:\/\/cpt.org\/es\/wp-json\/wp\/v2\/posts"}],"about":[{"href":"https:\/\/cpt.org\/es\/wp-json\/wp\/v2\/types\/post"}],"author":[{"embeddable":true,"href":"https:\/\/cpt.org\/es\/wp-json\/wp\/v2\/users\/24"}],"replies":[{"embeddable":true,"href":"https:\/\/cpt.org\/es\/wp-json\/wp\/v2\/comments?post=23363"}],"version-history":[{"count":1,"href":"https:\/\/cpt.org\/es\/wp-json\/wp\/v2\/posts\/23363\/revisions"}],"predecessor-version":[{"id":23364,"href":"https:\/\/cpt.org\/es\/wp-json\/wp\/v2\/posts\/23363\/revisions\/23364"}],"wp:featuredmedia":[{"embeddable":true,"href":"https:\/\/cpt.org\/es\/wp-json\/wp\/v2\/media\/23361"}],"wp:attachment":[{"href":"https:\/\/cpt.org\/es\/wp-json\/wp\/v2\/media?parent=23363"}],"wp:term":[{"taxonomy":"category","embeddable":true,"href":"https:\/\/cpt.org\/es\/wp-json\/wp\/v2\/categories?post=23363"},{"taxonomy":"post_tag","embeddable":true,"href":"https:\/\/cpt.org\/es\/wp-json\/wp\/v2\/tags?post=23363"}],"curies":[{"name":"wp","href":"https:\/\/api.w.org\/{rel}","templated":true}]}}