{"id":23433,"date":"2021-04-29T16:15:00","date_gmt":"2021-04-29T21:15:00","guid":{"rendered":"https:\/\/cpt.org\/?p=23433"},"modified":"2022-01-11T17:50:10","modified_gmt":"2022-01-11T23:50:10","slug":"cuando-elles-tienen-su-pie-sobre-tu-cuello-tampoco-pueden-ir-ningun-lado","status":"publish","type":"post","link":"https:\/\/cpt.org\/es\/2021\/04\/29\/cuando-elles-tienen-su-pie-sobre-tu-cuello-tampoco-pueden-ir-ningun-lado","title":{"rendered":"\u201cCuando elles tienen su pie sobre tu cuello, tampoco pueden ir a ningun lado\u201d"},"content":{"rendered":"\n<p><em>Traducci\u00f3n: Adriana Cabrera Vel\u00e1squez @topoetics<\/em><\/p>\n\n\n\n<p>Esta es la frase que llevamos con nosotres en los confines de nuestro trabajo interno por la justicia que con frecuencia sacamos para enmarcar nuestro trabajo por la justicia p\u00fablica.<\/p>\n\n\n\n<p>Lo aprendimos de un hombre que particip\u00f3 en las sentadas contra la segregaci\u00f3n racial hace sesenta a\u00f1os. Su nombre es Dr. Bernard LaFayette, un protegido de&nbsp; MLK.<\/p>\n\n\n\n<p>En la medida en que ECAP continua trabajando hombro a hombro por la justicia racial con las comunidades locales, debemos hacernos las siguientes dos preguntas: Adem\u00e1s de las sentadas, demostraciones p\u00fablicas, y acci\u00f3n directa no violenta, \u00bfQu\u00e9 es la justicia racial para nuestras comunidades? Y, \u00bfCu\u00e1l es la vision que puede liberar a las personas de color (PDC) y a las personas blancas colectivamente dentro y fuera de ECAP?<\/p>\n\n\n\n<p>Antes de ofrecerles la respuesta de ECAP Palestina a estas preguntas, sentemos bases en los casos exitosos que ECAP ha tenido en relaci\u00f3n a la justicia social,&nbsp; para luego constru\u00edr nuestro argumento a partir de estos cimientos. Ustedes han apoyado a ECAP para lograr liderazgo entre PDC \u201cen terreno\u201d en varios pa\u00edses y multiples continentes, y han apoyado a&nbsp; ECAP en lograr conformar un Equipo Administrativo con lidedazgo multiracial. Este liderazgo de manera genuina&nbsp; ha centrado las voces de miembros diversos de la comunidad en el mosaico colectivo de liderazgo de PDC global y ha establecido modelos de justicia communal m\u00e1s efectivos con personas negras, mestizas, ind\u00edgenas y todas las comunidades de color. \u00a1Es importante celebrar estos \u00e9xitos en tanto que seguimos adelante!<\/p>\n\n\n\n<p>Mientras celebramos juntes, les invitamos a escuchar las respuestas de les miembres del equipo de ECAP Palestina cont\u00e1ndoles de nuestro <em>Desaf\u00edo S\u00e9 T\u00fa El Cambio<\/em>. Es un proyecto nacido de las voces prof\u00e9ticas de revolucionaries de la fe quienes de manera individual contin\u00faan par\u00e1ndose en la intersecci\u00f3n de las opresiones y se comprometen a presionar los l\u00edmites de la justicia racial de manera comunitaria.&nbsp; Somos palestines de varias tradiciones de fe, y somos hacedores de justicia e igualdad para Palestina y para un mundo mejor, trabajando en liberarnos a nosotres mismes de opresiones internas y externas.<\/p>\n\n\n\n<p>La vision de <em>S\u00e9 T\u00fa El Cambio<\/em> es: \u201c Una comunidad palestina que es capaz y est\u00e1 lista para proveer marcos de referencia para nuestra propia gente y para la comunidad global con el fin de lograr un <strong><em>trabajo de antiopresi\u00f3n multireligioso y multiracial centrado en la liberaci\u00f3n.<\/em><\/strong> Queremos vivir en el microcosmos de lo que es posible para la comunidad global; ense\u00f1ar y aprender la mejor manera de continuar transgrediendo las fronteras a trav\u00e9s de las redes sociales, las reuniones virtuales y las demostraciones de liberaci\u00f3n colectiva, mientras juntes buscamos nuevas visiones de liderazgo.\u201d<\/p>\n\n\n\n<p>La belleza espiritual de esta declaraci\u00f3n para nosotres les l\u00edderes Palestines es que contiene una vision de justicia que concibe a nuestra propia comunidad palestina <strong>hombro a hombro<\/strong> con comunidades de PDC en todo el mundo <strong>para el beneficio de todes<\/strong> les hijes de Dios. Es una vision donde nadie tiene su pie sobre el cuello de alguien m\u00e1s, intencionalmente o no, sino donde todes nos levantamos juntes <strong>y <\/strong>marchamos juntes <strong>a diario <\/strong>dentro de nuestras instituciones y organizaciones, para que no tengamos que manifestarnos marchando en las calles.<\/p>\n\n\n\n<p>Nuestra mision es liberarnos internamente reconociendo las opresiones de nuestra sociedad palestina y dise\u00f1ando acciones para transformarlas hombro a hombro con otras comunidades de PDC. En seguida, nuestra intenci\u00f3n es compartir nuestras experiencias con la comunidad global en pleno para unirnos de manera aut\u00e9ntica contra las opresiones.<\/p>\n\n\n\n<p>Llevaremos a cabo la primera parte de esta mision a trav\u00e9s de multiples seminarios web y talleres educativos dentro y para nuestra propia comunidad palestina. Reunimos a doce personas palestinas de varias tradiciones de fe e identidades&nbsp; de g\u00e9nero &#8212; palestines que viven en Palestina, en Isra\u00e9l, y en el exterior,&#8211; quienes se reunir\u00e1n para evaluar cuestiones de opresi\u00f3n interna que necesitan atenci\u00f3n, sostendran conversaciones reales para confrontar estos problemas, y a partir de all\u00ed crear\u00e1n acciones que apunten a transformarlos. Luego tendremos talleres para educar y empoderar a nuestra propia comunidad y abordar el racismo, clasismo, y sexismo internalizados as\u00ed como tambi\u00e9n las din\u00e1micas inherentes a cohabitar y trabajar en ambientes interreligiosos.<\/p>\n\n\n\n<p>Simultaneamente, la segunda parte de nuestra misi\u00f3n es conectarnos con las multiples organizaciones lideradas por PDC, creando alianzas y conversaciones&nbsp; que ir\u00e1n a comparar y contrastar nuestras experiencias con aquellas de las otras comunidades de color. A trav\u00e9s de estas conexiones, podemos aprender y ense\u00f1ar m\u00fatuamente de manera interna &#8211;y luego ense\u00f1ar a&nbsp; las comunidades a nivel global&#8211; c\u00f3mo combatir de la major manera la supremac\u00eda blanca, el sexismo, la inequidad sexual, defender los derechos cuir y el trabajo multireligioso por la justicia.<\/p>\n\n\n\n<p>Tambi\u00e9n invitamos a todes les ECAPeres y no ECAPeres a asistir a nuestros seminarios web educativos liderados por PDC, que les dar\u00e1n las herramientas para apoyar a su casa y comunidad de oraci\u00f3n locales para crecer en la vision de un <strong><em>trabajo de antiopresi\u00f3n multireligioso y multiracial centrado en la liberaci\u00f3n. <\/em><\/strong>Compartiremos con ustedes el cronograma de estos talleres una vez los programemos.&nbsp; \u00a1Por favor sepan que cada une de ustedes es una parte valiosa de este trabajo!<\/p>\n\n\n\n<p>Por el momento, les pedimos reflexionar sobre las siguientes dos preguntas:<\/p>\n\n\n\n<ol class=\"wp-block-list\"><li>\u00bfC\u00f3mo encaja esta vision dentro de la vision de su propia casa de oraci\u00f3n, comunidad local y red nacional?<\/li><li>\u00bfD\u00f3nde se han visto injusticias con las PDC en su comunidad local y lugar de trabajo, y c\u00f3mo podr\u00eda su comunidad beneficiarse de participar de nuestras propuestas?<\/li><\/ol>\n\n\n\n<p>Sabemos que la resistencia palestina y de las PDC refleja el poder&nbsp; de la persistencia de nuestras comunidades y las lecciones de multiples niveles que podemos ense\u00f1ar a las comunidades locales e internacionales en nuestro mutuo trabajo de justicia por la libertad. Estas iniciativas lideradas por PDC son un paso adelante para alcanzar un modelo de justicia social que garantice un \u00e9xito a largo plazo.&nbsp; Ya es usted parte de este trabajo.<\/p>\n\n\n\n<p>Espere m\u00e1s informaci\u00f3n, y <strong>si usted es una persona de color y parte de un grupo liderado por PDC, le invitamos a conectarse con nosotres escribiendo a <\/strong><a href=\"mailto:tarekabuata@gmail.com\">tarekabuata@gmail.com<\/a> .<\/p>\n","protected":false},"excerpt":{"rendered":"<p>Nuestra mision es liberarnos internamente reconociendo las opresiones de nuestra sociedad palestina y dise\u00f1ando acciones para transformarlas hombro a hombro con otras comunidades de PDC.<\/p>\n","protected":false},"author":21,"featured_media":23430,"comment_status":"closed","ping_status":"closed","sticky":false,"template":"","format":"standard","meta":{"footnotes":""},"categories":[226],"tags":[],"class_list":["post-23433","post","type-post","status-publish","format-standard","has-post-thumbnail","hentry","category-palestina"],"yoast_head":"<!-- This site is optimized with the Yoast SEO Premium plugin v27.4 (Yoast SEO v27.4) - https:\/\/yoast.com\/product\/yoast-seo-premium-wordpress\/ -->\n<title>\u201cCuando elles tienen su pie sobre tu cuello, tampoco pueden ir a ningun lado\u201d<\/title>\n<meta name=\"description\" content=\"Equipos y Comunidades de Acci\u00f3n por la Paz construye alianzas para transformar la violencia y la opresi\u00f3n. M\u00e1s de 35 a\u00f1os de acci\u00f3n por la paz y la justicia.\" \/>\n<meta name=\"robots\" content=\"index, follow, max-snippet:-1, max-image-preview:large, max-video-preview:-1\" \/>\n<link rel=\"canonical\" href=\"https:\/\/cpt.org\/es\/2021\/04\/29\/cuando-elles-tienen-su-pie-sobre-tu-cuello-tampoco-pueden-ir-ningun-lado\" \/>\n<meta property=\"og:locale\" content=\"es_ES\" \/>\n<meta property=\"og:type\" content=\"article\" \/>\n<meta property=\"og:title\" content=\"\u201cCuando elles tienen su pie sobre tu cuello, tampoco pueden ir a ningun lado\u201d\" \/>\n<meta property=\"og:description\" content=\"Community Peacemaker Teams builds partnerships to transform violence and oppression. Over 35 years of action for peace and justice.\" \/>\n<meta property=\"og:url\" content=\"https:\/\/cpt.org\/es\/2021\/04\/29\/cuando-elles-tienen-su-pie-sobre-tu-cuello-tampoco-pueden-ir-ningun-lado\" \/>\n<meta property=\"og:site_name\" content=\"Equipos y Comunidades de Acci\u00f3n por la Paz\" \/>\n<meta property=\"article:publisher\" content=\"https:\/\/www.facebook.com\/cpters\" \/>\n<meta property=\"article:published_time\" content=\"2021-04-29T21:15:00+00:00\" \/>\n<meta property=\"article:modified_time\" content=\"2022-01-11T23:50:10+00:00\" \/>\n<meta property=\"og:image\" content=\"https:\/\/cpt.org\/wp-content\/uploads\/210429-palestine.jpg\" \/>\n\t<meta property=\"og:image:width\" content=\"800\" \/>\n\t<meta property=\"og:image:height\" content=\"473\" \/>\n\t<meta property=\"og:image:type\" content=\"image\/jpeg\" \/>\n<meta name=\"author\" content=\"Mona El Zuhairi\" \/>\n<meta name=\"twitter:card\" content=\"summary_large_image\" \/>\n<meta name=\"twitter:creator\" content=\"@cpt_intl\" \/>\n<meta name=\"twitter:site\" content=\"@cpt_intl\" \/>\n<meta name=\"twitter:label1\" content=\"Escrito por\" \/>\n\t<meta name=\"twitter:data1\" content=\"Mona El Zuhairi\" \/>\n\t<meta name=\"twitter:label2\" content=\"Tiempo de lectura\" \/>\n\t<meta name=\"twitter:data2\" content=\"5 minutos\" \/>\n<script type=\"application\/ld+json\" class=\"yoast-schema-graph\">{\"@context\":\"https:\\\/\\\/schema.org\",\"@graph\":[{\"@type\":\"Article\",\"@id\":\"https:\\\/\\\/cpt.org\\\/es\\\/2021\\\/04\\\/29\\\/cuando-elles-tienen-su-pie-sobre-tu-cuello-tampoco-pueden-ir-ningun-lado#article\",\"isPartOf\":{\"@id\":\"https:\\\/\\\/cpt.org\\\/es\\\/2021\\\/04\\\/29\\\/cuando-elles-tienen-su-pie-sobre-tu-cuello-tampoco-pueden-ir-ningun-lado\"},\"author\":{\"name\":\"Mona El Zuhairi\",\"@id\":\"https:\\\/\\\/cpt.org\\\/es#\\\/schema\\\/person\\\/8153c1a69531f6b60a813964f6159b08\"},\"headline\":\"\u201cCuando elles tienen su pie sobre tu cuello, tampoco pueden ir a ningun lado\u201d\",\"datePublished\":\"2021-04-29T21:15:00+00:00\",\"dateModified\":\"2022-01-11T23:50:10+00:00\",\"mainEntityOfPage\":{\"@id\":\"https:\\\/\\\/cpt.org\\\/es\\\/2021\\\/04\\\/29\\\/cuando-elles-tienen-su-pie-sobre-tu-cuello-tampoco-pueden-ir-ningun-lado\"},\"wordCount\":1101,\"publisher\":{\"@id\":\"https:\\\/\\\/cpt.org\\\/es#organization\"},\"image\":{\"@id\":\"https:\\\/\\\/cpt.org\\\/es\\\/2021\\\/04\\\/29\\\/cuando-elles-tienen-su-pie-sobre-tu-cuello-tampoco-pueden-ir-ningun-lado#primaryimage\"},\"thumbnailUrl\":\"https:\\\/\\\/cpt.org\\\/wp-content\\\/uploads\\\/210429-palestine.jpg\",\"articleSection\":[\"Palestina\"],\"inLanguage\":\"es\"},{\"@type\":\"WebPage\",\"@id\":\"https:\\\/\\\/cpt.org\\\/es\\\/2021\\\/04\\\/29\\\/cuando-elles-tienen-su-pie-sobre-tu-cuello-tampoco-pueden-ir-ningun-lado\",\"url\":\"https:\\\/\\\/cpt.org\\\/es\\\/2021\\\/04\\\/29\\\/cuando-elles-tienen-su-pie-sobre-tu-cuello-tampoco-pueden-ir-ningun-lado\",\"name\":\"\u201cCuando elles tienen su pie sobre tu cuello, tampoco pueden ir a ningun lado\u201d\",\"isPartOf\":{\"@id\":\"https:\\\/\\\/cpt.org\\\/es#website\"},\"primaryImageOfPage\":{\"@id\":\"https:\\\/\\\/cpt.org\\\/es\\\/2021\\\/04\\\/29\\\/cuando-elles-tienen-su-pie-sobre-tu-cuello-tampoco-pueden-ir-ningun-lado#primaryimage\"},\"image\":{\"@id\":\"https:\\\/\\\/cpt.org\\\/es\\\/2021\\\/04\\\/29\\\/cuando-elles-tienen-su-pie-sobre-tu-cuello-tampoco-pueden-ir-ningun-lado#primaryimage\"},\"thumbnailUrl\":\"https:\\\/\\\/cpt.org\\\/wp-content\\\/uploads\\\/210429-palestine.jpg\",\"datePublished\":\"2021-04-29T21:15:00+00:00\",\"dateModified\":\"2022-01-11T23:50:10+00:00\",\"description\":\"Equipos y Comunidades de Acci\u00f3n por la Paz construye alianzas para transformar la violencia y la opresi\u00f3n. M\u00e1s de 35 a\u00f1os de acci\u00f3n por la paz y la justicia.\",\"breadcrumb\":{\"@id\":\"https:\\\/\\\/cpt.org\\\/es\\\/2021\\\/04\\\/29\\\/cuando-elles-tienen-su-pie-sobre-tu-cuello-tampoco-pueden-ir-ningun-lado#breadcrumb\"},\"inLanguage\":\"es\",\"potentialAction\":[{\"@type\":\"ReadAction\",\"target\":[\"https:\\\/\\\/cpt.org\\\/es\\\/2021\\\/04\\\/29\\\/cuando-elles-tienen-su-pie-sobre-tu-cuello-tampoco-pueden-ir-ningun-lado\"]}]},{\"@type\":\"ImageObject\",\"inLanguage\":\"es\",\"@id\":\"https:\\\/\\\/cpt.org\\\/es\\\/2021\\\/04\\\/29\\\/cuando-elles-tienen-su-pie-sobre-tu-cuello-tampoco-pueden-ir-ningun-lado#primaryimage\",\"url\":\"https:\\\/\\\/cpt.org\\\/wp-content\\\/uploads\\\/210429-palestine.jpg\",\"contentUrl\":\"https:\\\/\\\/cpt.org\\\/wp-content\\\/uploads\\\/210429-palestine.jpg\",\"width\":800,\"height\":473,\"caption\":\"A painted mural of a person's profile looking towards the right, they have curly dark hair and black skin. They are wearing a Palestinian scarf. In the direction they are looking there is a Palestinian flag and olive tree, and on the other side of the mural is a black fist holding a key.\"},{\"@type\":\"BreadcrumbList\",\"@id\":\"https:\\\/\\\/cpt.org\\\/es\\\/2021\\\/04\\\/29\\\/cuando-elles-tienen-su-pie-sobre-tu-cuello-tampoco-pueden-ir-ningun-lado#breadcrumb\",\"itemListElement\":[{\"@type\":\"ListItem\",\"position\":1,\"name\":\"Home\",\"item\":\"https:\\\/\\\/cpt.org\\\/es\"},{\"@type\":\"ListItem\",\"position\":2,\"name\":\"\u201cCuando elles tienen su pie sobre tu cuello, tampoco pueden ir a ningun lado\u201d\"}]},{\"@type\":\"WebSite\",\"@id\":\"https:\\\/\\\/cpt.org\\\/es#website\",\"url\":\"https:\\\/\\\/cpt.org\\\/es\",\"name\":\"Equipos y Comunidades de Acci\u00f3n por la Paz\",\"description\":\"Building partnerships to transform violence and oppression\",\"publisher\":{\"@id\":\"https:\\\/\\\/cpt.org\\\/es#organization\"},\"potentialAction\":[{\"@type\":\"SearchAction\",\"target\":{\"@type\":\"EntryPoint\",\"urlTemplate\":\"https:\\\/\\\/cpt.org\\\/es?s={search_term_string}\"},\"query-input\":{\"@type\":\"PropertyValueSpecification\",\"valueRequired\":true,\"valueName\":\"search_term_string\"}}],\"inLanguage\":\"es\"},{\"@type\":\"Organization\",\"@id\":\"https:\\\/\\\/cpt.org\\\/es#organization\",\"name\":\"Equipos y Comunidades de Acci\u00f3n por la Paz\",\"url\":\"https:\\\/\\\/cpt.org\\\/es\",\"logo\":{\"@type\":\"ImageObject\",\"inLanguage\":\"es\",\"@id\":\"https:\\\/\\\/cpt.org\\\/es#\\\/schema\\\/logo\\\/image\\\/\",\"url\":\"https:\\\/\\\/cpt.org\\\/wp-content\\\/uploads\\\/logoCPT-red-2.png\",\"contentUrl\":\"https:\\\/\\\/cpt.org\\\/wp-content\\\/uploads\\\/logoCPT-red-2.png\",\"width\":1730,\"height\":840,\"caption\":\"Equipos y Comunidades de Acci\u00f3n por la Paz\"},\"image\":{\"@id\":\"https:\\\/\\\/cpt.org\\\/es#\\\/schema\\\/logo\\\/image\\\/\"},\"sameAs\":[\"https:\\\/\\\/www.facebook.com\\\/cpters\",\"https:\\\/\\\/x.com\\\/cpt_intl\",\"https:\\\/\\\/www.instagram.com\\\/cpteams\\\/\",\"https:\\\/\\\/www.youtube.com\\\/user\\\/cptvideos\"]},{\"@type\":\"Person\",\"@id\":\"https:\\\/\\\/cpt.org\\\/es#\\\/schema\\\/person\\\/8153c1a69531f6b60a813964f6159b08\",\"name\":\"Mona El Zuhairi\",\"image\":{\"@type\":\"ImageObject\",\"inLanguage\":\"es\",\"@id\":\"https:\\\/\\\/secure.gravatar.com\\\/avatar\\\/17e259e567dab5981d21ad9071434464f2df12f351280513b7d73178f5571bdb?s=96&r=g\",\"url\":\"https:\\\/\\\/secure.gravatar.com\\\/avatar\\\/17e259e567dab5981d21ad9071434464f2df12f351280513b7d73178f5571bdb?s=96&r=g\",\"contentUrl\":\"https:\\\/\\\/secure.gravatar.com\\\/avatar\\\/17e259e567dab5981d21ad9071434464f2df12f351280513b7d73178f5571bdb?s=96&r=g\",\"caption\":\"Mona El Zuhairi\"},\"url\":\"https:\\\/\\\/cpt.org\\\/es\\\/author\\\/mona-el-zuhairi\"}]}<\/script>\n<!-- \/ Yoast SEO Premium plugin. -->","yoast_head_json":{"title":"\u201cCuando elles tienen su pie sobre tu cuello, tampoco pueden ir a ningun lado\u201d","description":"Equipos y Comunidades de Acci\u00f3n por la Paz construye alianzas para transformar la violencia y la opresi\u00f3n. M\u00e1s de 35 a\u00f1os de acci\u00f3n por la paz y la justicia.","robots":{"index":"index","follow":"follow","max-snippet":"max-snippet:-1","max-image-preview":"max-image-preview:large","max-video-preview":"max-video-preview:-1"},"canonical":"https:\/\/cpt.org\/es\/2021\/04\/29\/cuando-elles-tienen-su-pie-sobre-tu-cuello-tampoco-pueden-ir-ningun-lado","og_locale":"es_ES","og_type":"article","og_title":"\u201cCuando elles tienen su pie sobre tu cuello, tampoco pueden ir a ningun lado\u201d","og_description":"Community Peacemaker Teams builds partnerships to transform violence and oppression. Over 35 years of action for peace and justice.","og_url":"https:\/\/cpt.org\/es\/2021\/04\/29\/cuando-elles-tienen-su-pie-sobre-tu-cuello-tampoco-pueden-ir-ningun-lado","og_site_name":"Equipos y Comunidades de Acci\u00f3n por la Paz","article_publisher":"https:\/\/www.facebook.com\/cpters","article_published_time":"2021-04-29T21:15:00+00:00","article_modified_time":"2022-01-11T23:50:10+00:00","og_image":[{"width":800,"height":473,"url":"https:\/\/cpt.org\/wp-content\/uploads\/210429-palestine.jpg","type":"image\/jpeg"}],"author":"Mona El Zuhairi","twitter_card":"summary_large_image","twitter_creator":"@cpt_intl","twitter_site":"@cpt_intl","twitter_misc":{"Escrito por":"Mona El Zuhairi","Tiempo de lectura":"5 minutos"},"schema":{"@context":"https:\/\/schema.org","@graph":[{"@type":"Article","@id":"https:\/\/cpt.org\/es\/2021\/04\/29\/cuando-elles-tienen-su-pie-sobre-tu-cuello-tampoco-pueden-ir-ningun-lado#article","isPartOf":{"@id":"https:\/\/cpt.org\/es\/2021\/04\/29\/cuando-elles-tienen-su-pie-sobre-tu-cuello-tampoco-pueden-ir-ningun-lado"},"author":{"name":"Mona El Zuhairi","@id":"https:\/\/cpt.org\/es#\/schema\/person\/8153c1a69531f6b60a813964f6159b08"},"headline":"\u201cCuando elles tienen su pie sobre tu cuello, tampoco pueden ir a ningun lado\u201d","datePublished":"2021-04-29T21:15:00+00:00","dateModified":"2022-01-11T23:50:10+00:00","mainEntityOfPage":{"@id":"https:\/\/cpt.org\/es\/2021\/04\/29\/cuando-elles-tienen-su-pie-sobre-tu-cuello-tampoco-pueden-ir-ningun-lado"},"wordCount":1101,"publisher":{"@id":"https:\/\/cpt.org\/es#organization"},"image":{"@id":"https:\/\/cpt.org\/es\/2021\/04\/29\/cuando-elles-tienen-su-pie-sobre-tu-cuello-tampoco-pueden-ir-ningun-lado#primaryimage"},"thumbnailUrl":"https:\/\/cpt.org\/wp-content\/uploads\/210429-palestine.jpg","articleSection":["Palestina"],"inLanguage":"es"},{"@type":"WebPage","@id":"https:\/\/cpt.org\/es\/2021\/04\/29\/cuando-elles-tienen-su-pie-sobre-tu-cuello-tampoco-pueden-ir-ningun-lado","url":"https:\/\/cpt.org\/es\/2021\/04\/29\/cuando-elles-tienen-su-pie-sobre-tu-cuello-tampoco-pueden-ir-ningun-lado","name":"\u201cCuando elles tienen su pie sobre tu cuello, tampoco pueden ir a ningun lado\u201d","isPartOf":{"@id":"https:\/\/cpt.org\/es#website"},"primaryImageOfPage":{"@id":"https:\/\/cpt.org\/es\/2021\/04\/29\/cuando-elles-tienen-su-pie-sobre-tu-cuello-tampoco-pueden-ir-ningun-lado#primaryimage"},"image":{"@id":"https:\/\/cpt.org\/es\/2021\/04\/29\/cuando-elles-tienen-su-pie-sobre-tu-cuello-tampoco-pueden-ir-ningun-lado#primaryimage"},"thumbnailUrl":"https:\/\/cpt.org\/wp-content\/uploads\/210429-palestine.jpg","datePublished":"2021-04-29T21:15:00+00:00","dateModified":"2022-01-11T23:50:10+00:00","description":"Equipos y Comunidades de Acci\u00f3n por la Paz construye alianzas para transformar la violencia y la opresi\u00f3n. M\u00e1s de 35 a\u00f1os de acci\u00f3n por la paz y la justicia.","breadcrumb":{"@id":"https:\/\/cpt.org\/es\/2021\/04\/29\/cuando-elles-tienen-su-pie-sobre-tu-cuello-tampoco-pueden-ir-ningun-lado#breadcrumb"},"inLanguage":"es","potentialAction":[{"@type":"ReadAction","target":["https:\/\/cpt.org\/es\/2021\/04\/29\/cuando-elles-tienen-su-pie-sobre-tu-cuello-tampoco-pueden-ir-ningun-lado"]}]},{"@type":"ImageObject","inLanguage":"es","@id":"https:\/\/cpt.org\/es\/2021\/04\/29\/cuando-elles-tienen-su-pie-sobre-tu-cuello-tampoco-pueden-ir-ningun-lado#primaryimage","url":"https:\/\/cpt.org\/wp-content\/uploads\/210429-palestine.jpg","contentUrl":"https:\/\/cpt.org\/wp-content\/uploads\/210429-palestine.jpg","width":800,"height":473,"caption":"A painted mural of a person's profile looking towards the right, they have curly dark hair and black skin. They are wearing a Palestinian scarf. In the direction they are looking there is a Palestinian flag and olive tree, and on the other side of the mural is a black fist holding a key."},{"@type":"BreadcrumbList","@id":"https:\/\/cpt.org\/es\/2021\/04\/29\/cuando-elles-tienen-su-pie-sobre-tu-cuello-tampoco-pueden-ir-ningun-lado#breadcrumb","itemListElement":[{"@type":"ListItem","position":1,"name":"Home","item":"https:\/\/cpt.org\/es"},{"@type":"ListItem","position":2,"name":"\u201cCuando elles tienen su pie sobre tu cuello, tampoco pueden ir a ningun lado\u201d"}]},{"@type":"WebSite","@id":"https:\/\/cpt.org\/es#website","url":"https:\/\/cpt.org\/es","name":"Equipos y Comunidades de Acci\u00f3n por la Paz","description":"Building partnerships to transform violence and oppression","publisher":{"@id":"https:\/\/cpt.org\/es#organization"},"potentialAction":[{"@type":"SearchAction","target":{"@type":"EntryPoint","urlTemplate":"https:\/\/cpt.org\/es?s={search_term_string}"},"query-input":{"@type":"PropertyValueSpecification","valueRequired":true,"valueName":"search_term_string"}}],"inLanguage":"es"},{"@type":"Organization","@id":"https:\/\/cpt.org\/es#organization","name":"Equipos y Comunidades de Acci\u00f3n por la Paz","url":"https:\/\/cpt.org\/es","logo":{"@type":"ImageObject","inLanguage":"es","@id":"https:\/\/cpt.org\/es#\/schema\/logo\/image\/","url":"https:\/\/cpt.org\/wp-content\/uploads\/logoCPT-red-2.png","contentUrl":"https:\/\/cpt.org\/wp-content\/uploads\/logoCPT-red-2.png","width":1730,"height":840,"caption":"Equipos y Comunidades de Acci\u00f3n por la Paz"},"image":{"@id":"https:\/\/cpt.org\/es#\/schema\/logo\/image\/"},"sameAs":["https:\/\/www.facebook.com\/cpters","https:\/\/x.com\/cpt_intl","https:\/\/www.instagram.com\/cpteams\/","https:\/\/www.youtube.com\/user\/cptvideos"]},{"@type":"Person","@id":"https:\/\/cpt.org\/es#\/schema\/person\/8153c1a69531f6b60a813964f6159b08","name":"Mona El Zuhairi","image":{"@type":"ImageObject","inLanguage":"es","@id":"https:\/\/secure.gravatar.com\/avatar\/17e259e567dab5981d21ad9071434464f2df12f351280513b7d73178f5571bdb?s=96&r=g","url":"https:\/\/secure.gravatar.com\/avatar\/17e259e567dab5981d21ad9071434464f2df12f351280513b7d73178f5571bdb?s=96&r=g","contentUrl":"https:\/\/secure.gravatar.com\/avatar\/17e259e567dab5981d21ad9071434464f2df12f351280513b7d73178f5571bdb?s=96&r=g","caption":"Mona El Zuhairi"},"url":"https:\/\/cpt.org\/es\/author\/mona-el-zuhairi"}]}},"_links":{"self":[{"href":"https:\/\/cpt.org\/es\/wp-json\/wp\/v2\/posts\/23433","targetHints":{"allow":["GET"]}}],"collection":[{"href":"https:\/\/cpt.org\/es\/wp-json\/wp\/v2\/posts"}],"about":[{"href":"https:\/\/cpt.org\/es\/wp-json\/wp\/v2\/types\/post"}],"author":[{"embeddable":true,"href":"https:\/\/cpt.org\/es\/wp-json\/wp\/v2\/users\/21"}],"replies":[{"embeddable":true,"href":"https:\/\/cpt.org\/es\/wp-json\/wp\/v2\/comments?post=23433"}],"version-history":[{"count":1,"href":"https:\/\/cpt.org\/es\/wp-json\/wp\/v2\/posts\/23433\/revisions"}],"predecessor-version":[{"id":23434,"href":"https:\/\/cpt.org\/es\/wp-json\/wp\/v2\/posts\/23433\/revisions\/23434"}],"wp:featuredmedia":[{"embeddable":true,"href":"https:\/\/cpt.org\/es\/wp-json\/wp\/v2\/media\/23430"}],"wp:attachment":[{"href":"https:\/\/cpt.org\/es\/wp-json\/wp\/v2\/media?parent=23433"}],"wp:term":[{"taxonomy":"category","embeddable":true,"href":"https:\/\/cpt.org\/es\/wp-json\/wp\/v2\/categories?post=23433"},{"taxonomy":"post_tag","embeddable":true,"href":"https:\/\/cpt.org\/es\/wp-json\/wp\/v2\/tags?post=23433"}],"curies":[{"name":"wp","href":"https:\/\/api.w.org\/{rel}","templated":true}]}}