{"id":23480,"date":"2021-05-05T23:44:02","date_gmt":"2021-05-06T04:44:02","guid":{"rendered":"https:\/\/cpt.org\/2022\/01\/08\/oraciones-por-les-hacedores-de-paz-4-de-mayo-del-2021-zona-fronteriza-douglas-az-us-agua-prieta-so-mx"},"modified":"2022-01-11T17:50:56","modified_gmt":"2022-01-11T23:50:56","slug":"https-cpt-org-es-cptnet-2021-05-05-prayers-peacemakers-5-may-2021-usmexico-borderlands","status":"publish","type":"post","link":"https:\/\/cpt.org\/es\/2021\/05\/05\/https-cpt-org-es-cptnet-2021-05-05-prayers-peacemakers-5-may-2021-usmexico-borderlands","title":{"rendered":"Oraciones por les Hacedores de Paz, 4 de mayo del 2021 Zona Fronteriza (Douglas. AZ-US \/ Agua Prieta, SO-MX)"},"content":{"rendered":"\n<p>En marzo del 2021 CAME (Centro de Atenci\u00f3n al Migrante Exodus), el albergue para personas migrantes en Agua Prieta Sonora, se traslad\u00f3 de su casa de 20 a\u00f1os en la Iglesia Cat\u00f3lica de la Sagrada Familia a una nueva ubicaci\u00f3n en otra propiedad perteneciente a la iglesia. Las nuevas instalaciones duplican con creces el n\u00famero de personas que pueden ser atendidas.<\/p>\n\n<p>El refugio ahora alberga a dos o tres familias que han estado all\u00ed desde el a\u00f1o pasado antes del cierre de la frontera. Adem\u00e1s, personas nuevas, en su mayor\u00eda hombres j\u00f3venes y solteros de M\u00e9xico o Centroam\u00e9rica, llegan todos los d\u00edas y se quedan solo unos d\u00edas antes de regresar a su hogar o intentar cruzar nuevamente a los EE.UU. Estos hombres han sido expulsados de los EE.UU. bajo el T\u00edtulo 42 de la ley de salud de los EE. UU. Esta ley permite que cualquier agente de la Patrulla Fronteriza u Oficial de Aduanas de los EE.UU. detenga y expulse de los EE. UU. a cualquier persona indocumentada debido a la amenaza del Covid-19. Actualmente, entre 50 y 100 personas expulsadas por la Patrulla Fronteriza llegan diariamente a Agua Prieta. La mayor\u00eda de estas personas no se quedan en CAME, pero aproximadamente de 10 a 20 pasar\u00e1n algunas noches en el refugio antes de reanudar su viaje.<\/p>\n\n<ul class=\"wp-block-list\"><li>Demos gracias por la apertura del nuevo centro CAME.<\/li><li>Regocij\u00e9monos de que muchas personas hayan donado dinero, tiempo y materiales para el nuevo edificio.<\/li><li>Oremos por las personas voluntarias que han estado en CAME durante la pandemia.<\/li><li>Ofrezcamos bendiciones a las personas migrantes que han permanecido en Agua Prieta por m\u00e1s de un a\u00f1o, esperando la oportunidad de solicitar asilo.<\/li><li>Digamos una oraci\u00f3n especial por la persona ocupando la posici\u00f3n de direcci\u00f3n de CAME que contin\u00faa liderando con valent\u00eda, sabidur\u00eda, compasi\u00f3n y calma.<\/li><li>Oremos para que pronto se vuelva a abrir la frontera entre Estados Unidos y M\u00e9xico para las personas solicitantes de asilo y todas las dem\u00e1s personas viajeras.<\/li><\/ul>\n\n<figure class=\"wp-block-image size-large is-resized\"><img fetchpriority=\"high\" decoding=\"async\" src=\"https:\/\/cpt.org\/wp-content\/uploads\/\/210505-borderlands.1-768x1024.jpg\" alt=\"\" class=\"wp-image-23474\" width=\"768\" height=\"1024\" srcset=\"https:\/\/cpt.org\/wp-content\/uploads\/210505-borderlands.1-768x1024.jpg 768w, https:\/\/cpt.org\/wp-content\/uploads\/210505-borderlands.1-225x300.jpg 225w, https:\/\/cpt.org\/wp-content\/uploads\/210505-borderlands.1.jpg 800w\" sizes=\"(max-width: 768px) 100vw, 768px\" \/><\/figure>\n","protected":false},"excerpt":{"rendered":"<p>Demos gracias por la apertura del nuevo centro CAME.<\/p>\n","protected":false},"author":6,"featured_media":23478,"comment_status":"closed","ping_status":"closed","sticky":false,"template":"","format":"standard","meta":{"footnotes":""},"categories":[209],"tags":[187],"class_list":["post-23480","post","type-post","status-publish","format-standard","has-post-thumbnail","hentry","category-tierras-fronterizas","tag-oraciones-por-les-trabajadores-de-paz"],"yoast_head":"<!-- This site is optimized with the Yoast SEO Premium plugin v27.5 (Yoast SEO v27.5) - https:\/\/yoast.com\/product\/yoast-seo-premium-wordpress\/ -->\n<title>Oraciones por les Hacedores de Paz, 4 de mayo del 2021 Zona Fronteriza (Douglas. AZ-US \/ Agua Prieta, SO-MX)<\/title>\n<meta name=\"description\" content=\"Equipos y Comunidades de Acci\u00f3n por la Paz construye alianzas para transformar la violencia y la opresi\u00f3n. M\u00e1s de 35 a\u00f1os de acci\u00f3n por la paz y la justicia.\" \/>\n<meta name=\"robots\" content=\"index, follow, max-snippet:-1, max-image-preview:large, max-video-preview:-1\" \/>\n<link rel=\"canonical\" href=\"https:\/\/cpt.org\/es\/2021\/05\/05\/https-cpt-org-es-cptnet-2021-05-05-prayers-peacemakers-5-may-2021-usmexico-borderlands\" \/>\n<meta property=\"og:locale\" content=\"es_ES\" \/>\n<meta property=\"og:type\" content=\"article\" \/>\n<meta property=\"og:title\" content=\"Oraciones por les Hacedores de Paz, 4 de mayo del 2021 Zona Fronteriza (Douglas. AZ-US \/ Agua Prieta, SO-MX)\" \/>\n<meta property=\"og:description\" content=\"Community Peacemaker Teams builds partnerships to transform violence and oppression. Over 35 years of action for peace and justice.\" \/>\n<meta property=\"og:url\" content=\"https:\/\/cpt.org\/es\/2021\/05\/05\/https-cpt-org-es-cptnet-2021-05-05-prayers-peacemakers-5-may-2021-usmexico-borderlands\" \/>\n<meta property=\"og:site_name\" content=\"Equipos y Comunidades de Acci\u00f3n por la Paz\" \/>\n<meta property=\"article:publisher\" content=\"https:\/\/www.facebook.com\/cpters\" \/>\n<meta property=\"article:published_time\" content=\"2021-05-06T04:44:02+00:00\" \/>\n<meta property=\"article:modified_time\" content=\"2022-01-11T23:50:56+00:00\" \/>\n<meta property=\"og:image\" content=\"https:\/\/cpt.org\/wp-content\/uploads\/210505-borderlands.jpg\" \/>\n\t<meta property=\"og:image:width\" content=\"800\" \/>\n\t<meta property=\"og:image:height\" content=\"600\" \/>\n\t<meta property=\"og:image:type\" content=\"image\/jpeg\" \/>\n<meta name=\"author\" content=\"CPT International\" \/>\n<meta name=\"twitter:card\" content=\"summary_large_image\" \/>\n<meta name=\"twitter:creator\" content=\"@cpt_intl\" \/>\n<meta name=\"twitter:site\" content=\"@cpt_intl\" \/>\n<meta name=\"twitter:label1\" content=\"Escrito por\" \/>\n\t<meta name=\"twitter:data1\" content=\"CPT International\" \/>\n\t<meta name=\"twitter:label2\" content=\"Tiempo de lectura\" \/>\n\t<meta name=\"twitter:data2\" content=\"2 minutos\" \/>\n<script type=\"application\/ld+json\" class=\"yoast-schema-graph\">{\"@context\":\"https:\\\/\\\/schema.org\",\"@graph\":[{\"@type\":\"Article\",\"@id\":\"https:\\\/\\\/cpt.org\\\/es\\\/2021\\\/05\\\/05\\\/https-cpt-org-es-cptnet-2021-05-05-prayers-peacemakers-5-may-2021-usmexico-borderlands#article\",\"isPartOf\":{\"@id\":\"https:\\\/\\\/cpt.org\\\/es\\\/2021\\\/05\\\/05\\\/https-cpt-org-es-cptnet-2021-05-05-prayers-peacemakers-5-may-2021-usmexico-borderlands\"},\"author\":{\"name\":\"CPT International\",\"@id\":\"https:\\\/\\\/cpt.org\\\/es#\\\/schema\\\/person\\\/c6038b679ef37138ad9c71cbbc2dc6d2\"},\"headline\":\"Oraciones por les Hacedores de Paz, 4 de mayo del 2021 Zona Fronteriza (Douglas. AZ-US \\\/ Agua Prieta, SO-MX)\",\"datePublished\":\"2021-05-06T04:44:02+00:00\",\"dateModified\":\"2022-01-11T23:50:56+00:00\",\"mainEntityOfPage\":{\"@id\":\"https:\\\/\\\/cpt.org\\\/es\\\/2021\\\/05\\\/05\\\/https-cpt-org-es-cptnet-2021-05-05-prayers-peacemakers-5-may-2021-usmexico-borderlands\"},\"wordCount\":369,\"publisher\":{\"@id\":\"https:\\\/\\\/cpt.org\\\/es#organization\"},\"image\":{\"@id\":\"https:\\\/\\\/cpt.org\\\/es\\\/2021\\\/05\\\/05\\\/https-cpt-org-es-cptnet-2021-05-05-prayers-peacemakers-5-may-2021-usmexico-borderlands#primaryimage\"},\"thumbnailUrl\":\"https:\\\/\\\/cpt.org\\\/wp-content\\\/uploads\\\/210505-borderlands.jpg\",\"keywords\":[\"Oraciones por les Trabajadores de Paz\"],\"articleSection\":[\"Tierras Fronterizas\"],\"inLanguage\":\"es\"},{\"@type\":\"WebPage\",\"@id\":\"https:\\\/\\\/cpt.org\\\/es\\\/2021\\\/05\\\/05\\\/https-cpt-org-es-cptnet-2021-05-05-prayers-peacemakers-5-may-2021-usmexico-borderlands\",\"url\":\"https:\\\/\\\/cpt.org\\\/es\\\/2021\\\/05\\\/05\\\/https-cpt-org-es-cptnet-2021-05-05-prayers-peacemakers-5-may-2021-usmexico-borderlands\",\"name\":\"Oraciones por les Hacedores de Paz, 4 de mayo del 2021 Zona Fronteriza (Douglas. AZ-US \\\/ Agua Prieta, SO-MX)\",\"isPartOf\":{\"@id\":\"https:\\\/\\\/cpt.org\\\/es#website\"},\"primaryImageOfPage\":{\"@id\":\"https:\\\/\\\/cpt.org\\\/es\\\/2021\\\/05\\\/05\\\/https-cpt-org-es-cptnet-2021-05-05-prayers-peacemakers-5-may-2021-usmexico-borderlands#primaryimage\"},\"image\":{\"@id\":\"https:\\\/\\\/cpt.org\\\/es\\\/2021\\\/05\\\/05\\\/https-cpt-org-es-cptnet-2021-05-05-prayers-peacemakers-5-may-2021-usmexico-borderlands#primaryimage\"},\"thumbnailUrl\":\"https:\\\/\\\/cpt.org\\\/wp-content\\\/uploads\\\/210505-borderlands.jpg\",\"datePublished\":\"2021-05-06T04:44:02+00:00\",\"dateModified\":\"2022-01-11T23:50:56+00:00\",\"description\":\"Equipos y Comunidades de Acci\u00f3n por la Paz construye alianzas para transformar la violencia y la opresi\u00f3n. M\u00e1s de 35 a\u00f1os de acci\u00f3n por la paz y la justicia.\",\"breadcrumb\":{\"@id\":\"https:\\\/\\\/cpt.org\\\/es\\\/2021\\\/05\\\/05\\\/https-cpt-org-es-cptnet-2021-05-05-prayers-peacemakers-5-may-2021-usmexico-borderlands#breadcrumb\"},\"inLanguage\":\"es\",\"potentialAction\":[{\"@type\":\"ReadAction\",\"target\":[\"https:\\\/\\\/cpt.org\\\/es\\\/2021\\\/05\\\/05\\\/https-cpt-org-es-cptnet-2021-05-05-prayers-peacemakers-5-may-2021-usmexico-borderlands\"]}]},{\"@type\":\"ImageObject\",\"inLanguage\":\"es\",\"@id\":\"https:\\\/\\\/cpt.org\\\/es\\\/2021\\\/05\\\/05\\\/https-cpt-org-es-cptnet-2021-05-05-prayers-peacemakers-5-may-2021-usmexico-borderlands#primaryimage\",\"url\":\"https:\\\/\\\/cpt.org\\\/wp-content\\\/uploads\\\/210505-borderlands.jpg\",\"contentUrl\":\"https:\\\/\\\/cpt.org\\\/wp-content\\\/uploads\\\/210505-borderlands.jpg\",\"width\":800,\"height\":600,\"caption\":\"El nuevo centro CAME que duplicar\u00e1 la capacidad de atenci\u00f3n a migrantes en Agua Prieta\"},{\"@type\":\"BreadcrumbList\",\"@id\":\"https:\\\/\\\/cpt.org\\\/es\\\/2021\\\/05\\\/05\\\/https-cpt-org-es-cptnet-2021-05-05-prayers-peacemakers-5-may-2021-usmexico-borderlands#breadcrumb\",\"itemListElement\":[{\"@type\":\"ListItem\",\"position\":1,\"name\":\"Home\",\"item\":\"https:\\\/\\\/cpt.org\\\/es\"},{\"@type\":\"ListItem\",\"position\":2,\"name\":\"Oraciones por les Hacedores de Paz, 4 de mayo del 2021 Zona Fronteriza (Douglas. AZ-US \\\/ Agua Prieta, SO-MX)\"}]},{\"@type\":\"WebSite\",\"@id\":\"https:\\\/\\\/cpt.org\\\/es#website\",\"url\":\"https:\\\/\\\/cpt.org\\\/es\",\"name\":\"Equipos y Comunidades de Acci\u00f3n por la Paz\",\"description\":\"Building partnerships to transform violence and oppression\",\"publisher\":{\"@id\":\"https:\\\/\\\/cpt.org\\\/es#organization\"},\"potentialAction\":[{\"@type\":\"SearchAction\",\"target\":{\"@type\":\"EntryPoint\",\"urlTemplate\":\"https:\\\/\\\/cpt.org\\\/es?s={search_term_string}\"},\"query-input\":{\"@type\":\"PropertyValueSpecification\",\"valueRequired\":true,\"valueName\":\"search_term_string\"}}],\"inLanguage\":\"es\"},{\"@type\":\"Organization\",\"@id\":\"https:\\\/\\\/cpt.org\\\/es#organization\",\"name\":\"Equipos y Comunidades de Acci\u00f3n por la Paz\",\"url\":\"https:\\\/\\\/cpt.org\\\/es\",\"logo\":{\"@type\":\"ImageObject\",\"inLanguage\":\"es\",\"@id\":\"https:\\\/\\\/cpt.org\\\/es#\\\/schema\\\/logo\\\/image\\\/\",\"url\":\"https:\\\/\\\/cpt.org\\\/wp-content\\\/uploads\\\/logoCPT-red-2.png\",\"contentUrl\":\"https:\\\/\\\/cpt.org\\\/wp-content\\\/uploads\\\/logoCPT-red-2.png\",\"width\":1730,\"height\":840,\"caption\":\"Equipos y Comunidades de Acci\u00f3n por la Paz\"},\"image\":{\"@id\":\"https:\\\/\\\/cpt.org\\\/es#\\\/schema\\\/logo\\\/image\\\/\"},\"sameAs\":[\"https:\\\/\\\/www.facebook.com\\\/cpters\",\"https:\\\/\\\/x.com\\\/cpt_intl\",\"https:\\\/\\\/www.instagram.com\\\/cpteams\\\/\",\"https:\\\/\\\/www.youtube.com\\\/user\\\/cptvideos\"]},{\"@type\":\"Person\",\"@id\":\"https:\\\/\\\/cpt.org\\\/es#\\\/schema\\\/person\\\/c6038b679ef37138ad9c71cbbc2dc6d2\",\"name\":\"CPT International\",\"image\":{\"@type\":\"ImageObject\",\"inLanguage\":\"es\",\"@id\":\"https:\\\/\\\/secure.gravatar.com\\\/avatar\\\/bf28088c013305e8a0e111ef9874efc660e60de8280d1b708d7cfcb132e61262?s=96&r=g\",\"url\":\"https:\\\/\\\/secure.gravatar.com\\\/avatar\\\/bf28088c013305e8a0e111ef9874efc660e60de8280d1b708d7cfcb132e61262?s=96&r=g\",\"contentUrl\":\"https:\\\/\\\/secure.gravatar.com\\\/avatar\\\/bf28088c013305e8a0e111ef9874efc660e60de8280d1b708d7cfcb132e61262?s=96&r=g\",\"caption\":\"CPT International\"},\"url\":\"https:\\\/\\\/cpt.org\\\/es\\\/author\\\/cpt\"}]}<\/script>\n<!-- \/ Yoast SEO Premium plugin. -->","yoast_head_json":{"title":"Oraciones por les Hacedores de Paz, 4 de mayo del 2021 Zona Fronteriza (Douglas. AZ-US \/ Agua Prieta, SO-MX)","description":"Equipos y Comunidades de Acci\u00f3n por la Paz construye alianzas para transformar la violencia y la opresi\u00f3n. M\u00e1s de 35 a\u00f1os de acci\u00f3n por la paz y la justicia.","robots":{"index":"index","follow":"follow","max-snippet":"max-snippet:-1","max-image-preview":"max-image-preview:large","max-video-preview":"max-video-preview:-1"},"canonical":"https:\/\/cpt.org\/es\/2021\/05\/05\/https-cpt-org-es-cptnet-2021-05-05-prayers-peacemakers-5-may-2021-usmexico-borderlands","og_locale":"es_ES","og_type":"article","og_title":"Oraciones por les Hacedores de Paz, 4 de mayo del 2021 Zona Fronteriza (Douglas. AZ-US \/ Agua Prieta, SO-MX)","og_description":"Community Peacemaker Teams builds partnerships to transform violence and oppression. Over 35 years of action for peace and justice.","og_url":"https:\/\/cpt.org\/es\/2021\/05\/05\/https-cpt-org-es-cptnet-2021-05-05-prayers-peacemakers-5-may-2021-usmexico-borderlands","og_site_name":"Equipos y Comunidades de Acci\u00f3n por la Paz","article_publisher":"https:\/\/www.facebook.com\/cpters","article_published_time":"2021-05-06T04:44:02+00:00","article_modified_time":"2022-01-11T23:50:56+00:00","og_image":[{"width":800,"height":600,"url":"https:\/\/cpt.org\/wp-content\/uploads\/210505-borderlands.jpg","type":"image\/jpeg"}],"author":"CPT International","twitter_card":"summary_large_image","twitter_creator":"@cpt_intl","twitter_site":"@cpt_intl","twitter_misc":{"Escrito por":"CPT International","Tiempo de lectura":"2 minutos"},"schema":{"@context":"https:\/\/schema.org","@graph":[{"@type":"Article","@id":"https:\/\/cpt.org\/es\/2021\/05\/05\/https-cpt-org-es-cptnet-2021-05-05-prayers-peacemakers-5-may-2021-usmexico-borderlands#article","isPartOf":{"@id":"https:\/\/cpt.org\/es\/2021\/05\/05\/https-cpt-org-es-cptnet-2021-05-05-prayers-peacemakers-5-may-2021-usmexico-borderlands"},"author":{"name":"CPT International","@id":"https:\/\/cpt.org\/es#\/schema\/person\/c6038b679ef37138ad9c71cbbc2dc6d2"},"headline":"Oraciones por les Hacedores de Paz, 4 de mayo del 2021 Zona Fronteriza (Douglas. AZ-US \/ Agua Prieta, SO-MX)","datePublished":"2021-05-06T04:44:02+00:00","dateModified":"2022-01-11T23:50:56+00:00","mainEntityOfPage":{"@id":"https:\/\/cpt.org\/es\/2021\/05\/05\/https-cpt-org-es-cptnet-2021-05-05-prayers-peacemakers-5-may-2021-usmexico-borderlands"},"wordCount":369,"publisher":{"@id":"https:\/\/cpt.org\/es#organization"},"image":{"@id":"https:\/\/cpt.org\/es\/2021\/05\/05\/https-cpt-org-es-cptnet-2021-05-05-prayers-peacemakers-5-may-2021-usmexico-borderlands#primaryimage"},"thumbnailUrl":"https:\/\/cpt.org\/wp-content\/uploads\/210505-borderlands.jpg","keywords":["Oraciones por les Trabajadores de Paz"],"articleSection":["Tierras Fronterizas"],"inLanguage":"es"},{"@type":"WebPage","@id":"https:\/\/cpt.org\/es\/2021\/05\/05\/https-cpt-org-es-cptnet-2021-05-05-prayers-peacemakers-5-may-2021-usmexico-borderlands","url":"https:\/\/cpt.org\/es\/2021\/05\/05\/https-cpt-org-es-cptnet-2021-05-05-prayers-peacemakers-5-may-2021-usmexico-borderlands","name":"Oraciones por les Hacedores de Paz, 4 de mayo del 2021 Zona Fronteriza (Douglas. AZ-US \/ Agua Prieta, SO-MX)","isPartOf":{"@id":"https:\/\/cpt.org\/es#website"},"primaryImageOfPage":{"@id":"https:\/\/cpt.org\/es\/2021\/05\/05\/https-cpt-org-es-cptnet-2021-05-05-prayers-peacemakers-5-may-2021-usmexico-borderlands#primaryimage"},"image":{"@id":"https:\/\/cpt.org\/es\/2021\/05\/05\/https-cpt-org-es-cptnet-2021-05-05-prayers-peacemakers-5-may-2021-usmexico-borderlands#primaryimage"},"thumbnailUrl":"https:\/\/cpt.org\/wp-content\/uploads\/210505-borderlands.jpg","datePublished":"2021-05-06T04:44:02+00:00","dateModified":"2022-01-11T23:50:56+00:00","description":"Equipos y Comunidades de Acci\u00f3n por la Paz construye alianzas para transformar la violencia y la opresi\u00f3n. M\u00e1s de 35 a\u00f1os de acci\u00f3n por la paz y la justicia.","breadcrumb":{"@id":"https:\/\/cpt.org\/es\/2021\/05\/05\/https-cpt-org-es-cptnet-2021-05-05-prayers-peacemakers-5-may-2021-usmexico-borderlands#breadcrumb"},"inLanguage":"es","potentialAction":[{"@type":"ReadAction","target":["https:\/\/cpt.org\/es\/2021\/05\/05\/https-cpt-org-es-cptnet-2021-05-05-prayers-peacemakers-5-may-2021-usmexico-borderlands"]}]},{"@type":"ImageObject","inLanguage":"es","@id":"https:\/\/cpt.org\/es\/2021\/05\/05\/https-cpt-org-es-cptnet-2021-05-05-prayers-peacemakers-5-may-2021-usmexico-borderlands#primaryimage","url":"https:\/\/cpt.org\/wp-content\/uploads\/210505-borderlands.jpg","contentUrl":"https:\/\/cpt.org\/wp-content\/uploads\/210505-borderlands.jpg","width":800,"height":600,"caption":"El nuevo centro CAME que duplicar\u00e1 la capacidad de atenci\u00f3n a migrantes en Agua Prieta"},{"@type":"BreadcrumbList","@id":"https:\/\/cpt.org\/es\/2021\/05\/05\/https-cpt-org-es-cptnet-2021-05-05-prayers-peacemakers-5-may-2021-usmexico-borderlands#breadcrumb","itemListElement":[{"@type":"ListItem","position":1,"name":"Home","item":"https:\/\/cpt.org\/es"},{"@type":"ListItem","position":2,"name":"Oraciones por les Hacedores de Paz, 4 de mayo del 2021 Zona Fronteriza (Douglas. AZ-US \/ Agua Prieta, SO-MX)"}]},{"@type":"WebSite","@id":"https:\/\/cpt.org\/es#website","url":"https:\/\/cpt.org\/es","name":"Equipos y Comunidades de Acci\u00f3n por la Paz","description":"Building partnerships to transform violence and oppression","publisher":{"@id":"https:\/\/cpt.org\/es#organization"},"potentialAction":[{"@type":"SearchAction","target":{"@type":"EntryPoint","urlTemplate":"https:\/\/cpt.org\/es?s={search_term_string}"},"query-input":{"@type":"PropertyValueSpecification","valueRequired":true,"valueName":"search_term_string"}}],"inLanguage":"es"},{"@type":"Organization","@id":"https:\/\/cpt.org\/es#organization","name":"Equipos y Comunidades de Acci\u00f3n por la Paz","url":"https:\/\/cpt.org\/es","logo":{"@type":"ImageObject","inLanguage":"es","@id":"https:\/\/cpt.org\/es#\/schema\/logo\/image\/","url":"https:\/\/cpt.org\/wp-content\/uploads\/logoCPT-red-2.png","contentUrl":"https:\/\/cpt.org\/wp-content\/uploads\/logoCPT-red-2.png","width":1730,"height":840,"caption":"Equipos y Comunidades de Acci\u00f3n por la Paz"},"image":{"@id":"https:\/\/cpt.org\/es#\/schema\/logo\/image\/"},"sameAs":["https:\/\/www.facebook.com\/cpters","https:\/\/x.com\/cpt_intl","https:\/\/www.instagram.com\/cpteams\/","https:\/\/www.youtube.com\/user\/cptvideos"]},{"@type":"Person","@id":"https:\/\/cpt.org\/es#\/schema\/person\/c6038b679ef37138ad9c71cbbc2dc6d2","name":"CPT International","image":{"@type":"ImageObject","inLanguage":"es","@id":"https:\/\/secure.gravatar.com\/avatar\/bf28088c013305e8a0e111ef9874efc660e60de8280d1b708d7cfcb132e61262?s=96&r=g","url":"https:\/\/secure.gravatar.com\/avatar\/bf28088c013305e8a0e111ef9874efc660e60de8280d1b708d7cfcb132e61262?s=96&r=g","contentUrl":"https:\/\/secure.gravatar.com\/avatar\/bf28088c013305e8a0e111ef9874efc660e60de8280d1b708d7cfcb132e61262?s=96&r=g","caption":"CPT International"},"url":"https:\/\/cpt.org\/es\/author\/cpt"}]}},"_links":{"self":[{"href":"https:\/\/cpt.org\/es\/wp-json\/wp\/v2\/posts\/23480","targetHints":{"allow":["GET"]}}],"collection":[{"href":"https:\/\/cpt.org\/es\/wp-json\/wp\/v2\/posts"}],"about":[{"href":"https:\/\/cpt.org\/es\/wp-json\/wp\/v2\/types\/post"}],"author":[{"embeddable":true,"href":"https:\/\/cpt.org\/es\/wp-json\/wp\/v2\/users\/6"}],"replies":[{"embeddable":true,"href":"https:\/\/cpt.org\/es\/wp-json\/wp\/v2\/comments?post=23480"}],"version-history":[{"count":2,"href":"https:\/\/cpt.org\/es\/wp-json\/wp\/v2\/posts\/23480\/revisions"}],"predecessor-version":[{"id":23482,"href":"https:\/\/cpt.org\/es\/wp-json\/wp\/v2\/posts\/23480\/revisions\/23482"}],"wp:featuredmedia":[{"embeddable":true,"href":"https:\/\/cpt.org\/es\/wp-json\/wp\/v2\/media\/23478"}],"wp:attachment":[{"href":"https:\/\/cpt.org\/es\/wp-json\/wp\/v2\/media?parent=23480"}],"wp:term":[{"taxonomy":"category","embeddable":true,"href":"https:\/\/cpt.org\/es\/wp-json\/wp\/v2\/categories?post=23480"},{"taxonomy":"post_tag","embeddable":true,"href":"https:\/\/cpt.org\/es\/wp-json\/wp\/v2\/tags?post=23480"}],"curies":[{"name":"wp","href":"https:\/\/api.w.org\/{rel}","templated":true}]}}