{"id":23535,"date":"2021-05-14T00:34:37","date_gmt":"2021-05-14T05:34:37","guid":{"rendered":"https:\/\/cpt.org\/2022\/01\/09\/lanzamiento-de-las-iglesias-menonitas-de-manitoba-a-la-campana-de-redaccion-de-cartas-en-solidaridad-con-les-protectores-del-agua-en-minnesota"},"modified":"2022-01-11T17:53:07","modified_gmt":"2022-01-11T23:53:07","slug":"lanzamiento-de-las-iglesias-menonitas-de-manitoba-la-campana-de-redaccion-de","status":"publish","type":"post","link":"https:\/\/cpt.org\/es\/2021\/05\/14\/lanzamiento-de-las-iglesias-menonitas-de-manitoba-la-campana-de-redaccion-de","title":{"rendered":"Lanzamiento de las iglesias menonitas de Manitoba a la campa\u00f1a de redacci\u00f3n de cartas en solidaridad con les Protectores del Agua en Minnesota"},"content":{"rendered":"\n<p><i>Traducci\u00f3n: Adriana Cabrera Vel\u00e1squez @topoetics<\/i> <\/p>\n\n\n\n<p>Varias congregaciones menonitas en Manitoba est\u00e1n enviando cartas a TD Canada Trust, exigiendo que el banco canadiense pare de financiar\u00a0 la L\u00ednea 3 del oleoducto. En Minnesota, la L\u00ednea 3 atraviesa territorio Anishinaabe sin tener consentimiento de antemano, libre e informado por parte de los pueblos ind\u00edgenas que habitan esas tierras.\u00a0 Enbridge, la compa\u00f1\u00eda canadiense, es due\u00f1a de la L\u00ednea 3 y recibe\u00a0 <a href=\"https:\/\/www.ran.org\/wp-content\/uploads\/2020\/12\/RAN-Briefing_Line3_KXL.pdf\">billones de d\u00f3lares en financiaci\u00f3n de varios bancos canadienses<\/a>. TD es el mayor financiador\u00a0 y le ha proporcionado a Enbridge $13.59 billones desde el 2016.<\/p>\n\n\n\n<p>Ind\u00edgenas Protectores del Agua en Minnesota luchan para proteger sus territorios y agua de la L\u00ednea 3. Si se construye, la L\u00ednea 3 destruir\u00eda los cultivos sagrados de arroz salvaje de los que depende el Pueblo Anishinaabe para sostener su alimento, cultura y estilo de vida.  Adem\u00e1s, la L\u00ednea 3 contribuir\u00eda a un da\u00f1o clim\u00e1tico equivalente al de 50 plantas el\u00e9ctricas operadas a base de carb\u00f3n. El oleoducto podr\u00eda poner en peligro m\u00e1s de 800 humedales y 200 cursos fluviales.<\/p>\n\n\n\n<p>En Minnesota, les Protectores del Agua Anishinaabe est\u00e1n literalmente poniendo sus cuerpos en la primera l\u00ednea, construyendo numerosos campamentos de resistencia a lo largo del trayecto del oleoducto y encaden\u00e1ndose al equipo de construcci\u00f3n. La polic\u00eda ya ha arrestado docenas de personas. Al Norte de la frontera colonial, el segmento canadiense de la L\u00ednea 3 ya fue construido.<\/p>\n\n\n\n<iframe src=\"https:\/\/www.facebook.com\/plugins\/video.php?height=314&amp;href=https%3A%2F%2Fwww.facebook.com%2Fmbenergyjustice%2Fvideos%2F470266007547765%2F&amp;show_text=true&amp;width=560&amp;t=0\" style=\"border:none;overflow:hidden\" scrolling=\"no\" allowfullscreen=\"true\" allow=\"autoplay; clipboard-write; encrypted-media; picture-in-picture; web-share\" width=\"560\" height=\"429\" frameborder=\"0\"><\/iframe>\n\n\n\n<p>Pero en la peque\u00f1a poblaci\u00f3n de Gretna, Manitoba, una estaci\u00f3n de bombeo de Enbridge permanece como recordatorio de aquellas personas que luchan y resisten la construcci\u00f3n del oleoducto unos metros m\u00e1s abajo.<\/p>\n\n\n\n<p>Varias iglesias menonitas han comenzado a enviar cartas a la gerencia de TD, urgiendo al banco a desinvertir en la L\u00ednea 3. Algunes asistentes a la iglesia que en la actualidad tienen cuentas bancarias en TD han advertido su intenci\u00f3n de trasladarse a otros bancos. Otras personas est\u00e1n participando en acciones p\u00fablicas a la entrada de varias sucursales de TD, tal como sucedi\u00f3 en la acci\u00f3n organizada por La Manitoba Energy Justice Coalition (Coalici\u00f3n para la Justicia Energ\u00e9tica de Manitoba) durante el D\u00eda Mundial de la Justicia Social el pasado 8 de mayo.<\/p>\n\n\n\n<p>Para participar en la campa\u00f1a de redacci\u00f3n de cartas dirigidas a TD Bank, use esta <a href=\"https:\/\/drive.google.com\/file\/d\/1LFT3sdrUn2YlTbvEqEfJ69qWeaZSq9vC\/view\">plantilla<\/a>. Si usted vive en Manitoba, le animamos a enviar su carta por correo ordinario a la direcci\u00f3n indicada. De lo contrario env\u00ede su carta por correo electr\u00f3nico o copia en f\u00edsico a la sucursal de TD branch m\u00e1s cercana. Si usted tiene preguntas sobre la campa\u00f1a, no dude en escribir a <a href=\"https:\/\/justiceteam@hopemennonite.ca\/\">justiceteam@hopemennonite.ca<\/a>.<\/p>\n","protected":false},"excerpt":{"rendered":"<p>Les Protectores del Agua Anishinaabe est\u00e1n literalmente poniendo sus cuerpos en la primera l\u00ednea.<\/p>\n","protected":false},"author":10,"featured_media":23533,"comment_status":"closed","ping_status":"closed","sticky":false,"template":"","format":"standard","meta":{"footnotes":""},"categories":[241],"tags":[],"class_list":["post-23535","post","type-post","status-publish","format-standard","has-post-thumbnail","hentry","category-red-de-solidaridad-de-la-isla-tortuga"],"yoast_head":"<!-- This site is optimized with the Yoast SEO Premium plugin v27.4 (Yoast SEO v27.4) - https:\/\/yoast.com\/product\/yoast-seo-premium-wordpress\/ -->\n<title>Lanzamiento de las iglesias menonitas de Manitoba a la campa\u00f1a de redacci\u00f3n de cartas en solidaridad con les Protectores del Agua en Minnesota<\/title>\n<meta name=\"description\" content=\"Equipos y Comunidades de Acci\u00f3n por la Paz construye alianzas para transformar la violencia y la opresi\u00f3n. M\u00e1s de 35 a\u00f1os de acci\u00f3n por la paz y la justicia.\" \/>\n<meta name=\"robots\" content=\"index, follow, max-snippet:-1, max-image-preview:large, max-video-preview:-1\" \/>\n<link rel=\"canonical\" href=\"https:\/\/cpt.org\/es\/2021\/05\/14\/lanzamiento-de-las-iglesias-menonitas-de-manitoba-la-campana-de-redaccion-de\" \/>\n<meta property=\"og:locale\" content=\"es_ES\" \/>\n<meta property=\"og:type\" content=\"article\" \/>\n<meta property=\"og:title\" content=\"Lanzamiento de las iglesias menonitas de Manitoba a la campa\u00f1a de redacci\u00f3n de cartas en solidaridad con les Protectores del Agua en Minnesota\" \/>\n<meta property=\"og:description\" content=\"Community Peacemaker Teams builds partnerships to transform violence and oppression. Over 35 years of action for peace and justice.\" \/>\n<meta property=\"og:url\" content=\"https:\/\/cpt.org\/es\/2021\/05\/14\/lanzamiento-de-las-iglesias-menonitas-de-manitoba-la-campana-de-redaccion-de\" \/>\n<meta property=\"og:site_name\" content=\"Equipos y Comunidades de Acci\u00f3n por la Paz\" \/>\n<meta property=\"article:publisher\" content=\"https:\/\/www.facebook.com\/cpters\" \/>\n<meta property=\"article:published_time\" content=\"2021-05-14T05:34:37+00:00\" \/>\n<meta property=\"article:modified_time\" content=\"2022-01-11T23:53:07+00:00\" \/>\n<meta property=\"og:image\" content=\"https:\/\/cpt.org\/wp-content\/uploads\/210514-tisnjpg.jpg\" \/>\n\t<meta property=\"og:image:width\" content=\"1001\" \/>\n\t<meta property=\"og:image:height\" content=\"1001\" \/>\n\t<meta property=\"og:image:type\" content=\"image\/jpeg\" \/>\n<meta name=\"author\" content=\"CPT Turtle Island Solidarity Network\" \/>\n<meta name=\"twitter:card\" content=\"summary_large_image\" \/>\n<meta name=\"twitter:creator\" content=\"@cpt_intl\" \/>\n<meta name=\"twitter:site\" content=\"@cpt_intl\" \/>\n<meta name=\"twitter:label1\" content=\"Escrito por\" \/>\n\t<meta name=\"twitter:data1\" content=\"CPT Turtle Island Solidarity Network\" \/>\n\t<meta name=\"twitter:label2\" content=\"Tiempo de lectura\" \/>\n\t<meta name=\"twitter:data2\" content=\"2 minutos\" \/>\n<script type=\"application\/ld+json\" class=\"yoast-schema-graph\">{\"@context\":\"https:\\\/\\\/schema.org\",\"@graph\":[{\"@type\":\"Article\",\"@id\":\"https:\\\/\\\/cpt.org\\\/es\\\/2021\\\/05\\\/14\\\/lanzamiento-de-las-iglesias-menonitas-de-manitoba-la-campana-de-redaccion-de#article\",\"isPartOf\":{\"@id\":\"https:\\\/\\\/cpt.org\\\/es\\\/2021\\\/05\\\/14\\\/lanzamiento-de-las-iglesias-menonitas-de-manitoba-la-campana-de-redaccion-de\"},\"author\":{\"name\":\"CPT Turtle Island Solidarity Network\",\"@id\":\"https:\\\/\\\/cpt.org\\\/es#\\\/schema\\\/person\\\/0397463f80e186355b1b332a94573147\"},\"headline\":\"Lanzamiento de las iglesias menonitas de Manitoba a la campa\u00f1a de redacci\u00f3n de cartas en solidaridad con les Protectores del Agua en Minnesota\",\"datePublished\":\"2021-05-14T05:34:37+00:00\",\"dateModified\":\"2022-01-11T23:53:07+00:00\",\"mainEntityOfPage\":{\"@id\":\"https:\\\/\\\/cpt.org\\\/es\\\/2021\\\/05\\\/14\\\/lanzamiento-de-las-iglesias-menonitas-de-manitoba-la-campana-de-redaccion-de\"},\"wordCount\":488,\"publisher\":{\"@id\":\"https:\\\/\\\/cpt.org\\\/es#organization\"},\"image\":{\"@id\":\"https:\\\/\\\/cpt.org\\\/es\\\/2021\\\/05\\\/14\\\/lanzamiento-de-las-iglesias-menonitas-de-manitoba-la-campana-de-redaccion-de#primaryimage\"},\"thumbnailUrl\":\"https:\\\/\\\/cpt.org\\\/wp-content\\\/uploads\\\/210514-tisnjpg.jpg\",\"articleSection\":[\"Red de Solidaridad de la Isla Tortuga\"],\"inLanguage\":\"es\"},{\"@type\":\"WebPage\",\"@id\":\"https:\\\/\\\/cpt.org\\\/es\\\/2021\\\/05\\\/14\\\/lanzamiento-de-las-iglesias-menonitas-de-manitoba-la-campana-de-redaccion-de\",\"url\":\"https:\\\/\\\/cpt.org\\\/es\\\/2021\\\/05\\\/14\\\/lanzamiento-de-las-iglesias-menonitas-de-manitoba-la-campana-de-redaccion-de\",\"name\":\"Lanzamiento de las iglesias menonitas de Manitoba a la campa\u00f1a de redacci\u00f3n de cartas en solidaridad con les Protectores del Agua en Minnesota\",\"isPartOf\":{\"@id\":\"https:\\\/\\\/cpt.org\\\/es#website\"},\"primaryImageOfPage\":{\"@id\":\"https:\\\/\\\/cpt.org\\\/es\\\/2021\\\/05\\\/14\\\/lanzamiento-de-las-iglesias-menonitas-de-manitoba-la-campana-de-redaccion-de#primaryimage\"},\"image\":{\"@id\":\"https:\\\/\\\/cpt.org\\\/es\\\/2021\\\/05\\\/14\\\/lanzamiento-de-las-iglesias-menonitas-de-manitoba-la-campana-de-redaccion-de#primaryimage\"},\"thumbnailUrl\":\"https:\\\/\\\/cpt.org\\\/wp-content\\\/uploads\\\/210514-tisnjpg.jpg\",\"datePublished\":\"2021-05-14T05:34:37+00:00\",\"dateModified\":\"2022-01-11T23:53:07+00:00\",\"description\":\"Equipos y Comunidades de Acci\u00f3n por la Paz construye alianzas para transformar la violencia y la opresi\u00f3n. M\u00e1s de 35 a\u00f1os de acci\u00f3n por la paz y la justicia.\",\"breadcrumb\":{\"@id\":\"https:\\\/\\\/cpt.org\\\/es\\\/2021\\\/05\\\/14\\\/lanzamiento-de-las-iglesias-menonitas-de-manitoba-la-campana-de-redaccion-de#breadcrumb\"},\"inLanguage\":\"es\",\"potentialAction\":[{\"@type\":\"ReadAction\",\"target\":[\"https:\\\/\\\/cpt.org\\\/es\\\/2021\\\/05\\\/14\\\/lanzamiento-de-las-iglesias-menonitas-de-manitoba-la-campana-de-redaccion-de\"]}]},{\"@type\":\"ImageObject\",\"inLanguage\":\"es\",\"@id\":\"https:\\\/\\\/cpt.org\\\/es\\\/2021\\\/05\\\/14\\\/lanzamiento-de-las-iglesias-menonitas-de-manitoba-la-campana-de-redaccion-de#primaryimage\",\"url\":\"https:\\\/\\\/cpt.org\\\/wp-content\\\/uploads\\\/210514-tisnjpg.jpg\",\"contentUrl\":\"https:\\\/\\\/cpt.org\\\/wp-content\\\/uploads\\\/210514-tisnjpg.jpg\",\"width\":1001,\"height\":1001,\"caption\":\"\u00a1Estamos aqu\u00ed para proteger el agua, revocar los permisos! Manifestaci\u00f3n en St. Paul, Minnesota\"},{\"@type\":\"BreadcrumbList\",\"@id\":\"https:\\\/\\\/cpt.org\\\/es\\\/2021\\\/05\\\/14\\\/lanzamiento-de-las-iglesias-menonitas-de-manitoba-la-campana-de-redaccion-de#breadcrumb\",\"itemListElement\":[{\"@type\":\"ListItem\",\"position\":1,\"name\":\"Home\",\"item\":\"https:\\\/\\\/cpt.org\\\/es\"},{\"@type\":\"ListItem\",\"position\":2,\"name\":\"Lanzamiento de las iglesias menonitas de Manitoba a la campa\u00f1a de redacci\u00f3n de cartas en solidaridad con les Protectores del Agua en Minnesota\"}]},{\"@type\":\"WebSite\",\"@id\":\"https:\\\/\\\/cpt.org\\\/es#website\",\"url\":\"https:\\\/\\\/cpt.org\\\/es\",\"name\":\"Equipos y Comunidades de Acci\u00f3n por la Paz\",\"description\":\"Building partnerships to transform violence and oppression\",\"publisher\":{\"@id\":\"https:\\\/\\\/cpt.org\\\/es#organization\"},\"potentialAction\":[{\"@type\":\"SearchAction\",\"target\":{\"@type\":\"EntryPoint\",\"urlTemplate\":\"https:\\\/\\\/cpt.org\\\/es?s={search_term_string}\"},\"query-input\":{\"@type\":\"PropertyValueSpecification\",\"valueRequired\":true,\"valueName\":\"search_term_string\"}}],\"inLanguage\":\"es\"},{\"@type\":\"Organization\",\"@id\":\"https:\\\/\\\/cpt.org\\\/es#organization\",\"name\":\"Equipos y Comunidades de Acci\u00f3n por la Paz\",\"url\":\"https:\\\/\\\/cpt.org\\\/es\",\"logo\":{\"@type\":\"ImageObject\",\"inLanguage\":\"es\",\"@id\":\"https:\\\/\\\/cpt.org\\\/es#\\\/schema\\\/logo\\\/image\\\/\",\"url\":\"https:\\\/\\\/cpt.org\\\/wp-content\\\/uploads\\\/logoCPT-red-2.png\",\"contentUrl\":\"https:\\\/\\\/cpt.org\\\/wp-content\\\/uploads\\\/logoCPT-red-2.png\",\"width\":1730,\"height\":840,\"caption\":\"Equipos y Comunidades de Acci\u00f3n por la Paz\"},\"image\":{\"@id\":\"https:\\\/\\\/cpt.org\\\/es#\\\/schema\\\/logo\\\/image\\\/\"},\"sameAs\":[\"https:\\\/\\\/www.facebook.com\\\/cpters\",\"https:\\\/\\\/x.com\\\/cpt_intl\",\"https:\\\/\\\/www.instagram.com\\\/cpteams\\\/\",\"https:\\\/\\\/www.youtube.com\\\/user\\\/cptvideos\"]},{\"@type\":\"Person\",\"@id\":\"https:\\\/\\\/cpt.org\\\/es#\\\/schema\\\/person\\\/0397463f80e186355b1b332a94573147\",\"name\":\"CPT Turtle Island Solidarity Network\",\"image\":{\"@type\":\"ImageObject\",\"inLanguage\":\"es\",\"@id\":\"https:\\\/\\\/secure.gravatar.com\\\/avatar\\\/f8e2893a53064397ff49fc77fc0def4a639ed2a4f6d2100ceb46e18e988b0b01?s=96&r=g\",\"url\":\"https:\\\/\\\/secure.gravatar.com\\\/avatar\\\/f8e2893a53064397ff49fc77fc0def4a639ed2a4f6d2100ceb46e18e988b0b01?s=96&r=g\",\"contentUrl\":\"https:\\\/\\\/secure.gravatar.com\\\/avatar\\\/f8e2893a53064397ff49fc77fc0def4a639ed2a4f6d2100ceb46e18e988b0b01?s=96&r=g\",\"caption\":\"CPT Turtle Island Solidarity Network\"},\"url\":\"https:\\\/\\\/cpt.org\\\/es\\\/author\\\/cpt-turtle-island-solidarity-network\"}]}<\/script>\n<!-- \/ Yoast SEO Premium plugin. -->","yoast_head_json":{"title":"Lanzamiento de las iglesias menonitas de Manitoba a la campa\u00f1a de redacci\u00f3n de cartas en solidaridad con les Protectores del Agua en Minnesota","description":"Equipos y Comunidades de Acci\u00f3n por la Paz construye alianzas para transformar la violencia y la opresi\u00f3n. M\u00e1s de 35 a\u00f1os de acci\u00f3n por la paz y la justicia.","robots":{"index":"index","follow":"follow","max-snippet":"max-snippet:-1","max-image-preview":"max-image-preview:large","max-video-preview":"max-video-preview:-1"},"canonical":"https:\/\/cpt.org\/es\/2021\/05\/14\/lanzamiento-de-las-iglesias-menonitas-de-manitoba-la-campana-de-redaccion-de","og_locale":"es_ES","og_type":"article","og_title":"Lanzamiento de las iglesias menonitas de Manitoba a la campa\u00f1a de redacci\u00f3n de cartas en solidaridad con les Protectores del Agua en Minnesota","og_description":"Community Peacemaker Teams builds partnerships to transform violence and oppression. Over 35 years of action for peace and justice.","og_url":"https:\/\/cpt.org\/es\/2021\/05\/14\/lanzamiento-de-las-iglesias-menonitas-de-manitoba-la-campana-de-redaccion-de","og_site_name":"Equipos y Comunidades de Acci\u00f3n por la Paz","article_publisher":"https:\/\/www.facebook.com\/cpters","article_published_time":"2021-05-14T05:34:37+00:00","article_modified_time":"2022-01-11T23:53:07+00:00","og_image":[{"width":1001,"height":1001,"url":"https:\/\/cpt.org\/wp-content\/uploads\/210514-tisnjpg.jpg","type":"image\/jpeg"}],"author":"CPT Turtle Island Solidarity Network","twitter_card":"summary_large_image","twitter_creator":"@cpt_intl","twitter_site":"@cpt_intl","twitter_misc":{"Escrito por":"CPT Turtle Island Solidarity Network","Tiempo de lectura":"2 minutos"},"schema":{"@context":"https:\/\/schema.org","@graph":[{"@type":"Article","@id":"https:\/\/cpt.org\/es\/2021\/05\/14\/lanzamiento-de-las-iglesias-menonitas-de-manitoba-la-campana-de-redaccion-de#article","isPartOf":{"@id":"https:\/\/cpt.org\/es\/2021\/05\/14\/lanzamiento-de-las-iglesias-menonitas-de-manitoba-la-campana-de-redaccion-de"},"author":{"name":"CPT Turtle Island Solidarity Network","@id":"https:\/\/cpt.org\/es#\/schema\/person\/0397463f80e186355b1b332a94573147"},"headline":"Lanzamiento de las iglesias menonitas de Manitoba a la campa\u00f1a de redacci\u00f3n de cartas en solidaridad con les Protectores del Agua en Minnesota","datePublished":"2021-05-14T05:34:37+00:00","dateModified":"2022-01-11T23:53:07+00:00","mainEntityOfPage":{"@id":"https:\/\/cpt.org\/es\/2021\/05\/14\/lanzamiento-de-las-iglesias-menonitas-de-manitoba-la-campana-de-redaccion-de"},"wordCount":488,"publisher":{"@id":"https:\/\/cpt.org\/es#organization"},"image":{"@id":"https:\/\/cpt.org\/es\/2021\/05\/14\/lanzamiento-de-las-iglesias-menonitas-de-manitoba-la-campana-de-redaccion-de#primaryimage"},"thumbnailUrl":"https:\/\/cpt.org\/wp-content\/uploads\/210514-tisnjpg.jpg","articleSection":["Red de Solidaridad de la Isla Tortuga"],"inLanguage":"es"},{"@type":"WebPage","@id":"https:\/\/cpt.org\/es\/2021\/05\/14\/lanzamiento-de-las-iglesias-menonitas-de-manitoba-la-campana-de-redaccion-de","url":"https:\/\/cpt.org\/es\/2021\/05\/14\/lanzamiento-de-las-iglesias-menonitas-de-manitoba-la-campana-de-redaccion-de","name":"Lanzamiento de las iglesias menonitas de Manitoba a la campa\u00f1a de redacci\u00f3n de cartas en solidaridad con les Protectores del Agua en Minnesota","isPartOf":{"@id":"https:\/\/cpt.org\/es#website"},"primaryImageOfPage":{"@id":"https:\/\/cpt.org\/es\/2021\/05\/14\/lanzamiento-de-las-iglesias-menonitas-de-manitoba-la-campana-de-redaccion-de#primaryimage"},"image":{"@id":"https:\/\/cpt.org\/es\/2021\/05\/14\/lanzamiento-de-las-iglesias-menonitas-de-manitoba-la-campana-de-redaccion-de#primaryimage"},"thumbnailUrl":"https:\/\/cpt.org\/wp-content\/uploads\/210514-tisnjpg.jpg","datePublished":"2021-05-14T05:34:37+00:00","dateModified":"2022-01-11T23:53:07+00:00","description":"Equipos y Comunidades de Acci\u00f3n por la Paz construye alianzas para transformar la violencia y la opresi\u00f3n. M\u00e1s de 35 a\u00f1os de acci\u00f3n por la paz y la justicia.","breadcrumb":{"@id":"https:\/\/cpt.org\/es\/2021\/05\/14\/lanzamiento-de-las-iglesias-menonitas-de-manitoba-la-campana-de-redaccion-de#breadcrumb"},"inLanguage":"es","potentialAction":[{"@type":"ReadAction","target":["https:\/\/cpt.org\/es\/2021\/05\/14\/lanzamiento-de-las-iglesias-menonitas-de-manitoba-la-campana-de-redaccion-de"]}]},{"@type":"ImageObject","inLanguage":"es","@id":"https:\/\/cpt.org\/es\/2021\/05\/14\/lanzamiento-de-las-iglesias-menonitas-de-manitoba-la-campana-de-redaccion-de#primaryimage","url":"https:\/\/cpt.org\/wp-content\/uploads\/210514-tisnjpg.jpg","contentUrl":"https:\/\/cpt.org\/wp-content\/uploads\/210514-tisnjpg.jpg","width":1001,"height":1001,"caption":"\u00a1Estamos aqu\u00ed para proteger el agua, revocar los permisos! Manifestaci\u00f3n en St. Paul, Minnesota"},{"@type":"BreadcrumbList","@id":"https:\/\/cpt.org\/es\/2021\/05\/14\/lanzamiento-de-las-iglesias-menonitas-de-manitoba-la-campana-de-redaccion-de#breadcrumb","itemListElement":[{"@type":"ListItem","position":1,"name":"Home","item":"https:\/\/cpt.org\/es"},{"@type":"ListItem","position":2,"name":"Lanzamiento de las iglesias menonitas de Manitoba a la campa\u00f1a de redacci\u00f3n de cartas en solidaridad con les Protectores del Agua en Minnesota"}]},{"@type":"WebSite","@id":"https:\/\/cpt.org\/es#website","url":"https:\/\/cpt.org\/es","name":"Equipos y Comunidades de Acci\u00f3n por la Paz","description":"Building partnerships to transform violence and oppression","publisher":{"@id":"https:\/\/cpt.org\/es#organization"},"potentialAction":[{"@type":"SearchAction","target":{"@type":"EntryPoint","urlTemplate":"https:\/\/cpt.org\/es?s={search_term_string}"},"query-input":{"@type":"PropertyValueSpecification","valueRequired":true,"valueName":"search_term_string"}}],"inLanguage":"es"},{"@type":"Organization","@id":"https:\/\/cpt.org\/es#organization","name":"Equipos y Comunidades de Acci\u00f3n por la Paz","url":"https:\/\/cpt.org\/es","logo":{"@type":"ImageObject","inLanguage":"es","@id":"https:\/\/cpt.org\/es#\/schema\/logo\/image\/","url":"https:\/\/cpt.org\/wp-content\/uploads\/logoCPT-red-2.png","contentUrl":"https:\/\/cpt.org\/wp-content\/uploads\/logoCPT-red-2.png","width":1730,"height":840,"caption":"Equipos y Comunidades de Acci\u00f3n por la Paz"},"image":{"@id":"https:\/\/cpt.org\/es#\/schema\/logo\/image\/"},"sameAs":["https:\/\/www.facebook.com\/cpters","https:\/\/x.com\/cpt_intl","https:\/\/www.instagram.com\/cpteams\/","https:\/\/www.youtube.com\/user\/cptvideos"]},{"@type":"Person","@id":"https:\/\/cpt.org\/es#\/schema\/person\/0397463f80e186355b1b332a94573147","name":"CPT Turtle Island Solidarity Network","image":{"@type":"ImageObject","inLanguage":"es","@id":"https:\/\/secure.gravatar.com\/avatar\/f8e2893a53064397ff49fc77fc0def4a639ed2a4f6d2100ceb46e18e988b0b01?s=96&r=g","url":"https:\/\/secure.gravatar.com\/avatar\/f8e2893a53064397ff49fc77fc0def4a639ed2a4f6d2100ceb46e18e988b0b01?s=96&r=g","contentUrl":"https:\/\/secure.gravatar.com\/avatar\/f8e2893a53064397ff49fc77fc0def4a639ed2a4f6d2100ceb46e18e988b0b01?s=96&r=g","caption":"CPT Turtle Island Solidarity Network"},"url":"https:\/\/cpt.org\/es\/author\/cpt-turtle-island-solidarity-network"}]}},"_links":{"self":[{"href":"https:\/\/cpt.org\/es\/wp-json\/wp\/v2\/posts\/23535","targetHints":{"allow":["GET"]}}],"collection":[{"href":"https:\/\/cpt.org\/es\/wp-json\/wp\/v2\/posts"}],"about":[{"href":"https:\/\/cpt.org\/es\/wp-json\/wp\/v2\/types\/post"}],"author":[{"embeddable":true,"href":"https:\/\/cpt.org\/es\/wp-json\/wp\/v2\/users\/10"}],"replies":[{"embeddable":true,"href":"https:\/\/cpt.org\/es\/wp-json\/wp\/v2\/comments?post=23535"}],"version-history":[{"count":2,"href":"https:\/\/cpt.org\/es\/wp-json\/wp\/v2\/posts\/23535\/revisions"}],"predecessor-version":[{"id":24356,"href":"https:\/\/cpt.org\/es\/wp-json\/wp\/v2\/posts\/23535\/revisions\/24356"}],"wp:featuredmedia":[{"embeddable":true,"href":"https:\/\/cpt.org\/es\/wp-json\/wp\/v2\/media\/23533"}],"wp:attachment":[{"href":"https:\/\/cpt.org\/es\/wp-json\/wp\/v2\/media?parent=23535"}],"wp:term":[{"taxonomy":"category","embeddable":true,"href":"https:\/\/cpt.org\/es\/wp-json\/wp\/v2\/categories?post=23535"},{"taxonomy":"post_tag","embeddable":true,"href":"https:\/\/cpt.org\/es\/wp-json\/wp\/v2\/tags?post=23535"}],"curies":[{"name":"wp","href":"https:\/\/api.w.org\/{rel}","templated":true}]}}