{"id":23572,"date":"2021-05-26T01:02:40","date_gmt":"2021-05-26T06:02:40","guid":{"rendered":"https:\/\/cpt.org\/2022\/01\/09\/treaty-people-gathering-encuentro-de-personas-de-los-tratados"},"modified":"2022-01-11T17:54:20","modified_gmt":"2022-01-11T23:54:20","slug":"isla-tortuga-treaty-people-gathering-encuentro-de-personas-de-los-tratados","status":"publish","type":"post","link":"https:\/\/cpt.org\/es\/2021\/05\/26\/isla-tortuga-treaty-people-gathering-encuentro-de-personas-de-los-tratados","title":{"rendered":"\u00abTreaty People Gathering\u00bb &#8211; Encuentro de Personas de los Tratados"},"content":{"rendered":"\n<p>Durante los \u00faltimos siete a\u00f1os, las mujeres anishinaabe y sus aliades han dicho \u201cNO\u201d a la propuesta de Enbridge Energy de expandir la L\u00ednea 3, un oleoducto de arenas bituminosas muy destructivo. Trabajan incansablemente para proteger sus tierras, sus lechos de arroz silvestre\u2014que son sagrados e indispensables para todo el pueblo&#8211;, pero tambi\u00e9n a las mujeres, ni\u00f1as y otros parientes de la trata de personas debido al oleoducto. Enbridge es una compa\u00f1\u00eda canadiense que espera enviar m\u00e1s de 700.000 barriles de petr\u00f3leo de arenas bituminosas, uno de los combustibles f\u00f3siles m\u00e1s sucios, desde Alberta en Canad\u00e1 hasta Superior en Wisconsin. El oleoducto cruzara 22 cauces (incluyendo el r\u00edo Mississippi dos veces) y millas de humedales valiosos para vender a los mercados extranjeros. Como dice Winona LaDuke, les l\u00edderes ind\u00edgenas y sus aliades ambientalistas han hecho todo lo posible legalmente, han asistido a cada audiencia p\u00fablica y han hecho todo lo necesario para impedir que este oleoducto contin\u00fae impulsando el proyecto colonial de genocidio en este continente.<\/p>\n\n\n\n<p>A pesar de estos esfuerzos organizados, en noviembre del 2020, el gobierno de Minnesota emiti\u00f3 el permiso final para que Enbridge comenzara la construcci\u00f3n. En los \u00faltimos seis meses, los Protectores Ind\u00edgenas del Agua y sus aliades no nativos han obstruido la construcci\u00f3n con sus cuerpos. Durante ese tiempo, la polic\u00eda ha arrestado a m\u00e1s de 250 personas por acciones directas como sentarse en los \u00e1rboles, encerrarse en las entradas de los bancos y bloquear los campamentos de hombres trabajadores. Los Protectores del Agua defienden los derechos de los Tratados, por el agua, por la Tierra, y por la justicia.<\/p>\n\n\n\n<p>Les l\u00edderes anishinaabe del movimiento para detener la L\u00ednea 3 han llamado a sus aliades de todo el continente para acompa\u00f1arlos en el norte de Minnesota del 5 al 8 de junio (y m\u00e1s all\u00e1) para participar en un levantamiento no violento a gran escala. Los organizadores llaman este evento el <i>Treaty People Gathering<\/i> (o encuentro de personas de los tratados) con la esperanza de impulsar el tema hasta la cima de la conciencia de la naci\u00f3n y obligar a Biden a hacer algo. Mientras siguen pendientes algunos casos legales en el tribunal de apelaciones de Minnesota, la administraci\u00f3n de Biden podr\u00eda poner fin al oleoducto inmediatamente al cancelar los permisos emitidos.<\/p>\n\n\n\n<p>Como dice la p\u00e1gina web del Treaty People Gathering, \u201cla educaci\u00f3n sobre los Tratados y su protecci\u00f3n no son solo obligaci\u00f3n de las personas ind\u00edgenas. Todos somos personas de los tratados. Las personas no nativas viven en tierra robada y contin\u00faan siendo beneficiaros de los Tratados, sin respetarlos. Es responsabilidad de las personas no nativas conocer y respetar las obligaciones que son parte de los Tratados federales y estatales. Los tratados nos protegen a todos\u201d.<\/p>\n\n\n\n<p>\u00a1Es hora de unirse a la lucha! Si tiene planes de ir a Minnesota del 5 al 8 de junio, aseg\u00farese de registrarse en <a href=\"https:\/\/treatypeoplegathering.com\/\">https:\/\/treatypeoplegathering.com\/<\/a> para conocer sobre alojamiento, horarios, entrenamientos, y c\u00f3mo mostrar respeto al llegar al hogar de quienes habitan esa tierra.<\/p>\n","protected":false},"excerpt":{"rendered":"<p>Durante los \u00faltimos siete a\u00f1os, las mujeres anishinaabe y sus aliades han dicho \u201cNO\u201d a la propuesta de Enbridge Energy de expandir la L\u00ednea 3, un oleoducto de arenas bituminosas muy destructivo. Trabajan incansablemente para proteger sus tierras, sus lechos de arroz silvestre\u2014que son sagrados e indispensables para todo el pueblo&#8211;, pero tambi\u00e9n a las [&hellip;]<\/p>\n","protected":false},"author":10,"featured_media":23570,"comment_status":"closed","ping_status":"closed","sticky":false,"template":"","format":"standard","meta":{"footnotes":""},"categories":[241],"tags":[],"class_list":["post-23572","post","type-post","status-publish","format-standard","has-post-thumbnail","hentry","category-red-de-solidaridad-de-la-isla-tortuga"],"yoast_head":"<!-- This site is optimized with the Yoast SEO Premium plugin v27.5 (Yoast SEO v27.5) - https:\/\/yoast.com\/product\/yoast-seo-premium-wordpress\/ -->\n<title>&quot;Treaty People Gathering&quot; - Encuentro de Personas de los Tratados<\/title>\n<meta name=\"description\" content=\"Equipos y Comunidades de Acci\u00f3n por la Paz construye alianzas para transformar la violencia y la opresi\u00f3n. M\u00e1s de 35 a\u00f1os de acci\u00f3n por la paz y la justicia.\" \/>\n<meta name=\"robots\" content=\"index, follow, max-snippet:-1, max-image-preview:large, max-video-preview:-1\" \/>\n<link rel=\"canonical\" href=\"https:\/\/cpt.org\/es\/2021\/05\/26\/isla-tortuga-treaty-people-gathering-encuentro-de-personas-de-los-tratados\" \/>\n<meta property=\"og:locale\" content=\"es_ES\" \/>\n<meta property=\"og:type\" content=\"article\" \/>\n<meta property=\"og:title\" content=\"&quot;Treaty People Gathering&quot; - Encuentro de Personas de los Tratados\" \/>\n<meta property=\"og:description\" content=\"Community Peacemaker Teams builds partnerships to transform violence and oppression. Over 35 years of action for peace and justice.\" \/>\n<meta property=\"og:url\" content=\"https:\/\/cpt.org\/es\/2021\/05\/26\/isla-tortuga-treaty-people-gathering-encuentro-de-personas-de-los-tratados\" \/>\n<meta property=\"og:site_name\" content=\"Equipos y Comunidades de Acci\u00f3n por la Paz\" \/>\n<meta property=\"article:publisher\" content=\"https:\/\/www.facebook.com\/cpters\" \/>\n<meta property=\"article:published_time\" content=\"2021-05-26T06:02:40+00:00\" \/>\n<meta property=\"article:modified_time\" content=\"2022-01-11T23:54:20+00:00\" \/>\n<meta property=\"og:image\" content=\"https:\/\/cpt.org\/wp-content\/uploads\/210526-tisn.jpeg\" \/>\n\t<meta property=\"og:image:width\" content=\"800\" \/>\n\t<meta property=\"og:image:height\" content=\"800\" \/>\n\t<meta property=\"og:image:type\" content=\"image\/jpeg\" \/>\n<meta name=\"author\" content=\"CPT Turtle Island Solidarity Network\" \/>\n<meta name=\"twitter:card\" content=\"summary_large_image\" \/>\n<meta name=\"twitter:creator\" content=\"@cpt_intl\" \/>\n<meta name=\"twitter:site\" content=\"@cpt_intl\" \/>\n<meta name=\"twitter:label1\" content=\"Escrito por\" \/>\n\t<meta name=\"twitter:data1\" content=\"CPT Turtle Island Solidarity Network\" \/>\n\t<meta name=\"twitter:label2\" content=\"Tiempo de lectura\" \/>\n\t<meta name=\"twitter:data2\" content=\"3 minutos\" \/>\n<script type=\"application\/ld+json\" class=\"yoast-schema-graph\">{\"@context\":\"https:\\\/\\\/schema.org\",\"@graph\":[{\"@type\":\"Article\",\"@id\":\"https:\\\/\\\/cpt.org\\\/es\\\/2021\\\/05\\\/26\\\/isla-tortuga-treaty-people-gathering-encuentro-de-personas-de-los-tratados#article\",\"isPartOf\":{\"@id\":\"https:\\\/\\\/cpt.org\\\/es\\\/2021\\\/05\\\/26\\\/isla-tortuga-treaty-people-gathering-encuentro-de-personas-de-los-tratados\"},\"author\":{\"name\":\"CPT Turtle Island Solidarity Network\",\"@id\":\"https:\\\/\\\/cpt.org\\\/es#\\\/schema\\\/person\\\/0397463f80e186355b1b332a94573147\"},\"headline\":\"\u00abTreaty People Gathering\u00bb &#8211; Encuentro de Personas de los Tratados\",\"datePublished\":\"2021-05-26T06:02:40+00:00\",\"dateModified\":\"2022-01-11T23:54:20+00:00\",\"mainEntityOfPage\":{\"@id\":\"https:\\\/\\\/cpt.org\\\/es\\\/2021\\\/05\\\/26\\\/isla-tortuga-treaty-people-gathering-encuentro-de-personas-de-los-tratados\"},\"wordCount\":534,\"publisher\":{\"@id\":\"https:\\\/\\\/cpt.org\\\/es#organization\"},\"image\":{\"@id\":\"https:\\\/\\\/cpt.org\\\/es\\\/2021\\\/05\\\/26\\\/isla-tortuga-treaty-people-gathering-encuentro-de-personas-de-los-tratados#primaryimage\"},\"thumbnailUrl\":\"https:\\\/\\\/cpt.org\\\/wp-content\\\/uploads\\\/210526-tisn.jpeg\",\"articleSection\":[\"Red de Solidaridad de la Isla Tortuga\"],\"inLanguage\":\"es\"},{\"@type\":\"WebPage\",\"@id\":\"https:\\\/\\\/cpt.org\\\/es\\\/2021\\\/05\\\/26\\\/isla-tortuga-treaty-people-gathering-encuentro-de-personas-de-los-tratados\",\"url\":\"https:\\\/\\\/cpt.org\\\/es\\\/2021\\\/05\\\/26\\\/isla-tortuga-treaty-people-gathering-encuentro-de-personas-de-los-tratados\",\"name\":\"\\\"Treaty People Gathering\\\" - Encuentro de Personas de los Tratados\",\"isPartOf\":{\"@id\":\"https:\\\/\\\/cpt.org\\\/es#website\"},\"primaryImageOfPage\":{\"@id\":\"https:\\\/\\\/cpt.org\\\/es\\\/2021\\\/05\\\/26\\\/isla-tortuga-treaty-people-gathering-encuentro-de-personas-de-los-tratados#primaryimage\"},\"image\":{\"@id\":\"https:\\\/\\\/cpt.org\\\/es\\\/2021\\\/05\\\/26\\\/isla-tortuga-treaty-people-gathering-encuentro-de-personas-de-los-tratados#primaryimage\"},\"thumbnailUrl\":\"https:\\\/\\\/cpt.org\\\/wp-content\\\/uploads\\\/210526-tisn.jpeg\",\"datePublished\":\"2021-05-26T06:02:40+00:00\",\"dateModified\":\"2022-01-11T23:54:20+00:00\",\"description\":\"Equipos y Comunidades de Acci\u00f3n por la Paz construye alianzas para transformar la violencia y la opresi\u00f3n. M\u00e1s de 35 a\u00f1os de acci\u00f3n por la paz y la justicia.\",\"breadcrumb\":{\"@id\":\"https:\\\/\\\/cpt.org\\\/es\\\/2021\\\/05\\\/26\\\/isla-tortuga-treaty-people-gathering-encuentro-de-personas-de-los-tratados#breadcrumb\"},\"inLanguage\":\"es\",\"potentialAction\":[{\"@type\":\"ReadAction\",\"target\":[\"https:\\\/\\\/cpt.org\\\/es\\\/2021\\\/05\\\/26\\\/isla-tortuga-treaty-people-gathering-encuentro-de-personas-de-los-tratados\"]}]},{\"@type\":\"ImageObject\",\"inLanguage\":\"es\",\"@id\":\"https:\\\/\\\/cpt.org\\\/es\\\/2021\\\/05\\\/26\\\/isla-tortuga-treaty-people-gathering-encuentro-de-personas-de-los-tratados#primaryimage\",\"url\":\"https:\\\/\\\/cpt.org\\\/wp-content\\\/uploads\\\/210526-tisn.jpeg\",\"contentUrl\":\"https:\\\/\\\/cpt.org\\\/wp-content\\\/uploads\\\/210526-tisn.jpeg\",\"width\":800,\"height\":800,\"caption\":\"Una imagen gr\u00e1fica que promueve la Reuni\u00f3n de personas del tratado del 5 al 8 de junio de 2021 para levantarse, proteger y detener la l\u00ednea 3. En primer plano hay dos personas con los pu\u00f1os levantados (una sostiene plumas de \u00e1guila), y el r\u00edo que fluye entre ellos tambi\u00e9n la levanta pu\u00f1o y sostiene una bandera. El sol sale en el horizonte y hay siluetas de otras personas reunidas.\"},{\"@type\":\"BreadcrumbList\",\"@id\":\"https:\\\/\\\/cpt.org\\\/es\\\/2021\\\/05\\\/26\\\/isla-tortuga-treaty-people-gathering-encuentro-de-personas-de-los-tratados#breadcrumb\",\"itemListElement\":[{\"@type\":\"ListItem\",\"position\":1,\"name\":\"Home\",\"item\":\"https:\\\/\\\/cpt.org\\\/es\"},{\"@type\":\"ListItem\",\"position\":2,\"name\":\"\u00abTreaty People Gathering\u00bb &#8211; Encuentro de Personas de los Tratados\"}]},{\"@type\":\"WebSite\",\"@id\":\"https:\\\/\\\/cpt.org\\\/es#website\",\"url\":\"https:\\\/\\\/cpt.org\\\/es\",\"name\":\"Equipos y Comunidades de Acci\u00f3n por la Paz\",\"description\":\"Building partnerships to transform violence and oppression\",\"publisher\":{\"@id\":\"https:\\\/\\\/cpt.org\\\/es#organization\"},\"potentialAction\":[{\"@type\":\"SearchAction\",\"target\":{\"@type\":\"EntryPoint\",\"urlTemplate\":\"https:\\\/\\\/cpt.org\\\/es?s={search_term_string}\"},\"query-input\":{\"@type\":\"PropertyValueSpecification\",\"valueRequired\":true,\"valueName\":\"search_term_string\"}}],\"inLanguage\":\"es\"},{\"@type\":\"Organization\",\"@id\":\"https:\\\/\\\/cpt.org\\\/es#organization\",\"name\":\"Equipos y Comunidades de Acci\u00f3n por la Paz\",\"url\":\"https:\\\/\\\/cpt.org\\\/es\",\"logo\":{\"@type\":\"ImageObject\",\"inLanguage\":\"es\",\"@id\":\"https:\\\/\\\/cpt.org\\\/es#\\\/schema\\\/logo\\\/image\\\/\",\"url\":\"https:\\\/\\\/cpt.org\\\/wp-content\\\/uploads\\\/logoCPT-red-2.png\",\"contentUrl\":\"https:\\\/\\\/cpt.org\\\/wp-content\\\/uploads\\\/logoCPT-red-2.png\",\"width\":1730,\"height\":840,\"caption\":\"Equipos y Comunidades de Acci\u00f3n por la Paz\"},\"image\":{\"@id\":\"https:\\\/\\\/cpt.org\\\/es#\\\/schema\\\/logo\\\/image\\\/\"},\"sameAs\":[\"https:\\\/\\\/www.facebook.com\\\/cpters\",\"https:\\\/\\\/x.com\\\/cpt_intl\",\"https:\\\/\\\/www.instagram.com\\\/cpteams\\\/\",\"https:\\\/\\\/www.youtube.com\\\/user\\\/cptvideos\"]},{\"@type\":\"Person\",\"@id\":\"https:\\\/\\\/cpt.org\\\/es#\\\/schema\\\/person\\\/0397463f80e186355b1b332a94573147\",\"name\":\"CPT Turtle Island Solidarity Network\",\"image\":{\"@type\":\"ImageObject\",\"inLanguage\":\"es\",\"@id\":\"https:\\\/\\\/secure.gravatar.com\\\/avatar\\\/f8e2893a53064397ff49fc77fc0def4a639ed2a4f6d2100ceb46e18e988b0b01?s=96&r=g\",\"url\":\"https:\\\/\\\/secure.gravatar.com\\\/avatar\\\/f8e2893a53064397ff49fc77fc0def4a639ed2a4f6d2100ceb46e18e988b0b01?s=96&r=g\",\"contentUrl\":\"https:\\\/\\\/secure.gravatar.com\\\/avatar\\\/f8e2893a53064397ff49fc77fc0def4a639ed2a4f6d2100ceb46e18e988b0b01?s=96&r=g\",\"caption\":\"CPT Turtle Island Solidarity Network\"},\"url\":\"https:\\\/\\\/cpt.org\\\/es\\\/author\\\/cpt-turtle-island-solidarity-network\"}]}<\/script>\n<!-- \/ Yoast SEO Premium plugin. -->","yoast_head_json":{"title":"\"Treaty People Gathering\" - Encuentro de Personas de los Tratados","description":"Equipos y Comunidades de Acci\u00f3n por la Paz construye alianzas para transformar la violencia y la opresi\u00f3n. M\u00e1s de 35 a\u00f1os de acci\u00f3n por la paz y la justicia.","robots":{"index":"index","follow":"follow","max-snippet":"max-snippet:-1","max-image-preview":"max-image-preview:large","max-video-preview":"max-video-preview:-1"},"canonical":"https:\/\/cpt.org\/es\/2021\/05\/26\/isla-tortuga-treaty-people-gathering-encuentro-de-personas-de-los-tratados","og_locale":"es_ES","og_type":"article","og_title":"\"Treaty People Gathering\" - Encuentro de Personas de los Tratados","og_description":"Community Peacemaker Teams builds partnerships to transform violence and oppression. Over 35 years of action for peace and justice.","og_url":"https:\/\/cpt.org\/es\/2021\/05\/26\/isla-tortuga-treaty-people-gathering-encuentro-de-personas-de-los-tratados","og_site_name":"Equipos y Comunidades de Acci\u00f3n por la Paz","article_publisher":"https:\/\/www.facebook.com\/cpters","article_published_time":"2021-05-26T06:02:40+00:00","article_modified_time":"2022-01-11T23:54:20+00:00","og_image":[{"width":800,"height":800,"url":"https:\/\/cpt.org\/wp-content\/uploads\/210526-tisn.jpeg","type":"image\/jpeg"}],"author":"CPT Turtle Island Solidarity Network","twitter_card":"summary_large_image","twitter_creator":"@cpt_intl","twitter_site":"@cpt_intl","twitter_misc":{"Escrito por":"CPT Turtle Island Solidarity Network","Tiempo de lectura":"3 minutos"},"schema":{"@context":"https:\/\/schema.org","@graph":[{"@type":"Article","@id":"https:\/\/cpt.org\/es\/2021\/05\/26\/isla-tortuga-treaty-people-gathering-encuentro-de-personas-de-los-tratados#article","isPartOf":{"@id":"https:\/\/cpt.org\/es\/2021\/05\/26\/isla-tortuga-treaty-people-gathering-encuentro-de-personas-de-los-tratados"},"author":{"name":"CPT Turtle Island Solidarity Network","@id":"https:\/\/cpt.org\/es#\/schema\/person\/0397463f80e186355b1b332a94573147"},"headline":"\u00abTreaty People Gathering\u00bb &#8211; Encuentro de Personas de los Tratados","datePublished":"2021-05-26T06:02:40+00:00","dateModified":"2022-01-11T23:54:20+00:00","mainEntityOfPage":{"@id":"https:\/\/cpt.org\/es\/2021\/05\/26\/isla-tortuga-treaty-people-gathering-encuentro-de-personas-de-los-tratados"},"wordCount":534,"publisher":{"@id":"https:\/\/cpt.org\/es#organization"},"image":{"@id":"https:\/\/cpt.org\/es\/2021\/05\/26\/isla-tortuga-treaty-people-gathering-encuentro-de-personas-de-los-tratados#primaryimage"},"thumbnailUrl":"https:\/\/cpt.org\/wp-content\/uploads\/210526-tisn.jpeg","articleSection":["Red de Solidaridad de la Isla Tortuga"],"inLanguage":"es"},{"@type":"WebPage","@id":"https:\/\/cpt.org\/es\/2021\/05\/26\/isla-tortuga-treaty-people-gathering-encuentro-de-personas-de-los-tratados","url":"https:\/\/cpt.org\/es\/2021\/05\/26\/isla-tortuga-treaty-people-gathering-encuentro-de-personas-de-los-tratados","name":"\"Treaty People Gathering\" - Encuentro de Personas de los Tratados","isPartOf":{"@id":"https:\/\/cpt.org\/es#website"},"primaryImageOfPage":{"@id":"https:\/\/cpt.org\/es\/2021\/05\/26\/isla-tortuga-treaty-people-gathering-encuentro-de-personas-de-los-tratados#primaryimage"},"image":{"@id":"https:\/\/cpt.org\/es\/2021\/05\/26\/isla-tortuga-treaty-people-gathering-encuentro-de-personas-de-los-tratados#primaryimage"},"thumbnailUrl":"https:\/\/cpt.org\/wp-content\/uploads\/210526-tisn.jpeg","datePublished":"2021-05-26T06:02:40+00:00","dateModified":"2022-01-11T23:54:20+00:00","description":"Equipos y Comunidades de Acci\u00f3n por la Paz construye alianzas para transformar la violencia y la opresi\u00f3n. M\u00e1s de 35 a\u00f1os de acci\u00f3n por la paz y la justicia.","breadcrumb":{"@id":"https:\/\/cpt.org\/es\/2021\/05\/26\/isla-tortuga-treaty-people-gathering-encuentro-de-personas-de-los-tratados#breadcrumb"},"inLanguage":"es","potentialAction":[{"@type":"ReadAction","target":["https:\/\/cpt.org\/es\/2021\/05\/26\/isla-tortuga-treaty-people-gathering-encuentro-de-personas-de-los-tratados"]}]},{"@type":"ImageObject","inLanguage":"es","@id":"https:\/\/cpt.org\/es\/2021\/05\/26\/isla-tortuga-treaty-people-gathering-encuentro-de-personas-de-los-tratados#primaryimage","url":"https:\/\/cpt.org\/wp-content\/uploads\/210526-tisn.jpeg","contentUrl":"https:\/\/cpt.org\/wp-content\/uploads\/210526-tisn.jpeg","width":800,"height":800,"caption":"Una imagen gr\u00e1fica que promueve la Reuni\u00f3n de personas del tratado del 5 al 8 de junio de 2021 para levantarse, proteger y detener la l\u00ednea 3. En primer plano hay dos personas con los pu\u00f1os levantados (una sostiene plumas de \u00e1guila), y el r\u00edo que fluye entre ellos tambi\u00e9n la levanta pu\u00f1o y sostiene una bandera. El sol sale en el horizonte y hay siluetas de otras personas reunidas."},{"@type":"BreadcrumbList","@id":"https:\/\/cpt.org\/es\/2021\/05\/26\/isla-tortuga-treaty-people-gathering-encuentro-de-personas-de-los-tratados#breadcrumb","itemListElement":[{"@type":"ListItem","position":1,"name":"Home","item":"https:\/\/cpt.org\/es"},{"@type":"ListItem","position":2,"name":"\u00abTreaty People Gathering\u00bb &#8211; Encuentro de Personas de los Tratados"}]},{"@type":"WebSite","@id":"https:\/\/cpt.org\/es#website","url":"https:\/\/cpt.org\/es","name":"Equipos y Comunidades de Acci\u00f3n por la Paz","description":"Building partnerships to transform violence and oppression","publisher":{"@id":"https:\/\/cpt.org\/es#organization"},"potentialAction":[{"@type":"SearchAction","target":{"@type":"EntryPoint","urlTemplate":"https:\/\/cpt.org\/es?s={search_term_string}"},"query-input":{"@type":"PropertyValueSpecification","valueRequired":true,"valueName":"search_term_string"}}],"inLanguage":"es"},{"@type":"Organization","@id":"https:\/\/cpt.org\/es#organization","name":"Equipos y Comunidades de Acci\u00f3n por la Paz","url":"https:\/\/cpt.org\/es","logo":{"@type":"ImageObject","inLanguage":"es","@id":"https:\/\/cpt.org\/es#\/schema\/logo\/image\/","url":"https:\/\/cpt.org\/wp-content\/uploads\/logoCPT-red-2.png","contentUrl":"https:\/\/cpt.org\/wp-content\/uploads\/logoCPT-red-2.png","width":1730,"height":840,"caption":"Equipos y Comunidades de Acci\u00f3n por la Paz"},"image":{"@id":"https:\/\/cpt.org\/es#\/schema\/logo\/image\/"},"sameAs":["https:\/\/www.facebook.com\/cpters","https:\/\/x.com\/cpt_intl","https:\/\/www.instagram.com\/cpteams\/","https:\/\/www.youtube.com\/user\/cptvideos"]},{"@type":"Person","@id":"https:\/\/cpt.org\/es#\/schema\/person\/0397463f80e186355b1b332a94573147","name":"CPT Turtle Island Solidarity Network","image":{"@type":"ImageObject","inLanguage":"es","@id":"https:\/\/secure.gravatar.com\/avatar\/f8e2893a53064397ff49fc77fc0def4a639ed2a4f6d2100ceb46e18e988b0b01?s=96&r=g","url":"https:\/\/secure.gravatar.com\/avatar\/f8e2893a53064397ff49fc77fc0def4a639ed2a4f6d2100ceb46e18e988b0b01?s=96&r=g","contentUrl":"https:\/\/secure.gravatar.com\/avatar\/f8e2893a53064397ff49fc77fc0def4a639ed2a4f6d2100ceb46e18e988b0b01?s=96&r=g","caption":"CPT Turtle Island Solidarity Network"},"url":"https:\/\/cpt.org\/es\/author\/cpt-turtle-island-solidarity-network"}]}},"_links":{"self":[{"href":"https:\/\/cpt.org\/es\/wp-json\/wp\/v2\/posts\/23572","targetHints":{"allow":["GET"]}}],"collection":[{"href":"https:\/\/cpt.org\/es\/wp-json\/wp\/v2\/posts"}],"about":[{"href":"https:\/\/cpt.org\/es\/wp-json\/wp\/v2\/types\/post"}],"author":[{"embeddable":true,"href":"https:\/\/cpt.org\/es\/wp-json\/wp\/v2\/users\/10"}],"replies":[{"embeddable":true,"href":"https:\/\/cpt.org\/es\/wp-json\/wp\/v2\/comments?post=23572"}],"version-history":[{"count":2,"href":"https:\/\/cpt.org\/es\/wp-json\/wp\/v2\/posts\/23572\/revisions"}],"predecessor-version":[{"id":23574,"href":"https:\/\/cpt.org\/es\/wp-json\/wp\/v2\/posts\/23572\/revisions\/23574"}],"wp:featuredmedia":[{"embeddable":true,"href":"https:\/\/cpt.org\/es\/wp-json\/wp\/v2\/media\/23570"}],"wp:attachment":[{"href":"https:\/\/cpt.org\/es\/wp-json\/wp\/v2\/media?parent=23572"}],"wp:term":[{"taxonomy":"category","embeddable":true,"href":"https:\/\/cpt.org\/es\/wp-json\/wp\/v2\/categories?post=23572"},{"taxonomy":"post_tag","embeddable":true,"href":"https:\/\/cpt.org\/es\/wp-json\/wp\/v2\/tags?post=23572"}],"curies":[{"name":"wp","href":"https:\/\/api.w.org\/{rel}","templated":true}]}}