{"id":24135,"date":"2021-11-02T08:43:43","date_gmt":"2021-11-02T13:43:43","guid":{"rendered":"https:\/\/cpt.org\/2022\/01\/09\/declaracion-sobre-la-denominacion-de-seis-organizaciones-palestinas-como-grupos-terroristas"},"modified":"2022-01-11T18:13:48","modified_gmt":"2022-01-12T00:13:48","slug":"ecap-internacional-declaracion-sobre-la-denominacion-de-seis-organizaciones","status":"publish","type":"post","link":"https:\/\/cpt.org\/es\/2021\/11\/02\/ecap-internacional-declaracion-sobre-la-denominacion-de-seis-organizaciones","title":{"rendered":"Declaraci\u00f3n sobre la denominaci\u00f3n de seis organizaciones palestinas como \u00abgrupos terroristas\u00bb"},"content":{"rendered":"\n<p>ECAP condena la denominaci\u00f3n de \u201cgrupos terroristas\u201d, por parte de Israel, a seis organizaciones palestinas destacadas de derechos humanos que tiene la intenci\u00f3n de criminalizar a quienes exponen las violaciones de derechos humanos producto de la ocupaci\u00f3n israel\u00ed de Palestina. &#13;\n&#13;\n<\/p>\n\n<p>Mientras que la comunidad internacional sigue sin exigir a Israel que rinda cuentas de lo que hace, \u00e9ste contin\u00faa tomando medidas cada vez m\u00e1s audaces para silenciar la existencia del pueblo palestino completamente. <\/p>\n\n<p>Las organizaciones se\u00f1aladas estuvieron involucradas en apoyo directo, desarrollo comunitario y en exponer los abusos de derechos humanos. \u00c9stas son: <\/p>\n\n<p>Addameer&#13;\nAl-Haq&#13;\nDefensa de los Ni\u00f1os &#8211; Movimiento Internacional Palestina&#13;\nEl Centro de Investigaci\u00f3n y Desarrollo Bisan&#13;\nLa Uni\u00f3n de Comit\u00e9s de Trabajo Agr\u00edcola&#13;\nLa Uni\u00f3n de Comit\u00e9s de Mujeres Palestinas<\/p>\n\n<p>Como resultado, el Ministerio de Defensa de Israel ahora considera ilegal todas sus actividades organizativas, permitiendo de esta manera que las fuerzas israel\u00edes puedan cerrar sus oficinas, incautar bienes y archivos de derechos humanos confidenciales, detener las fuentes de financiaci\u00f3n y encarcelar a los miembros del personal, asesores y colaboradores.<\/p>\n\n<p>Esta medida de criminalizar la informaci\u00f3n organizativa y la denuncia p\u00fablica de los abusos a los derechos humanos, denominando las organizaciones como \u201cterroristas\u201d, es una afrenta al trabajo por los derechos humanos en todo el mundo. El alcance de esta acci\u00f3n y el precedente que sienta, sin oposici\u00f3n diplom\u00e1tica alguna, causa una profunda preocupaci\u00f3n en toda la comunidad mundial que trabaja por los derechos humanos.<\/p>\n\n<p>ECAP se una a esta preocupaci\u00f3n global y pide a los gobiernos del mundo que no permitan m\u00e1s la impunidad bajo la cual la ocupaci\u00f3n israel\u00ed ha prosperado. ECAP se solidariza con las organizaciones de derechos humanos del pueblo palestino y con las que piden un fin inmediato a la ocupaci\u00f3n israel\u00ed de Palestina.<\/p>\n","protected":false},"excerpt":{"rendered":"<p>ECAP se una a esta preocupaci\u00f3n global y pide a los gobiernos del mundo que no permitan m\u00e1s la impunidad bajo la cual la ocupaci\u00f3n israel\u00ed ha prosperado.<\/p>\n","protected":false},"author":6,"featured_media":24133,"comment_status":"closed","ping_status":"closed","sticky":false,"template":"","format":"standard","meta":{"footnotes":""},"categories":[210,226],"tags":[],"class_list":["post-24135","post","type-post","status-publish","format-standard","has-post-thumbnail","hentry","category-ecap-internacional","category-palestina"],"yoast_head":"<!-- This site is optimized with the Yoast SEO Premium plugin v27.4 (Yoast SEO v27.4) - https:\/\/yoast.com\/product\/yoast-seo-premium-wordpress\/ -->\n<title>Declaraci\u00f3n sobre la denominaci\u00f3n de seis organizaciones palestinas como &quot;grupos terroristas&quot;<\/title>\n<meta name=\"description\" content=\"Equipos y Comunidades de Acci\u00f3n por la Paz construye alianzas para transformar la violencia y la opresi\u00f3n. M\u00e1s de 35 a\u00f1os de acci\u00f3n por la paz y la justicia.\" \/>\n<meta name=\"robots\" content=\"index, follow, max-snippet:-1, max-image-preview:large, max-video-preview:-1\" \/>\n<link rel=\"canonical\" href=\"https:\/\/cpt.org\/es\/2021\/11\/02\/ecap-internacional-declaracion-sobre-la-denominacion-de-seis-organizaciones\" \/>\n<meta property=\"og:locale\" content=\"es_ES\" \/>\n<meta property=\"og:type\" content=\"article\" \/>\n<meta property=\"og:title\" content=\"Declaraci\u00f3n sobre la denominaci\u00f3n de seis organizaciones palestinas como &quot;grupos terroristas&quot;\" \/>\n<meta property=\"og:description\" content=\"Community Peacemaker Teams builds partnerships to transform violence and oppression. Over 35 years of action for peace and justice.\" \/>\n<meta property=\"og:url\" content=\"https:\/\/cpt.org\/es\/2021\/11\/02\/ecap-internacional-declaracion-sobre-la-denominacion-de-seis-organizaciones\" \/>\n<meta property=\"og:site_name\" content=\"Equipos y Comunidades de Acci\u00f3n por la Paz\" \/>\n<meta property=\"article:publisher\" content=\"https:\/\/www.facebook.com\/cpters\" \/>\n<meta property=\"article:published_time\" content=\"2021-11-02T13:43:43+00:00\" \/>\n<meta property=\"article:modified_time\" content=\"2022-01-12T00:13:48+00:00\" \/>\n<meta property=\"og:image\" content=\"https:\/\/cpt.org\/wp-content\/uploads\/211103-int.jpg\" \/>\n\t<meta property=\"og:image:width\" content=\"1080\" \/>\n\t<meta property=\"og:image:height\" content=\"1080\" \/>\n\t<meta property=\"og:image:type\" content=\"image\/jpeg\" \/>\n<meta name=\"author\" content=\"CPT International\" \/>\n<meta name=\"twitter:card\" content=\"summary_large_image\" \/>\n<meta name=\"twitter:creator\" content=\"@cpt_intl\" \/>\n<meta name=\"twitter:site\" content=\"@cpt_intl\" \/>\n<meta name=\"twitter:label1\" content=\"Escrito por\" \/>\n\t<meta name=\"twitter:data1\" content=\"CPT International\" \/>\n\t<meta name=\"twitter:label2\" content=\"Tiempo de lectura\" \/>\n\t<meta name=\"twitter:data2\" content=\"2 minutos\" \/>\n<script type=\"application\/ld+json\" class=\"yoast-schema-graph\">{\"@context\":\"https:\\\/\\\/schema.org\",\"@graph\":[{\"@type\":\"Article\",\"@id\":\"https:\\\/\\\/cpt.org\\\/es\\\/2021\\\/11\\\/02\\\/ecap-internacional-declaracion-sobre-la-denominacion-de-seis-organizaciones#article\",\"isPartOf\":{\"@id\":\"https:\\\/\\\/cpt.org\\\/es\\\/2021\\\/11\\\/02\\\/ecap-internacional-declaracion-sobre-la-denominacion-de-seis-organizaciones\"},\"author\":{\"name\":\"CPT International\",\"@id\":\"https:\\\/\\\/cpt.org\\\/es#\\\/schema\\\/person\\\/c6038b679ef37138ad9c71cbbc2dc6d2\"},\"headline\":\"Declaraci\u00f3n sobre la denominaci\u00f3n de seis organizaciones palestinas como \u00abgrupos terroristas\u00bb\",\"datePublished\":\"2021-11-02T13:43:43+00:00\",\"dateModified\":\"2022-01-12T00:13:48+00:00\",\"mainEntityOfPage\":{\"@id\":\"https:\\\/\\\/cpt.org\\\/es\\\/2021\\\/11\\\/02\\\/ecap-internacional-declaracion-sobre-la-denominacion-de-seis-organizaciones\"},\"wordCount\":331,\"publisher\":{\"@id\":\"https:\\\/\\\/cpt.org\\\/es#organization\"},\"image\":{\"@id\":\"https:\\\/\\\/cpt.org\\\/es\\\/2021\\\/11\\\/02\\\/ecap-internacional-declaracion-sobre-la-denominacion-de-seis-organizaciones#primaryimage\"},\"thumbnailUrl\":\"https:\\\/\\\/cpt.org\\\/wp-content\\\/uploads\\\/211103-int.jpg\",\"articleSection\":[\"ECAP Internacional\",\"Palestina\"],\"inLanguage\":\"es\"},{\"@type\":\"WebPage\",\"@id\":\"https:\\\/\\\/cpt.org\\\/es\\\/2021\\\/11\\\/02\\\/ecap-internacional-declaracion-sobre-la-denominacion-de-seis-organizaciones\",\"url\":\"https:\\\/\\\/cpt.org\\\/es\\\/2021\\\/11\\\/02\\\/ecap-internacional-declaracion-sobre-la-denominacion-de-seis-organizaciones\",\"name\":\"Declaraci\u00f3n sobre la denominaci\u00f3n de seis organizaciones palestinas como \\\"grupos terroristas\\\"\",\"isPartOf\":{\"@id\":\"https:\\\/\\\/cpt.org\\\/es#website\"},\"primaryImageOfPage\":{\"@id\":\"https:\\\/\\\/cpt.org\\\/es\\\/2021\\\/11\\\/02\\\/ecap-internacional-declaracion-sobre-la-denominacion-de-seis-organizaciones#primaryimage\"},\"image\":{\"@id\":\"https:\\\/\\\/cpt.org\\\/es\\\/2021\\\/11\\\/02\\\/ecap-internacional-declaracion-sobre-la-denominacion-de-seis-organizaciones#primaryimage\"},\"thumbnailUrl\":\"https:\\\/\\\/cpt.org\\\/wp-content\\\/uploads\\\/211103-int.jpg\",\"datePublished\":\"2021-11-02T13:43:43+00:00\",\"dateModified\":\"2022-01-12T00:13:48+00:00\",\"description\":\"Equipos y Comunidades de Acci\u00f3n por la Paz construye alianzas para transformar la violencia y la opresi\u00f3n. M\u00e1s de 35 a\u00f1os de acci\u00f3n por la paz y la justicia.\",\"breadcrumb\":{\"@id\":\"https:\\\/\\\/cpt.org\\\/es\\\/2021\\\/11\\\/02\\\/ecap-internacional-declaracion-sobre-la-denominacion-de-seis-organizaciones#breadcrumb\"},\"inLanguage\":\"es\",\"potentialAction\":[{\"@type\":\"ReadAction\",\"target\":[\"https:\\\/\\\/cpt.org\\\/es\\\/2021\\\/11\\\/02\\\/ecap-internacional-declaracion-sobre-la-denominacion-de-seis-organizaciones\"]}]},{\"@type\":\"ImageObject\",\"inLanguage\":\"es\",\"@id\":\"https:\\\/\\\/cpt.org\\\/es\\\/2021\\\/11\\\/02\\\/ecap-internacional-declaracion-sobre-la-denominacion-de-seis-organizaciones#primaryimage\",\"url\":\"https:\\\/\\\/cpt.org\\\/wp-content\\\/uploads\\\/211103-int.jpg\",\"contentUrl\":\"https:\\\/\\\/cpt.org\\\/wp-content\\\/uploads\\\/211103-int.jpg\",\"width\":1080,\"height\":1080,\"caption\":\"CPT condena la designaci\u00f3n de Israel de las organizaciones de derechos palestinos como \\\"grupos terroristas\\\".\"},{\"@type\":\"BreadcrumbList\",\"@id\":\"https:\\\/\\\/cpt.org\\\/es\\\/2021\\\/11\\\/02\\\/ecap-internacional-declaracion-sobre-la-denominacion-de-seis-organizaciones#breadcrumb\",\"itemListElement\":[{\"@type\":\"ListItem\",\"position\":1,\"name\":\"Home\",\"item\":\"https:\\\/\\\/cpt.org\\\/es\"},{\"@type\":\"ListItem\",\"position\":2,\"name\":\"Declaraci\u00f3n sobre la denominaci\u00f3n de seis organizaciones palestinas como \u00abgrupos terroristas\u00bb\"}]},{\"@type\":\"WebSite\",\"@id\":\"https:\\\/\\\/cpt.org\\\/es#website\",\"url\":\"https:\\\/\\\/cpt.org\\\/es\",\"name\":\"Equipos y Comunidades de Acci\u00f3n por la Paz\",\"description\":\"Building partnerships to transform violence and oppression\",\"publisher\":{\"@id\":\"https:\\\/\\\/cpt.org\\\/es#organization\"},\"potentialAction\":[{\"@type\":\"SearchAction\",\"target\":{\"@type\":\"EntryPoint\",\"urlTemplate\":\"https:\\\/\\\/cpt.org\\\/es?s={search_term_string}\"},\"query-input\":{\"@type\":\"PropertyValueSpecification\",\"valueRequired\":true,\"valueName\":\"search_term_string\"}}],\"inLanguage\":\"es\"},{\"@type\":\"Organization\",\"@id\":\"https:\\\/\\\/cpt.org\\\/es#organization\",\"name\":\"Equipos y Comunidades de Acci\u00f3n por la Paz\",\"url\":\"https:\\\/\\\/cpt.org\\\/es\",\"logo\":{\"@type\":\"ImageObject\",\"inLanguage\":\"es\",\"@id\":\"https:\\\/\\\/cpt.org\\\/es#\\\/schema\\\/logo\\\/image\\\/\",\"url\":\"https:\\\/\\\/cpt.org\\\/wp-content\\\/uploads\\\/logoCPT-red-2.png\",\"contentUrl\":\"https:\\\/\\\/cpt.org\\\/wp-content\\\/uploads\\\/logoCPT-red-2.png\",\"width\":1730,\"height\":840,\"caption\":\"Equipos y Comunidades de Acci\u00f3n por la Paz\"},\"image\":{\"@id\":\"https:\\\/\\\/cpt.org\\\/es#\\\/schema\\\/logo\\\/image\\\/\"},\"sameAs\":[\"https:\\\/\\\/www.facebook.com\\\/cpters\",\"https:\\\/\\\/x.com\\\/cpt_intl\",\"https:\\\/\\\/www.instagram.com\\\/cpteams\\\/\",\"https:\\\/\\\/www.youtube.com\\\/user\\\/cptvideos\"]},{\"@type\":\"Person\",\"@id\":\"https:\\\/\\\/cpt.org\\\/es#\\\/schema\\\/person\\\/c6038b679ef37138ad9c71cbbc2dc6d2\",\"name\":\"CPT International\",\"image\":{\"@type\":\"ImageObject\",\"inLanguage\":\"es\",\"@id\":\"https:\\\/\\\/secure.gravatar.com\\\/avatar\\\/bf28088c013305e8a0e111ef9874efc660e60de8280d1b708d7cfcb132e61262?s=96&r=g\",\"url\":\"https:\\\/\\\/secure.gravatar.com\\\/avatar\\\/bf28088c013305e8a0e111ef9874efc660e60de8280d1b708d7cfcb132e61262?s=96&r=g\",\"contentUrl\":\"https:\\\/\\\/secure.gravatar.com\\\/avatar\\\/bf28088c013305e8a0e111ef9874efc660e60de8280d1b708d7cfcb132e61262?s=96&r=g\",\"caption\":\"CPT International\"},\"url\":\"https:\\\/\\\/cpt.org\\\/es\\\/author\\\/cpt\"}]}<\/script>\n<!-- \/ Yoast SEO Premium plugin. -->","yoast_head_json":{"title":"Declaraci\u00f3n sobre la denominaci\u00f3n de seis organizaciones palestinas como \"grupos terroristas\"","description":"Equipos y Comunidades de Acci\u00f3n por la Paz construye alianzas para transformar la violencia y la opresi\u00f3n. M\u00e1s de 35 a\u00f1os de acci\u00f3n por la paz y la justicia.","robots":{"index":"index","follow":"follow","max-snippet":"max-snippet:-1","max-image-preview":"max-image-preview:large","max-video-preview":"max-video-preview:-1"},"canonical":"https:\/\/cpt.org\/es\/2021\/11\/02\/ecap-internacional-declaracion-sobre-la-denominacion-de-seis-organizaciones","og_locale":"es_ES","og_type":"article","og_title":"Declaraci\u00f3n sobre la denominaci\u00f3n de seis organizaciones palestinas como \"grupos terroristas\"","og_description":"Community Peacemaker Teams builds partnerships to transform violence and oppression. Over 35 years of action for peace and justice.","og_url":"https:\/\/cpt.org\/es\/2021\/11\/02\/ecap-internacional-declaracion-sobre-la-denominacion-de-seis-organizaciones","og_site_name":"Equipos y Comunidades de Acci\u00f3n por la Paz","article_publisher":"https:\/\/www.facebook.com\/cpters","article_published_time":"2021-11-02T13:43:43+00:00","article_modified_time":"2022-01-12T00:13:48+00:00","og_image":[{"width":1080,"height":1080,"url":"https:\/\/cpt.org\/wp-content\/uploads\/211103-int.jpg","type":"image\/jpeg"}],"author":"CPT International","twitter_card":"summary_large_image","twitter_creator":"@cpt_intl","twitter_site":"@cpt_intl","twitter_misc":{"Escrito por":"CPT International","Tiempo de lectura":"2 minutos"},"schema":{"@context":"https:\/\/schema.org","@graph":[{"@type":"Article","@id":"https:\/\/cpt.org\/es\/2021\/11\/02\/ecap-internacional-declaracion-sobre-la-denominacion-de-seis-organizaciones#article","isPartOf":{"@id":"https:\/\/cpt.org\/es\/2021\/11\/02\/ecap-internacional-declaracion-sobre-la-denominacion-de-seis-organizaciones"},"author":{"name":"CPT International","@id":"https:\/\/cpt.org\/es#\/schema\/person\/c6038b679ef37138ad9c71cbbc2dc6d2"},"headline":"Declaraci\u00f3n sobre la denominaci\u00f3n de seis organizaciones palestinas como \u00abgrupos terroristas\u00bb","datePublished":"2021-11-02T13:43:43+00:00","dateModified":"2022-01-12T00:13:48+00:00","mainEntityOfPage":{"@id":"https:\/\/cpt.org\/es\/2021\/11\/02\/ecap-internacional-declaracion-sobre-la-denominacion-de-seis-organizaciones"},"wordCount":331,"publisher":{"@id":"https:\/\/cpt.org\/es#organization"},"image":{"@id":"https:\/\/cpt.org\/es\/2021\/11\/02\/ecap-internacional-declaracion-sobre-la-denominacion-de-seis-organizaciones#primaryimage"},"thumbnailUrl":"https:\/\/cpt.org\/wp-content\/uploads\/211103-int.jpg","articleSection":["ECAP Internacional","Palestina"],"inLanguage":"es"},{"@type":"WebPage","@id":"https:\/\/cpt.org\/es\/2021\/11\/02\/ecap-internacional-declaracion-sobre-la-denominacion-de-seis-organizaciones","url":"https:\/\/cpt.org\/es\/2021\/11\/02\/ecap-internacional-declaracion-sobre-la-denominacion-de-seis-organizaciones","name":"Declaraci\u00f3n sobre la denominaci\u00f3n de seis organizaciones palestinas como \"grupos terroristas\"","isPartOf":{"@id":"https:\/\/cpt.org\/es#website"},"primaryImageOfPage":{"@id":"https:\/\/cpt.org\/es\/2021\/11\/02\/ecap-internacional-declaracion-sobre-la-denominacion-de-seis-organizaciones#primaryimage"},"image":{"@id":"https:\/\/cpt.org\/es\/2021\/11\/02\/ecap-internacional-declaracion-sobre-la-denominacion-de-seis-organizaciones#primaryimage"},"thumbnailUrl":"https:\/\/cpt.org\/wp-content\/uploads\/211103-int.jpg","datePublished":"2021-11-02T13:43:43+00:00","dateModified":"2022-01-12T00:13:48+00:00","description":"Equipos y Comunidades de Acci\u00f3n por la Paz construye alianzas para transformar la violencia y la opresi\u00f3n. M\u00e1s de 35 a\u00f1os de acci\u00f3n por la paz y la justicia.","breadcrumb":{"@id":"https:\/\/cpt.org\/es\/2021\/11\/02\/ecap-internacional-declaracion-sobre-la-denominacion-de-seis-organizaciones#breadcrumb"},"inLanguage":"es","potentialAction":[{"@type":"ReadAction","target":["https:\/\/cpt.org\/es\/2021\/11\/02\/ecap-internacional-declaracion-sobre-la-denominacion-de-seis-organizaciones"]}]},{"@type":"ImageObject","inLanguage":"es","@id":"https:\/\/cpt.org\/es\/2021\/11\/02\/ecap-internacional-declaracion-sobre-la-denominacion-de-seis-organizaciones#primaryimage","url":"https:\/\/cpt.org\/wp-content\/uploads\/211103-int.jpg","contentUrl":"https:\/\/cpt.org\/wp-content\/uploads\/211103-int.jpg","width":1080,"height":1080,"caption":"CPT condena la designaci\u00f3n de Israel de las organizaciones de derechos palestinos como \"grupos terroristas\"."},{"@type":"BreadcrumbList","@id":"https:\/\/cpt.org\/es\/2021\/11\/02\/ecap-internacional-declaracion-sobre-la-denominacion-de-seis-organizaciones#breadcrumb","itemListElement":[{"@type":"ListItem","position":1,"name":"Home","item":"https:\/\/cpt.org\/es"},{"@type":"ListItem","position":2,"name":"Declaraci\u00f3n sobre la denominaci\u00f3n de seis organizaciones palestinas como \u00abgrupos terroristas\u00bb"}]},{"@type":"WebSite","@id":"https:\/\/cpt.org\/es#website","url":"https:\/\/cpt.org\/es","name":"Equipos y Comunidades de Acci\u00f3n por la Paz","description":"Building partnerships to transform violence and oppression","publisher":{"@id":"https:\/\/cpt.org\/es#organization"},"potentialAction":[{"@type":"SearchAction","target":{"@type":"EntryPoint","urlTemplate":"https:\/\/cpt.org\/es?s={search_term_string}"},"query-input":{"@type":"PropertyValueSpecification","valueRequired":true,"valueName":"search_term_string"}}],"inLanguage":"es"},{"@type":"Organization","@id":"https:\/\/cpt.org\/es#organization","name":"Equipos y Comunidades de Acci\u00f3n por la Paz","url":"https:\/\/cpt.org\/es","logo":{"@type":"ImageObject","inLanguage":"es","@id":"https:\/\/cpt.org\/es#\/schema\/logo\/image\/","url":"https:\/\/cpt.org\/wp-content\/uploads\/logoCPT-red-2.png","contentUrl":"https:\/\/cpt.org\/wp-content\/uploads\/logoCPT-red-2.png","width":1730,"height":840,"caption":"Equipos y Comunidades de Acci\u00f3n por la Paz"},"image":{"@id":"https:\/\/cpt.org\/es#\/schema\/logo\/image\/"},"sameAs":["https:\/\/www.facebook.com\/cpters","https:\/\/x.com\/cpt_intl","https:\/\/www.instagram.com\/cpteams\/","https:\/\/www.youtube.com\/user\/cptvideos"]},{"@type":"Person","@id":"https:\/\/cpt.org\/es#\/schema\/person\/c6038b679ef37138ad9c71cbbc2dc6d2","name":"CPT International","image":{"@type":"ImageObject","inLanguage":"es","@id":"https:\/\/secure.gravatar.com\/avatar\/bf28088c013305e8a0e111ef9874efc660e60de8280d1b708d7cfcb132e61262?s=96&r=g","url":"https:\/\/secure.gravatar.com\/avatar\/bf28088c013305e8a0e111ef9874efc660e60de8280d1b708d7cfcb132e61262?s=96&r=g","contentUrl":"https:\/\/secure.gravatar.com\/avatar\/bf28088c013305e8a0e111ef9874efc660e60de8280d1b708d7cfcb132e61262?s=96&r=g","caption":"CPT International"},"url":"https:\/\/cpt.org\/es\/author\/cpt"}]}},"_links":{"self":[{"href":"https:\/\/cpt.org\/es\/wp-json\/wp\/v2\/posts\/24135","targetHints":{"allow":["GET"]}}],"collection":[{"href":"https:\/\/cpt.org\/es\/wp-json\/wp\/v2\/posts"}],"about":[{"href":"https:\/\/cpt.org\/es\/wp-json\/wp\/v2\/types\/post"}],"author":[{"embeddable":true,"href":"https:\/\/cpt.org\/es\/wp-json\/wp\/v2\/users\/6"}],"replies":[{"embeddable":true,"href":"https:\/\/cpt.org\/es\/wp-json\/wp\/v2\/comments?post=24135"}],"version-history":[{"count":1,"href":"https:\/\/cpt.org\/es\/wp-json\/wp\/v2\/posts\/24135\/revisions"}],"predecessor-version":[{"id":24136,"href":"https:\/\/cpt.org\/es\/wp-json\/wp\/v2\/posts\/24135\/revisions\/24136"}],"wp:featuredmedia":[{"embeddable":true,"href":"https:\/\/cpt.org\/es\/wp-json\/wp\/v2\/media\/24133"}],"wp:attachment":[{"href":"https:\/\/cpt.org\/es\/wp-json\/wp\/v2\/media?parent=24135"}],"wp:term":[{"taxonomy":"category","embeddable":true,"href":"https:\/\/cpt.org\/es\/wp-json\/wp\/v2\/categories?post=24135"},{"taxonomy":"post_tag","embeddable":true,"href":"https:\/\/cpt.org\/es\/wp-json\/wp\/v2\/tags?post=24135"}],"curies":[{"name":"wp","href":"https:\/\/api.w.org\/{rel}","templated":true}]}}