{"id":24261,"date":"2021-12-06T11:31:20","date_gmt":"2021-12-06T17:31:20","guid":{"rendered":"https:\/\/cpt.org\/2022\/01\/09\/la-vida-del-colono-es-muy-buena-cierto"},"modified":"2022-01-11T18:17:35","modified_gmt":"2022-01-12T00:17:35","slug":"red-de-solidaridad-en-la-isla-tortuga-la-vida-del-colono-es-muy-buena-cierto","status":"publish","type":"post","link":"https:\/\/cpt.org\/es\/2021\/12\/06\/red-de-solidaridad-en-la-isla-tortuga-la-vida-del-colono-es-muy-buena-cierto","title":{"rendered":"\u201cLa Vida del Colono es muy Buena, Cierto?\u201d"},"content":{"rendered":"\n<p>Durante el tiempo que he estado con los Equipos Cristianos de Acci\u00f3n por la Paz (ECAP), dos agentes de la Polic\u00eda han hecho declaraciones que se me han quedado grabadas en la cabeza. La primera frase fue realizada por un miembro del Grupo de Respuesta Comunidad-Industria (C-IRG, por sus siglas en ingl\u00e9s), una divisi\u00f3n de la Real Polic\u00eda Montada Canadiense (RCMP, por sus siglas en ingl\u00e9s) en Columbia Brit\u00e1nica cuya funci\u00f3n es acabar con las protestas que afectan la industria y la producci\u00f3n. \u201cLa vida del colono es muy buena, cierto?\u201d Dijo el agente regocij\u00e1ndose. Fue durante la primera semana de una visita como observador legal de ECAP en territorio Wet\u2019su\u2019wet\u2019en. Les ind\u00edgenas est\u00e1n bloqueando la construcci\u00f3n de un oleoducto por parte de Coastal GasLink en territorio ind\u00edgena. El oleoducto amenaza el medio ambiente, especialmente con la contaminaci\u00f3n de un r\u00edo pr\u00edstino del cual a\u00fan se puede beber agua potable sin necesidad de filtrarla. Coastal Gaslink y la RCMP ni siquiera deber\u00edan hacer presencia en un territorio ind\u00edgena que nunca fue cedido y en una provincia que aprob\u00f3 la Declaraci\u00f3n de las Naciones Unidas Sobre los Derechos de los Pueblos Ind\u00edgenas.&#13;\n<\/p>\n\n<p>La raz\u00f3n por la que el agente hizo este comentario era claramente cuestionar mis motivos y hacer que regresara al bando de les colonizadores. El C-IRG hab\u00eda hecho una redada en el campamento la semana anterior a nuestra llegada, y hab\u00eda amenazado y abusado de varios miembros del grupo de solidaridad. Al menos en uno de estos casos, se podr\u00edan calificar sus acciones como tortura. La siguiente semana, durante los primeros d\u00edas de nuestra estad\u00eda, el C-IRG invadi\u00f3 el campamento en seis ocasiones. Les agentes se cubrieron los nombres y n\u00fameros de identificaci\u00f3n, realizaron chistes preocupantes sobre genocidio, vaciaron los tanques de agua, pincharon neum\u00e1ticos, robaron llaves de cuatrimotos y acosaron a representantes de los medios de comunicaci\u00f3n y observadores legales. El C-IRG solo detuvo las redadas cuando aliades ind\u00edgenas del este le expuls\u00f3 del campamento grit\u00e1ndoles que estaban invadiendo territorio ind\u00edgena y que les Haundenosaunee y otres aliades les estaban apoyando desde todos los rincones del pa\u00eds.<\/p>\n\n<p>La segunda frase que se me qued\u00f3 en la cabeza vino de un agente de la Polic\u00eda israel\u00ed de Fronteras en Hebr\u00f3n, Palestina, quien dijo \u201cbueno, usted ya no est\u00e1 en Canad\u00e1, adem\u00e1s, nosotros aprendimos todo de ustedes.\u201d La frase me hiri\u00f3 porque era cierta. Adem\u00e1s de Israel, Sur \u00c1frica tambi\u00e9n estudi\u00f3 como Canad\u00e1 manej\u00f3 el \u201cproblema ind\u00edgena.\u201d Nuestro equipo de ECAP estaba en una estaci\u00f3n de Polic\u00eda israel\u00ed preguntando por un joven de 14 a\u00f1os que hab\u00eda sido arrestado. Nuestros esfuerzos no tuvieron \u00e9xito. El estado de Israel ha usado la colonizaci\u00f3n de territorios ocupados desde el principio, reduciendo a les palestines a territorios cada vez m\u00e1s peque\u00f1os.<\/p>\n\n<p>Mi visita reciente a territorio Wet\u2019su\u2019wet\u2019en fue una experiencia que me abri\u00f3 los ojos. Fui testigo de c\u00f3mo la ley, nuestro gobierno y la industria contin\u00faan reproduciendo la colonizaci\u00f3n. Es hora de reconocer el hecho de que la colonizaci\u00f3n ha violado los derechos de los pueblos ind\u00edgenas por demasiado tiempo.<\/p>\n","protected":false},"excerpt":{"rendered":"<p>Fui testigo de c\u00f3mo la ley, nuestro gobierno y la industria contin\u00faan reproduciendo la colonizaci\u00f3n.<\/p>\n","protected":false},"author":36,"featured_media":24259,"comment_status":"closed","ping_status":"closed","sticky":false,"template":"","format":"standard","meta":{"footnotes":""},"categories":[241],"tags":[],"class_list":["post-24261","post","type-post","status-publish","format-standard","has-post-thumbnail","hentry","category-red-de-solidaridad-de-la-isla-tortuga"],"yoast_head":"<!-- This site is optimized with the Yoast SEO Premium plugin v27.4 (Yoast SEO v27.4) - https:\/\/yoast.com\/product\/yoast-seo-premium-wordpress\/ -->\n<title>\u201cLa Vida del Colono es muy Buena, Cierto?\u201d<\/title>\n<meta name=\"description\" content=\"Equipos y Comunidades de Acci\u00f3n por la Paz construye alianzas para transformar la violencia y la opresi\u00f3n. M\u00e1s de 35 a\u00f1os de acci\u00f3n por la paz y la justicia.\" \/>\n<meta name=\"robots\" content=\"index, follow, max-snippet:-1, max-image-preview:large, max-video-preview:-1\" \/>\n<link rel=\"canonical\" href=\"https:\/\/cpt.org\/es\/2021\/12\/06\/red-de-solidaridad-en-la-isla-tortuga-la-vida-del-colono-es-muy-buena-cierto\" \/>\n<meta property=\"og:locale\" content=\"es_ES\" \/>\n<meta property=\"og:type\" content=\"article\" \/>\n<meta property=\"og:title\" content=\"\u201cLa Vida del Colono es muy Buena, Cierto?\u201d\" \/>\n<meta property=\"og:description\" content=\"Community Peacemaker Teams builds partnerships to transform violence and oppression. Over 35 years of action for peace and justice.\" \/>\n<meta property=\"og:url\" content=\"https:\/\/cpt.org\/es\/2021\/12\/06\/red-de-solidaridad-en-la-isla-tortuga-la-vida-del-colono-es-muy-buena-cierto\" \/>\n<meta property=\"og:site_name\" content=\"Equipos y Comunidades de Acci\u00f3n por la Paz\" \/>\n<meta property=\"article:publisher\" content=\"https:\/\/www.facebook.com\/cpters\" \/>\n<meta property=\"article:published_time\" content=\"2021-12-06T17:31:20+00:00\" \/>\n<meta property=\"article:modified_time\" content=\"2022-01-12T00:17:35+00:00\" \/>\n<meta property=\"og:image\" content=\"https:\/\/cpt.org\/wp-content\/uploads\/211206-tisn.jpeg\" \/>\n\t<meta property=\"og:image:width\" content=\"800\" \/>\n\t<meta property=\"og:image:height\" content=\"600\" \/>\n\t<meta property=\"og:image:type\" content=\"image\/jpeg\" \/>\n<meta name=\"author\" content=\"David Janzen\" \/>\n<meta name=\"twitter:card\" content=\"summary_large_image\" \/>\n<meta name=\"twitter:creator\" content=\"@cpt_intl\" \/>\n<meta name=\"twitter:site\" content=\"@cpt_intl\" \/>\n<meta name=\"twitter:label1\" content=\"Escrito por\" \/>\n\t<meta name=\"twitter:data1\" content=\"David Janzen\" \/>\n\t<meta name=\"twitter:label2\" content=\"Tiempo de lectura\" \/>\n\t<meta name=\"twitter:data2\" content=\"3 minutos\" \/>\n<script type=\"application\/ld+json\" class=\"yoast-schema-graph\">{\"@context\":\"https:\\\/\\\/schema.org\",\"@graph\":[{\"@type\":\"Article\",\"@id\":\"https:\\\/\\\/cpt.org\\\/es\\\/2021\\\/12\\\/06\\\/red-de-solidaridad-en-la-isla-tortuga-la-vida-del-colono-es-muy-buena-cierto#article\",\"isPartOf\":{\"@id\":\"https:\\\/\\\/cpt.org\\\/es\\\/2021\\\/12\\\/06\\\/red-de-solidaridad-en-la-isla-tortuga-la-vida-del-colono-es-muy-buena-cierto\"},\"author\":{\"name\":\"David Janzen\",\"@id\":\"https:\\\/\\\/cpt.org\\\/es#\\\/schema\\\/person\\\/a84548eaf98d66b5df41b2afab7b438e\"},\"headline\":\"\u201cLa Vida del Colono es muy Buena, Cierto?\u201d\",\"datePublished\":\"2021-12-06T17:31:20+00:00\",\"dateModified\":\"2022-01-12T00:17:35+00:00\",\"mainEntityOfPage\":{\"@id\":\"https:\\\/\\\/cpt.org\\\/es\\\/2021\\\/12\\\/06\\\/red-de-solidaridad-en-la-isla-tortuga-la-vida-del-colono-es-muy-buena-cierto\"},\"wordCount\":575,\"publisher\":{\"@id\":\"https:\\\/\\\/cpt.org\\\/es#organization\"},\"image\":{\"@id\":\"https:\\\/\\\/cpt.org\\\/es\\\/2021\\\/12\\\/06\\\/red-de-solidaridad-en-la-isla-tortuga-la-vida-del-colono-es-muy-buena-cierto#primaryimage\"},\"thumbnailUrl\":\"https:\\\/\\\/cpt.org\\\/wp-content\\\/uploads\\\/211206-tisn.jpeg\",\"articleSection\":[\"Red de Solidaridad de la Isla Tortuga\"],\"inLanguage\":\"es\"},{\"@type\":\"WebPage\",\"@id\":\"https:\\\/\\\/cpt.org\\\/es\\\/2021\\\/12\\\/06\\\/red-de-solidaridad-en-la-isla-tortuga-la-vida-del-colono-es-muy-buena-cierto\",\"url\":\"https:\\\/\\\/cpt.org\\\/es\\\/2021\\\/12\\\/06\\\/red-de-solidaridad-en-la-isla-tortuga-la-vida-del-colono-es-muy-buena-cierto\",\"name\":\"\u201cLa Vida del Colono es muy Buena, Cierto?\u201d\",\"isPartOf\":{\"@id\":\"https:\\\/\\\/cpt.org\\\/es#website\"},\"primaryImageOfPage\":{\"@id\":\"https:\\\/\\\/cpt.org\\\/es\\\/2021\\\/12\\\/06\\\/red-de-solidaridad-en-la-isla-tortuga-la-vida-del-colono-es-muy-buena-cierto#primaryimage\"},\"image\":{\"@id\":\"https:\\\/\\\/cpt.org\\\/es\\\/2021\\\/12\\\/06\\\/red-de-solidaridad-en-la-isla-tortuga-la-vida-del-colono-es-muy-buena-cierto#primaryimage\"},\"thumbnailUrl\":\"https:\\\/\\\/cpt.org\\\/wp-content\\\/uploads\\\/211206-tisn.jpeg\",\"datePublished\":\"2021-12-06T17:31:20+00:00\",\"dateModified\":\"2022-01-12T00:17:35+00:00\",\"description\":\"Equipos y Comunidades de Acci\u00f3n por la Paz construye alianzas para transformar la violencia y la opresi\u00f3n. M\u00e1s de 35 a\u00f1os de acci\u00f3n por la paz y la justicia.\",\"breadcrumb\":{\"@id\":\"https:\\\/\\\/cpt.org\\\/es\\\/2021\\\/12\\\/06\\\/red-de-solidaridad-en-la-isla-tortuga-la-vida-del-colono-es-muy-buena-cierto#breadcrumb\"},\"inLanguage\":\"es\",\"potentialAction\":[{\"@type\":\"ReadAction\",\"target\":[\"https:\\\/\\\/cpt.org\\\/es\\\/2021\\\/12\\\/06\\\/red-de-solidaridad-en-la-isla-tortuga-la-vida-del-colono-es-muy-buena-cierto\"]}]},{\"@type\":\"ImageObject\",\"inLanguage\":\"es\",\"@id\":\"https:\\\/\\\/cpt.org\\\/es\\\/2021\\\/12\\\/06\\\/red-de-solidaridad-en-la-isla-tortuga-la-vida-del-colono-es-muy-buena-cierto#primaryimage\",\"url\":\"https:\\\/\\\/cpt.org\\\/wp-content\\\/uploads\\\/211206-tisn.jpeg\",\"contentUrl\":\"https:\\\/\\\/cpt.org\\\/wp-content\\\/uploads\\\/211206-tisn.jpeg\",\"width\":800,\"height\":600,\"caption\":\"Un oficial de la RCMP invade el territorio de Wet'suwet'en, caminando alrededor del bloqueo de troncos mientras dos seguidores observan.\"},{\"@type\":\"BreadcrumbList\",\"@id\":\"https:\\\/\\\/cpt.org\\\/es\\\/2021\\\/12\\\/06\\\/red-de-solidaridad-en-la-isla-tortuga-la-vida-del-colono-es-muy-buena-cierto#breadcrumb\",\"itemListElement\":[{\"@type\":\"ListItem\",\"position\":1,\"name\":\"Home\",\"item\":\"https:\\\/\\\/cpt.org\\\/es\"},{\"@type\":\"ListItem\",\"position\":2,\"name\":\"\u201cLa Vida del Colono es muy Buena, Cierto?\u201d\"}]},{\"@type\":\"WebSite\",\"@id\":\"https:\\\/\\\/cpt.org\\\/es#website\",\"url\":\"https:\\\/\\\/cpt.org\\\/es\",\"name\":\"Equipos y Comunidades de Acci\u00f3n por la Paz\",\"description\":\"Building partnerships to transform violence and oppression\",\"publisher\":{\"@id\":\"https:\\\/\\\/cpt.org\\\/es#organization\"},\"potentialAction\":[{\"@type\":\"SearchAction\",\"target\":{\"@type\":\"EntryPoint\",\"urlTemplate\":\"https:\\\/\\\/cpt.org\\\/es?s={search_term_string}\"},\"query-input\":{\"@type\":\"PropertyValueSpecification\",\"valueRequired\":true,\"valueName\":\"search_term_string\"}}],\"inLanguage\":\"es\"},{\"@type\":\"Organization\",\"@id\":\"https:\\\/\\\/cpt.org\\\/es#organization\",\"name\":\"Equipos y Comunidades de Acci\u00f3n por la Paz\",\"url\":\"https:\\\/\\\/cpt.org\\\/es\",\"logo\":{\"@type\":\"ImageObject\",\"inLanguage\":\"es\",\"@id\":\"https:\\\/\\\/cpt.org\\\/es#\\\/schema\\\/logo\\\/image\\\/\",\"url\":\"https:\\\/\\\/cpt.org\\\/wp-content\\\/uploads\\\/logoCPT-red-2.png\",\"contentUrl\":\"https:\\\/\\\/cpt.org\\\/wp-content\\\/uploads\\\/logoCPT-red-2.png\",\"width\":1730,\"height\":840,\"caption\":\"Equipos y Comunidades de Acci\u00f3n por la Paz\"},\"image\":{\"@id\":\"https:\\\/\\\/cpt.org\\\/es#\\\/schema\\\/logo\\\/image\\\/\"},\"sameAs\":[\"https:\\\/\\\/www.facebook.com\\\/cpters\",\"https:\\\/\\\/x.com\\\/cpt_intl\",\"https:\\\/\\\/www.instagram.com\\\/cpteams\\\/\",\"https:\\\/\\\/www.youtube.com\\\/user\\\/cptvideos\"]},{\"@type\":\"Person\",\"@id\":\"https:\\\/\\\/cpt.org\\\/es#\\\/schema\\\/person\\\/a84548eaf98d66b5df41b2afab7b438e\",\"name\":\"David Janzen\",\"image\":{\"@type\":\"ImageObject\",\"inLanguage\":\"es\",\"@id\":\"https:\\\/\\\/secure.gravatar.com\\\/avatar\\\/a1963e3aef508668c35807268ae6aa71442e32a7371e7189070902cff91d9ced?s=96&r=g\",\"url\":\"https:\\\/\\\/secure.gravatar.com\\\/avatar\\\/a1963e3aef508668c35807268ae6aa71442e32a7371e7189070902cff91d9ced?s=96&r=g\",\"contentUrl\":\"https:\\\/\\\/secure.gravatar.com\\\/avatar\\\/a1963e3aef508668c35807268ae6aa71442e32a7371e7189070902cff91d9ced?s=96&r=g\",\"caption\":\"David Janzen\"},\"url\":\"https:\\\/\\\/cpt.org\\\/es\\\/author\\\/david-janzen\"}]}<\/script>\n<!-- \/ Yoast SEO Premium plugin. -->","yoast_head_json":{"title":"\u201cLa Vida del Colono es muy Buena, Cierto?\u201d","description":"Equipos y Comunidades de Acci\u00f3n por la Paz construye alianzas para transformar la violencia y la opresi\u00f3n. M\u00e1s de 35 a\u00f1os de acci\u00f3n por la paz y la justicia.","robots":{"index":"index","follow":"follow","max-snippet":"max-snippet:-1","max-image-preview":"max-image-preview:large","max-video-preview":"max-video-preview:-1"},"canonical":"https:\/\/cpt.org\/es\/2021\/12\/06\/red-de-solidaridad-en-la-isla-tortuga-la-vida-del-colono-es-muy-buena-cierto","og_locale":"es_ES","og_type":"article","og_title":"\u201cLa Vida del Colono es muy Buena, Cierto?\u201d","og_description":"Community Peacemaker Teams builds partnerships to transform violence and oppression. Over 35 years of action for peace and justice.","og_url":"https:\/\/cpt.org\/es\/2021\/12\/06\/red-de-solidaridad-en-la-isla-tortuga-la-vida-del-colono-es-muy-buena-cierto","og_site_name":"Equipos y Comunidades de Acci\u00f3n por la Paz","article_publisher":"https:\/\/www.facebook.com\/cpters","article_published_time":"2021-12-06T17:31:20+00:00","article_modified_time":"2022-01-12T00:17:35+00:00","og_image":[{"width":800,"height":600,"url":"https:\/\/cpt.org\/wp-content\/uploads\/211206-tisn.jpeg","type":"image\/jpeg"}],"author":"David Janzen","twitter_card":"summary_large_image","twitter_creator":"@cpt_intl","twitter_site":"@cpt_intl","twitter_misc":{"Escrito por":"David Janzen","Tiempo de lectura":"3 minutos"},"schema":{"@context":"https:\/\/schema.org","@graph":[{"@type":"Article","@id":"https:\/\/cpt.org\/es\/2021\/12\/06\/red-de-solidaridad-en-la-isla-tortuga-la-vida-del-colono-es-muy-buena-cierto#article","isPartOf":{"@id":"https:\/\/cpt.org\/es\/2021\/12\/06\/red-de-solidaridad-en-la-isla-tortuga-la-vida-del-colono-es-muy-buena-cierto"},"author":{"name":"David Janzen","@id":"https:\/\/cpt.org\/es#\/schema\/person\/a84548eaf98d66b5df41b2afab7b438e"},"headline":"\u201cLa Vida del Colono es muy Buena, Cierto?\u201d","datePublished":"2021-12-06T17:31:20+00:00","dateModified":"2022-01-12T00:17:35+00:00","mainEntityOfPage":{"@id":"https:\/\/cpt.org\/es\/2021\/12\/06\/red-de-solidaridad-en-la-isla-tortuga-la-vida-del-colono-es-muy-buena-cierto"},"wordCount":575,"publisher":{"@id":"https:\/\/cpt.org\/es#organization"},"image":{"@id":"https:\/\/cpt.org\/es\/2021\/12\/06\/red-de-solidaridad-en-la-isla-tortuga-la-vida-del-colono-es-muy-buena-cierto#primaryimage"},"thumbnailUrl":"https:\/\/cpt.org\/wp-content\/uploads\/211206-tisn.jpeg","articleSection":["Red de Solidaridad de la Isla Tortuga"],"inLanguage":"es"},{"@type":"WebPage","@id":"https:\/\/cpt.org\/es\/2021\/12\/06\/red-de-solidaridad-en-la-isla-tortuga-la-vida-del-colono-es-muy-buena-cierto","url":"https:\/\/cpt.org\/es\/2021\/12\/06\/red-de-solidaridad-en-la-isla-tortuga-la-vida-del-colono-es-muy-buena-cierto","name":"\u201cLa Vida del Colono es muy Buena, Cierto?\u201d","isPartOf":{"@id":"https:\/\/cpt.org\/es#website"},"primaryImageOfPage":{"@id":"https:\/\/cpt.org\/es\/2021\/12\/06\/red-de-solidaridad-en-la-isla-tortuga-la-vida-del-colono-es-muy-buena-cierto#primaryimage"},"image":{"@id":"https:\/\/cpt.org\/es\/2021\/12\/06\/red-de-solidaridad-en-la-isla-tortuga-la-vida-del-colono-es-muy-buena-cierto#primaryimage"},"thumbnailUrl":"https:\/\/cpt.org\/wp-content\/uploads\/211206-tisn.jpeg","datePublished":"2021-12-06T17:31:20+00:00","dateModified":"2022-01-12T00:17:35+00:00","description":"Equipos y Comunidades de Acci\u00f3n por la Paz construye alianzas para transformar la violencia y la opresi\u00f3n. M\u00e1s de 35 a\u00f1os de acci\u00f3n por la paz y la justicia.","breadcrumb":{"@id":"https:\/\/cpt.org\/es\/2021\/12\/06\/red-de-solidaridad-en-la-isla-tortuga-la-vida-del-colono-es-muy-buena-cierto#breadcrumb"},"inLanguage":"es","potentialAction":[{"@type":"ReadAction","target":["https:\/\/cpt.org\/es\/2021\/12\/06\/red-de-solidaridad-en-la-isla-tortuga-la-vida-del-colono-es-muy-buena-cierto"]}]},{"@type":"ImageObject","inLanguage":"es","@id":"https:\/\/cpt.org\/es\/2021\/12\/06\/red-de-solidaridad-en-la-isla-tortuga-la-vida-del-colono-es-muy-buena-cierto#primaryimage","url":"https:\/\/cpt.org\/wp-content\/uploads\/211206-tisn.jpeg","contentUrl":"https:\/\/cpt.org\/wp-content\/uploads\/211206-tisn.jpeg","width":800,"height":600,"caption":"Un oficial de la RCMP invade el territorio de Wet'suwet'en, caminando alrededor del bloqueo de troncos mientras dos seguidores observan."},{"@type":"BreadcrumbList","@id":"https:\/\/cpt.org\/es\/2021\/12\/06\/red-de-solidaridad-en-la-isla-tortuga-la-vida-del-colono-es-muy-buena-cierto#breadcrumb","itemListElement":[{"@type":"ListItem","position":1,"name":"Home","item":"https:\/\/cpt.org\/es"},{"@type":"ListItem","position":2,"name":"\u201cLa Vida del Colono es muy Buena, Cierto?\u201d"}]},{"@type":"WebSite","@id":"https:\/\/cpt.org\/es#website","url":"https:\/\/cpt.org\/es","name":"Equipos y Comunidades de Acci\u00f3n por la Paz","description":"Building partnerships to transform violence and oppression","publisher":{"@id":"https:\/\/cpt.org\/es#organization"},"potentialAction":[{"@type":"SearchAction","target":{"@type":"EntryPoint","urlTemplate":"https:\/\/cpt.org\/es?s={search_term_string}"},"query-input":{"@type":"PropertyValueSpecification","valueRequired":true,"valueName":"search_term_string"}}],"inLanguage":"es"},{"@type":"Organization","@id":"https:\/\/cpt.org\/es#organization","name":"Equipos y Comunidades de Acci\u00f3n por la Paz","url":"https:\/\/cpt.org\/es","logo":{"@type":"ImageObject","inLanguage":"es","@id":"https:\/\/cpt.org\/es#\/schema\/logo\/image\/","url":"https:\/\/cpt.org\/wp-content\/uploads\/logoCPT-red-2.png","contentUrl":"https:\/\/cpt.org\/wp-content\/uploads\/logoCPT-red-2.png","width":1730,"height":840,"caption":"Equipos y Comunidades de Acci\u00f3n por la Paz"},"image":{"@id":"https:\/\/cpt.org\/es#\/schema\/logo\/image\/"},"sameAs":["https:\/\/www.facebook.com\/cpters","https:\/\/x.com\/cpt_intl","https:\/\/www.instagram.com\/cpteams\/","https:\/\/www.youtube.com\/user\/cptvideos"]},{"@type":"Person","@id":"https:\/\/cpt.org\/es#\/schema\/person\/a84548eaf98d66b5df41b2afab7b438e","name":"David Janzen","image":{"@type":"ImageObject","inLanguage":"es","@id":"https:\/\/secure.gravatar.com\/avatar\/a1963e3aef508668c35807268ae6aa71442e32a7371e7189070902cff91d9ced?s=96&r=g","url":"https:\/\/secure.gravatar.com\/avatar\/a1963e3aef508668c35807268ae6aa71442e32a7371e7189070902cff91d9ced?s=96&r=g","contentUrl":"https:\/\/secure.gravatar.com\/avatar\/a1963e3aef508668c35807268ae6aa71442e32a7371e7189070902cff91d9ced?s=96&r=g","caption":"David Janzen"},"url":"https:\/\/cpt.org\/es\/author\/david-janzen"}]}},"_links":{"self":[{"href":"https:\/\/cpt.org\/es\/wp-json\/wp\/v2\/posts\/24261","targetHints":{"allow":["GET"]}}],"collection":[{"href":"https:\/\/cpt.org\/es\/wp-json\/wp\/v2\/posts"}],"about":[{"href":"https:\/\/cpt.org\/es\/wp-json\/wp\/v2\/types\/post"}],"author":[{"embeddable":true,"href":"https:\/\/cpt.org\/es\/wp-json\/wp\/v2\/users\/36"}],"replies":[{"embeddable":true,"href":"https:\/\/cpt.org\/es\/wp-json\/wp\/v2\/comments?post=24261"}],"version-history":[{"count":1,"href":"https:\/\/cpt.org\/es\/wp-json\/wp\/v2\/posts\/24261\/revisions"}],"predecessor-version":[{"id":24262,"href":"https:\/\/cpt.org\/es\/wp-json\/wp\/v2\/posts\/24261\/revisions\/24262"}],"wp:featuredmedia":[{"embeddable":true,"href":"https:\/\/cpt.org\/es\/wp-json\/wp\/v2\/media\/24259"}],"wp:attachment":[{"href":"https:\/\/cpt.org\/es\/wp-json\/wp\/v2\/media?parent=24261"}],"wp:term":[{"taxonomy":"category","embeddable":true,"href":"https:\/\/cpt.org\/es\/wp-json\/wp\/v2\/categories?post=24261"},{"taxonomy":"post_tag","embeddable":true,"href":"https:\/\/cpt.org\/es\/wp-json\/wp\/v2\/tags?post=24261"}],"curies":[{"name":"wp","href":"https:\/\/api.w.org\/{rel}","templated":true}]}}