{"id":27141,"date":"2022-02-24T06:00:06","date_gmt":"2022-02-24T12:00:06","guid":{"rendered":"https:\/\/cpt.org\/2022\/02\/24\/enjaulado"},"modified":"2022-02-24T06:01:46","modified_gmt":"2022-02-24T12:01:46","slug":"enjaulado","status":"publish","type":"post","link":"https:\/\/cpt.org\/es\/2022\/02\/24\/enjaulado","title":{"rendered":"Enjaulado"},"content":{"rendered":"\n<p class=\"has-text-align-center\">Miro por la ventana. Tan solo a unos metros de distancia est\u00e1 el cementerio donde mi padre est\u00e1 enterrado. Quiero visitar su tumba, podr\u00eda llegar a ella en menos de un minuto, puedo ver el lugar donde descansa desde mi ventana.&#13;\nPero no puedo simplemente cruzar la calle. Tendr\u00eda que tomar otro camino y conducir durante media hora para sortear los retenes y el muro que separa un \u00e1rea de la otra.&#13;\nLa calle frente a mi ventana, ni siquiera puedo cruzar esa calle porque es exclusiva para les colones y prohibida para les palestines.&#13;\nEn este corto tramo del camino hay varios retenes militares para proteger y vigilar la seguridad de la ruta de les colones, pero mi seguridad no tiene importancia. <\/p>\n\n<p class=\"has-text-align-center\">La tristeza me asalta cuando entro a la ciudad antigua, estrangulada por retenes, calles clausurudas y bermas de cemento.&#13;\nSus mercados sol\u00edan ser un caleidoscopio cultural, el centro de la ciudad estaba lleno de vida, movimiento, actividad comercial y turismo, debido a su importancia en la historia antigua.&#13;\nAhora es una ciudad fantasma, las reglas estrictas impuestas por la ocupaci\u00f3n, calles cerradas y acoso contra les residentes y mercaderes han terminado por vaciar sus calles. Ya no hay compradores en los callejones adornados con tejados antiguos y arcos.&#13;\nLa Mezquita de Ibrahimi sobresale en el centro de la ciudad, cimentada sobre su historia y religi\u00f3n. Por esta misma raz\u00f3n les colones buscan transformarla en una sinagoga, otro hecho consumado para afirmar la ocupaci\u00f3n ilegal del territorio.<br\/><br\/>Cuando caminamos en el \u00e1rea alrededor de la Mezquita Ibrahimi, nos encontramos con innumerables entradas clausuradas que sol\u00edan conducir a hogares palestinos. Como resultado de estos bloqueos, les residentes se ven obligados a tomar otro camino para llegar a sus casas. Lo que deber\u00eda ser un tramo de apenas 10 metros se convierte en un largo camino de casi un\u00a0kil\u00f3metro. &#13;\nEstas divisiones son complejas, nadie las podr\u00eda entender sin haberlas caminado. Si une residente de esta \u00e1rea necesita atenci\u00f3n m\u00e9dica, las ambulancias no pueden entrar sin antes haber coordinado con el Comit\u00e9 Internacional de la Cruz Roja y el Ej\u00e9rcito. Una vez que se ha concedido el permiso, toma al menos una hora llegar a la ubicaci\u00f3n requerida. Si se trata de una emergencia es caso perdido, la ambulancia habr\u00e1 llegado demasiado tarde. Otra tarea imposible para les residentes es transportar carga pesada como muebles o materiales para reparar sus hogares.&#13;\n<\/p>\n\n<figure class=\"wp-block-image size-large\"><img fetchpriority=\"high\" decoding=\"async\" width=\"1024\" height=\"929\" src=\"https:\/\/cpt.org\/wp-content\/uploads\/\/220222-Palestine-cemetery-1-1-1024x929.jpg\" alt=\"\" class=\"wp-image-27105\" srcset=\"https:\/\/cpt.org\/wp-content\/uploads\/220222-Palestine-cemetery-1-1-1024x929.jpg 1024w, https:\/\/cpt.org\/wp-content\/uploads\/220222-Palestine-cemetery-1-1-300x272.jpg 300w, https:\/\/cpt.org\/wp-content\/uploads\/220222-Palestine-cemetery-1-1-768x697.jpg 768w, https:\/\/cpt.org\/wp-content\/uploads\/220222-Palestine-cemetery-1-1.jpg 1191w\" sizes=\"(max-width: 1024px) 100vw, 1024px\" \/><figcaption>Una vista del cementerio m\u00e1s all\u00e1 de la calle Shuhada que ha estado cerrado a las personas palestinas durante d\u00e9cadas.<\/figcaption><\/figure>\n\n<p class=\"has-text-align-center\">Visit\u00e9 el barrio Jaber, donde la calle principal del asentamiento de \u201cKiryat Arba\u201d, que conduce hasta la mezquita de Ibrahimi, ha estado cerrada por diez a\u00f1os para les palestines. Esta es una de las arter\u00edas principales de movilidad en la ciudad, pero les palestines no pueden transitarla, solo les colones pueden hacerlo.&#13;\nEs como si les residentes palestines de esta \u00e1rea estuvieran encerrades en una prisi\u00f3n gigante, rodeades por retenes militares y exiliades de las calles y entradas. Desconectades de varios mercados tradicionales como el de Souk al-Laban, Bab al-Khan, y el del barrio\u00a0Al-Sahla.\u00a0Y por supuesto, de la calle Al-Shuhada, otra calle principal de la ciudad, as\u00ed como de la calle Al-Sahla y del mercado central de vegetales. Dentro de poco toda esta \u00e1rea estar\u00e1 bajo control de les colones. Ya le est\u00e1n dado nombres hebreos a las calles, colgando avisos en las paredes de los barrios: \u201cla calle del Rey David\u201d en lugar de la calle Al-Shuhada.<\/p>\n\n<p class=\"has-text-align-center\">El centro de la ciudad est\u00e1 habitado por m\u00e1s de cuarenta mil palestines, encerrades con alambres, retenes y miedo, mientras que el n\u00famero de colones en asentamientos en la antigua ciudad de Hebr\u00f3n no sobrepasa las mil personas. Los retenes del terror est\u00e1n en todas partes y la vigilancia de las c\u00e1maras digitales observa en todas las direcciones, escaneando para el reconocimiento facial de les palestines. Incluso con estas tecnolog\u00edas tan avanzadas a les residentes no les perdonan la requisa diaria, tampoco a les feligr\u00e9ses que van a la mezquita de Ibrahimi a orar.&#13;\nMientras que les palestines sufren bajo complejas medidas de seguridad, les colones reciben una protecci\u00f3n excesiva, hasta el punto que les soldades escoltan a les colones cuando van a tirar la basura a tan solo diez metros de los retenes. \u00a0<\/p>\n\n<p class=\"has-text-align-center\">Miro por la ventana. El cementerio se encuentra a tan solo unos metros, pero en realidad est\u00e1 en otro mundo.&#13;\n<\/p>\n","protected":false},"excerpt":{"rendered":"<p>Una experiencia de vida bajo ocupaci\u00f3n: cierres, retenes y hostigamiento impregnan todos los aspectos de la vida cotidiana<\/p>\n","protected":false},"author":41,"featured_media":27101,"comment_status":"closed","ping_status":"closed","sticky":false,"template":"","format":"standard","meta":{"footnotes":""},"categories":[226],"tags":[],"class_list":["post-27141","post","type-post","status-publish","format-standard","has-post-thumbnail","hentry","category-palestina"],"yoast_head":"<!-- This site is optimized with the Yoast SEO Premium plugin v27.4 (Yoast SEO v27.4) - https:\/\/yoast.com\/product\/yoast-seo-premium-wordpress\/ -->\n<title>Enjaulado | Equipos y Comunidades de Acci\u00f3n por la Paz Palestina<\/title>\n<meta name=\"description\" content=\"Una experiencia de vida bajo ocupaci\u00f3n: cierres, retenes y hostigamiento impregnan todos los aspectos de la vida cotidiana en una jaula gigante.\" \/>\n<meta name=\"robots\" content=\"index, follow, max-snippet:-1, max-image-preview:large, max-video-preview:-1\" \/>\n<link rel=\"canonical\" href=\"https:\/\/cpt.org\/es\/2022\/02\/24\/enjaulado\" \/>\n<meta property=\"og:locale\" content=\"es_ES\" \/>\n<meta property=\"og:type\" content=\"article\" \/>\n<meta property=\"og:title\" content=\"Enjaulado | Equipos y Comunidades de Acci\u00f3n por la Paz Palestina\" \/>\n<meta property=\"og:description\" content=\"Una experiencia de vida bajo ocupaci\u00f3n: cierres, retenes y hostigamiento impregnan todos los aspectos de la vida cotidiana en una jaula gigante\" \/>\n<meta property=\"og:url\" content=\"https:\/\/cpt.org\/es\/2022\/02\/24\/enjaulado\" \/>\n<meta property=\"og:site_name\" content=\"Equipos y Comunidades de Acci\u00f3n por la Paz\" \/>\n<meta property=\"article:publisher\" content=\"https:\/\/www.facebook.com\/cpters\" \/>\n<meta property=\"article:published_time\" content=\"2022-02-24T12:00:06+00:00\" \/>\n<meta property=\"article:modified_time\" content=\"2022-02-24T12:01:46+00:00\" \/>\n<meta property=\"og:image\" content=\"https:\/\/cpt.org\/wp-content\/uploads\/220222-Palestine-checkpoint.jpg\" \/>\n\t<meta property=\"og:image:width\" content=\"1600\" \/>\n\t<meta property=\"og:image:height\" content=\"1200\" \/>\n\t<meta property=\"og:image:type\" content=\"image\/jpeg\" \/>\n<meta name=\"author\" content=\"B.O.S\" \/>\n<meta name=\"twitter:card\" content=\"summary_large_image\" \/>\n<meta name=\"twitter:title\" content=\"Enjaulado | Equipos y Comunidades de Acci\u00f3n por la Paz Palestina\" \/>\n<meta name=\"twitter:description\" content=\"Una experiencia de vida bajo ocupaci\u00f3n: cierres, retenes y hostigamiento impregnan todos los aspectos de la vida cotidiana en una jaula gigante.\" \/>\n<meta name=\"twitter:creator\" content=\"@cpt_intl\" \/>\n<meta name=\"twitter:site\" content=\"@cpt_intl\" \/>\n<meta name=\"twitter:label1\" content=\"Escrito por\" \/>\n\t<meta name=\"twitter:data1\" content=\"B.O.S\" \/>\n\t<meta name=\"twitter:label2\" content=\"Tiempo de lectura\" \/>\n\t<meta name=\"twitter:data2\" content=\"4 minutos\" \/>\n<script type=\"application\/ld+json\" class=\"yoast-schema-graph\">{\"@context\":\"https:\\\/\\\/schema.org\",\"@graph\":[{\"@type\":\"Article\",\"@id\":\"https:\\\/\\\/cpt.org\\\/es\\\/2022\\\/02\\\/24\\\/enjaulado#article\",\"isPartOf\":{\"@id\":\"https:\\\/\\\/cpt.org\\\/es\\\/2022\\\/02\\\/24\\\/enjaulado\"},\"author\":{\"name\":\"B.O.S\",\"@id\":\"https:\\\/\\\/cpt.org\\\/es#\\\/schema\\\/person\\\/472ff3ec510ce262309e0088d700a480\"},\"headline\":\"Enjaulado\",\"datePublished\":\"2022-02-24T12:00:06+00:00\",\"dateModified\":\"2022-02-24T12:01:46+00:00\",\"mainEntityOfPage\":{\"@id\":\"https:\\\/\\\/cpt.org\\\/es\\\/2022\\\/02\\\/24\\\/enjaulado\"},\"wordCount\":764,\"publisher\":{\"@id\":\"https:\\\/\\\/cpt.org\\\/es#organization\"},\"image\":{\"@id\":\"https:\\\/\\\/cpt.org\\\/es\\\/2022\\\/02\\\/24\\\/enjaulado#primaryimage\"},\"thumbnailUrl\":\"https:\\\/\\\/cpt.org\\\/wp-content\\\/uploads\\\/220222-Palestine-checkpoint.jpg\",\"articleSection\":[\"Palestina\"],\"inLanguage\":\"es\"},{\"@type\":\"WebPage\",\"@id\":\"https:\\\/\\\/cpt.org\\\/es\\\/2022\\\/02\\\/24\\\/enjaulado\",\"url\":\"https:\\\/\\\/cpt.org\\\/es\\\/2022\\\/02\\\/24\\\/enjaulado\",\"name\":\"Enjaulado | Equipos y Comunidades de Acci\u00f3n por la Paz Palestina\",\"isPartOf\":{\"@id\":\"https:\\\/\\\/cpt.org\\\/es#website\"},\"primaryImageOfPage\":{\"@id\":\"https:\\\/\\\/cpt.org\\\/es\\\/2022\\\/02\\\/24\\\/enjaulado#primaryimage\"},\"image\":{\"@id\":\"https:\\\/\\\/cpt.org\\\/es\\\/2022\\\/02\\\/24\\\/enjaulado#primaryimage\"},\"thumbnailUrl\":\"https:\\\/\\\/cpt.org\\\/wp-content\\\/uploads\\\/220222-Palestine-checkpoint.jpg\",\"datePublished\":\"2022-02-24T12:00:06+00:00\",\"dateModified\":\"2022-02-24T12:01:46+00:00\",\"description\":\"Una experiencia de vida bajo ocupaci\u00f3n: cierres, retenes y hostigamiento impregnan todos los aspectos de la vida cotidiana en una jaula gigante.\",\"breadcrumb\":{\"@id\":\"https:\\\/\\\/cpt.org\\\/es\\\/2022\\\/02\\\/24\\\/enjaulado#breadcrumb\"},\"inLanguage\":\"es\",\"potentialAction\":[{\"@type\":\"ReadAction\",\"target\":[\"https:\\\/\\\/cpt.org\\\/es\\\/2022\\\/02\\\/24\\\/enjaulado\"]}]},{\"@type\":\"ImageObject\",\"inLanguage\":\"es\",\"@id\":\"https:\\\/\\\/cpt.org\\\/es\\\/2022\\\/02\\\/24\\\/enjaulado#primaryimage\",\"url\":\"https:\\\/\\\/cpt.org\\\/wp-content\\\/uploads\\\/220222-Palestine-checkpoint.jpg\",\"contentUrl\":\"https:\\\/\\\/cpt.org\\\/wp-content\\\/uploads\\\/220222-Palestine-checkpoint.jpg\",\"width\":1600,\"height\":1200,\"caption\":\"El puesto de control de la ocupaci\u00f3n israel\u00ed ubicado justo antes de la Mezquita Ibrahimi en Hebr\u00f3n\\\/Al-Khalil\"},{\"@type\":\"BreadcrumbList\",\"@id\":\"https:\\\/\\\/cpt.org\\\/es\\\/2022\\\/02\\\/24\\\/enjaulado#breadcrumb\",\"itemListElement\":[{\"@type\":\"ListItem\",\"position\":1,\"name\":\"Home\",\"item\":\"https:\\\/\\\/cpt.org\\\/es\"},{\"@type\":\"ListItem\",\"position\":2,\"name\":\"Enjaulado\"}]},{\"@type\":\"WebSite\",\"@id\":\"https:\\\/\\\/cpt.org\\\/es#website\",\"url\":\"https:\\\/\\\/cpt.org\\\/es\",\"name\":\"Equipos y Comunidades de Acci\u00f3n por la Paz\",\"description\":\"Building partnerships to transform violence and oppression\",\"publisher\":{\"@id\":\"https:\\\/\\\/cpt.org\\\/es#organization\"},\"potentialAction\":[{\"@type\":\"SearchAction\",\"target\":{\"@type\":\"EntryPoint\",\"urlTemplate\":\"https:\\\/\\\/cpt.org\\\/es?s={search_term_string}\"},\"query-input\":{\"@type\":\"PropertyValueSpecification\",\"valueRequired\":true,\"valueName\":\"search_term_string\"}}],\"inLanguage\":\"es\"},{\"@type\":\"Organization\",\"@id\":\"https:\\\/\\\/cpt.org\\\/es#organization\",\"name\":\"Equipos y Comunidades de Acci\u00f3n por la Paz\",\"url\":\"https:\\\/\\\/cpt.org\\\/es\",\"logo\":{\"@type\":\"ImageObject\",\"inLanguage\":\"es\",\"@id\":\"https:\\\/\\\/cpt.org\\\/es#\\\/schema\\\/logo\\\/image\\\/\",\"url\":\"https:\\\/\\\/cpt.org\\\/wp-content\\\/uploads\\\/logoCPT-red-2.png\",\"contentUrl\":\"https:\\\/\\\/cpt.org\\\/wp-content\\\/uploads\\\/logoCPT-red-2.png\",\"width\":1730,\"height\":840,\"caption\":\"Equipos y Comunidades de Acci\u00f3n por la Paz\"},\"image\":{\"@id\":\"https:\\\/\\\/cpt.org\\\/es#\\\/schema\\\/logo\\\/image\\\/\"},\"sameAs\":[\"https:\\\/\\\/www.facebook.com\\\/cpters\",\"https:\\\/\\\/x.com\\\/cpt_intl\",\"https:\\\/\\\/www.instagram.com\\\/cpteams\\\/\",\"https:\\\/\\\/www.youtube.com\\\/user\\\/cptvideos\"]},{\"@type\":\"Person\",\"@id\":\"https:\\\/\\\/cpt.org\\\/es#\\\/schema\\\/person\\\/472ff3ec510ce262309e0088d700a480\",\"name\":\"B.O.S\",\"image\":{\"@type\":\"ImageObject\",\"inLanguage\":\"es\",\"@id\":\"https:\\\/\\\/secure.gravatar.com\\\/avatar\\\/cc44ddde9562f92d294ff1fec15c9b611ecaf731dbc80b61929700825eb73306?s=96&r=g\",\"url\":\"https:\\\/\\\/secure.gravatar.com\\\/avatar\\\/cc44ddde9562f92d294ff1fec15c9b611ecaf731dbc80b61929700825eb73306?s=96&r=g\",\"contentUrl\":\"https:\\\/\\\/secure.gravatar.com\\\/avatar\\\/cc44ddde9562f92d294ff1fec15c9b611ecaf731dbc80b61929700825eb73306?s=96&r=g\",\"caption\":\"B.O.S\"},\"url\":\"https:\\\/\\\/cpt.org\\\/es\\\/author\\\/b-o-s-s\"}]}<\/script>\n<!-- \/ Yoast SEO Premium plugin. -->","yoast_head_json":{"title":"Enjaulado | Equipos y Comunidades de Acci\u00f3n por la Paz Palestina","description":"Una experiencia de vida bajo ocupaci\u00f3n: cierres, retenes y hostigamiento impregnan todos los aspectos de la vida cotidiana en una jaula gigante.","robots":{"index":"index","follow":"follow","max-snippet":"max-snippet:-1","max-image-preview":"max-image-preview:large","max-video-preview":"max-video-preview:-1"},"canonical":"https:\/\/cpt.org\/es\/2022\/02\/24\/enjaulado","og_locale":"es_ES","og_type":"article","og_title":"Enjaulado | Equipos y Comunidades de Acci\u00f3n por la Paz Palestina","og_description":"Una experiencia de vida bajo ocupaci\u00f3n: cierres, retenes y hostigamiento impregnan todos los aspectos de la vida cotidiana en una jaula gigante","og_url":"https:\/\/cpt.org\/es\/2022\/02\/24\/enjaulado","og_site_name":"Equipos y Comunidades de Acci\u00f3n por la Paz","article_publisher":"https:\/\/www.facebook.com\/cpters","article_published_time":"2022-02-24T12:00:06+00:00","article_modified_time":"2022-02-24T12:01:46+00:00","og_image":[{"width":1600,"height":1200,"url":"https:\/\/cpt.org\/wp-content\/uploads\/220222-Palestine-checkpoint.jpg","type":"image\/jpeg"}],"author":"B.O.S","twitter_card":"summary_large_image","twitter_title":"Enjaulado | Equipos y Comunidades de Acci\u00f3n por la Paz Palestina","twitter_description":"Una experiencia de vida bajo ocupaci\u00f3n: cierres, retenes y hostigamiento impregnan todos los aspectos de la vida cotidiana en una jaula gigante.","twitter_creator":"@cpt_intl","twitter_site":"@cpt_intl","twitter_misc":{"Escrito por":"B.O.S","Tiempo de lectura":"4 minutos"},"schema":{"@context":"https:\/\/schema.org","@graph":[{"@type":"Article","@id":"https:\/\/cpt.org\/es\/2022\/02\/24\/enjaulado#article","isPartOf":{"@id":"https:\/\/cpt.org\/es\/2022\/02\/24\/enjaulado"},"author":{"name":"B.O.S","@id":"https:\/\/cpt.org\/es#\/schema\/person\/472ff3ec510ce262309e0088d700a480"},"headline":"Enjaulado","datePublished":"2022-02-24T12:00:06+00:00","dateModified":"2022-02-24T12:01:46+00:00","mainEntityOfPage":{"@id":"https:\/\/cpt.org\/es\/2022\/02\/24\/enjaulado"},"wordCount":764,"publisher":{"@id":"https:\/\/cpt.org\/es#organization"},"image":{"@id":"https:\/\/cpt.org\/es\/2022\/02\/24\/enjaulado#primaryimage"},"thumbnailUrl":"https:\/\/cpt.org\/wp-content\/uploads\/220222-Palestine-checkpoint.jpg","articleSection":["Palestina"],"inLanguage":"es"},{"@type":"WebPage","@id":"https:\/\/cpt.org\/es\/2022\/02\/24\/enjaulado","url":"https:\/\/cpt.org\/es\/2022\/02\/24\/enjaulado","name":"Enjaulado | Equipos y Comunidades de Acci\u00f3n por la Paz Palestina","isPartOf":{"@id":"https:\/\/cpt.org\/es#website"},"primaryImageOfPage":{"@id":"https:\/\/cpt.org\/es\/2022\/02\/24\/enjaulado#primaryimage"},"image":{"@id":"https:\/\/cpt.org\/es\/2022\/02\/24\/enjaulado#primaryimage"},"thumbnailUrl":"https:\/\/cpt.org\/wp-content\/uploads\/220222-Palestine-checkpoint.jpg","datePublished":"2022-02-24T12:00:06+00:00","dateModified":"2022-02-24T12:01:46+00:00","description":"Una experiencia de vida bajo ocupaci\u00f3n: cierres, retenes y hostigamiento impregnan todos los aspectos de la vida cotidiana en una jaula gigante.","breadcrumb":{"@id":"https:\/\/cpt.org\/es\/2022\/02\/24\/enjaulado#breadcrumb"},"inLanguage":"es","potentialAction":[{"@type":"ReadAction","target":["https:\/\/cpt.org\/es\/2022\/02\/24\/enjaulado"]}]},{"@type":"ImageObject","inLanguage":"es","@id":"https:\/\/cpt.org\/es\/2022\/02\/24\/enjaulado#primaryimage","url":"https:\/\/cpt.org\/wp-content\/uploads\/220222-Palestine-checkpoint.jpg","contentUrl":"https:\/\/cpt.org\/wp-content\/uploads\/220222-Palestine-checkpoint.jpg","width":1600,"height":1200,"caption":"El puesto de control de la ocupaci\u00f3n israel\u00ed ubicado justo antes de la Mezquita Ibrahimi en Hebr\u00f3n\/Al-Khalil"},{"@type":"BreadcrumbList","@id":"https:\/\/cpt.org\/es\/2022\/02\/24\/enjaulado#breadcrumb","itemListElement":[{"@type":"ListItem","position":1,"name":"Home","item":"https:\/\/cpt.org\/es"},{"@type":"ListItem","position":2,"name":"Enjaulado"}]},{"@type":"WebSite","@id":"https:\/\/cpt.org\/es#website","url":"https:\/\/cpt.org\/es","name":"Equipos y Comunidades de Acci\u00f3n por la Paz","description":"Building partnerships to transform violence and oppression","publisher":{"@id":"https:\/\/cpt.org\/es#organization"},"potentialAction":[{"@type":"SearchAction","target":{"@type":"EntryPoint","urlTemplate":"https:\/\/cpt.org\/es?s={search_term_string}"},"query-input":{"@type":"PropertyValueSpecification","valueRequired":true,"valueName":"search_term_string"}}],"inLanguage":"es"},{"@type":"Organization","@id":"https:\/\/cpt.org\/es#organization","name":"Equipos y Comunidades de Acci\u00f3n por la Paz","url":"https:\/\/cpt.org\/es","logo":{"@type":"ImageObject","inLanguage":"es","@id":"https:\/\/cpt.org\/es#\/schema\/logo\/image\/","url":"https:\/\/cpt.org\/wp-content\/uploads\/logoCPT-red-2.png","contentUrl":"https:\/\/cpt.org\/wp-content\/uploads\/logoCPT-red-2.png","width":1730,"height":840,"caption":"Equipos y Comunidades de Acci\u00f3n por la Paz"},"image":{"@id":"https:\/\/cpt.org\/es#\/schema\/logo\/image\/"},"sameAs":["https:\/\/www.facebook.com\/cpters","https:\/\/x.com\/cpt_intl","https:\/\/www.instagram.com\/cpteams\/","https:\/\/www.youtube.com\/user\/cptvideos"]},{"@type":"Person","@id":"https:\/\/cpt.org\/es#\/schema\/person\/472ff3ec510ce262309e0088d700a480","name":"B.O.S","image":{"@type":"ImageObject","inLanguage":"es","@id":"https:\/\/secure.gravatar.com\/avatar\/cc44ddde9562f92d294ff1fec15c9b611ecaf731dbc80b61929700825eb73306?s=96&r=g","url":"https:\/\/secure.gravatar.com\/avatar\/cc44ddde9562f92d294ff1fec15c9b611ecaf731dbc80b61929700825eb73306?s=96&r=g","contentUrl":"https:\/\/secure.gravatar.com\/avatar\/cc44ddde9562f92d294ff1fec15c9b611ecaf731dbc80b61929700825eb73306?s=96&r=g","caption":"B.O.S"},"url":"https:\/\/cpt.org\/es\/author\/b-o-s-s"}]}},"_links":{"self":[{"href":"https:\/\/cpt.org\/es\/wp-json\/wp\/v2\/posts\/27141","targetHints":{"allow":["GET"]}}],"collection":[{"href":"https:\/\/cpt.org\/es\/wp-json\/wp\/v2\/posts"}],"about":[{"href":"https:\/\/cpt.org\/es\/wp-json\/wp\/v2\/types\/post"}],"author":[{"embeddable":true,"href":"https:\/\/cpt.org\/es\/wp-json\/wp\/v2\/users\/41"}],"replies":[{"embeddable":true,"href":"https:\/\/cpt.org\/es\/wp-json\/wp\/v2\/comments?post=27141"}],"version-history":[{"count":3,"href":"https:\/\/cpt.org\/es\/wp-json\/wp\/v2\/posts\/27141\/revisions"}],"predecessor-version":[{"id":27144,"href":"https:\/\/cpt.org\/es\/wp-json\/wp\/v2\/posts\/27141\/revisions\/27144"}],"wp:featuredmedia":[{"embeddable":true,"href":"https:\/\/cpt.org\/es\/wp-json\/wp\/v2\/media\/27101"}],"wp:attachment":[{"href":"https:\/\/cpt.org\/es\/wp-json\/wp\/v2\/media?parent=27141"}],"wp:term":[{"taxonomy":"category","embeddable":true,"href":"https:\/\/cpt.org\/es\/wp-json\/wp\/v2\/categories?post=27141"},{"taxonomy":"post_tag","embeddable":true,"href":"https:\/\/cpt.org\/es\/wp-json\/wp\/v2\/tags?post=27141"}],"curies":[{"name":"wp","href":"https:\/\/api.w.org\/{rel}","templated":true}]}}