{"id":28389,"date":"2022-04-13T12:26:02","date_gmt":"2022-04-13T17:26:02","guid":{"rendered":"https:\/\/cpt.org\/?p=28389"},"modified":"2022-04-13T12:26:20","modified_gmt":"2022-04-13T17:26:20","slug":"migrante-disparado-por-el-oficial-de-la-patrulla-fronteriza","status":"publish","type":"post","link":"https:\/\/cpt.org\/es\/2022\/04\/13\/migrante-disparado-por-el-oficial-de-la-patrulla-fronteriza","title":{"rendered":"Migrante disparado por el oficial de la Patrulla Fronteriza"},"content":{"rendered":"\n<p><p>As\u00ed como el sistema legal de EE. UU. rara vez responsabiliza a las personas agentes de polic\u00eda por el uso de fuerza letal, a menudo ofrece pocas consecuencias a las personas agentes de la Patrulla Fronteriza por disparar a las personas migrantes. Seg\u00fan la \u2018Southern Border Communities Coalition\u2019 (Coalici\u00f3n de Comunidades de la Frontera Sur)\u2014un grupo para la incidencia formado en el 2011\u2014desde el 2010, las personas oficiales de la Patrulla Fronteriza han sido responsables de 200 muertes de personas migrantes. Cincuenta y ocho fueron causadas por el uso de la fuerza por parte de una persona agente en servicio: disparos, asfixia, arma de electrochoque, palizas o un agente qu\u00edmico. Tambi\u00e9n han muerto personas a manos de la Patrulla Fronteriza en colisiones de veh\u00edculos, por atenci\u00f3n m\u00e9dica inadecuada, en homicidios por parte de personas agentes fuera de servicio y otras causas. En el 2021, casi 60 personas murieron durante un encuentro con la Patrulla Fronteriza\u2014tres veces m\u00e1s muertes que en el 2019. Adicionalmente, las persecuciones fatales de autom\u00f3viles aumentaron de dos en el 2019 a 23 en el 2021. En los 90 a\u00f1os de historia de la Oficina de Aduanas y de la Protecci\u00f3n Fronteriza de EE. UU. (CBP, por sus siglas en ingl\u00e9s), la cual incluye a la Patrulla Fronteriza, ninguna persona agente ha sido condenada con \u00e9xito por asesinato mientras estaba de servicio.<\/p><\/p>\n\n<p>A \u00faltima hora del s\u00e1bado 19 de febrero del 2022, dos personas agentes de la Patrulla Fronteriza que patrullaban a caballo se encontraron con un grupo de personas migrantes en el Ca\u00f1\u00f3n Skeleton de la monta\u00f1a Peloncillo, a unas 30 millas al noreste de Douglas, AZ. Las personas agentes aprehendieron a parte del grupo, pero una persona se liber\u00f3 tras forcejear con una persona agente. Luego, seg\u00fan un comunicado publicado por la Oficina del Sheriff (CCSO, por sus siglas en ingl\u00e9s) del condado de Cochise, AZ. La persona migrante \u201ccorri\u00f3 aproximadamente seis pies de distancia antes de recoger una piedra grande y volverse hacia la persona agente, haciendo un movimiento de lanzamiento con la mano que sosten\u00eda la piedra.\u00bb Luego, la persona agente \u201cdispar\u00f3 su arma, un n\u00famero desconocido de veces, porque tem\u00eda por su vida y seguridad\u201d. La persona agente de la Patrulla Fronteriza hab\u00eda asesinado a Carmelo Cruz Marcos, de 32 a\u00f1os, quien dejaba esposa y 3 hijes en el estado de Puebla, M\u00e9xico. Seg\u00fan el informe de la autopsia de la Oficina del M\u00e9dico Forense del Condado de Pima, la persona agente le dispar\u00f3 cuatro veces, dos en la cara y dos en el pecho.<\/p>\n\n<p><p>La muerte a tiros de Carmelo Cruz Marcos suena como otros tiroteos personas migrantes. \u00bfEs el lanzamiento de piedras motivo suficiente para que una persona agente tema por su vida y seguridad? \u00bfPuede la unidad de investigaci\u00f3n de la Patrulla Fronteriza realizar una investigaci\u00f3n imparcial de sus propias personas agentes? \u00bfSe recopilaron las pruebas de manera imparcial? \u00bfPor qu\u00e9 la oficina del alguacil esper\u00f3 hasta el d\u00eda siguiente para llevar el cuerpo a la morgue del condado de Pima? \u00bfPor qu\u00e9 no ha publicado las coordenadas del mapa del lugar del asesinato? \u00bfEst\u00e1n cooperando las investigaciones de la Patrulla Fronteriza y la \u2018CCSO\u2019? \u00bfSon realmente independientes entre s\u00ed?&#13;\n<\/p><\/p>\n\n<figure class=\"wp-block-image size-full\"><img fetchpriority=\"high\" decoding=\"async\" width=\"480\" height=\"640\" src=\"https:\/\/cpt.org\/wp-content\/uploads\/220413-borderlands-1.jpeg\" alt=\"\" class=\"wp-image-28381\" srcset=\"https:\/\/cpt.org\/wp-content\/uploads\/220413-borderlands-1.jpeg 480w, https:\/\/cpt.org\/wp-content\/uploads\/220413-borderlands-1-225x300.jpeg 225w\" sizes=\"(max-width: 480px) 100vw, 480px\" \/><\/figure>\n\n<p>La comunidad de fe de Douglas se ha unido para recordar la vida de Carmelo Cruz Marcos y alcanzar a su familia. El 1 de marzo del 2022, la vigilia semanal que se realiza en Douglas para recordar a las personas que han muerto en el desierto tuvo una remembranza especial para Carmelo. Su madre en Puebla, MX, y su hermana en Phoenix, AZ, se sumaron a la vigilia por Zoom. \u201cQuiero justicia\u201d, dijo su madre entre l\u00e1grimas. La semana siguiente, habitantes locales de Douglas, AZ y Agua Prieta, Sonora, se reunieron cerca de donde las autoridades dijeron que ocurri\u00f3 el tiroteo para plantar una cruz y orar por Carmelo Cruz Marcos.&#13;\n<\/p>\n\n<p>Por favor \u00fanase a las oraciones de la Hermana Lucy Nigh en la ceremonia de plantaci\u00f3n de la cruz:&#13;\n<em>\u201cOramos para que nuestra ceremonia en honor a su vida brinde algo de consuelo a su familia. Tenemos la resoluci\u00f3n de continuar hablando por las reformas en la pol\u00edtica de inmigraci\u00f3n que podr\u00edan hacer posible que padres como Carmelo encuentren empleo legalmente. . . [Oramos que Dios] traer\u00e1 sanidad a la angustia de una familia sin padre y a la familia de la persona agente de la Patrulla Fronteriza responsable de esta muerte\u201d.<\/em><\/p>\n\n<p><p>Por favor oren por justicia y dignidad para todas las personas y por un mundo sin violencia.<\/p><\/p>\n\n<p>Carmelo Cruz Marcos!&#13;\nPresente!<\/p>\n","protected":false},"excerpt":{"rendered":"<p>\u00bfQu\u00e9 significa la rendici\u00f3n de cuentas cuando los agentes de la Patrulla Fronteriza matan regularmente a los migrantes que buscan refugio en la frontera entre M\u00e9xico y los Estados Unidos?<\/p>\n","protected":false},"author":12,"featured_media":28385,"comment_status":"closed","ping_status":"closed","sticky":false,"template":"","format":"standard","meta":{"footnotes":""},"categories":[209],"tags":[187],"class_list":["post-28389","post","type-post","status-publish","format-standard","has-post-thumbnail","hentry","category-tierras-fronterizas","tag-oraciones-por-les-trabajadores-de-paz"],"yoast_head":"<!-- This site is optimized with the Yoast SEO Premium plugin v27.5 (Yoast SEO v27.5) - https:\/\/yoast.com\/product\/yoast-seo-premium-wordpress\/ -->\n<title>Migrante disparado por el oficial de la Patrulla Fronteriza<\/title>\n<meta name=\"description\" content=\"\u00bfQu\u00e9 significa la rendici\u00f3n de cuentas cuando los agentes de la Patrulla Fronteriza matan regularmente a los migrantes que buscan refugio en la frontera entre M\u00e9xico y los Estados Unidos?\" \/>\n<meta name=\"robots\" content=\"index, follow, max-snippet:-1, max-image-preview:large, max-video-preview:-1\" \/>\n<link rel=\"canonical\" href=\"https:\/\/cpt.org\/es\/2022\/04\/13\/migrante-disparado-por-el-oficial-de-la-patrulla-fronteriza\" \/>\n<meta property=\"og:locale\" content=\"es_ES\" \/>\n<meta property=\"og:type\" content=\"article\" \/>\n<meta property=\"og:title\" content=\"Migrante disparado por el oficial de la Patrulla Fronteriza\" \/>\n<meta property=\"og:description\" content=\"\u00bfQu\u00e9 significa la rendici\u00f3n de cuentas cuando los agentes de la Patrulla Fronteriza matan regularmente a los migrantes que buscan refugio en la frontera entre M\u00e9xico y los Estados Unidos?\" \/>\n<meta property=\"og:url\" content=\"https:\/\/cpt.org\/es\/2022\/04\/13\/migrante-disparado-por-el-oficial-de-la-patrulla-fronteriza\" \/>\n<meta property=\"og:site_name\" content=\"Equipos y Comunidades de Acci\u00f3n por la Paz\" \/>\n<meta property=\"article:publisher\" content=\"https:\/\/www.facebook.com\/cpters\" \/>\n<meta property=\"article:published_time\" content=\"2022-04-13T17:26:02+00:00\" \/>\n<meta property=\"article:modified_time\" content=\"2022-04-13T17:26:20+00:00\" \/>\n<meta property=\"og:image\" content=\"https:\/\/cpt.org\/wp-content\/uploads\/220413-borderlands.jpg\" \/>\n\t<meta property=\"og:image:width\" content=\"500\" \/>\n\t<meta property=\"og:image:height\" content=\"375\" \/>\n\t<meta property=\"og:image:type\" content=\"image\/jpeg\" \/>\n<meta name=\"author\" content=\"CPT Borderlands\" \/>\n<meta name=\"twitter:card\" content=\"summary_large_image\" \/>\n<meta name=\"twitter:description\" content=\"\u00bfQu\u00e9 significa la rendici\u00f3n de cuentas cuando los agentes de la Patrulla Fronteriza matan regularmente a los migrantes que buscan refugio en la frontera entre M\u00e9xico y los Estados Unidos?\" \/>\n<meta name=\"twitter:creator\" content=\"@cpt_intl\" \/>\n<meta name=\"twitter:site\" content=\"@cpt_intl\" \/>\n<meta name=\"twitter:label1\" content=\"Escrito por\" \/>\n\t<meta name=\"twitter:data1\" content=\"CPT Borderlands\" \/>\n\t<meta name=\"twitter:label2\" content=\"Tiempo de lectura\" \/>\n\t<meta name=\"twitter:data2\" content=\"4 minutos\" \/>\n<script type=\"application\/ld+json\" class=\"yoast-schema-graph\">{\"@context\":\"https:\\\/\\\/schema.org\",\"@graph\":[{\"@type\":\"Article\",\"@id\":\"https:\\\/\\\/cpt.org\\\/es\\\/2022\\\/04\\\/13\\\/migrante-disparado-por-el-oficial-de-la-patrulla-fronteriza#article\",\"isPartOf\":{\"@id\":\"https:\\\/\\\/cpt.org\\\/es\\\/2022\\\/04\\\/13\\\/migrante-disparado-por-el-oficial-de-la-patrulla-fronteriza\"},\"author\":{\"name\":\"CPT Borderlands\",\"@id\":\"https:\\\/\\\/cpt.org\\\/es#\\\/schema\\\/person\\\/50a7126cfec26a2df2583ab0ceba7dd0\"},\"headline\":\"Migrante disparado por el oficial de la Patrulla Fronteriza\",\"datePublished\":\"2022-04-13T17:26:02+00:00\",\"dateModified\":\"2022-04-13T17:26:20+00:00\",\"mainEntityOfPage\":{\"@id\":\"https:\\\/\\\/cpt.org\\\/es\\\/2022\\\/04\\\/13\\\/migrante-disparado-por-el-oficial-de-la-patrulla-fronteriza\"},\"wordCount\":785,\"publisher\":{\"@id\":\"https:\\\/\\\/cpt.org\\\/es#organization\"},\"image\":{\"@id\":\"https:\\\/\\\/cpt.org\\\/es\\\/2022\\\/04\\\/13\\\/migrante-disparado-por-el-oficial-de-la-patrulla-fronteriza#primaryimage\"},\"thumbnailUrl\":\"https:\\\/\\\/cpt.org\\\/wp-content\\\/uploads\\\/220413-borderlands.jpg\",\"keywords\":[\"Oraciones por les Trabajadores de Paz\"],\"articleSection\":[\"Tierras Fronterizas\"],\"inLanguage\":\"es\"},{\"@type\":\"WebPage\",\"@id\":\"https:\\\/\\\/cpt.org\\\/es\\\/2022\\\/04\\\/13\\\/migrante-disparado-por-el-oficial-de-la-patrulla-fronteriza\",\"url\":\"https:\\\/\\\/cpt.org\\\/es\\\/2022\\\/04\\\/13\\\/migrante-disparado-por-el-oficial-de-la-patrulla-fronteriza\",\"name\":\"Migrante disparado por el oficial de la Patrulla Fronteriza\",\"isPartOf\":{\"@id\":\"https:\\\/\\\/cpt.org\\\/es#website\"},\"primaryImageOfPage\":{\"@id\":\"https:\\\/\\\/cpt.org\\\/es\\\/2022\\\/04\\\/13\\\/migrante-disparado-por-el-oficial-de-la-patrulla-fronteriza#primaryimage\"},\"image\":{\"@id\":\"https:\\\/\\\/cpt.org\\\/es\\\/2022\\\/04\\\/13\\\/migrante-disparado-por-el-oficial-de-la-patrulla-fronteriza#primaryimage\"},\"thumbnailUrl\":\"https:\\\/\\\/cpt.org\\\/wp-content\\\/uploads\\\/220413-borderlands.jpg\",\"datePublished\":\"2022-04-13T17:26:02+00:00\",\"dateModified\":\"2022-04-13T17:26:20+00:00\",\"description\":\"\u00bfQu\u00e9 significa la rendici\u00f3n de cuentas cuando los agentes de la Patrulla Fronteriza matan regularmente a los migrantes que buscan refugio en la frontera entre M\u00e9xico y los Estados Unidos?\",\"breadcrumb\":{\"@id\":\"https:\\\/\\\/cpt.org\\\/es\\\/2022\\\/04\\\/13\\\/migrante-disparado-por-el-oficial-de-la-patrulla-fronteriza#breadcrumb\"},\"inLanguage\":\"es\",\"potentialAction\":[{\"@type\":\"ReadAction\",\"target\":[\"https:\\\/\\\/cpt.org\\\/es\\\/2022\\\/04\\\/13\\\/migrante-disparado-por-el-oficial-de-la-patrulla-fronteriza\"]}]},{\"@type\":\"ImageObject\",\"inLanguage\":\"es\",\"@id\":\"https:\\\/\\\/cpt.org\\\/es\\\/2022\\\/04\\\/13\\\/migrante-disparado-por-el-oficial-de-la-patrulla-fronteriza#primaryimage\",\"url\":\"https:\\\/\\\/cpt.org\\\/wp-content\\\/uploads\\\/220413-borderlands.jpg\",\"contentUrl\":\"https:\\\/\\\/cpt.org\\\/wp-content\\\/uploads\\\/220413-borderlands.jpg\",\"width\":500,\"height\":375},{\"@type\":\"BreadcrumbList\",\"@id\":\"https:\\\/\\\/cpt.org\\\/es\\\/2022\\\/04\\\/13\\\/migrante-disparado-por-el-oficial-de-la-patrulla-fronteriza#breadcrumb\",\"itemListElement\":[{\"@type\":\"ListItem\",\"position\":1,\"name\":\"Home\",\"item\":\"https:\\\/\\\/cpt.org\\\/es\"},{\"@type\":\"ListItem\",\"position\":2,\"name\":\"Migrante disparado por el oficial de la Patrulla Fronteriza\"}]},{\"@type\":\"WebSite\",\"@id\":\"https:\\\/\\\/cpt.org\\\/es#website\",\"url\":\"https:\\\/\\\/cpt.org\\\/es\",\"name\":\"Equipos y Comunidades de Acci\u00f3n por la Paz\",\"description\":\"Building partnerships to transform violence and oppression\",\"publisher\":{\"@id\":\"https:\\\/\\\/cpt.org\\\/es#organization\"},\"potentialAction\":[{\"@type\":\"SearchAction\",\"target\":{\"@type\":\"EntryPoint\",\"urlTemplate\":\"https:\\\/\\\/cpt.org\\\/es?s={search_term_string}\"},\"query-input\":{\"@type\":\"PropertyValueSpecification\",\"valueRequired\":true,\"valueName\":\"search_term_string\"}}],\"inLanguage\":\"es\"},{\"@type\":\"Organization\",\"@id\":\"https:\\\/\\\/cpt.org\\\/es#organization\",\"name\":\"Equipos y Comunidades de Acci\u00f3n por la Paz\",\"url\":\"https:\\\/\\\/cpt.org\\\/es\",\"logo\":{\"@type\":\"ImageObject\",\"inLanguage\":\"es\",\"@id\":\"https:\\\/\\\/cpt.org\\\/es#\\\/schema\\\/logo\\\/image\\\/\",\"url\":\"https:\\\/\\\/cpt.org\\\/wp-content\\\/uploads\\\/logoCPT-red-2.png\",\"contentUrl\":\"https:\\\/\\\/cpt.org\\\/wp-content\\\/uploads\\\/logoCPT-red-2.png\",\"width\":1730,\"height\":840,\"caption\":\"Equipos y Comunidades de Acci\u00f3n por la Paz\"},\"image\":{\"@id\":\"https:\\\/\\\/cpt.org\\\/es#\\\/schema\\\/logo\\\/image\\\/\"},\"sameAs\":[\"https:\\\/\\\/www.facebook.com\\\/cpters\",\"https:\\\/\\\/x.com\\\/cpt_intl\",\"https:\\\/\\\/www.instagram.com\\\/cpteams\\\/\",\"https:\\\/\\\/www.youtube.com\\\/user\\\/cptvideos\"]},{\"@type\":\"Person\",\"@id\":\"https:\\\/\\\/cpt.org\\\/es#\\\/schema\\\/person\\\/50a7126cfec26a2df2583ab0ceba7dd0\",\"name\":\"CPT Borderlands\",\"image\":{\"@type\":\"ImageObject\",\"inLanguage\":\"es\",\"@id\":\"https:\\\/\\\/secure.gravatar.com\\\/avatar\\\/012354516ab70e0a4cd518f1fbdd28e8218dfbf38230f3123366eeb05f0647ee?s=96&r=g\",\"url\":\"https:\\\/\\\/secure.gravatar.com\\\/avatar\\\/012354516ab70e0a4cd518f1fbdd28e8218dfbf38230f3123366eeb05f0647ee?s=96&r=g\",\"contentUrl\":\"https:\\\/\\\/secure.gravatar.com\\\/avatar\\\/012354516ab70e0a4cd518f1fbdd28e8218dfbf38230f3123366eeb05f0647ee?s=96&r=g\",\"caption\":\"CPT Borderlands\"},\"url\":\"https:\\\/\\\/cpt.org\\\/es\\\/author\\\/cpt-borderlands\"}]}<\/script>\n<!-- \/ Yoast SEO Premium plugin. -->","yoast_head_json":{"title":"Migrante disparado por el oficial de la Patrulla Fronteriza","description":"\u00bfQu\u00e9 significa la rendici\u00f3n de cuentas cuando los agentes de la Patrulla Fronteriza matan regularmente a los migrantes que buscan refugio en la frontera entre M\u00e9xico y los Estados Unidos?","robots":{"index":"index","follow":"follow","max-snippet":"max-snippet:-1","max-image-preview":"max-image-preview:large","max-video-preview":"max-video-preview:-1"},"canonical":"https:\/\/cpt.org\/es\/2022\/04\/13\/migrante-disparado-por-el-oficial-de-la-patrulla-fronteriza","og_locale":"es_ES","og_type":"article","og_title":"Migrante disparado por el oficial de la Patrulla Fronteriza","og_description":"\u00bfQu\u00e9 significa la rendici\u00f3n de cuentas cuando los agentes de la Patrulla Fronteriza matan regularmente a los migrantes que buscan refugio en la frontera entre M\u00e9xico y los Estados Unidos?","og_url":"https:\/\/cpt.org\/es\/2022\/04\/13\/migrante-disparado-por-el-oficial-de-la-patrulla-fronteriza","og_site_name":"Equipos y Comunidades de Acci\u00f3n por la Paz","article_publisher":"https:\/\/www.facebook.com\/cpters","article_published_time":"2022-04-13T17:26:02+00:00","article_modified_time":"2022-04-13T17:26:20+00:00","og_image":[{"width":500,"height":375,"url":"https:\/\/cpt.org\/wp-content\/uploads\/220413-borderlands.jpg","type":"image\/jpeg"}],"author":"CPT Borderlands","twitter_card":"summary_large_image","twitter_description":"\u00bfQu\u00e9 significa la rendici\u00f3n de cuentas cuando los agentes de la Patrulla Fronteriza matan regularmente a los migrantes que buscan refugio en la frontera entre M\u00e9xico y los Estados Unidos?","twitter_creator":"@cpt_intl","twitter_site":"@cpt_intl","twitter_misc":{"Escrito por":"CPT Borderlands","Tiempo de lectura":"4 minutos"},"schema":{"@context":"https:\/\/schema.org","@graph":[{"@type":"Article","@id":"https:\/\/cpt.org\/es\/2022\/04\/13\/migrante-disparado-por-el-oficial-de-la-patrulla-fronteriza#article","isPartOf":{"@id":"https:\/\/cpt.org\/es\/2022\/04\/13\/migrante-disparado-por-el-oficial-de-la-patrulla-fronteriza"},"author":{"name":"CPT Borderlands","@id":"https:\/\/cpt.org\/es#\/schema\/person\/50a7126cfec26a2df2583ab0ceba7dd0"},"headline":"Migrante disparado por el oficial de la Patrulla Fronteriza","datePublished":"2022-04-13T17:26:02+00:00","dateModified":"2022-04-13T17:26:20+00:00","mainEntityOfPage":{"@id":"https:\/\/cpt.org\/es\/2022\/04\/13\/migrante-disparado-por-el-oficial-de-la-patrulla-fronteriza"},"wordCount":785,"publisher":{"@id":"https:\/\/cpt.org\/es#organization"},"image":{"@id":"https:\/\/cpt.org\/es\/2022\/04\/13\/migrante-disparado-por-el-oficial-de-la-patrulla-fronteriza#primaryimage"},"thumbnailUrl":"https:\/\/cpt.org\/wp-content\/uploads\/220413-borderlands.jpg","keywords":["Oraciones por les Trabajadores de Paz"],"articleSection":["Tierras Fronterizas"],"inLanguage":"es"},{"@type":"WebPage","@id":"https:\/\/cpt.org\/es\/2022\/04\/13\/migrante-disparado-por-el-oficial-de-la-patrulla-fronteriza","url":"https:\/\/cpt.org\/es\/2022\/04\/13\/migrante-disparado-por-el-oficial-de-la-patrulla-fronteriza","name":"Migrante disparado por el oficial de la Patrulla Fronteriza","isPartOf":{"@id":"https:\/\/cpt.org\/es#website"},"primaryImageOfPage":{"@id":"https:\/\/cpt.org\/es\/2022\/04\/13\/migrante-disparado-por-el-oficial-de-la-patrulla-fronteriza#primaryimage"},"image":{"@id":"https:\/\/cpt.org\/es\/2022\/04\/13\/migrante-disparado-por-el-oficial-de-la-patrulla-fronteriza#primaryimage"},"thumbnailUrl":"https:\/\/cpt.org\/wp-content\/uploads\/220413-borderlands.jpg","datePublished":"2022-04-13T17:26:02+00:00","dateModified":"2022-04-13T17:26:20+00:00","description":"\u00bfQu\u00e9 significa la rendici\u00f3n de cuentas cuando los agentes de la Patrulla Fronteriza matan regularmente a los migrantes que buscan refugio en la frontera entre M\u00e9xico y los Estados Unidos?","breadcrumb":{"@id":"https:\/\/cpt.org\/es\/2022\/04\/13\/migrante-disparado-por-el-oficial-de-la-patrulla-fronteriza#breadcrumb"},"inLanguage":"es","potentialAction":[{"@type":"ReadAction","target":["https:\/\/cpt.org\/es\/2022\/04\/13\/migrante-disparado-por-el-oficial-de-la-patrulla-fronteriza"]}]},{"@type":"ImageObject","inLanguage":"es","@id":"https:\/\/cpt.org\/es\/2022\/04\/13\/migrante-disparado-por-el-oficial-de-la-patrulla-fronteriza#primaryimage","url":"https:\/\/cpt.org\/wp-content\/uploads\/220413-borderlands.jpg","contentUrl":"https:\/\/cpt.org\/wp-content\/uploads\/220413-borderlands.jpg","width":500,"height":375},{"@type":"BreadcrumbList","@id":"https:\/\/cpt.org\/es\/2022\/04\/13\/migrante-disparado-por-el-oficial-de-la-patrulla-fronteriza#breadcrumb","itemListElement":[{"@type":"ListItem","position":1,"name":"Home","item":"https:\/\/cpt.org\/es"},{"@type":"ListItem","position":2,"name":"Migrante disparado por el oficial de la Patrulla Fronteriza"}]},{"@type":"WebSite","@id":"https:\/\/cpt.org\/es#website","url":"https:\/\/cpt.org\/es","name":"Equipos y Comunidades de Acci\u00f3n por la Paz","description":"Building partnerships to transform violence and oppression","publisher":{"@id":"https:\/\/cpt.org\/es#organization"},"potentialAction":[{"@type":"SearchAction","target":{"@type":"EntryPoint","urlTemplate":"https:\/\/cpt.org\/es?s={search_term_string}"},"query-input":{"@type":"PropertyValueSpecification","valueRequired":true,"valueName":"search_term_string"}}],"inLanguage":"es"},{"@type":"Organization","@id":"https:\/\/cpt.org\/es#organization","name":"Equipos y Comunidades de Acci\u00f3n por la Paz","url":"https:\/\/cpt.org\/es","logo":{"@type":"ImageObject","inLanguage":"es","@id":"https:\/\/cpt.org\/es#\/schema\/logo\/image\/","url":"https:\/\/cpt.org\/wp-content\/uploads\/logoCPT-red-2.png","contentUrl":"https:\/\/cpt.org\/wp-content\/uploads\/logoCPT-red-2.png","width":1730,"height":840,"caption":"Equipos y Comunidades de Acci\u00f3n por la Paz"},"image":{"@id":"https:\/\/cpt.org\/es#\/schema\/logo\/image\/"},"sameAs":["https:\/\/www.facebook.com\/cpters","https:\/\/x.com\/cpt_intl","https:\/\/www.instagram.com\/cpteams\/","https:\/\/www.youtube.com\/user\/cptvideos"]},{"@type":"Person","@id":"https:\/\/cpt.org\/es#\/schema\/person\/50a7126cfec26a2df2583ab0ceba7dd0","name":"CPT Borderlands","image":{"@type":"ImageObject","inLanguage":"es","@id":"https:\/\/secure.gravatar.com\/avatar\/012354516ab70e0a4cd518f1fbdd28e8218dfbf38230f3123366eeb05f0647ee?s=96&r=g","url":"https:\/\/secure.gravatar.com\/avatar\/012354516ab70e0a4cd518f1fbdd28e8218dfbf38230f3123366eeb05f0647ee?s=96&r=g","contentUrl":"https:\/\/secure.gravatar.com\/avatar\/012354516ab70e0a4cd518f1fbdd28e8218dfbf38230f3123366eeb05f0647ee?s=96&r=g","caption":"CPT Borderlands"},"url":"https:\/\/cpt.org\/es\/author\/cpt-borderlands"}]}},"_links":{"self":[{"href":"https:\/\/cpt.org\/es\/wp-json\/wp\/v2\/posts\/28389","targetHints":{"allow":["GET"]}}],"collection":[{"href":"https:\/\/cpt.org\/es\/wp-json\/wp\/v2\/posts"}],"about":[{"href":"https:\/\/cpt.org\/es\/wp-json\/wp\/v2\/types\/post"}],"author":[{"embeddable":true,"href":"https:\/\/cpt.org\/es\/wp-json\/wp\/v2\/users\/12"}],"replies":[{"embeddable":true,"href":"https:\/\/cpt.org\/es\/wp-json\/wp\/v2\/comments?post=28389"}],"version-history":[{"count":2,"href":"https:\/\/cpt.org\/es\/wp-json\/wp\/v2\/posts\/28389\/revisions"}],"predecessor-version":[{"id":28392,"href":"https:\/\/cpt.org\/es\/wp-json\/wp\/v2\/posts\/28389\/revisions\/28392"}],"wp:featuredmedia":[{"embeddable":true,"href":"https:\/\/cpt.org\/es\/wp-json\/wp\/v2\/media\/28385"}],"wp:attachment":[{"href":"https:\/\/cpt.org\/es\/wp-json\/wp\/v2\/media?parent=28389"}],"wp:term":[{"taxonomy":"category","embeddable":true,"href":"https:\/\/cpt.org\/es\/wp-json\/wp\/v2\/categories?post=28389"},{"taxonomy":"post_tag","embeddable":true,"href":"https:\/\/cpt.org\/es\/wp-json\/wp\/v2\/tags?post=28389"}],"curies":[{"name":"wp","href":"https:\/\/api.w.org\/{rel}","templated":true}]}}