{"id":29201,"date":"2022-07-21T11:50:07","date_gmt":"2022-07-21T16:50:07","guid":{"rendered":"https:\/\/cpt.org\/2022\/07\/21\/manifestacion-anual-de-river-run-carrera-del-rio-para-tomar-las-calles-de-toronto"},"modified":"2022-07-21T11:50:08","modified_gmt":"2022-07-21T16:50:08","slug":"manifestacion-anual-de-river-run-carrera-del-rio-para-tomar-las-calles-de-toronto","status":"publish","type":"post","link":"https:\/\/cpt.org\/es\/2022\/07\/21\/manifestacion-anual-de-river-run-carrera-del-rio-para-tomar-las-calles-de-toronto","title":{"rendered":"Manifestaci\u00f3n Anual de \u2018River Run\u2019 (Carrera del Rio) para tomar las calles de Toronto"},"content":{"rendered":"\n<p>Esta semana, las personas integrantes de \u2018Grassy Narrows\u2019 llegar\u00e1n a Toronto para liderar \u2018River Run\u2019 (Carrera del Rio). Cientos de personas de Toronto seguir\u00e1n a la comunidad por las calles y exigir\u00e1n que el gobierno limpie el r\u00edo, construya un hogar para el cuidado de las personas con envenenamiento por mercurio, brinde compensaci\u00f3n a todas las personas afectadas por el envenenamiento por mercurio y, retire los reclamos forestales y mineros que amenazan la salud futura del ecosistema.&#13;\n<\/p>\n\n<p><p class=\"p1\">En la d\u00e9cada de 1970, una f\u00e1brica de pulpa y papel en Dryden, Ontario, verti\u00f3 toneladas de mercurio en el r\u00edo que alimenta a \u2018Grassy Narrows\u2019. Como resultado, el 90% de la comunidad de \u2018Grassy Narrows\u2019 vive intoxicada con mercurio. Durante d\u00e9cadas, tanto el gobierno federal como el gobierno provincial neg\u00f3 el impacto del mercurio y el envenenamiento en la comunidad. Finalmente, en el 2017 <a href=\"https:\/\/www.thestar.com\/news\/canada\/2017\/11\/11\/ontario-knew-about-mercury-site-near-grassy-narrows-for-decades-but-kept-it-secret.html\">ambos gobiernos admitieron el envenenamiento<\/a> y se comprometieron a limpiar el r\u00edo y a construir una residencia para quienes sufrieran los efectos del envenenamiento por mercurio. Sin embargo, el progreso en todas las cuentas ha sido lento.<\/p><\/p>\n\n<p>Oramos por justicia para la comunidad de \u2018Grassy Narrows\u2019. Oramos por la seguridad de quienes salen a las calles para exigir rendici\u00f3n de cuentas.&#13;\n<\/p>\n","protected":false},"excerpt":{"rendered":"<p>El jueves, las personas integrantes de la comunidad de \u2018Grassy Narrows\u2019 y sus aliades se reunir\u00e1n en \u2018Queen&#8217;s Park\u2019 en Toronto para exigir justicia por el mercurio.<\/p>\n","protected":false},"author":10,"featured_media":29177,"comment_status":"closed","ping_status":"closed","sticky":false,"template":"","format":"standard","meta":{"footnotes":""},"categories":[241],"tags":[187],"class_list":["post-29201","post","type-post","status-publish","format-standard","has-post-thumbnail","hentry","category-red-de-solidaridad-de-la-isla-tortuga","tag-oraciones-por-les-trabajadores-de-paz"],"yoast_head":"<!-- This site is optimized with the Yoast SEO Premium plugin v27.4 (Yoast SEO v27.4) - https:\/\/yoast.com\/product\/yoast-seo-premium-wordpress\/ -->\n<title>Manifestaci\u00f3n Anual de \u2018River Run\u2019 (Carrera del Rio) para tomar las calles de Toronto | TISN<\/title>\n<meta name=\"description\" content=\"El jueves, las personas integrantes de la comunidad de \u2018Grassy Narrows\u2019 y sus aliades se reunir\u00e1n en \u2018Queen&#039;s Park\u2019 en Toronto para exigir justicia por el mercurio.\" \/>\n<meta name=\"robots\" content=\"index, follow, max-snippet:-1, max-image-preview:large, max-video-preview:-1\" \/>\n<link rel=\"canonical\" href=\"https:\/\/cpt.org\/es\/2022\/07\/21\/manifestacion-anual-de-river-run-carrera-del-rio-para-tomar-las-calles-de-toronto\" \/>\n<meta property=\"og:locale\" content=\"es_ES\" \/>\n<meta property=\"og:type\" content=\"article\" \/>\n<meta property=\"og:title\" content=\"Manifestaci\u00f3n Anual de \u2018River Run\u2019 (Carrera del Rio) para tomar las calles de Toronto | Red de Solidaridad de la Isla Tortuga\" \/>\n<meta property=\"og:description\" content=\"El jueves, las personas integrantes de la comunidad de \u2018Grassy Narrows\u2019 y sus aliades se reunir\u00e1n en \u2018Queen&#039;s Park\u2019 en Toronto para exigir justicia por el mercurio.\" \/>\n<meta property=\"og:url\" content=\"https:\/\/cpt.org\/es\/2022\/07\/21\/manifestacion-anual-de-river-run-carrera-del-rio-para-tomar-las-calles-de-toronto\" \/>\n<meta property=\"og:site_name\" content=\"Equipos y Comunidades de Acci\u00f3n por la Paz\" \/>\n<meta property=\"article:publisher\" content=\"https:\/\/www.facebook.com\/cpters\" \/>\n<meta property=\"article:published_time\" content=\"2022-07-21T16:50:07+00:00\" \/>\n<meta property=\"article:modified_time\" content=\"2022-07-21T16:50:08+00:00\" \/>\n<meta property=\"og:image\" content=\"https:\/\/cpt.org\/wp-content\/uploads\/220719-TISN-river-run.jpeg\" \/>\n\t<meta property=\"og:image:width\" content=\"1200\" \/>\n\t<meta property=\"og:image:height\" content=\"630\" \/>\n\t<meta property=\"og:image:type\" content=\"image\/jpeg\" \/>\n<meta name=\"author\" content=\"CPT Turtle Island Solidarity Network\" \/>\n<meta name=\"twitter:card\" content=\"summary_large_image\" \/>\n<meta name=\"twitter:title\" content=\"Manifestaci\u00f3n Anual de \u2018River Run\u2019 (Carrera del Rio) para tomar las calles de Toronto | Red de Solidaridad de la Isla Tortuga\" \/>\n<meta name=\"twitter:description\" content=\"El jueves, las personas integrantes de la comunidad de \u2018Grassy Narrows\u2019 y sus aliades se reunir\u00e1n en \u2018Queen&#039;s Park\u2019 en Toronto para exigir justicia por el mercurio.\" \/>\n<meta name=\"twitter:creator\" content=\"@cpt_intl\" \/>\n<meta name=\"twitter:site\" content=\"@cpt_intl\" \/>\n<meta name=\"twitter:label1\" content=\"Escrito por\" \/>\n\t<meta name=\"twitter:data1\" content=\"CPT Turtle Island Solidarity Network\" \/>\n\t<meta name=\"twitter:label2\" content=\"Tiempo de lectura\" \/>\n\t<meta name=\"twitter:data2\" content=\"1 minuto\" \/>\n<script type=\"application\/ld+json\" class=\"yoast-schema-graph\">{\"@context\":\"https:\\\/\\\/schema.org\",\"@graph\":[{\"@type\":\"Article\",\"@id\":\"https:\\\/\\\/cpt.org\\\/es\\\/2022\\\/07\\\/21\\\/manifestacion-anual-de-river-run-carrera-del-rio-para-tomar-las-calles-de-toronto#article\",\"isPartOf\":{\"@id\":\"https:\\\/\\\/cpt.org\\\/es\\\/2022\\\/07\\\/21\\\/manifestacion-anual-de-river-run-carrera-del-rio-para-tomar-las-calles-de-toronto\"},\"author\":{\"name\":\"CPT Turtle Island Solidarity Network\",\"@id\":\"https:\\\/\\\/cpt.org\\\/es#\\\/schema\\\/person\\\/0397463f80e186355b1b332a94573147\"},\"headline\":\"Manifestaci\u00f3n Anual de \u2018River Run\u2019 (Carrera del Rio) para tomar las calles de Toronto\",\"datePublished\":\"2022-07-21T16:50:07+00:00\",\"dateModified\":\"2022-07-21T16:50:08+00:00\",\"mainEntityOfPage\":{\"@id\":\"https:\\\/\\\/cpt.org\\\/es\\\/2022\\\/07\\\/21\\\/manifestacion-anual-de-river-run-carrera-del-rio-para-tomar-las-calles-de-toronto\"},\"wordCount\":226,\"publisher\":{\"@id\":\"https:\\\/\\\/cpt.org\\\/es#organization\"},\"image\":{\"@id\":\"https:\\\/\\\/cpt.org\\\/es\\\/2022\\\/07\\\/21\\\/manifestacion-anual-de-river-run-carrera-del-rio-para-tomar-las-calles-de-toronto#primaryimage\"},\"thumbnailUrl\":\"https:\\\/\\\/cpt.org\\\/wp-content\\\/uploads\\\/220719-TISN-river-run.jpeg\",\"keywords\":[\"Oraciones por les Trabajadores de Paz\"],\"articleSection\":[\"Red de Solidaridad de la Isla Tortuga\"],\"inLanguage\":\"es\"},{\"@type\":\"WebPage\",\"@id\":\"https:\\\/\\\/cpt.org\\\/es\\\/2022\\\/07\\\/21\\\/manifestacion-anual-de-river-run-carrera-del-rio-para-tomar-las-calles-de-toronto\",\"url\":\"https:\\\/\\\/cpt.org\\\/es\\\/2022\\\/07\\\/21\\\/manifestacion-anual-de-river-run-carrera-del-rio-para-tomar-las-calles-de-toronto\",\"name\":\"Manifestaci\u00f3n Anual de \u2018River Run\u2019 (Carrera del Rio) para tomar las calles de Toronto | TISN\",\"isPartOf\":{\"@id\":\"https:\\\/\\\/cpt.org\\\/es#website\"},\"primaryImageOfPage\":{\"@id\":\"https:\\\/\\\/cpt.org\\\/es\\\/2022\\\/07\\\/21\\\/manifestacion-anual-de-river-run-carrera-del-rio-para-tomar-las-calles-de-toronto#primaryimage\"},\"image\":{\"@id\":\"https:\\\/\\\/cpt.org\\\/es\\\/2022\\\/07\\\/21\\\/manifestacion-anual-de-river-run-carrera-del-rio-para-tomar-las-calles-de-toronto#primaryimage\"},\"thumbnailUrl\":\"https:\\\/\\\/cpt.org\\\/wp-content\\\/uploads\\\/220719-TISN-river-run.jpeg\",\"datePublished\":\"2022-07-21T16:50:07+00:00\",\"dateModified\":\"2022-07-21T16:50:08+00:00\",\"description\":\"El jueves, las personas integrantes de la comunidad de \u2018Grassy Narrows\u2019 y sus aliades se reunir\u00e1n en \u2018Queen's Park\u2019 en Toronto para exigir justicia por el mercurio.\",\"breadcrumb\":{\"@id\":\"https:\\\/\\\/cpt.org\\\/es\\\/2022\\\/07\\\/21\\\/manifestacion-anual-de-river-run-carrera-del-rio-para-tomar-las-calles-de-toronto#breadcrumb\"},\"inLanguage\":\"es\",\"potentialAction\":[{\"@type\":\"ReadAction\",\"target\":[\"https:\\\/\\\/cpt.org\\\/es\\\/2022\\\/07\\\/21\\\/manifestacion-anual-de-river-run-carrera-del-rio-para-tomar-las-calles-de-toronto\"]}]},{\"@type\":\"ImageObject\",\"inLanguage\":\"es\",\"@id\":\"https:\\\/\\\/cpt.org\\\/es\\\/2022\\\/07\\\/21\\\/manifestacion-anual-de-river-run-carrera-del-rio-para-tomar-las-calles-de-toronto#primaryimage\",\"url\":\"https:\\\/\\\/cpt.org\\\/wp-content\\\/uploads\\\/220719-TISN-river-run.jpeg\",\"contentUrl\":\"https:\\\/\\\/cpt.org\\\/wp-content\\\/uploads\\\/220719-TISN-river-run.jpeg\",\"width\":1200,\"height\":630,\"caption\":\"un imagen digital de una persona con cabello oscuro que se vuelve azul. La persona tiene plumas en el cabello. El texto encima lee en ingl\u00e9s: GRASSY NARROWS RIVER RUN\"},{\"@type\":\"BreadcrumbList\",\"@id\":\"https:\\\/\\\/cpt.org\\\/es\\\/2022\\\/07\\\/21\\\/manifestacion-anual-de-river-run-carrera-del-rio-para-tomar-las-calles-de-toronto#breadcrumb\",\"itemListElement\":[{\"@type\":\"ListItem\",\"position\":1,\"name\":\"Home\",\"item\":\"https:\\\/\\\/cpt.org\\\/es\"},{\"@type\":\"ListItem\",\"position\":2,\"name\":\"Manifestaci\u00f3n Anual de \u2018River Run\u2019 (Carrera del Rio) para tomar las calles de Toronto\"}]},{\"@type\":\"WebSite\",\"@id\":\"https:\\\/\\\/cpt.org\\\/es#website\",\"url\":\"https:\\\/\\\/cpt.org\\\/es\",\"name\":\"Equipos y Comunidades de Acci\u00f3n por la Paz\",\"description\":\"Building partnerships to transform violence and oppression\",\"publisher\":{\"@id\":\"https:\\\/\\\/cpt.org\\\/es#organization\"},\"potentialAction\":[{\"@type\":\"SearchAction\",\"target\":{\"@type\":\"EntryPoint\",\"urlTemplate\":\"https:\\\/\\\/cpt.org\\\/es?s={search_term_string}\"},\"query-input\":{\"@type\":\"PropertyValueSpecification\",\"valueRequired\":true,\"valueName\":\"search_term_string\"}}],\"inLanguage\":\"es\"},{\"@type\":\"Organization\",\"@id\":\"https:\\\/\\\/cpt.org\\\/es#organization\",\"name\":\"Equipos y Comunidades de Acci\u00f3n por la Paz\",\"url\":\"https:\\\/\\\/cpt.org\\\/es\",\"logo\":{\"@type\":\"ImageObject\",\"inLanguage\":\"es\",\"@id\":\"https:\\\/\\\/cpt.org\\\/es#\\\/schema\\\/logo\\\/image\\\/\",\"url\":\"https:\\\/\\\/cpt.org\\\/wp-content\\\/uploads\\\/logoCPT-red-2.png\",\"contentUrl\":\"https:\\\/\\\/cpt.org\\\/wp-content\\\/uploads\\\/logoCPT-red-2.png\",\"width\":1730,\"height\":840,\"caption\":\"Equipos y Comunidades de Acci\u00f3n por la Paz\"},\"image\":{\"@id\":\"https:\\\/\\\/cpt.org\\\/es#\\\/schema\\\/logo\\\/image\\\/\"},\"sameAs\":[\"https:\\\/\\\/www.facebook.com\\\/cpters\",\"https:\\\/\\\/x.com\\\/cpt_intl\",\"https:\\\/\\\/www.instagram.com\\\/cpteams\\\/\",\"https:\\\/\\\/www.youtube.com\\\/user\\\/cptvideos\"]},{\"@type\":\"Person\",\"@id\":\"https:\\\/\\\/cpt.org\\\/es#\\\/schema\\\/person\\\/0397463f80e186355b1b332a94573147\",\"name\":\"CPT Turtle Island Solidarity Network\",\"image\":{\"@type\":\"ImageObject\",\"inLanguage\":\"es\",\"@id\":\"https:\\\/\\\/secure.gravatar.com\\\/avatar\\\/f8e2893a53064397ff49fc77fc0def4a639ed2a4f6d2100ceb46e18e988b0b01?s=96&r=g\",\"url\":\"https:\\\/\\\/secure.gravatar.com\\\/avatar\\\/f8e2893a53064397ff49fc77fc0def4a639ed2a4f6d2100ceb46e18e988b0b01?s=96&r=g\",\"contentUrl\":\"https:\\\/\\\/secure.gravatar.com\\\/avatar\\\/f8e2893a53064397ff49fc77fc0def4a639ed2a4f6d2100ceb46e18e988b0b01?s=96&r=g\",\"caption\":\"CPT Turtle Island Solidarity Network\"},\"url\":\"https:\\\/\\\/cpt.org\\\/es\\\/author\\\/cpt-turtle-island-solidarity-network\"}]}<\/script>\n<!-- \/ Yoast SEO Premium plugin. -->","yoast_head_json":{"title":"Manifestaci\u00f3n Anual de \u2018River Run\u2019 (Carrera del Rio) para tomar las calles de Toronto | TISN","description":"El jueves, las personas integrantes de la comunidad de \u2018Grassy Narrows\u2019 y sus aliades se reunir\u00e1n en \u2018Queen's Park\u2019 en Toronto para exigir justicia por el mercurio.","robots":{"index":"index","follow":"follow","max-snippet":"max-snippet:-1","max-image-preview":"max-image-preview:large","max-video-preview":"max-video-preview:-1"},"canonical":"https:\/\/cpt.org\/es\/2022\/07\/21\/manifestacion-anual-de-river-run-carrera-del-rio-para-tomar-las-calles-de-toronto","og_locale":"es_ES","og_type":"article","og_title":"Manifestaci\u00f3n Anual de \u2018River Run\u2019 (Carrera del Rio) para tomar las calles de Toronto | Red de Solidaridad de la Isla Tortuga","og_description":"El jueves, las personas integrantes de la comunidad de \u2018Grassy Narrows\u2019 y sus aliades se reunir\u00e1n en \u2018Queen's Park\u2019 en Toronto para exigir justicia por el mercurio.","og_url":"https:\/\/cpt.org\/es\/2022\/07\/21\/manifestacion-anual-de-river-run-carrera-del-rio-para-tomar-las-calles-de-toronto","og_site_name":"Equipos y Comunidades de Acci\u00f3n por la Paz","article_publisher":"https:\/\/www.facebook.com\/cpters","article_published_time":"2022-07-21T16:50:07+00:00","article_modified_time":"2022-07-21T16:50:08+00:00","og_image":[{"width":1200,"height":630,"url":"https:\/\/cpt.org\/wp-content\/uploads\/220719-TISN-river-run.jpeg","type":"image\/jpeg"}],"author":"CPT Turtle Island Solidarity Network","twitter_card":"summary_large_image","twitter_title":"Manifestaci\u00f3n Anual de \u2018River Run\u2019 (Carrera del Rio) para tomar las calles de Toronto | Red de Solidaridad de la Isla Tortuga","twitter_description":"El jueves, las personas integrantes de la comunidad de \u2018Grassy Narrows\u2019 y sus aliades se reunir\u00e1n en \u2018Queen's Park\u2019 en Toronto para exigir justicia por el mercurio.","twitter_creator":"@cpt_intl","twitter_site":"@cpt_intl","twitter_misc":{"Escrito por":"CPT Turtle Island Solidarity Network","Tiempo de lectura":"1 minuto"},"schema":{"@context":"https:\/\/schema.org","@graph":[{"@type":"Article","@id":"https:\/\/cpt.org\/es\/2022\/07\/21\/manifestacion-anual-de-river-run-carrera-del-rio-para-tomar-las-calles-de-toronto#article","isPartOf":{"@id":"https:\/\/cpt.org\/es\/2022\/07\/21\/manifestacion-anual-de-river-run-carrera-del-rio-para-tomar-las-calles-de-toronto"},"author":{"name":"CPT Turtle Island Solidarity Network","@id":"https:\/\/cpt.org\/es#\/schema\/person\/0397463f80e186355b1b332a94573147"},"headline":"Manifestaci\u00f3n Anual de \u2018River Run\u2019 (Carrera del Rio) para tomar las calles de Toronto","datePublished":"2022-07-21T16:50:07+00:00","dateModified":"2022-07-21T16:50:08+00:00","mainEntityOfPage":{"@id":"https:\/\/cpt.org\/es\/2022\/07\/21\/manifestacion-anual-de-river-run-carrera-del-rio-para-tomar-las-calles-de-toronto"},"wordCount":226,"publisher":{"@id":"https:\/\/cpt.org\/es#organization"},"image":{"@id":"https:\/\/cpt.org\/es\/2022\/07\/21\/manifestacion-anual-de-river-run-carrera-del-rio-para-tomar-las-calles-de-toronto#primaryimage"},"thumbnailUrl":"https:\/\/cpt.org\/wp-content\/uploads\/220719-TISN-river-run.jpeg","keywords":["Oraciones por les Trabajadores de Paz"],"articleSection":["Red de Solidaridad de la Isla Tortuga"],"inLanguage":"es"},{"@type":"WebPage","@id":"https:\/\/cpt.org\/es\/2022\/07\/21\/manifestacion-anual-de-river-run-carrera-del-rio-para-tomar-las-calles-de-toronto","url":"https:\/\/cpt.org\/es\/2022\/07\/21\/manifestacion-anual-de-river-run-carrera-del-rio-para-tomar-las-calles-de-toronto","name":"Manifestaci\u00f3n Anual de \u2018River Run\u2019 (Carrera del Rio) para tomar las calles de Toronto | TISN","isPartOf":{"@id":"https:\/\/cpt.org\/es#website"},"primaryImageOfPage":{"@id":"https:\/\/cpt.org\/es\/2022\/07\/21\/manifestacion-anual-de-river-run-carrera-del-rio-para-tomar-las-calles-de-toronto#primaryimage"},"image":{"@id":"https:\/\/cpt.org\/es\/2022\/07\/21\/manifestacion-anual-de-river-run-carrera-del-rio-para-tomar-las-calles-de-toronto#primaryimage"},"thumbnailUrl":"https:\/\/cpt.org\/wp-content\/uploads\/220719-TISN-river-run.jpeg","datePublished":"2022-07-21T16:50:07+00:00","dateModified":"2022-07-21T16:50:08+00:00","description":"El jueves, las personas integrantes de la comunidad de \u2018Grassy Narrows\u2019 y sus aliades se reunir\u00e1n en \u2018Queen's Park\u2019 en Toronto para exigir justicia por el mercurio.","breadcrumb":{"@id":"https:\/\/cpt.org\/es\/2022\/07\/21\/manifestacion-anual-de-river-run-carrera-del-rio-para-tomar-las-calles-de-toronto#breadcrumb"},"inLanguage":"es","potentialAction":[{"@type":"ReadAction","target":["https:\/\/cpt.org\/es\/2022\/07\/21\/manifestacion-anual-de-river-run-carrera-del-rio-para-tomar-las-calles-de-toronto"]}]},{"@type":"ImageObject","inLanguage":"es","@id":"https:\/\/cpt.org\/es\/2022\/07\/21\/manifestacion-anual-de-river-run-carrera-del-rio-para-tomar-las-calles-de-toronto#primaryimage","url":"https:\/\/cpt.org\/wp-content\/uploads\/220719-TISN-river-run.jpeg","contentUrl":"https:\/\/cpt.org\/wp-content\/uploads\/220719-TISN-river-run.jpeg","width":1200,"height":630,"caption":"un imagen digital de una persona con cabello oscuro que se vuelve azul. La persona tiene plumas en el cabello. El texto encima lee en ingl\u00e9s: GRASSY NARROWS RIVER RUN"},{"@type":"BreadcrumbList","@id":"https:\/\/cpt.org\/es\/2022\/07\/21\/manifestacion-anual-de-river-run-carrera-del-rio-para-tomar-las-calles-de-toronto#breadcrumb","itemListElement":[{"@type":"ListItem","position":1,"name":"Home","item":"https:\/\/cpt.org\/es"},{"@type":"ListItem","position":2,"name":"Manifestaci\u00f3n Anual de \u2018River Run\u2019 (Carrera del Rio) para tomar las calles de Toronto"}]},{"@type":"WebSite","@id":"https:\/\/cpt.org\/es#website","url":"https:\/\/cpt.org\/es","name":"Equipos y Comunidades de Acci\u00f3n por la Paz","description":"Building partnerships to transform violence and oppression","publisher":{"@id":"https:\/\/cpt.org\/es#organization"},"potentialAction":[{"@type":"SearchAction","target":{"@type":"EntryPoint","urlTemplate":"https:\/\/cpt.org\/es?s={search_term_string}"},"query-input":{"@type":"PropertyValueSpecification","valueRequired":true,"valueName":"search_term_string"}}],"inLanguage":"es"},{"@type":"Organization","@id":"https:\/\/cpt.org\/es#organization","name":"Equipos y Comunidades de Acci\u00f3n por la Paz","url":"https:\/\/cpt.org\/es","logo":{"@type":"ImageObject","inLanguage":"es","@id":"https:\/\/cpt.org\/es#\/schema\/logo\/image\/","url":"https:\/\/cpt.org\/wp-content\/uploads\/logoCPT-red-2.png","contentUrl":"https:\/\/cpt.org\/wp-content\/uploads\/logoCPT-red-2.png","width":1730,"height":840,"caption":"Equipos y Comunidades de Acci\u00f3n por la Paz"},"image":{"@id":"https:\/\/cpt.org\/es#\/schema\/logo\/image\/"},"sameAs":["https:\/\/www.facebook.com\/cpters","https:\/\/x.com\/cpt_intl","https:\/\/www.instagram.com\/cpteams\/","https:\/\/www.youtube.com\/user\/cptvideos"]},{"@type":"Person","@id":"https:\/\/cpt.org\/es#\/schema\/person\/0397463f80e186355b1b332a94573147","name":"CPT Turtle Island Solidarity Network","image":{"@type":"ImageObject","inLanguage":"es","@id":"https:\/\/secure.gravatar.com\/avatar\/f8e2893a53064397ff49fc77fc0def4a639ed2a4f6d2100ceb46e18e988b0b01?s=96&r=g","url":"https:\/\/secure.gravatar.com\/avatar\/f8e2893a53064397ff49fc77fc0def4a639ed2a4f6d2100ceb46e18e988b0b01?s=96&r=g","contentUrl":"https:\/\/secure.gravatar.com\/avatar\/f8e2893a53064397ff49fc77fc0def4a639ed2a4f6d2100ceb46e18e988b0b01?s=96&r=g","caption":"CPT Turtle Island Solidarity Network"},"url":"https:\/\/cpt.org\/es\/author\/cpt-turtle-island-solidarity-network"}]}},"_links":{"self":[{"href":"https:\/\/cpt.org\/es\/wp-json\/wp\/v2\/posts\/29201","targetHints":{"allow":["GET"]}}],"collection":[{"href":"https:\/\/cpt.org\/es\/wp-json\/wp\/v2\/posts"}],"about":[{"href":"https:\/\/cpt.org\/es\/wp-json\/wp\/v2\/types\/post"}],"author":[{"embeddable":true,"href":"https:\/\/cpt.org\/es\/wp-json\/wp\/v2\/users\/10"}],"replies":[{"embeddable":true,"href":"https:\/\/cpt.org\/es\/wp-json\/wp\/v2\/comments?post=29201"}],"version-history":[{"count":1,"href":"https:\/\/cpt.org\/es\/wp-json\/wp\/v2\/posts\/29201\/revisions"}],"predecessor-version":[{"id":29202,"href":"https:\/\/cpt.org\/es\/wp-json\/wp\/v2\/posts\/29201\/revisions\/29202"}],"wp:featuredmedia":[{"embeddable":true,"href":"https:\/\/cpt.org\/es\/wp-json\/wp\/v2\/media\/29177"}],"wp:attachment":[{"href":"https:\/\/cpt.org\/es\/wp-json\/wp\/v2\/media?parent=29201"}],"wp:term":[{"taxonomy":"category","embeddable":true,"href":"https:\/\/cpt.org\/es\/wp-json\/wp\/v2\/categories?post=29201"},{"taxonomy":"post_tag","embeddable":true,"href":"https:\/\/cpt.org\/es\/wp-json\/wp\/v2\/tags?post=29201"}],"curies":[{"name":"wp","href":"https:\/\/api.w.org\/{rel}","templated":true}]}}