{"id":30160,"date":"2022-11-02T02:57:12","date_gmt":"2022-11-02T07:57:12","guid":{"rendered":"https:\/\/cpt.org\/2022\/11\/02\/la-comunidad-local-se-une-para-apoyar-a-las-personas-migrantes"},"modified":"2022-11-02T02:57:13","modified_gmt":"2022-11-02T07:57:13","slug":"la-comunidad-local-se-une-para-apoyar-a-las-personas-migrantes","status":"publish","type":"post","link":"https:\/\/cpt.org\/es\/2022\/11\/02\/la-comunidad-local-se-une-para-apoyar-a-las-personas-migrantes","title":{"rendered":"La comunidad local se une para apoyar a las personas migrantes"},"content":{"rendered":"\n<p><p class=\"p1\">Es una lucha continua para el <a href=\"https:\/\/www.facebook.com\/profile.php?id=100064740874527\">Centro de Recursos para Migrantes<\/a> (CRM) y para el <a href=\"https:\/\/www.facebook.com\/camexodus\/\">Centro de Atenci\u00f3n al Migrantes Exodus<\/a> (CAME) en Agua Prieta, Sonora, para encontrar los recursos para continuar el trabajo de acompa\u00f1amiento de personas migrantes.<i> <\/i>Si bien reciben un apoyo financiero significativo del Proyecto Fronterizo Presbiteriano, Frontera de Cristo y de la Iglesia Cat\u00f3lica de la Sagrada Familia, la necesidad de alimentos, ropa y, suministros sanitarios y de limpieza nunca termina. Durante muchos a\u00f1os, el Instituto Nacional de Migraci\u00f3n (INM), una oficina del gobierno mexicano ha patrocinado una campa\u00f1a de recaudaci\u00f3n de fondos llamada MIGRAT\u00d3N para recolectar donaciones de la comunidad en Agua Prieta.<i> <\/i>Desafortunadamente, no siempre est\u00e1 claro d\u00f3nde terminan todas las donaciones. Este a\u00f1o, como resultado de la falta de transparencia con MIGRAT\u00d3N, Betto Ramos, el director de CAME y del CRM, su personal y sus personas voluntarias realizaron el primer CAMET\u00d3N anual.<\/p><\/p>\n\n<p>Siguiendo el modelo de MIGRAT\u00d3N, el viernes 7 de octubre, el CAMET\u00d3N llen\u00f3 la calle frente al CAME. Escuelas, iglesias y otras organizaciones locales recolectaron donaciones durante la semana e integrantes de la Cruz Roja local llegaron para ayudar a las otras personas voluntarias a recibir esas donaciones en CAME. Desde las 9 am hasta las 2 pm, las personas voluntarias y el personal trabajaron para descargar, pesar y clasificar las cajas y bolsas tra\u00eddas por personas individuales y por grupos. En total, la CAMET\u00d3N recolect\u00f3 2,153 kilogramos de alimentos, ropa, art\u00edculos de papeler\u00eda y art\u00edculos de limpieza.&#13;\n<\/p>\n\n<p>A las 4 pm se inici\u00f3 la segunda fase del CAMET\u00d3N. Varios grupos y personas individuales llegaron para reemplazar las cajas de donaciones con un bazar de alimentos y bebidas a la venta que inclu\u00eda tamales, pozole, tacos, burritos, pasteles, aguas frescas e incluso pizza. A las 8 pm, la comida de todas las mesas se agot\u00f3. Otro punto destacado del d\u00eda incluy\u00f3 recorridos liderados por Perla del Angel, la abogada del refugio y la presidenta de la junta del CRM, quien guio a las personas visitantes por el edificio CAME para ver los murales y una exhibici\u00f3n de fotograf\u00edas.&#13;\n<\/p>\n\n<ul class=\"wp-block-list\"><li>Oremos en agradecimiento por el \u00e9xito de CAMET\u00d3N en la recolecci\u00f3n de donaciones y la recaudaci\u00f3n de dinero.&#13;\n<\/li><li>Demos gracias por el arduo trabajo del personal y las personas voluntarias.<\/li><li>Al\u00e9grese de que la gente de Agua Prieta haya apoyado tan generosamente el evento.<\/li><\/ul>\n\n<p><\/p>\n\n<figure class=\"wp-block-image size-large\"><img decoding=\"async\" src=\"https:\/\/cpt.org\/wp-content\/uploads\/221102-Borderlands-cameto&#x301;n-perla-1024x768.jpg\" alt=\"Perla del &#xC1;ngel, a la derecha, cont&#xE1;ndoles a los y las visitantes sobre los murales de CAME\" class=\"wp-image-30146\"\/><figcaption>Perla del \u00c1ngel, a la derecha, cont\u00e1ndoles a los y las visitantes sobre los murales de CAME<\/figcaption><\/figure>\n\n<figure class=\"wp-block-image size-large\"><img fetchpriority=\"high\" decoding=\"async\" width=\"1024\" height=\"768\" src=\"https:\/\/cpt.org\/wp-content\/uploads\/\/221102-Borderlands-afternoon-gathering-1024x768.jpg\" alt=\"vista de la calle de varias carpas instaladas afuera de CAME, con un gran cartel que dice CAMETON. La gente hace cola para comprar comida.\" class=\"wp-image-30150\" srcset=\"https:\/\/cpt.org\/wp-content\/uploads\/221102-Borderlands-afternoon-gathering-1024x768.jpg 1024w, https:\/\/cpt.org\/wp-content\/uploads\/221102-Borderlands-afternoon-gathering-300x225.jpg 300w, https:\/\/cpt.org\/wp-content\/uploads\/221102-Borderlands-afternoon-gathering-768x576.jpg 768w, https:\/\/cpt.org\/wp-content\/uploads\/221102-Borderlands-afternoon-gathering-1536x1152.jpg 1536w, https:\/\/cpt.org\/wp-content\/uploads\/221102-Borderlands-afternoon-gathering.jpg 1600w\" sizes=\"(max-width: 1024px) 100vw, 1024px\" \/><\/figure>\n","protected":false},"excerpt":{"rendered":"<p>El Centro de Recursos para Migrantes y el refugio para personas migrantes CAME, recibieron un gran apoyo de la comunidad local en Agua Prieta para su campa\u00f1a de recaudaci\u00f3n de fondos llamada CAMET\u00d3N<\/p>\n","protected":false},"author":12,"featured_media":30157,"comment_status":"closed","ping_status":"closed","sticky":false,"template":"","format":"standard","meta":{"footnotes":""},"categories":[209],"tags":[187],"class_list":["post-30160","post","type-post","status-publish","format-standard","has-post-thumbnail","hentry","category-tierras-fronterizas","tag-oraciones-por-les-trabajadores-de-paz"],"yoast_head":"<!-- This site is optimized with the Yoast SEO Premium plugin v27.4 (Yoast SEO v27.4) - https:\/\/yoast.com\/product\/yoast-seo-premium-wordpress\/ -->\n<title>La comunidad local se une para apoyar a las personas migrantes | Tierras Fronterizas<\/title>\n<meta name=\"description\" content=\"El Centro de Recursos para Migrantes y el refugio para personas migrantes CAME, recibieron un gran apoyo de la comunidad local en Agua Prieta\" \/>\n<meta name=\"robots\" content=\"index, follow, max-snippet:-1, max-image-preview:large, max-video-preview:-1\" \/>\n<link rel=\"canonical\" href=\"https:\/\/cpt.org\/es\/2022\/11\/02\/la-comunidad-local-se-une-para-apoyar-a-las-personas-migrantes\" \/>\n<meta property=\"og:locale\" content=\"es_ES\" \/>\n<meta property=\"og:type\" content=\"article\" \/>\n<meta property=\"og:title\" content=\"La comunidad local se une para apoyar a las personas migrantes | Tierras Fronterizas\" \/>\n<meta property=\"og:description\" content=\"El Centro de Recursos para Migrantes y el refugio para personas migrantes CAME, recibieron un gran apoyo de la comunidad local en Agua Prieta\" \/>\n<meta property=\"og:url\" content=\"https:\/\/cpt.org\/es\/2022\/11\/02\/la-comunidad-local-se-une-para-apoyar-a-las-personas-migrantes\" \/>\n<meta property=\"og:site_name\" content=\"Equipos y Comunidades de Acci\u00f3n por la Paz\" \/>\n<meta property=\"article:publisher\" content=\"https:\/\/www.facebook.com\/cpters\" \/>\n<meta property=\"article:published_time\" content=\"2022-11-02T07:57:12+00:00\" \/>\n<meta property=\"article:modified_time\" content=\"2022-11-02T07:57:13+00:00\" \/>\n<meta property=\"og:image\" content=\"https:\/\/cpt.org\/wp-content\/uploads\/221102-Borderlands-cameton-staff.jpg\" \/>\n\t<meta property=\"og:image:width\" content=\"1600\" \/>\n\t<meta property=\"og:image:height\" content=\"1200\" \/>\n\t<meta property=\"og:image:type\" content=\"image\/jpeg\" \/>\n<meta name=\"author\" content=\"CPT Borderlands\" \/>\n<meta name=\"twitter:card\" content=\"summary_large_image\" \/>\n<meta name=\"twitter:title\" content=\"La comunidad local se une para apoyar a las personas migrantes | Tierras Fronterizas\" \/>\n<meta name=\"twitter:description\" content=\"El Centro de Recursos para Migrantes y el refugio para personas migrantes CAME, recibieron un gran apoyo de la comunidad local en Agua Prieta\" \/>\n<meta name=\"twitter:creator\" content=\"@cpt_intl\" \/>\n<meta name=\"twitter:site\" content=\"@cpt_intl\" \/>\n<meta name=\"twitter:label1\" content=\"Escrito por\" \/>\n\t<meta name=\"twitter:data1\" content=\"CPT Borderlands\" \/>\n\t<meta name=\"twitter:label2\" content=\"Tiempo de lectura\" \/>\n\t<meta name=\"twitter:data2\" content=\"2 minutos\" \/>\n<script type=\"application\/ld+json\" class=\"yoast-schema-graph\">{\"@context\":\"https:\\\/\\\/schema.org\",\"@graph\":[{\"@type\":\"Article\",\"@id\":\"https:\\\/\\\/cpt.org\\\/es\\\/2022\\\/11\\\/02\\\/la-comunidad-local-se-une-para-apoyar-a-las-personas-migrantes#article\",\"isPartOf\":{\"@id\":\"https:\\\/\\\/cpt.org\\\/es\\\/2022\\\/11\\\/02\\\/la-comunidad-local-se-une-para-apoyar-a-las-personas-migrantes\"},\"author\":{\"name\":\"CPT Borderlands\",\"@id\":\"https:\\\/\\\/cpt.org\\\/es#\\\/schema\\\/person\\\/50a7126cfec26a2df2583ab0ceba7dd0\"},\"headline\":\"La comunidad local se une para apoyar a las personas migrantes\",\"datePublished\":\"2022-11-02T07:57:12+00:00\",\"dateModified\":\"2022-11-02T07:57:13+00:00\",\"mainEntityOfPage\":{\"@id\":\"https:\\\/\\\/cpt.org\\\/es\\\/2022\\\/11\\\/02\\\/la-comunidad-local-se-une-para-apoyar-a-las-personas-migrantes\"},\"wordCount\":442,\"publisher\":{\"@id\":\"https:\\\/\\\/cpt.org\\\/es#organization\"},\"image\":{\"@id\":\"https:\\\/\\\/cpt.org\\\/es\\\/2022\\\/11\\\/02\\\/la-comunidad-local-se-une-para-apoyar-a-las-personas-migrantes#primaryimage\"},\"thumbnailUrl\":\"https:\\\/\\\/cpt.org\\\/wp-content\\\/uploads\\\/221102-Borderlands-cameton-staff.jpg\",\"keywords\":[\"Oraciones por les Trabajadores de Paz\"],\"articleSection\":[\"Tierras Fronterizas\"],\"inLanguage\":\"es\"},{\"@type\":\"WebPage\",\"@id\":\"https:\\\/\\\/cpt.org\\\/es\\\/2022\\\/11\\\/02\\\/la-comunidad-local-se-une-para-apoyar-a-las-personas-migrantes\",\"url\":\"https:\\\/\\\/cpt.org\\\/es\\\/2022\\\/11\\\/02\\\/la-comunidad-local-se-une-para-apoyar-a-las-personas-migrantes\",\"name\":\"La comunidad local se une para apoyar a las personas migrantes | Tierras Fronterizas\",\"isPartOf\":{\"@id\":\"https:\\\/\\\/cpt.org\\\/es#website\"},\"primaryImageOfPage\":{\"@id\":\"https:\\\/\\\/cpt.org\\\/es\\\/2022\\\/11\\\/02\\\/la-comunidad-local-se-une-para-apoyar-a-las-personas-migrantes#primaryimage\"},\"image\":{\"@id\":\"https:\\\/\\\/cpt.org\\\/es\\\/2022\\\/11\\\/02\\\/la-comunidad-local-se-une-para-apoyar-a-las-personas-migrantes#primaryimage\"},\"thumbnailUrl\":\"https:\\\/\\\/cpt.org\\\/wp-content\\\/uploads\\\/221102-Borderlands-cameton-staff.jpg\",\"datePublished\":\"2022-11-02T07:57:12+00:00\",\"dateModified\":\"2022-11-02T07:57:13+00:00\",\"description\":\"El Centro de Recursos para Migrantes y el refugio para personas migrantes CAME, recibieron un gran apoyo de la comunidad local en Agua Prieta\",\"breadcrumb\":{\"@id\":\"https:\\\/\\\/cpt.org\\\/es\\\/2022\\\/11\\\/02\\\/la-comunidad-local-se-une-para-apoyar-a-las-personas-migrantes#breadcrumb\"},\"inLanguage\":\"es\",\"potentialAction\":[{\"@type\":\"ReadAction\",\"target\":[\"https:\\\/\\\/cpt.org\\\/es\\\/2022\\\/11\\\/02\\\/la-comunidad-local-se-une-para-apoyar-a-las-personas-migrantes\"]}]},{\"@type\":\"ImageObject\",\"inLanguage\":\"es\",\"@id\":\"https:\\\/\\\/cpt.org\\\/es\\\/2022\\\/11\\\/02\\\/la-comunidad-local-se-une-para-apoyar-a-las-personas-migrantes#primaryimage\",\"url\":\"https:\\\/\\\/cpt.org\\\/wp-content\\\/uploads\\\/221102-Borderlands-cameton-staff.jpg\",\"contentUrl\":\"https:\\\/\\\/cpt.org\\\/wp-content\\\/uploads\\\/221102-Borderlands-cameton-staff.jpg\",\"width\":1600,\"height\":1200,\"caption\":\"a group of around 20 staff and volunteers at CAME pose for a picture. They're all wearing white CAMETON shirts\"},{\"@type\":\"BreadcrumbList\",\"@id\":\"https:\\\/\\\/cpt.org\\\/es\\\/2022\\\/11\\\/02\\\/la-comunidad-local-se-une-para-apoyar-a-las-personas-migrantes#breadcrumb\",\"itemListElement\":[{\"@type\":\"ListItem\",\"position\":1,\"name\":\"Home\",\"item\":\"https:\\\/\\\/cpt.org\\\/es\"},{\"@type\":\"ListItem\",\"position\":2,\"name\":\"La comunidad local se une para apoyar a las personas migrantes\"}]},{\"@type\":\"WebSite\",\"@id\":\"https:\\\/\\\/cpt.org\\\/es#website\",\"url\":\"https:\\\/\\\/cpt.org\\\/es\",\"name\":\"Equipos y Comunidades de Acci\u00f3n por la Paz\",\"description\":\"Building partnerships to transform violence and oppression\",\"publisher\":{\"@id\":\"https:\\\/\\\/cpt.org\\\/es#organization\"},\"potentialAction\":[{\"@type\":\"SearchAction\",\"target\":{\"@type\":\"EntryPoint\",\"urlTemplate\":\"https:\\\/\\\/cpt.org\\\/es?s={search_term_string}\"},\"query-input\":{\"@type\":\"PropertyValueSpecification\",\"valueRequired\":true,\"valueName\":\"search_term_string\"}}],\"inLanguage\":\"es\"},{\"@type\":\"Organization\",\"@id\":\"https:\\\/\\\/cpt.org\\\/es#organization\",\"name\":\"Equipos y Comunidades de Acci\u00f3n por la Paz\",\"url\":\"https:\\\/\\\/cpt.org\\\/es\",\"logo\":{\"@type\":\"ImageObject\",\"inLanguage\":\"es\",\"@id\":\"https:\\\/\\\/cpt.org\\\/es#\\\/schema\\\/logo\\\/image\\\/\",\"url\":\"https:\\\/\\\/cpt.org\\\/wp-content\\\/uploads\\\/logoCPT-red-2.png\",\"contentUrl\":\"https:\\\/\\\/cpt.org\\\/wp-content\\\/uploads\\\/logoCPT-red-2.png\",\"width\":1730,\"height\":840,\"caption\":\"Equipos y Comunidades de Acci\u00f3n por la Paz\"},\"image\":{\"@id\":\"https:\\\/\\\/cpt.org\\\/es#\\\/schema\\\/logo\\\/image\\\/\"},\"sameAs\":[\"https:\\\/\\\/www.facebook.com\\\/cpters\",\"https:\\\/\\\/x.com\\\/cpt_intl\",\"https:\\\/\\\/www.instagram.com\\\/cpteams\\\/\",\"https:\\\/\\\/www.youtube.com\\\/user\\\/cptvideos\"]},{\"@type\":\"Person\",\"@id\":\"https:\\\/\\\/cpt.org\\\/es#\\\/schema\\\/person\\\/50a7126cfec26a2df2583ab0ceba7dd0\",\"name\":\"CPT Borderlands\",\"image\":{\"@type\":\"ImageObject\",\"inLanguage\":\"es\",\"@id\":\"https:\\\/\\\/secure.gravatar.com\\\/avatar\\\/012354516ab70e0a4cd518f1fbdd28e8218dfbf38230f3123366eeb05f0647ee?s=96&r=g\",\"url\":\"https:\\\/\\\/secure.gravatar.com\\\/avatar\\\/012354516ab70e0a4cd518f1fbdd28e8218dfbf38230f3123366eeb05f0647ee?s=96&r=g\",\"contentUrl\":\"https:\\\/\\\/secure.gravatar.com\\\/avatar\\\/012354516ab70e0a4cd518f1fbdd28e8218dfbf38230f3123366eeb05f0647ee?s=96&r=g\",\"caption\":\"CPT Borderlands\"},\"url\":\"https:\\\/\\\/cpt.org\\\/es\\\/author\\\/cpt-borderlands\"}]}<\/script>\n<!-- \/ Yoast SEO Premium plugin. -->","yoast_head_json":{"title":"La comunidad local se une para apoyar a las personas migrantes | Tierras Fronterizas","description":"El Centro de Recursos para Migrantes y el refugio para personas migrantes CAME, recibieron un gran apoyo de la comunidad local en Agua Prieta","robots":{"index":"index","follow":"follow","max-snippet":"max-snippet:-1","max-image-preview":"max-image-preview:large","max-video-preview":"max-video-preview:-1"},"canonical":"https:\/\/cpt.org\/es\/2022\/11\/02\/la-comunidad-local-se-une-para-apoyar-a-las-personas-migrantes","og_locale":"es_ES","og_type":"article","og_title":"La comunidad local se une para apoyar a las personas migrantes | Tierras Fronterizas","og_description":"El Centro de Recursos para Migrantes y el refugio para personas migrantes CAME, recibieron un gran apoyo de la comunidad local en Agua Prieta","og_url":"https:\/\/cpt.org\/es\/2022\/11\/02\/la-comunidad-local-se-une-para-apoyar-a-las-personas-migrantes","og_site_name":"Equipos y Comunidades de Acci\u00f3n por la Paz","article_publisher":"https:\/\/www.facebook.com\/cpters","article_published_time":"2022-11-02T07:57:12+00:00","article_modified_time":"2022-11-02T07:57:13+00:00","og_image":[{"width":1600,"height":1200,"url":"https:\/\/cpt.org\/wp-content\/uploads\/221102-Borderlands-cameton-staff.jpg","type":"image\/jpeg"}],"author":"CPT Borderlands","twitter_card":"summary_large_image","twitter_title":"La comunidad local se une para apoyar a las personas migrantes | Tierras Fronterizas","twitter_description":"El Centro de Recursos para Migrantes y el refugio para personas migrantes CAME, recibieron un gran apoyo de la comunidad local en Agua Prieta","twitter_creator":"@cpt_intl","twitter_site":"@cpt_intl","twitter_misc":{"Escrito por":"CPT Borderlands","Tiempo de lectura":"2 minutos"},"schema":{"@context":"https:\/\/schema.org","@graph":[{"@type":"Article","@id":"https:\/\/cpt.org\/es\/2022\/11\/02\/la-comunidad-local-se-une-para-apoyar-a-las-personas-migrantes#article","isPartOf":{"@id":"https:\/\/cpt.org\/es\/2022\/11\/02\/la-comunidad-local-se-une-para-apoyar-a-las-personas-migrantes"},"author":{"name":"CPT Borderlands","@id":"https:\/\/cpt.org\/es#\/schema\/person\/50a7126cfec26a2df2583ab0ceba7dd0"},"headline":"La comunidad local se une para apoyar a las personas migrantes","datePublished":"2022-11-02T07:57:12+00:00","dateModified":"2022-11-02T07:57:13+00:00","mainEntityOfPage":{"@id":"https:\/\/cpt.org\/es\/2022\/11\/02\/la-comunidad-local-se-une-para-apoyar-a-las-personas-migrantes"},"wordCount":442,"publisher":{"@id":"https:\/\/cpt.org\/es#organization"},"image":{"@id":"https:\/\/cpt.org\/es\/2022\/11\/02\/la-comunidad-local-se-une-para-apoyar-a-las-personas-migrantes#primaryimage"},"thumbnailUrl":"https:\/\/cpt.org\/wp-content\/uploads\/221102-Borderlands-cameton-staff.jpg","keywords":["Oraciones por les Trabajadores de Paz"],"articleSection":["Tierras Fronterizas"],"inLanguage":"es"},{"@type":"WebPage","@id":"https:\/\/cpt.org\/es\/2022\/11\/02\/la-comunidad-local-se-une-para-apoyar-a-las-personas-migrantes","url":"https:\/\/cpt.org\/es\/2022\/11\/02\/la-comunidad-local-se-une-para-apoyar-a-las-personas-migrantes","name":"La comunidad local se une para apoyar a las personas migrantes | Tierras Fronterizas","isPartOf":{"@id":"https:\/\/cpt.org\/es#website"},"primaryImageOfPage":{"@id":"https:\/\/cpt.org\/es\/2022\/11\/02\/la-comunidad-local-se-une-para-apoyar-a-las-personas-migrantes#primaryimage"},"image":{"@id":"https:\/\/cpt.org\/es\/2022\/11\/02\/la-comunidad-local-se-une-para-apoyar-a-las-personas-migrantes#primaryimage"},"thumbnailUrl":"https:\/\/cpt.org\/wp-content\/uploads\/221102-Borderlands-cameton-staff.jpg","datePublished":"2022-11-02T07:57:12+00:00","dateModified":"2022-11-02T07:57:13+00:00","description":"El Centro de Recursos para Migrantes y el refugio para personas migrantes CAME, recibieron un gran apoyo de la comunidad local en Agua Prieta","breadcrumb":{"@id":"https:\/\/cpt.org\/es\/2022\/11\/02\/la-comunidad-local-se-une-para-apoyar-a-las-personas-migrantes#breadcrumb"},"inLanguage":"es","potentialAction":[{"@type":"ReadAction","target":["https:\/\/cpt.org\/es\/2022\/11\/02\/la-comunidad-local-se-une-para-apoyar-a-las-personas-migrantes"]}]},{"@type":"ImageObject","inLanguage":"es","@id":"https:\/\/cpt.org\/es\/2022\/11\/02\/la-comunidad-local-se-une-para-apoyar-a-las-personas-migrantes#primaryimage","url":"https:\/\/cpt.org\/wp-content\/uploads\/221102-Borderlands-cameton-staff.jpg","contentUrl":"https:\/\/cpt.org\/wp-content\/uploads\/221102-Borderlands-cameton-staff.jpg","width":1600,"height":1200,"caption":"a group of around 20 staff and volunteers at CAME pose for a picture. They're all wearing white CAMETON shirts"},{"@type":"BreadcrumbList","@id":"https:\/\/cpt.org\/es\/2022\/11\/02\/la-comunidad-local-se-une-para-apoyar-a-las-personas-migrantes#breadcrumb","itemListElement":[{"@type":"ListItem","position":1,"name":"Home","item":"https:\/\/cpt.org\/es"},{"@type":"ListItem","position":2,"name":"La comunidad local se une para apoyar a las personas migrantes"}]},{"@type":"WebSite","@id":"https:\/\/cpt.org\/es#website","url":"https:\/\/cpt.org\/es","name":"Equipos y Comunidades de Acci\u00f3n por la Paz","description":"Building partnerships to transform violence and oppression","publisher":{"@id":"https:\/\/cpt.org\/es#organization"},"potentialAction":[{"@type":"SearchAction","target":{"@type":"EntryPoint","urlTemplate":"https:\/\/cpt.org\/es?s={search_term_string}"},"query-input":{"@type":"PropertyValueSpecification","valueRequired":true,"valueName":"search_term_string"}}],"inLanguage":"es"},{"@type":"Organization","@id":"https:\/\/cpt.org\/es#organization","name":"Equipos y Comunidades de Acci\u00f3n por la Paz","url":"https:\/\/cpt.org\/es","logo":{"@type":"ImageObject","inLanguage":"es","@id":"https:\/\/cpt.org\/es#\/schema\/logo\/image\/","url":"https:\/\/cpt.org\/wp-content\/uploads\/logoCPT-red-2.png","contentUrl":"https:\/\/cpt.org\/wp-content\/uploads\/logoCPT-red-2.png","width":1730,"height":840,"caption":"Equipos y Comunidades de Acci\u00f3n por la Paz"},"image":{"@id":"https:\/\/cpt.org\/es#\/schema\/logo\/image\/"},"sameAs":["https:\/\/www.facebook.com\/cpters","https:\/\/x.com\/cpt_intl","https:\/\/www.instagram.com\/cpteams\/","https:\/\/www.youtube.com\/user\/cptvideos"]},{"@type":"Person","@id":"https:\/\/cpt.org\/es#\/schema\/person\/50a7126cfec26a2df2583ab0ceba7dd0","name":"CPT Borderlands","image":{"@type":"ImageObject","inLanguage":"es","@id":"https:\/\/secure.gravatar.com\/avatar\/012354516ab70e0a4cd518f1fbdd28e8218dfbf38230f3123366eeb05f0647ee?s=96&r=g","url":"https:\/\/secure.gravatar.com\/avatar\/012354516ab70e0a4cd518f1fbdd28e8218dfbf38230f3123366eeb05f0647ee?s=96&r=g","contentUrl":"https:\/\/secure.gravatar.com\/avatar\/012354516ab70e0a4cd518f1fbdd28e8218dfbf38230f3123366eeb05f0647ee?s=96&r=g","caption":"CPT Borderlands"},"url":"https:\/\/cpt.org\/es\/author\/cpt-borderlands"}]}},"_links":{"self":[{"href":"https:\/\/cpt.org\/es\/wp-json\/wp\/v2\/posts\/30160","targetHints":{"allow":["GET"]}}],"collection":[{"href":"https:\/\/cpt.org\/es\/wp-json\/wp\/v2\/posts"}],"about":[{"href":"https:\/\/cpt.org\/es\/wp-json\/wp\/v2\/types\/post"}],"author":[{"embeddable":true,"href":"https:\/\/cpt.org\/es\/wp-json\/wp\/v2\/users\/12"}],"replies":[{"embeddable":true,"href":"https:\/\/cpt.org\/es\/wp-json\/wp\/v2\/comments?post=30160"}],"version-history":[{"count":1,"href":"https:\/\/cpt.org\/es\/wp-json\/wp\/v2\/posts\/30160\/revisions"}],"predecessor-version":[{"id":30161,"href":"https:\/\/cpt.org\/es\/wp-json\/wp\/v2\/posts\/30160\/revisions\/30161"}],"wp:featuredmedia":[{"embeddable":true,"href":"https:\/\/cpt.org\/es\/wp-json\/wp\/v2\/media\/30157"}],"wp:attachment":[{"href":"https:\/\/cpt.org\/es\/wp-json\/wp\/v2\/media?parent=30160"}],"wp:term":[{"taxonomy":"category","embeddable":true,"href":"https:\/\/cpt.org\/es\/wp-json\/wp\/v2\/categories?post=30160"},{"taxonomy":"post_tag","embeddable":true,"href":"https:\/\/cpt.org\/es\/wp-json\/wp\/v2\/tags?post=30160"}],"curies":[{"name":"wp","href":"https:\/\/api.w.org\/{rel}","templated":true}]}}