{"id":30790,"date":"2023-01-16T03:26:28","date_gmt":"2023-01-16T09:26:28","guid":{"rendered":"https:\/\/cpt.org\/2023\/01\/16\/la-vivienda-es-un-derecho-humano"},"modified":"2023-01-16T03:26:29","modified_gmt":"2023-01-16T09:26:29","slug":"la-vivienda-es-un-derecho-humano","status":"publish","type":"post","link":"https:\/\/cpt.org\/es\/2023\/01\/16\/la-vivienda-es-un-derecho-humano","title":{"rendered":"La Vivienda es un Derecho Humano"},"content":{"rendered":"\n<p><p class=\"p1\">Durante el a\u00f1o pasado, las personas integrantes de la Red de\u00a0Solidaridad en Isla Tortuga han acompa\u00f1ado a personas sin hogar en la ciudad de Toronto, quienes est\u00e1n viviendo en albergues, hoteles o campamentos. Estas comunidades incluyen un n\u00famero desproporcionado de personas ind\u00edgenas y refugiadas que han sido despose\u00eddas y desplazadas por el colonialismo. En diciembre, la Ciudad de Toronto cerr\u00f3 varios hoteles refugio \u2013 bloques de habitaciones de hotel que la ciudad alquil\u00f3 al comienzo de la pandemia del COVID-19 para brindar un refugio m\u00e1s seguro a las personas sin hogar. Para aumentar la capacidad de los refugios permanentes de la ciudad, la Ciudad <a href=\"https:\/\/toronto.ctvnews.ca\/toronto-sidelines-infection-control-recommendations-in-favour-of-increasing-shelter-capacity-as-temps-drop-1.6195138\"><span class=\"s1\">descartado pr\u00e1cticas de control de infecciones<\/span><\/a>, como ser, una mayor distancia entre las camas de los refugios. La Ciudad tambi\u00e9n emiti\u00f3 una orden de desalojo contra un campamento informal junto a la Iglesia de St. Stephen-in-the-Fields, <a href=\"https:\/\/www.thestar.com\/news\/gta\/2022\/12\/08\/panhandler-jesus-is-put-in-a-cage-to-protest-threat-of-encampment-clearing-at-toronto-church.html\"><span class=\"s1\">la cual se ha pospuesto temporalmente debido a la fuerte incidencia de la comunidad<\/span><\/a>. Sin embargo, el acoso policial tanto a las personas residentes de los campamentos como a las personas que viven en los albergues contin\u00faa diariamente.<\/p><\/p>\n\n<p>Mientras damos la bienvenida al nuevo a\u00f1o, le invitamos a orar y a incidir por pol\u00edticas sociales basadas en la compasi\u00f3n y la dignidad. Damos gracias por las redes de cuidado y bienestar, y de solidaridad entre las personas sin hogar y sus simpatizantes; y trabajamos por un futuro en el que la vivienda sea tratada como el derecho humano que es.<\/p>\n","protected":false},"excerpt":{"rendered":"<p>La solidaridad con las comunidades ind\u00edgenas y migrantes incluye la solidaridad con quienes no tienen vivienda<\/p>\n","protected":false},"author":10,"featured_media":30767,"comment_status":"closed","ping_status":"closed","sticky":false,"template":"","format":"standard","meta":{"footnotes":""},"categories":[241],"tags":[187],"class_list":["post-30790","post","type-post","status-publish","format-standard","has-post-thumbnail","hentry","category-red-de-solidaridad-de-la-isla-tortuga","tag-oraciones-por-les-trabajadores-de-paz"],"yoast_head":"<!-- This site is optimized with the Yoast SEO Premium plugin v27.4 (Yoast SEO v27.4) - https:\/\/yoast.com\/product\/yoast-seo-premium-wordpress\/ -->\n<title>La Vivienda es un Derecho Humano | Red de Solidaridad de la Isla Tortuga<\/title>\n<meta name=\"description\" content=\"La solidaridad con las comunidades ind\u00edgenas y migrantes incluye la solidaridad con quienes no tienen vivienda\" \/>\n<meta name=\"robots\" content=\"index, follow, max-snippet:-1, max-image-preview:large, max-video-preview:-1\" \/>\n<link rel=\"canonical\" href=\"https:\/\/cpt.org\/es\/2023\/01\/16\/la-vivienda-es-un-derecho-humano\" \/>\n<meta property=\"og:locale\" content=\"es_ES\" \/>\n<meta property=\"og:type\" content=\"article\" \/>\n<meta property=\"og:title\" content=\"La Vivienda es un Derecho Humano | Red de Solidaridad de la Isla Tortuga\" \/>\n<meta property=\"og:description\" content=\"La solidaridad con las comunidades ind\u00edgenas y migrantes incluye la solidaridad con quienes no tienen vivienda\" \/>\n<meta property=\"og:url\" content=\"https:\/\/cpt.org\/es\/2023\/01\/16\/la-vivienda-es-un-derecho-humano\" \/>\n<meta property=\"og:site_name\" content=\"Equipos y Comunidades de Acci\u00f3n por la Paz\" \/>\n<meta property=\"article:publisher\" content=\"https:\/\/www.facebook.com\/cpters\" \/>\n<meta property=\"article:published_time\" content=\"2023-01-16T09:26:28+00:00\" \/>\n<meta property=\"article:modified_time\" content=\"2023-01-16T09:26:29+00:00\" \/>\n<meta property=\"og:image\" content=\"https:\/\/cpt.org\/wp-content\/uploads\/230105-TISN-pfp.jpeg\" \/>\n\t<meta property=\"og:image:width\" content=\"1040\" \/>\n\t<meta property=\"og:image:height\" content=\"780\" \/>\n\t<meta property=\"og:image:type\" content=\"image\/jpeg\" \/>\n<meta name=\"author\" content=\"CPT Turtle Island Solidarity Network\" \/>\n<meta name=\"twitter:card\" content=\"summary_large_image\" \/>\n<meta name=\"twitter:title\" content=\"La Vivienda es un Derecho Humano | Red de Solidaridad de la Isla Tortuga\" \/>\n<meta name=\"twitter:description\" content=\"La solidaridad con las comunidades ind\u00edgenas y migrantes incluye la solidaridad con quienes no tienen vivienda\" \/>\n<meta name=\"twitter:creator\" content=\"@cpt_intl\" \/>\n<meta name=\"twitter:site\" content=\"@cpt_intl\" \/>\n<meta name=\"twitter:label1\" content=\"Escrito por\" \/>\n\t<meta name=\"twitter:data1\" content=\"CPT Turtle Island Solidarity Network\" \/>\n\t<meta name=\"twitter:label2\" content=\"Tiempo de lectura\" \/>\n\t<meta name=\"twitter:data2\" content=\"1 minuto\" \/>\n<script type=\"application\/ld+json\" class=\"yoast-schema-graph\">{\"@context\":\"https:\\\/\\\/schema.org\",\"@graph\":[{\"@type\":\"Article\",\"@id\":\"https:\\\/\\\/cpt.org\\\/es\\\/2023\\\/01\\\/16\\\/la-vivienda-es-un-derecho-humano#article\",\"isPartOf\":{\"@id\":\"https:\\\/\\\/cpt.org\\\/es\\\/2023\\\/01\\\/16\\\/la-vivienda-es-un-derecho-humano\"},\"author\":{\"name\":\"CPT Turtle Island Solidarity Network\",\"@id\":\"https:\\\/\\\/cpt.org\\\/es#\\\/schema\\\/person\\\/0397463f80e186355b1b332a94573147\"},\"headline\":\"La Vivienda es un Derecho Humano\",\"datePublished\":\"2023-01-16T09:26:28+00:00\",\"dateModified\":\"2023-01-16T09:26:29+00:00\",\"mainEntityOfPage\":{\"@id\":\"https:\\\/\\\/cpt.org\\\/es\\\/2023\\\/01\\\/16\\\/la-vivienda-es-un-derecho-humano\"},\"wordCount\":259,\"publisher\":{\"@id\":\"https:\\\/\\\/cpt.org\\\/es#organization\"},\"image\":{\"@id\":\"https:\\\/\\\/cpt.org\\\/es\\\/2023\\\/01\\\/16\\\/la-vivienda-es-un-derecho-humano#primaryimage\"},\"thumbnailUrl\":\"https:\\\/\\\/cpt.org\\\/wp-content\\\/uploads\\\/230105-TISN-pfp.jpeg\",\"keywords\":[\"Oraciones por les Trabajadores de Paz\"],\"articleSection\":[\"Red de Solidaridad de la Isla Tortuga\"],\"inLanguage\":\"es\"},{\"@type\":\"WebPage\",\"@id\":\"https:\\\/\\\/cpt.org\\\/es\\\/2023\\\/01\\\/16\\\/la-vivienda-es-un-derecho-humano\",\"url\":\"https:\\\/\\\/cpt.org\\\/es\\\/2023\\\/01\\\/16\\\/la-vivienda-es-un-derecho-humano\",\"name\":\"La Vivienda es un Derecho Humano | Red de Solidaridad de la Isla Tortuga\",\"isPartOf\":{\"@id\":\"https:\\\/\\\/cpt.org\\\/es#website\"},\"primaryImageOfPage\":{\"@id\":\"https:\\\/\\\/cpt.org\\\/es\\\/2023\\\/01\\\/16\\\/la-vivienda-es-un-derecho-humano#primaryimage\"},\"image\":{\"@id\":\"https:\\\/\\\/cpt.org\\\/es\\\/2023\\\/01\\\/16\\\/la-vivienda-es-un-derecho-humano#primaryimage\"},\"thumbnailUrl\":\"https:\\\/\\\/cpt.org\\\/wp-content\\\/uploads\\\/230105-TISN-pfp.jpeg\",\"datePublished\":\"2023-01-16T09:26:28+00:00\",\"dateModified\":\"2023-01-16T09:26:29+00:00\",\"description\":\"La solidaridad con las comunidades ind\u00edgenas y migrantes incluye la solidaridad con quienes no tienen vivienda\",\"breadcrumb\":{\"@id\":\"https:\\\/\\\/cpt.org\\\/es\\\/2023\\\/01\\\/16\\\/la-vivienda-es-un-derecho-humano#breadcrumb\"},\"inLanguage\":\"es\",\"potentialAction\":[{\"@type\":\"ReadAction\",\"target\":[\"https:\\\/\\\/cpt.org\\\/es\\\/2023\\\/01\\\/16\\\/la-vivienda-es-un-derecho-humano\"]}]},{\"@type\":\"ImageObject\",\"inLanguage\":\"es\",\"@id\":\"https:\\\/\\\/cpt.org\\\/es\\\/2023\\\/01\\\/16\\\/la-vivienda-es-un-derecho-humano#primaryimage\",\"url\":\"https:\\\/\\\/cpt.org\\\/wp-content\\\/uploads\\\/230105-TISN-pfp.jpeg\",\"contentUrl\":\"https:\\\/\\\/cpt.org\\\/wp-content\\\/uploads\\\/230105-TISN-pfp.jpeg\",\"width\":1040,\"height\":780,\"caption\":\"La estatua del \u201cMendigo Jes\u00fas\u201d en la Iglesia de St. Stephen-in-the-Fields fue colocada en una jaula como parte de una protesta contra la amenaza de desalojo de un campamento. Foto de Michael Hudson\"},{\"@type\":\"BreadcrumbList\",\"@id\":\"https:\\\/\\\/cpt.org\\\/es\\\/2023\\\/01\\\/16\\\/la-vivienda-es-un-derecho-humano#breadcrumb\",\"itemListElement\":[{\"@type\":\"ListItem\",\"position\":1,\"name\":\"Home\",\"item\":\"https:\\\/\\\/cpt.org\\\/es\"},{\"@type\":\"ListItem\",\"position\":2,\"name\":\"La Vivienda es un Derecho Humano\"}]},{\"@type\":\"WebSite\",\"@id\":\"https:\\\/\\\/cpt.org\\\/es#website\",\"url\":\"https:\\\/\\\/cpt.org\\\/es\",\"name\":\"Equipos y Comunidades de Acci\u00f3n por la Paz\",\"description\":\"Building partnerships to transform violence and oppression\",\"publisher\":{\"@id\":\"https:\\\/\\\/cpt.org\\\/es#organization\"},\"potentialAction\":[{\"@type\":\"SearchAction\",\"target\":{\"@type\":\"EntryPoint\",\"urlTemplate\":\"https:\\\/\\\/cpt.org\\\/es?s={search_term_string}\"},\"query-input\":{\"@type\":\"PropertyValueSpecification\",\"valueRequired\":true,\"valueName\":\"search_term_string\"}}],\"inLanguage\":\"es\"},{\"@type\":\"Organization\",\"@id\":\"https:\\\/\\\/cpt.org\\\/es#organization\",\"name\":\"Equipos y Comunidades de Acci\u00f3n por la Paz\",\"url\":\"https:\\\/\\\/cpt.org\\\/es\",\"logo\":{\"@type\":\"ImageObject\",\"inLanguage\":\"es\",\"@id\":\"https:\\\/\\\/cpt.org\\\/es#\\\/schema\\\/logo\\\/image\\\/\",\"url\":\"https:\\\/\\\/cpt.org\\\/wp-content\\\/uploads\\\/logoCPT-red-2.png\",\"contentUrl\":\"https:\\\/\\\/cpt.org\\\/wp-content\\\/uploads\\\/logoCPT-red-2.png\",\"width\":1730,\"height\":840,\"caption\":\"Equipos y Comunidades de Acci\u00f3n por la Paz\"},\"image\":{\"@id\":\"https:\\\/\\\/cpt.org\\\/es#\\\/schema\\\/logo\\\/image\\\/\"},\"sameAs\":[\"https:\\\/\\\/www.facebook.com\\\/cpters\",\"https:\\\/\\\/x.com\\\/cpt_intl\",\"https:\\\/\\\/www.instagram.com\\\/cpteams\\\/\",\"https:\\\/\\\/www.youtube.com\\\/user\\\/cptvideos\"]},{\"@type\":\"Person\",\"@id\":\"https:\\\/\\\/cpt.org\\\/es#\\\/schema\\\/person\\\/0397463f80e186355b1b332a94573147\",\"name\":\"CPT Turtle Island Solidarity Network\",\"image\":{\"@type\":\"ImageObject\",\"inLanguage\":\"es\",\"@id\":\"https:\\\/\\\/secure.gravatar.com\\\/avatar\\\/f8e2893a53064397ff49fc77fc0def4a639ed2a4f6d2100ceb46e18e988b0b01?s=96&r=g\",\"url\":\"https:\\\/\\\/secure.gravatar.com\\\/avatar\\\/f8e2893a53064397ff49fc77fc0def4a639ed2a4f6d2100ceb46e18e988b0b01?s=96&r=g\",\"contentUrl\":\"https:\\\/\\\/secure.gravatar.com\\\/avatar\\\/f8e2893a53064397ff49fc77fc0def4a639ed2a4f6d2100ceb46e18e988b0b01?s=96&r=g\",\"caption\":\"CPT Turtle Island Solidarity Network\"},\"url\":\"https:\\\/\\\/cpt.org\\\/es\\\/author\\\/cpt-turtle-island-solidarity-network\"}]}<\/script>\n<!-- \/ Yoast SEO Premium plugin. -->","yoast_head_json":{"title":"La Vivienda es un Derecho Humano | Red de Solidaridad de la Isla Tortuga","description":"La solidaridad con las comunidades ind\u00edgenas y migrantes incluye la solidaridad con quienes no tienen vivienda","robots":{"index":"index","follow":"follow","max-snippet":"max-snippet:-1","max-image-preview":"max-image-preview:large","max-video-preview":"max-video-preview:-1"},"canonical":"https:\/\/cpt.org\/es\/2023\/01\/16\/la-vivienda-es-un-derecho-humano","og_locale":"es_ES","og_type":"article","og_title":"La Vivienda es un Derecho Humano | Red de Solidaridad de la Isla Tortuga","og_description":"La solidaridad con las comunidades ind\u00edgenas y migrantes incluye la solidaridad con quienes no tienen vivienda","og_url":"https:\/\/cpt.org\/es\/2023\/01\/16\/la-vivienda-es-un-derecho-humano","og_site_name":"Equipos y Comunidades de Acci\u00f3n por la Paz","article_publisher":"https:\/\/www.facebook.com\/cpters","article_published_time":"2023-01-16T09:26:28+00:00","article_modified_time":"2023-01-16T09:26:29+00:00","og_image":[{"width":1040,"height":780,"url":"https:\/\/cpt.org\/wp-content\/uploads\/230105-TISN-pfp.jpeg","type":"image\/jpeg"}],"author":"CPT Turtle Island Solidarity Network","twitter_card":"summary_large_image","twitter_title":"La Vivienda es un Derecho Humano | Red de Solidaridad de la Isla Tortuga","twitter_description":"La solidaridad con las comunidades ind\u00edgenas y migrantes incluye la solidaridad con quienes no tienen vivienda","twitter_creator":"@cpt_intl","twitter_site":"@cpt_intl","twitter_misc":{"Escrito por":"CPT Turtle Island Solidarity Network","Tiempo de lectura":"1 minuto"},"schema":{"@context":"https:\/\/schema.org","@graph":[{"@type":"Article","@id":"https:\/\/cpt.org\/es\/2023\/01\/16\/la-vivienda-es-un-derecho-humano#article","isPartOf":{"@id":"https:\/\/cpt.org\/es\/2023\/01\/16\/la-vivienda-es-un-derecho-humano"},"author":{"name":"CPT Turtle Island Solidarity Network","@id":"https:\/\/cpt.org\/es#\/schema\/person\/0397463f80e186355b1b332a94573147"},"headline":"La Vivienda es un Derecho Humano","datePublished":"2023-01-16T09:26:28+00:00","dateModified":"2023-01-16T09:26:29+00:00","mainEntityOfPage":{"@id":"https:\/\/cpt.org\/es\/2023\/01\/16\/la-vivienda-es-un-derecho-humano"},"wordCount":259,"publisher":{"@id":"https:\/\/cpt.org\/es#organization"},"image":{"@id":"https:\/\/cpt.org\/es\/2023\/01\/16\/la-vivienda-es-un-derecho-humano#primaryimage"},"thumbnailUrl":"https:\/\/cpt.org\/wp-content\/uploads\/230105-TISN-pfp.jpeg","keywords":["Oraciones por les Trabajadores de Paz"],"articleSection":["Red de Solidaridad de la Isla Tortuga"],"inLanguage":"es"},{"@type":"WebPage","@id":"https:\/\/cpt.org\/es\/2023\/01\/16\/la-vivienda-es-un-derecho-humano","url":"https:\/\/cpt.org\/es\/2023\/01\/16\/la-vivienda-es-un-derecho-humano","name":"La Vivienda es un Derecho Humano | Red de Solidaridad de la Isla Tortuga","isPartOf":{"@id":"https:\/\/cpt.org\/es#website"},"primaryImageOfPage":{"@id":"https:\/\/cpt.org\/es\/2023\/01\/16\/la-vivienda-es-un-derecho-humano#primaryimage"},"image":{"@id":"https:\/\/cpt.org\/es\/2023\/01\/16\/la-vivienda-es-un-derecho-humano#primaryimage"},"thumbnailUrl":"https:\/\/cpt.org\/wp-content\/uploads\/230105-TISN-pfp.jpeg","datePublished":"2023-01-16T09:26:28+00:00","dateModified":"2023-01-16T09:26:29+00:00","description":"La solidaridad con las comunidades ind\u00edgenas y migrantes incluye la solidaridad con quienes no tienen vivienda","breadcrumb":{"@id":"https:\/\/cpt.org\/es\/2023\/01\/16\/la-vivienda-es-un-derecho-humano#breadcrumb"},"inLanguage":"es","potentialAction":[{"@type":"ReadAction","target":["https:\/\/cpt.org\/es\/2023\/01\/16\/la-vivienda-es-un-derecho-humano"]}]},{"@type":"ImageObject","inLanguage":"es","@id":"https:\/\/cpt.org\/es\/2023\/01\/16\/la-vivienda-es-un-derecho-humano#primaryimage","url":"https:\/\/cpt.org\/wp-content\/uploads\/230105-TISN-pfp.jpeg","contentUrl":"https:\/\/cpt.org\/wp-content\/uploads\/230105-TISN-pfp.jpeg","width":1040,"height":780,"caption":"La estatua del \u201cMendigo Jes\u00fas\u201d en la Iglesia de St. Stephen-in-the-Fields fue colocada en una jaula como parte de una protesta contra la amenaza de desalojo de un campamento. Foto de Michael Hudson"},{"@type":"BreadcrumbList","@id":"https:\/\/cpt.org\/es\/2023\/01\/16\/la-vivienda-es-un-derecho-humano#breadcrumb","itemListElement":[{"@type":"ListItem","position":1,"name":"Home","item":"https:\/\/cpt.org\/es"},{"@type":"ListItem","position":2,"name":"La Vivienda es un Derecho Humano"}]},{"@type":"WebSite","@id":"https:\/\/cpt.org\/es#website","url":"https:\/\/cpt.org\/es","name":"Equipos y Comunidades de Acci\u00f3n por la Paz","description":"Building partnerships to transform violence and oppression","publisher":{"@id":"https:\/\/cpt.org\/es#organization"},"potentialAction":[{"@type":"SearchAction","target":{"@type":"EntryPoint","urlTemplate":"https:\/\/cpt.org\/es?s={search_term_string}"},"query-input":{"@type":"PropertyValueSpecification","valueRequired":true,"valueName":"search_term_string"}}],"inLanguage":"es"},{"@type":"Organization","@id":"https:\/\/cpt.org\/es#organization","name":"Equipos y Comunidades de Acci\u00f3n por la Paz","url":"https:\/\/cpt.org\/es","logo":{"@type":"ImageObject","inLanguage":"es","@id":"https:\/\/cpt.org\/es#\/schema\/logo\/image\/","url":"https:\/\/cpt.org\/wp-content\/uploads\/logoCPT-red-2.png","contentUrl":"https:\/\/cpt.org\/wp-content\/uploads\/logoCPT-red-2.png","width":1730,"height":840,"caption":"Equipos y Comunidades de Acci\u00f3n por la Paz"},"image":{"@id":"https:\/\/cpt.org\/es#\/schema\/logo\/image\/"},"sameAs":["https:\/\/www.facebook.com\/cpters","https:\/\/x.com\/cpt_intl","https:\/\/www.instagram.com\/cpteams\/","https:\/\/www.youtube.com\/user\/cptvideos"]},{"@type":"Person","@id":"https:\/\/cpt.org\/es#\/schema\/person\/0397463f80e186355b1b332a94573147","name":"CPT Turtle Island Solidarity Network","image":{"@type":"ImageObject","inLanguage":"es","@id":"https:\/\/secure.gravatar.com\/avatar\/f8e2893a53064397ff49fc77fc0def4a639ed2a4f6d2100ceb46e18e988b0b01?s=96&r=g","url":"https:\/\/secure.gravatar.com\/avatar\/f8e2893a53064397ff49fc77fc0def4a639ed2a4f6d2100ceb46e18e988b0b01?s=96&r=g","contentUrl":"https:\/\/secure.gravatar.com\/avatar\/f8e2893a53064397ff49fc77fc0def4a639ed2a4f6d2100ceb46e18e988b0b01?s=96&r=g","caption":"CPT Turtle Island Solidarity Network"},"url":"https:\/\/cpt.org\/es\/author\/cpt-turtle-island-solidarity-network"}]}},"_links":{"self":[{"href":"https:\/\/cpt.org\/es\/wp-json\/wp\/v2\/posts\/30790","targetHints":{"allow":["GET"]}}],"collection":[{"href":"https:\/\/cpt.org\/es\/wp-json\/wp\/v2\/posts"}],"about":[{"href":"https:\/\/cpt.org\/es\/wp-json\/wp\/v2\/types\/post"}],"author":[{"embeddable":true,"href":"https:\/\/cpt.org\/es\/wp-json\/wp\/v2\/users\/10"}],"replies":[{"embeddable":true,"href":"https:\/\/cpt.org\/es\/wp-json\/wp\/v2\/comments?post=30790"}],"version-history":[{"count":1,"href":"https:\/\/cpt.org\/es\/wp-json\/wp\/v2\/posts\/30790\/revisions"}],"predecessor-version":[{"id":30791,"href":"https:\/\/cpt.org\/es\/wp-json\/wp\/v2\/posts\/30790\/revisions\/30791"}],"wp:featuredmedia":[{"embeddable":true,"href":"https:\/\/cpt.org\/es\/wp-json\/wp\/v2\/media\/30767"}],"wp:attachment":[{"href":"https:\/\/cpt.org\/es\/wp-json\/wp\/v2\/media?parent=30790"}],"wp:term":[{"taxonomy":"category","embeddable":true,"href":"https:\/\/cpt.org\/es\/wp-json\/wp\/v2\/categories?post=30790"},{"taxonomy":"post_tag","embeddable":true,"href":"https:\/\/cpt.org\/es\/wp-json\/wp\/v2\/tags?post=30790"}],"curies":[{"name":"wp","href":"https:\/\/api.w.org\/{rel}","templated":true}]}}