{"id":33341,"date":"2023-08-30T02:33:09","date_gmt":"2023-08-30T07:33:09","guid":{"rendered":"https:\/\/cpt.org\/2023\/08\/30\/la-continua-lucha-de-masafer-yatta"},"modified":"2023-08-30T02:33:10","modified_gmt":"2023-08-30T07:33:10","slug":"la-continua-lucha-de-masafer-yatta","status":"publish","type":"post","link":"https:\/\/cpt.org\/es\/2023\/08\/30\/la-continua-lucha-de-masafer-yatta","title":{"rendered":"La continua lucha de Masafer Yatta"},"content":{"rendered":"\n<p>Antes de adentrarnos en el relato de nuestra jornada en Masafer Yatta, tambi\u00e9n conocida como las Colinas al Sur de Hebr\u00f3n, es esencial comprender el contexto pol\u00edtico actual en el que se encuentra Palestina. Tras los Acuerdos de Oslo de 1993, el territorio palestino se dividi\u00f3 en tres zonas distintas: A, B y C. La Zona A est\u00e1 bajo el control de la Autoridad Palestina (AP), que proh\u00edbe la entrada a Israel. La Zona B est\u00e1 administrada conjuntamente por las autoridades palestinas e israel\u00edes. En cambio, la Zona C est\u00e1 bajo la jurisdicci\u00f3n de las Fuerzas de Ocupaci\u00f3n Israel\u00edes, que proh\u00edben el acceso a las personas palestinas. Especialmente destacable es la situaci\u00f3n en Al Jalil\/Hebr\u00f3n, donde, tras la tr\u00e1gica masacre de la mezquita de Ibrahimi, la ciudad\u2014t\u00e9cnicamente parte de la Zona A- fue dividida en dos zonas: H1, bajo jurisdicci\u00f3n palestina, y H2, supervisada por las Fuerzas de Ocupaci\u00f3n Israel\u00edes.&#13;\n<\/p>\n\n<p><p class=\"p1\">Con este entendimiento, ahora podemos hablar de nuestro d\u00eda como <a href=\"https:\/\/cpt.org\/es\/palestina\">ECAP-Palestina<\/a> en las aldeas en las Colinas al Sur de Hebr\u00f3n. Estos territorios conforman una zona llamada Masafer Yatta, situada dentro de la Zona C, una zona presuntamente designada \u00fanicamente para residentes israel\u00edes. Sin embargo, la realidad es que numerosas familias palestinas han residido all\u00ed durante generaciones, mucho antes del establecimiento de los Acuerdos de Oslo. Su reclamaci\u00f3n a la tierra es inalterable y no tienen intenci\u00f3n de renunciar a ella. En los \u00faltimos 40 a\u00f1os, las autoridades israel\u00edes les han obligado a cambiar sus costumbres y les han desplazado directa o indirectamente. Los colonos que ocupan las tierras de los alrededores provocan y atacan a estas comunidades con regularidad. En una ocasi\u00f3n, los colonos envenenaron las semillas que utilizaban las personas palestinas para alimentar a sus animales, provocando la muerte de varias ovejas. Tambi\u00e9n ellas tuvieron que dejar de utilizar la leche del resto de las ovejas, la que consumen y venden para obtener ingresos suplementarios. Los colonos tambi\u00e9n empezaron a invadir tierras palestinas con sus reba\u00f1os de ovejas, alegando: \u00abdonde vayan mis ovejas puedo ir yo\u00bb. Esto provoc\u00f3 m\u00e1s restricciones por parte del ej\u00e9rcito israel\u00ed, que se encargaba de la seguridad de los colonos. Sin embargo, armadas \u00fanicamente con una determinaci\u00f3n inquebrantable, estas familias palestinas han resistido, neg\u00e1ndose a entregar sus tierras a les invasores.<span class=\"Apple-converted-space\">\u00a0<\/span><\/p><\/p>\n\n<p><p class=\"p1\">Nuestro viaje comenz\u00f3 en la aldea de at-Tuwani, donde hicimos una breve visita a la \u2018Operation Dove\u2019 (Operaci\u00f3n Paloma). Este grupo monitorea diariamente a la escolta militar israel\u00ed que acompa\u00f1a a les ni\u00f1es de Palestina desde las aldeas hasta las escuelas. Tambi\u00e9n apoyan a les agricultores y pastores que cuidan sus tierras adyacentes a los asentamientos y puestos de avanzada. Sus esfuerzos incluyen documentar y condenar el incesante despliegue de puestos de control, detenciones, ejercicios militares y demoliciones que asolan la zona.<\/p><\/p>\n\n<p>Nuestra segunda parada nos llev\u00f3 a la aldea de al-Mufagara. Nos reunimos con una familia que nos cont\u00f3 la historia de su aldea y su experiencia personal de vivir en cuevas. Mohammed nos cont\u00f3 que, en la zona de las Colinas al Sur de Hebr\u00f3n, la gente suele renovar las cuevas para vivir en ellas y conservar el resto de la tierra para cultivarla y que sus ovejas puedan consumir m\u00e1s hierba y trigo. Sin embargo, a medida que la comunidad crec\u00eda, elles necesitaban construir nuevas estructuras, como una escuela y un refugio para sus ovejas de la lluvia. Las cuevas tardan unos cuatro meses en construirse, as\u00ed que la comunidad tambi\u00e9n buscaba una opci\u00f3n m\u00e1s f\u00e1cil y eficiente para levantar estructuras.&#13;\n<\/p>\n\n<p>Pero el Ej\u00e9rcito Israel\u00ed, con la ayuda de otras organizaciones de colonos como \u2018Regavim\u2019, se asegura de que apenas haya desarrollo en la zona emitiendo \u00f3rdenes de demolici\u00f3n. \u00abAl asegurarse de que la gente de aqu\u00ed no pueda crear las instalaciones necesarias para vivir y mantenerse, tales como ruedas hidr\u00e1ulicas, un generador y hospitales, obliga a la gente a marcharse\u00bb, afirma Mohammad. &#13;\n<\/p>\n\n<p>Lema Nazeeh, activista palestina que lleva 15 a\u00f1os visitando Masafer Yatta, tambi\u00e9n particip\u00f3 en la conversaci\u00f3n. \u00abUna vez, mientras presenciaba c\u00f3mo el Ej\u00e9rcito Israel\u00ed demol\u00eda la casa de una familia, me di cuenta de que la pareja que hab\u00eda vivido all\u00ed estaba bailando\u00bb, record\u00f3. \u00abMe qued\u00e9 estupefacta. Cuando les pregunt\u00e9 por qu\u00e9 bailaban, me dijeron que su casa ya hab\u00eda sido demolida antes y que el Ej\u00e9rcito Israel\u00ed podr\u00eda volver a hacerlo, as\u00ed que lo \u00fanico que pueden hacer es reconstruirla y quedarse aqu\u00ed\u00bb. El af\u00e1n de esta familia por compartir su historia con el mundo dice mucho de su resistencia y determinaci\u00f3n; las personas est\u00e1n unidas a sus tierras, han nacido y crecido aqu\u00ed, tienen todo el derecho a vivir sus vidas en paz. Adem\u00e1s, tienen documentos que prueban su propiedad de la tierra.&#13;\n<\/p>\n\n<p>La tercera y \u00faltima parada fue en la aldea de Khallet al Dabe&#8217;, no lejos de Mufagara. Aqu\u00ed, 12 familias est\u00e1n construyendo cuevas como respuesta a las demoliciones impuestas por les invasores. Tuvimos el honor de ayudarles a excavar rocas. La comunidad nos inform\u00f3 de que la construcci\u00f3n de una cueva suele llevar de tres a cuatro meses, y la falta de veh\u00edculos y herramientas adecuadas no hace sino agravar las dificultades a las que se enfrentan.&#13;\n<\/p>\n\n<p>Las condiciones en las que las personas palestinas deben persistir en su propia tierra son realmente asombrosas. Su lucha contra la implacable expansi\u00f3n de los asentamientos en sus inmediaciones se libra con recursos limitados, pero su valent\u00eda y dignidad siguen siendo inquebrantables. El orgullo determinado que muestran por salvaguardar su patrimonio es profundamente inspirador.&#13;\n<\/p>\n","protected":false},"excerpt":{"rendered":"<p>La expansi\u00f3n israel\u00ed de la Zona C mediante demoliciones, confiscaciones y violencia de los colonos en tierras palestinas es un crimen de guerra y equivale a una limpieza \u00e9tnica.<\/p>\n","protected":false},"author":8,"featured_media":33295,"comment_status":"closed","ping_status":"closed","sticky":false,"template":"","format":"standard","meta":{"footnotes":""},"categories":[226],"tags":[],"class_list":["post-33341","post","type-post","status-publish","format-standard","has-post-thumbnail","hentry","category-palestina"],"yoast_head":"<!-- This site is optimized with the Yoast SEO Premium plugin v27.5 (Yoast SEO v27.5) - https:\/\/yoast.com\/product\/yoast-seo-premium-wordpress\/ -->\n<title>La continua lucha de Masafer Yatta | Palestina<\/title>\n<meta name=\"description\" content=\"La expansi\u00f3n israel\u00ed de la Zona C mediante demoliciones, confiscaciones y violencia de los colonos en tierras palestinas es un crimen de guerra y equivale a una limpieza \u00e9tnica.\" \/>\n<meta name=\"robots\" content=\"index, follow, max-snippet:-1, max-image-preview:large, max-video-preview:-1\" \/>\n<link rel=\"canonical\" href=\"https:\/\/cpt.org\/es\/2023\/08\/30\/la-continua-lucha-de-masafer-yatta\" \/>\n<meta property=\"og:locale\" content=\"es_ES\" \/>\n<meta property=\"og:type\" content=\"article\" \/>\n<meta property=\"og:title\" content=\"La continua lucha de Masafer Yatta | Palestina\" \/>\n<meta property=\"og:description\" content=\"La expansi\u00f3n israel\u00ed de la Zona C mediante demoliciones, confiscaciones y violencia de los colonos en tierras palestinas es un crimen de guerra y equivale a una limpieza \u00e9tnica.\" \/>\n<meta property=\"og:url\" content=\"https:\/\/cpt.org\/es\/2023\/08\/30\/la-continua-lucha-de-masafer-yatta\" \/>\n<meta property=\"og:site_name\" content=\"Equipos y Comunidades de Acci\u00f3n por la Paz\" \/>\n<meta property=\"article:publisher\" content=\"https:\/\/www.facebook.com\/cpters\" \/>\n<meta property=\"article:published_time\" content=\"2023-08-30T07:33:09+00:00\" \/>\n<meta property=\"article:modified_time\" content=\"2023-08-30T07:33:10+00:00\" \/>\n<meta property=\"og:image\" content=\"https:\/\/cpt.org\/wp-content\/uploads\/230825-Palestine-al-Mufagara-village.jpg\" \/>\n\t<meta property=\"og:image:width\" content=\"2000\" \/>\n\t<meta property=\"og:image:height\" content=\"1333\" \/>\n\t<meta property=\"og:image:type\" content=\"image\/jpeg\" \/>\n<meta name=\"author\" content=\"CPT Palestine\" \/>\n<meta name=\"twitter:card\" content=\"summary_large_image\" \/>\n<meta name=\"twitter:title\" content=\"La continua lucha de Masafer Yatta | Palestina\" \/>\n<meta name=\"twitter:description\" content=\"La expansi\u00f3n israel\u00ed de la Zona C mediante demoliciones, confiscaciones y violencia de los colonos en tierras palestinas es un crimen de guerra y equivale a una limpieza \u00e9tnica.\" \/>\n<meta name=\"twitter:creator\" content=\"@cpt_intl\" \/>\n<meta name=\"twitter:site\" content=\"@cpt_intl\" \/>\n<meta name=\"twitter:label1\" content=\"Escrito por\" \/>\n\t<meta name=\"twitter:data1\" content=\"CPT Palestine\" \/>\n\t<meta name=\"twitter:label2\" content=\"Tiempo de lectura\" \/>\n\t<meta name=\"twitter:data2\" content=\"5 minutos\" \/>\n<script type=\"application\/ld+json\" class=\"yoast-schema-graph\">{\"@context\":\"https:\\\/\\\/schema.org\",\"@graph\":[{\"@type\":\"Article\",\"@id\":\"https:\\\/\\\/cpt.org\\\/es\\\/2023\\\/08\\\/30\\\/la-continua-lucha-de-masafer-yatta#article\",\"isPartOf\":{\"@id\":\"https:\\\/\\\/cpt.org\\\/es\\\/2023\\\/08\\\/30\\\/la-continua-lucha-de-masafer-yatta\"},\"author\":{\"name\":\"CPT Palestine\",\"@id\":\"https:\\\/\\\/cpt.org\\\/es#\\\/schema\\\/person\\\/d1367102a8033e7201f754639041cca2\"},\"headline\":\"La continua lucha de Masafer Yatta\",\"datePublished\":\"2023-08-30T07:33:09+00:00\",\"dateModified\":\"2023-08-30T07:33:10+00:00\",\"mainEntityOfPage\":{\"@id\":\"https:\\\/\\\/cpt.org\\\/es\\\/2023\\\/08\\\/30\\\/la-continua-lucha-de-masafer-yatta\"},\"wordCount\":977,\"publisher\":{\"@id\":\"https:\\\/\\\/cpt.org\\\/es#organization\"},\"image\":{\"@id\":\"https:\\\/\\\/cpt.org\\\/es\\\/2023\\\/08\\\/30\\\/la-continua-lucha-de-masafer-yatta#primaryimage\"},\"thumbnailUrl\":\"https:\\\/\\\/cpt.org\\\/wp-content\\\/uploads\\\/230825-Palestine-al-Mufagara-village.jpg\",\"articleSection\":[\"Palestina\"],\"inLanguage\":\"es\"},{\"@type\":\"WebPage\",\"@id\":\"https:\\\/\\\/cpt.org\\\/es\\\/2023\\\/08\\\/30\\\/la-continua-lucha-de-masafer-yatta\",\"url\":\"https:\\\/\\\/cpt.org\\\/es\\\/2023\\\/08\\\/30\\\/la-continua-lucha-de-masafer-yatta\",\"name\":\"La continua lucha de Masafer Yatta | Palestina\",\"isPartOf\":{\"@id\":\"https:\\\/\\\/cpt.org\\\/es#website\"},\"primaryImageOfPage\":{\"@id\":\"https:\\\/\\\/cpt.org\\\/es\\\/2023\\\/08\\\/30\\\/la-continua-lucha-de-masafer-yatta#primaryimage\"},\"image\":{\"@id\":\"https:\\\/\\\/cpt.org\\\/es\\\/2023\\\/08\\\/30\\\/la-continua-lucha-de-masafer-yatta#primaryimage\"},\"thumbnailUrl\":\"https:\\\/\\\/cpt.org\\\/wp-content\\\/uploads\\\/230825-Palestine-al-Mufagara-village.jpg\",\"datePublished\":\"2023-08-30T07:33:09+00:00\",\"dateModified\":\"2023-08-30T07:33:10+00:00\",\"description\":\"La expansi\u00f3n israel\u00ed de la Zona C mediante demoliciones, confiscaciones y violencia de los colonos en tierras palestinas es un crimen de guerra y equivale a una limpieza \u00e9tnica.\",\"breadcrumb\":{\"@id\":\"https:\\\/\\\/cpt.org\\\/es\\\/2023\\\/08\\\/30\\\/la-continua-lucha-de-masafer-yatta#breadcrumb\"},\"inLanguage\":\"es\",\"potentialAction\":[{\"@type\":\"ReadAction\",\"target\":[\"https:\\\/\\\/cpt.org\\\/es\\\/2023\\\/08\\\/30\\\/la-continua-lucha-de-masafer-yatta\"]}]},{\"@type\":\"ImageObject\",\"inLanguage\":\"es\",\"@id\":\"https:\\\/\\\/cpt.org\\\/es\\\/2023\\\/08\\\/30\\\/la-continua-lucha-de-masafer-yatta#primaryimage\",\"url\":\"https:\\\/\\\/cpt.org\\\/wp-content\\\/uploads\\\/230825-Palestine-al-Mufagara-village.jpg\",\"contentUrl\":\"https:\\\/\\\/cpt.org\\\/wp-content\\\/uploads\\\/230825-Palestine-al-Mufagara-village.jpg\",\"width\":2000,\"height\":1333,\"caption\":\"al-Mufagara village, Masafer Yatta\"},{\"@type\":\"BreadcrumbList\",\"@id\":\"https:\\\/\\\/cpt.org\\\/es\\\/2023\\\/08\\\/30\\\/la-continua-lucha-de-masafer-yatta#breadcrumb\",\"itemListElement\":[{\"@type\":\"ListItem\",\"position\":1,\"name\":\"Home\",\"item\":\"https:\\\/\\\/cpt.org\\\/es\"},{\"@type\":\"ListItem\",\"position\":2,\"name\":\"La continua lucha de Masafer Yatta\"}]},{\"@type\":\"WebSite\",\"@id\":\"https:\\\/\\\/cpt.org\\\/es#website\",\"url\":\"https:\\\/\\\/cpt.org\\\/es\",\"name\":\"Equipos y Comunidades de Acci\u00f3n por la Paz\",\"description\":\"Building partnerships to transform violence and oppression\",\"publisher\":{\"@id\":\"https:\\\/\\\/cpt.org\\\/es#organization\"},\"potentialAction\":[{\"@type\":\"SearchAction\",\"target\":{\"@type\":\"EntryPoint\",\"urlTemplate\":\"https:\\\/\\\/cpt.org\\\/es?s={search_term_string}\"},\"query-input\":{\"@type\":\"PropertyValueSpecification\",\"valueRequired\":true,\"valueName\":\"search_term_string\"}}],\"inLanguage\":\"es\"},{\"@type\":\"Organization\",\"@id\":\"https:\\\/\\\/cpt.org\\\/es#organization\",\"name\":\"Equipos y Comunidades de Acci\u00f3n por la Paz\",\"url\":\"https:\\\/\\\/cpt.org\\\/es\",\"logo\":{\"@type\":\"ImageObject\",\"inLanguage\":\"es\",\"@id\":\"https:\\\/\\\/cpt.org\\\/es#\\\/schema\\\/logo\\\/image\\\/\",\"url\":\"https:\\\/\\\/cpt.org\\\/wp-content\\\/uploads\\\/logoCPT-red-2.png\",\"contentUrl\":\"https:\\\/\\\/cpt.org\\\/wp-content\\\/uploads\\\/logoCPT-red-2.png\",\"width\":1730,\"height\":840,\"caption\":\"Equipos y Comunidades de Acci\u00f3n por la Paz\"},\"image\":{\"@id\":\"https:\\\/\\\/cpt.org\\\/es#\\\/schema\\\/logo\\\/image\\\/\"},\"sameAs\":[\"https:\\\/\\\/www.facebook.com\\\/cpters\",\"https:\\\/\\\/x.com\\\/cpt_intl\",\"https:\\\/\\\/www.instagram.com\\\/cpteams\\\/\",\"https:\\\/\\\/www.youtube.com\\\/user\\\/cptvideos\"]},{\"@type\":\"Person\",\"@id\":\"https:\\\/\\\/cpt.org\\\/es#\\\/schema\\\/person\\\/d1367102a8033e7201f754639041cca2\",\"name\":\"CPT Palestine\",\"image\":{\"@type\":\"ImageObject\",\"inLanguage\":\"es\",\"@id\":\"https:\\\/\\\/secure.gravatar.com\\\/avatar\\\/71a167524162bf28662d5194573478d23cb063c1791cff804fa2ad047b2400c5?s=96&r=g\",\"url\":\"https:\\\/\\\/secure.gravatar.com\\\/avatar\\\/71a167524162bf28662d5194573478d23cb063c1791cff804fa2ad047b2400c5?s=96&r=g\",\"contentUrl\":\"https:\\\/\\\/secure.gravatar.com\\\/avatar\\\/71a167524162bf28662d5194573478d23cb063c1791cff804fa2ad047b2400c5?s=96&r=g\",\"caption\":\"CPT Palestine\"},\"url\":\"https:\\\/\\\/cpt.org\\\/es\\\/author\\\/cpt-palestine\"}]}<\/script>\n<!-- \/ Yoast SEO Premium plugin. -->","yoast_head_json":{"title":"La continua lucha de Masafer Yatta | Palestina","description":"La expansi\u00f3n israel\u00ed de la Zona C mediante demoliciones, confiscaciones y violencia de los colonos en tierras palestinas es un crimen de guerra y equivale a una limpieza \u00e9tnica.","robots":{"index":"index","follow":"follow","max-snippet":"max-snippet:-1","max-image-preview":"max-image-preview:large","max-video-preview":"max-video-preview:-1"},"canonical":"https:\/\/cpt.org\/es\/2023\/08\/30\/la-continua-lucha-de-masafer-yatta","og_locale":"es_ES","og_type":"article","og_title":"La continua lucha de Masafer Yatta | Palestina","og_description":"La expansi\u00f3n israel\u00ed de la Zona C mediante demoliciones, confiscaciones y violencia de los colonos en tierras palestinas es un crimen de guerra y equivale a una limpieza \u00e9tnica.","og_url":"https:\/\/cpt.org\/es\/2023\/08\/30\/la-continua-lucha-de-masafer-yatta","og_site_name":"Equipos y Comunidades de Acci\u00f3n por la Paz","article_publisher":"https:\/\/www.facebook.com\/cpters","article_published_time":"2023-08-30T07:33:09+00:00","article_modified_time":"2023-08-30T07:33:10+00:00","og_image":[{"width":2000,"height":1333,"url":"https:\/\/cpt.org\/wp-content\/uploads\/230825-Palestine-al-Mufagara-village.jpg","type":"image\/jpeg"}],"author":"CPT Palestine","twitter_card":"summary_large_image","twitter_title":"La continua lucha de Masafer Yatta | Palestina","twitter_description":"La expansi\u00f3n israel\u00ed de la Zona C mediante demoliciones, confiscaciones y violencia de los colonos en tierras palestinas es un crimen de guerra y equivale a una limpieza \u00e9tnica.","twitter_creator":"@cpt_intl","twitter_site":"@cpt_intl","twitter_misc":{"Escrito por":"CPT Palestine","Tiempo de lectura":"5 minutos"},"schema":{"@context":"https:\/\/schema.org","@graph":[{"@type":"Article","@id":"https:\/\/cpt.org\/es\/2023\/08\/30\/la-continua-lucha-de-masafer-yatta#article","isPartOf":{"@id":"https:\/\/cpt.org\/es\/2023\/08\/30\/la-continua-lucha-de-masafer-yatta"},"author":{"name":"CPT Palestine","@id":"https:\/\/cpt.org\/es#\/schema\/person\/d1367102a8033e7201f754639041cca2"},"headline":"La continua lucha de Masafer Yatta","datePublished":"2023-08-30T07:33:09+00:00","dateModified":"2023-08-30T07:33:10+00:00","mainEntityOfPage":{"@id":"https:\/\/cpt.org\/es\/2023\/08\/30\/la-continua-lucha-de-masafer-yatta"},"wordCount":977,"publisher":{"@id":"https:\/\/cpt.org\/es#organization"},"image":{"@id":"https:\/\/cpt.org\/es\/2023\/08\/30\/la-continua-lucha-de-masafer-yatta#primaryimage"},"thumbnailUrl":"https:\/\/cpt.org\/wp-content\/uploads\/230825-Palestine-al-Mufagara-village.jpg","articleSection":["Palestina"],"inLanguage":"es"},{"@type":"WebPage","@id":"https:\/\/cpt.org\/es\/2023\/08\/30\/la-continua-lucha-de-masafer-yatta","url":"https:\/\/cpt.org\/es\/2023\/08\/30\/la-continua-lucha-de-masafer-yatta","name":"La continua lucha de Masafer Yatta | Palestina","isPartOf":{"@id":"https:\/\/cpt.org\/es#website"},"primaryImageOfPage":{"@id":"https:\/\/cpt.org\/es\/2023\/08\/30\/la-continua-lucha-de-masafer-yatta#primaryimage"},"image":{"@id":"https:\/\/cpt.org\/es\/2023\/08\/30\/la-continua-lucha-de-masafer-yatta#primaryimage"},"thumbnailUrl":"https:\/\/cpt.org\/wp-content\/uploads\/230825-Palestine-al-Mufagara-village.jpg","datePublished":"2023-08-30T07:33:09+00:00","dateModified":"2023-08-30T07:33:10+00:00","description":"La expansi\u00f3n israel\u00ed de la Zona C mediante demoliciones, confiscaciones y violencia de los colonos en tierras palestinas es un crimen de guerra y equivale a una limpieza \u00e9tnica.","breadcrumb":{"@id":"https:\/\/cpt.org\/es\/2023\/08\/30\/la-continua-lucha-de-masafer-yatta#breadcrumb"},"inLanguage":"es","potentialAction":[{"@type":"ReadAction","target":["https:\/\/cpt.org\/es\/2023\/08\/30\/la-continua-lucha-de-masafer-yatta"]}]},{"@type":"ImageObject","inLanguage":"es","@id":"https:\/\/cpt.org\/es\/2023\/08\/30\/la-continua-lucha-de-masafer-yatta#primaryimage","url":"https:\/\/cpt.org\/wp-content\/uploads\/230825-Palestine-al-Mufagara-village.jpg","contentUrl":"https:\/\/cpt.org\/wp-content\/uploads\/230825-Palestine-al-Mufagara-village.jpg","width":2000,"height":1333,"caption":"al-Mufagara village, Masafer Yatta"},{"@type":"BreadcrumbList","@id":"https:\/\/cpt.org\/es\/2023\/08\/30\/la-continua-lucha-de-masafer-yatta#breadcrumb","itemListElement":[{"@type":"ListItem","position":1,"name":"Home","item":"https:\/\/cpt.org\/es"},{"@type":"ListItem","position":2,"name":"La continua lucha de Masafer Yatta"}]},{"@type":"WebSite","@id":"https:\/\/cpt.org\/es#website","url":"https:\/\/cpt.org\/es","name":"Equipos y Comunidades de Acci\u00f3n por la Paz","description":"Building partnerships to transform violence and oppression","publisher":{"@id":"https:\/\/cpt.org\/es#organization"},"potentialAction":[{"@type":"SearchAction","target":{"@type":"EntryPoint","urlTemplate":"https:\/\/cpt.org\/es?s={search_term_string}"},"query-input":{"@type":"PropertyValueSpecification","valueRequired":true,"valueName":"search_term_string"}}],"inLanguage":"es"},{"@type":"Organization","@id":"https:\/\/cpt.org\/es#organization","name":"Equipos y Comunidades de Acci\u00f3n por la Paz","url":"https:\/\/cpt.org\/es","logo":{"@type":"ImageObject","inLanguage":"es","@id":"https:\/\/cpt.org\/es#\/schema\/logo\/image\/","url":"https:\/\/cpt.org\/wp-content\/uploads\/logoCPT-red-2.png","contentUrl":"https:\/\/cpt.org\/wp-content\/uploads\/logoCPT-red-2.png","width":1730,"height":840,"caption":"Equipos y Comunidades de Acci\u00f3n por la Paz"},"image":{"@id":"https:\/\/cpt.org\/es#\/schema\/logo\/image\/"},"sameAs":["https:\/\/www.facebook.com\/cpters","https:\/\/x.com\/cpt_intl","https:\/\/www.instagram.com\/cpteams\/","https:\/\/www.youtube.com\/user\/cptvideos"]},{"@type":"Person","@id":"https:\/\/cpt.org\/es#\/schema\/person\/d1367102a8033e7201f754639041cca2","name":"CPT Palestine","image":{"@type":"ImageObject","inLanguage":"es","@id":"https:\/\/secure.gravatar.com\/avatar\/71a167524162bf28662d5194573478d23cb063c1791cff804fa2ad047b2400c5?s=96&r=g","url":"https:\/\/secure.gravatar.com\/avatar\/71a167524162bf28662d5194573478d23cb063c1791cff804fa2ad047b2400c5?s=96&r=g","contentUrl":"https:\/\/secure.gravatar.com\/avatar\/71a167524162bf28662d5194573478d23cb063c1791cff804fa2ad047b2400c5?s=96&r=g","caption":"CPT Palestine"},"url":"https:\/\/cpt.org\/es\/author\/cpt-palestine"}]}},"_links":{"self":[{"href":"https:\/\/cpt.org\/es\/wp-json\/wp\/v2\/posts\/33341","targetHints":{"allow":["GET"]}}],"collection":[{"href":"https:\/\/cpt.org\/es\/wp-json\/wp\/v2\/posts"}],"about":[{"href":"https:\/\/cpt.org\/es\/wp-json\/wp\/v2\/types\/post"}],"author":[{"embeddable":true,"href":"https:\/\/cpt.org\/es\/wp-json\/wp\/v2\/users\/8"}],"replies":[{"embeddable":true,"href":"https:\/\/cpt.org\/es\/wp-json\/wp\/v2\/comments?post=33341"}],"version-history":[{"count":1,"href":"https:\/\/cpt.org\/es\/wp-json\/wp\/v2\/posts\/33341\/revisions"}],"predecessor-version":[{"id":33342,"href":"https:\/\/cpt.org\/es\/wp-json\/wp\/v2\/posts\/33341\/revisions\/33342"}],"wp:featuredmedia":[{"embeddable":true,"href":"https:\/\/cpt.org\/es\/wp-json\/wp\/v2\/media\/33295"}],"wp:attachment":[{"href":"https:\/\/cpt.org\/es\/wp-json\/wp\/v2\/media?parent=33341"}],"wp:term":[{"taxonomy":"category","embeddable":true,"href":"https:\/\/cpt.org\/es\/wp-json\/wp\/v2\/categories?post=33341"},{"taxonomy":"post_tag","embeddable":true,"href":"https:\/\/cpt.org\/es\/wp-json\/wp\/v2\/tags?post=33341"}],"curies":[{"name":"wp","href":"https:\/\/api.w.org\/{rel}","templated":true}]}}