{"id":36837,"date":"2024-08-11T10:32:00","date_gmt":"2024-08-11T15:32:00","guid":{"rendered":"https:\/\/cpt.org\/2024\/08\/11\/privilegio-y-urgencia"},"modified":"2024-08-11T10:32:13","modified_gmt":"2024-08-11T15:32:13","slug":"privilegio-y-urgencia","status":"publish","type":"post","link":"https:\/\/cpt.org\/es\/2024\/08\/11\/privilegio-y-urgencia","title":{"rendered":"Privilegio y urgencia"},"content":{"rendered":"\n<p>Seg\u00fan el Diccionario de Cambridge, la <a href=\"https:\/\/dictionary.cambridge.org\/dictionary\/english\/urgency\">urgencia<\/a> es \u00abla cualidad de ser muy importante y necesitar atenci\u00f3n inmediata: Ahora es urgente que la ayuda llegue a la zona de hambruna. Ella subray\u00f3 la urgencia de una pronta soluci\u00f3n\u00bb.<\/p>\n\n<p>Seg\u00fan esa definici\u00f3n, la urgencia procede del privilegio y del individualismo. Resulta notable ver los ejemplos de Cambridge. El primero ejemplifica la urgencia colectivamente; por ejemplo, una hambruna. En cambio, el segundo ejemplo es muy individual; una persona cualquiera necesita una soluci\u00f3n. <\/p>\n\n<p>Parece que el individualismo ha creado una falacia en torno a la urgencia y, de alguna manera, ha profundizado en el significado de ser privilegiado en relaci\u00f3n con el tiempo.&#13;\n<\/p>\n\n<p>Como una persona <a href=\"https:\/\/cpt.org\/es\/palestina\">palestina<\/a>, siempre me alegra ver que la gente quiere prestar apoyo y quiere conocer las realidades horribles que viven las personas palestinas; son una causa y una petici\u00f3n nobles. En cualquier caso, por mucho que tu apoyo sea esencial, tu atenci\u00f3n al momento oportuno tambi\u00e9n es importante.<\/p>\n\n<p>Desde 1948, hemos necesitado todo tipo de apoyo y respaldo, pero eso no significa que el voluntariado en Palestina sea urgente porque ahora por fin tengas tiempo para hacerlo. Eso es un privilegio.&#13;\n<\/p>\n\n<p>Es dif\u00edcil escuchar esta afirmaci\u00f3n de muchas personas visitantes occidentales: \u00abMe he dado cuenta de que quiero aprender y ahora tengo tiempo para hacerlo ya que estoy de vacaciones\u00bb. Decir esto a una persona palestina que apenas puede planear su d\u00eda no muestra mucha sensibilidad. Pedir respuestas r\u00e1pidas a tus peticiones porque est\u00e1s planeando tus vacaciones o planificando tu verano no es urgente para una persona palestina que est\u00e1 pensando en sus parientes en las c\u00e1rceles, en su familia en Gaza o que vive en una zona restringida en la Ciudad Antigua de Al-Khalil \/ Hebr\u00f3n.&#13;\n<\/p>\n\n<p>Tu sentido de la urgencia es nuestro sentido del ocio ya que, como personas palestinas, no tenemos la opci\u00f3n de planificar con antelaci\u00f3n.&#13;\n<\/p>\n","protected":false},"excerpt":{"rendered":"<p>Tu sentido de la urgencia es nuestro sentido del ocio ya que, como personas palestinas, no tenemos la opci\u00f3n de planificar con antelaci\u00f3n.<\/p>\n","protected":false},"author":21,"featured_media":36836,"comment_status":"closed","ping_status":"closed","sticky":false,"template":"","format":"standard","meta":{"footnotes":""},"categories":[226],"tags":[270],"class_list":["post-36837","post","type-post","status-publish","format-standard","has-post-thumbnail","hentry","category-palestina","tag-featured"],"yoast_head":"<!-- This site is optimized with the Yoast SEO Premium plugin v27.5 (Yoast SEO v27.5) - https:\/\/yoast.com\/product\/yoast-seo-premium-wordpress\/ -->\n<title>Privilegio y urgencia<\/title>\n<meta name=\"description\" content=\"Tu sentido de la urgencia es nuestro sentido del ocio ya que, como personas palestinas, no tenemos la opci\u00f3n de planificar con antelaci\u00f3n.\" \/>\n<meta name=\"robots\" content=\"index, follow, max-snippet:-1, max-image-preview:large, max-video-preview:-1\" \/>\n<link rel=\"canonical\" href=\"https:\/\/cpt.org\/es\/2024\/08\/11\/privilegio-y-urgencia\" \/>\n<meta property=\"og:locale\" content=\"es_ES\" \/>\n<meta property=\"og:type\" content=\"article\" \/>\n<meta property=\"og:title\" content=\"Privilegio y urgencia\" \/>\n<meta property=\"og:description\" content=\"Community Peacemaker Teams builds partnerships to transform violence and oppression. Over 35 years of action for peace and justice.\" \/>\n<meta property=\"og:url\" content=\"https:\/\/cpt.org\/es\/2024\/08\/11\/privilegio-y-urgencia\" \/>\n<meta property=\"og:site_name\" content=\"Equipos y Comunidades de Acci\u00f3n por la Paz\" \/>\n<meta property=\"article:publisher\" content=\"https:\/\/www.facebook.com\/cpters\" \/>\n<meta property=\"article:published_time\" content=\"2024-08-11T15:32:00+00:00\" \/>\n<meta property=\"article:modified_time\" content=\"2024-08-11T15:32:13+00:00\" \/>\n<meta property=\"og:image\" content=\"https:\/\/cpt.org\/wp-content\/uploads\/240811-palestine.jpg\" \/>\n\t<meta property=\"og:image:width\" content=\"2048\" \/>\n\t<meta property=\"og:image:height\" content=\"1366\" \/>\n\t<meta property=\"og:image:type\" content=\"image\/jpeg\" \/>\n<meta name=\"author\" content=\"Mona El Zuhairi\" \/>\n<meta name=\"twitter:card\" content=\"summary_large_image\" \/>\n<meta name=\"twitter:creator\" content=\"@cpt_intl\" \/>\n<meta name=\"twitter:site\" content=\"@cpt_intl\" \/>\n<meta name=\"twitter:label1\" content=\"Escrito por\" \/>\n\t<meta name=\"twitter:data1\" content=\"Mona El Zuhairi\" \/>\n\t<meta name=\"twitter:label2\" content=\"Tiempo de lectura\" \/>\n\t<meta name=\"twitter:data2\" content=\"2 minutos\" \/>\n<script type=\"application\/ld+json\" class=\"yoast-schema-graph\">{\"@context\":\"https:\\\/\\\/schema.org\",\"@graph\":[{\"@type\":\"Article\",\"@id\":\"https:\\\/\\\/cpt.org\\\/es\\\/2024\\\/08\\\/11\\\/privilegio-y-urgencia#article\",\"isPartOf\":{\"@id\":\"https:\\\/\\\/cpt.org\\\/es\\\/2024\\\/08\\\/11\\\/privilegio-y-urgencia\"},\"author\":{\"name\":\"Mona El Zuhairi\",\"@id\":\"https:\\\/\\\/cpt.org\\\/es#\\\/schema\\\/person\\\/8153c1a69531f6b60a813964f6159b08\"},\"headline\":\"Privilegio y urgencia\",\"datePublished\":\"2024-08-11T15:32:00+00:00\",\"dateModified\":\"2024-08-11T15:32:13+00:00\",\"mainEntityOfPage\":{\"@id\":\"https:\\\/\\\/cpt.org\\\/es\\\/2024\\\/08\\\/11\\\/privilegio-y-urgencia\"},\"wordCount\":332,\"publisher\":{\"@id\":\"https:\\\/\\\/cpt.org\\\/es#organization\"},\"image\":{\"@id\":\"https:\\\/\\\/cpt.org\\\/es\\\/2024\\\/08\\\/11\\\/privilegio-y-urgencia#primaryimage\"},\"thumbnailUrl\":\"https:\\\/\\\/cpt.org\\\/wp-content\\\/uploads\\\/240811-palestine.jpg\",\"keywords\":[\"Featured\"],\"articleSection\":[\"Palestina\"],\"inLanguage\":\"es\"},{\"@type\":\"WebPage\",\"@id\":\"https:\\\/\\\/cpt.org\\\/es\\\/2024\\\/08\\\/11\\\/privilegio-y-urgencia\",\"url\":\"https:\\\/\\\/cpt.org\\\/es\\\/2024\\\/08\\\/11\\\/privilegio-y-urgencia\",\"name\":\"Privilegio y urgencia\",\"isPartOf\":{\"@id\":\"https:\\\/\\\/cpt.org\\\/es#website\"},\"primaryImageOfPage\":{\"@id\":\"https:\\\/\\\/cpt.org\\\/es\\\/2024\\\/08\\\/11\\\/privilegio-y-urgencia#primaryimage\"},\"image\":{\"@id\":\"https:\\\/\\\/cpt.org\\\/es\\\/2024\\\/08\\\/11\\\/privilegio-y-urgencia#primaryimage\"},\"thumbnailUrl\":\"https:\\\/\\\/cpt.org\\\/wp-content\\\/uploads\\\/240811-palestine.jpg\",\"datePublished\":\"2024-08-11T15:32:00+00:00\",\"dateModified\":\"2024-08-11T15:32:13+00:00\",\"description\":\"Tu sentido de la urgencia es nuestro sentido del ocio ya que, como personas palestinas, no tenemos la opci\u00f3n de planificar con antelaci\u00f3n.\",\"breadcrumb\":{\"@id\":\"https:\\\/\\\/cpt.org\\\/es\\\/2024\\\/08\\\/11\\\/privilegio-y-urgencia#breadcrumb\"},\"inLanguage\":\"es\",\"potentialAction\":[{\"@type\":\"ReadAction\",\"target\":[\"https:\\\/\\\/cpt.org\\\/es\\\/2024\\\/08\\\/11\\\/privilegio-y-urgencia\"]}]},{\"@type\":\"ImageObject\",\"inLanguage\":\"es\",\"@id\":\"https:\\\/\\\/cpt.org\\\/es\\\/2024\\\/08\\\/11\\\/privilegio-y-urgencia#primaryimage\",\"url\":\"https:\\\/\\\/cpt.org\\\/wp-content\\\/uploads\\\/240811-palestine.jpg\",\"contentUrl\":\"https:\\\/\\\/cpt.org\\\/wp-content\\\/uploads\\\/240811-palestine.jpg\",\"width\":2048,\"height\":1366,\"caption\":\"Photo: Flickr\\\/\"},{\"@type\":\"BreadcrumbList\",\"@id\":\"https:\\\/\\\/cpt.org\\\/es\\\/2024\\\/08\\\/11\\\/privilegio-y-urgencia#breadcrumb\",\"itemListElement\":[{\"@type\":\"ListItem\",\"position\":1,\"name\":\"Home\",\"item\":\"https:\\\/\\\/cpt.org\\\/es\"},{\"@type\":\"ListItem\",\"position\":2,\"name\":\"Privilegio y urgencia\"}]},{\"@type\":\"WebSite\",\"@id\":\"https:\\\/\\\/cpt.org\\\/es#website\",\"url\":\"https:\\\/\\\/cpt.org\\\/es\",\"name\":\"Equipos y Comunidades de Acci\u00f3n por la Paz\",\"description\":\"Building partnerships to transform violence and oppression\",\"publisher\":{\"@id\":\"https:\\\/\\\/cpt.org\\\/es#organization\"},\"potentialAction\":[{\"@type\":\"SearchAction\",\"target\":{\"@type\":\"EntryPoint\",\"urlTemplate\":\"https:\\\/\\\/cpt.org\\\/es?s={search_term_string}\"},\"query-input\":{\"@type\":\"PropertyValueSpecification\",\"valueRequired\":true,\"valueName\":\"search_term_string\"}}],\"inLanguage\":\"es\"},{\"@type\":\"Organization\",\"@id\":\"https:\\\/\\\/cpt.org\\\/es#organization\",\"name\":\"Equipos y Comunidades de Acci\u00f3n por la Paz\",\"url\":\"https:\\\/\\\/cpt.org\\\/es\",\"logo\":{\"@type\":\"ImageObject\",\"inLanguage\":\"es\",\"@id\":\"https:\\\/\\\/cpt.org\\\/es#\\\/schema\\\/logo\\\/image\\\/\",\"url\":\"https:\\\/\\\/cpt.org\\\/wp-content\\\/uploads\\\/logoCPT-red-2.png\",\"contentUrl\":\"https:\\\/\\\/cpt.org\\\/wp-content\\\/uploads\\\/logoCPT-red-2.png\",\"width\":1730,\"height\":840,\"caption\":\"Equipos y Comunidades de Acci\u00f3n por la Paz\"},\"image\":{\"@id\":\"https:\\\/\\\/cpt.org\\\/es#\\\/schema\\\/logo\\\/image\\\/\"},\"sameAs\":[\"https:\\\/\\\/www.facebook.com\\\/cpters\",\"https:\\\/\\\/x.com\\\/cpt_intl\",\"https:\\\/\\\/www.instagram.com\\\/cpteams\\\/\",\"https:\\\/\\\/www.youtube.com\\\/user\\\/cptvideos\"]},{\"@type\":\"Person\",\"@id\":\"https:\\\/\\\/cpt.org\\\/es#\\\/schema\\\/person\\\/8153c1a69531f6b60a813964f6159b08\",\"name\":\"Mona El Zuhairi\",\"image\":{\"@type\":\"ImageObject\",\"inLanguage\":\"es\",\"@id\":\"https:\\\/\\\/secure.gravatar.com\\\/avatar\\\/17e259e567dab5981d21ad9071434464f2df12f351280513b7d73178f5571bdb?s=96&r=g\",\"url\":\"https:\\\/\\\/secure.gravatar.com\\\/avatar\\\/17e259e567dab5981d21ad9071434464f2df12f351280513b7d73178f5571bdb?s=96&r=g\",\"contentUrl\":\"https:\\\/\\\/secure.gravatar.com\\\/avatar\\\/17e259e567dab5981d21ad9071434464f2df12f351280513b7d73178f5571bdb?s=96&r=g\",\"caption\":\"Mona El Zuhairi\"},\"url\":\"https:\\\/\\\/cpt.org\\\/es\\\/author\\\/mona-el-zuhairi\"}]}<\/script>\n<!-- \/ Yoast SEO Premium plugin. -->","yoast_head_json":{"title":"Privilegio y urgencia","description":"Tu sentido de la urgencia es nuestro sentido del ocio ya que, como personas palestinas, no tenemos la opci\u00f3n de planificar con antelaci\u00f3n.","robots":{"index":"index","follow":"follow","max-snippet":"max-snippet:-1","max-image-preview":"max-image-preview:large","max-video-preview":"max-video-preview:-1"},"canonical":"https:\/\/cpt.org\/es\/2024\/08\/11\/privilegio-y-urgencia","og_locale":"es_ES","og_type":"article","og_title":"Privilegio y urgencia","og_description":"Community Peacemaker Teams builds partnerships to transform violence and oppression. Over 35 years of action for peace and justice.","og_url":"https:\/\/cpt.org\/es\/2024\/08\/11\/privilegio-y-urgencia","og_site_name":"Equipos y Comunidades de Acci\u00f3n por la Paz","article_publisher":"https:\/\/www.facebook.com\/cpters","article_published_time":"2024-08-11T15:32:00+00:00","article_modified_time":"2024-08-11T15:32:13+00:00","og_image":[{"width":2048,"height":1366,"url":"https:\/\/cpt.org\/wp-content\/uploads\/240811-palestine.jpg","type":"image\/jpeg"}],"author":"Mona El Zuhairi","twitter_card":"summary_large_image","twitter_creator":"@cpt_intl","twitter_site":"@cpt_intl","twitter_misc":{"Escrito por":"Mona El Zuhairi","Tiempo de lectura":"2 minutos"},"schema":{"@context":"https:\/\/schema.org","@graph":[{"@type":"Article","@id":"https:\/\/cpt.org\/es\/2024\/08\/11\/privilegio-y-urgencia#article","isPartOf":{"@id":"https:\/\/cpt.org\/es\/2024\/08\/11\/privilegio-y-urgencia"},"author":{"name":"Mona El Zuhairi","@id":"https:\/\/cpt.org\/es#\/schema\/person\/8153c1a69531f6b60a813964f6159b08"},"headline":"Privilegio y urgencia","datePublished":"2024-08-11T15:32:00+00:00","dateModified":"2024-08-11T15:32:13+00:00","mainEntityOfPage":{"@id":"https:\/\/cpt.org\/es\/2024\/08\/11\/privilegio-y-urgencia"},"wordCount":332,"publisher":{"@id":"https:\/\/cpt.org\/es#organization"},"image":{"@id":"https:\/\/cpt.org\/es\/2024\/08\/11\/privilegio-y-urgencia#primaryimage"},"thumbnailUrl":"https:\/\/cpt.org\/wp-content\/uploads\/240811-palestine.jpg","keywords":["Featured"],"articleSection":["Palestina"],"inLanguage":"es"},{"@type":"WebPage","@id":"https:\/\/cpt.org\/es\/2024\/08\/11\/privilegio-y-urgencia","url":"https:\/\/cpt.org\/es\/2024\/08\/11\/privilegio-y-urgencia","name":"Privilegio y urgencia","isPartOf":{"@id":"https:\/\/cpt.org\/es#website"},"primaryImageOfPage":{"@id":"https:\/\/cpt.org\/es\/2024\/08\/11\/privilegio-y-urgencia#primaryimage"},"image":{"@id":"https:\/\/cpt.org\/es\/2024\/08\/11\/privilegio-y-urgencia#primaryimage"},"thumbnailUrl":"https:\/\/cpt.org\/wp-content\/uploads\/240811-palestine.jpg","datePublished":"2024-08-11T15:32:00+00:00","dateModified":"2024-08-11T15:32:13+00:00","description":"Tu sentido de la urgencia es nuestro sentido del ocio ya que, como personas palestinas, no tenemos la opci\u00f3n de planificar con antelaci\u00f3n.","breadcrumb":{"@id":"https:\/\/cpt.org\/es\/2024\/08\/11\/privilegio-y-urgencia#breadcrumb"},"inLanguage":"es","potentialAction":[{"@type":"ReadAction","target":["https:\/\/cpt.org\/es\/2024\/08\/11\/privilegio-y-urgencia"]}]},{"@type":"ImageObject","inLanguage":"es","@id":"https:\/\/cpt.org\/es\/2024\/08\/11\/privilegio-y-urgencia#primaryimage","url":"https:\/\/cpt.org\/wp-content\/uploads\/240811-palestine.jpg","contentUrl":"https:\/\/cpt.org\/wp-content\/uploads\/240811-palestine.jpg","width":2048,"height":1366,"caption":"Photo: Flickr\/"},{"@type":"BreadcrumbList","@id":"https:\/\/cpt.org\/es\/2024\/08\/11\/privilegio-y-urgencia#breadcrumb","itemListElement":[{"@type":"ListItem","position":1,"name":"Home","item":"https:\/\/cpt.org\/es"},{"@type":"ListItem","position":2,"name":"Privilegio y urgencia"}]},{"@type":"WebSite","@id":"https:\/\/cpt.org\/es#website","url":"https:\/\/cpt.org\/es","name":"Equipos y Comunidades de Acci\u00f3n por la Paz","description":"Building partnerships to transform violence and oppression","publisher":{"@id":"https:\/\/cpt.org\/es#organization"},"potentialAction":[{"@type":"SearchAction","target":{"@type":"EntryPoint","urlTemplate":"https:\/\/cpt.org\/es?s={search_term_string}"},"query-input":{"@type":"PropertyValueSpecification","valueRequired":true,"valueName":"search_term_string"}}],"inLanguage":"es"},{"@type":"Organization","@id":"https:\/\/cpt.org\/es#organization","name":"Equipos y Comunidades de Acci\u00f3n por la Paz","url":"https:\/\/cpt.org\/es","logo":{"@type":"ImageObject","inLanguage":"es","@id":"https:\/\/cpt.org\/es#\/schema\/logo\/image\/","url":"https:\/\/cpt.org\/wp-content\/uploads\/logoCPT-red-2.png","contentUrl":"https:\/\/cpt.org\/wp-content\/uploads\/logoCPT-red-2.png","width":1730,"height":840,"caption":"Equipos y Comunidades de Acci\u00f3n por la Paz"},"image":{"@id":"https:\/\/cpt.org\/es#\/schema\/logo\/image\/"},"sameAs":["https:\/\/www.facebook.com\/cpters","https:\/\/x.com\/cpt_intl","https:\/\/www.instagram.com\/cpteams\/","https:\/\/www.youtube.com\/user\/cptvideos"]},{"@type":"Person","@id":"https:\/\/cpt.org\/es#\/schema\/person\/8153c1a69531f6b60a813964f6159b08","name":"Mona El Zuhairi","image":{"@type":"ImageObject","inLanguage":"es","@id":"https:\/\/secure.gravatar.com\/avatar\/17e259e567dab5981d21ad9071434464f2df12f351280513b7d73178f5571bdb?s=96&r=g","url":"https:\/\/secure.gravatar.com\/avatar\/17e259e567dab5981d21ad9071434464f2df12f351280513b7d73178f5571bdb?s=96&r=g","contentUrl":"https:\/\/secure.gravatar.com\/avatar\/17e259e567dab5981d21ad9071434464f2df12f351280513b7d73178f5571bdb?s=96&r=g","caption":"Mona El Zuhairi"},"url":"https:\/\/cpt.org\/es\/author\/mona-el-zuhairi"}]}},"_links":{"self":[{"href":"https:\/\/cpt.org\/es\/wp-json\/wp\/v2\/posts\/36837","targetHints":{"allow":["GET"]}}],"collection":[{"href":"https:\/\/cpt.org\/es\/wp-json\/wp\/v2\/posts"}],"about":[{"href":"https:\/\/cpt.org\/es\/wp-json\/wp\/v2\/types\/post"}],"author":[{"embeddable":true,"href":"https:\/\/cpt.org\/es\/wp-json\/wp\/v2\/users\/21"}],"replies":[{"embeddable":true,"href":"https:\/\/cpt.org\/es\/wp-json\/wp\/v2\/comments?post=36837"}],"version-history":[{"count":1,"href":"https:\/\/cpt.org\/es\/wp-json\/wp\/v2\/posts\/36837\/revisions"}],"predecessor-version":[{"id":36838,"href":"https:\/\/cpt.org\/es\/wp-json\/wp\/v2\/posts\/36837\/revisions\/36838"}],"wp:featuredmedia":[{"embeddable":true,"href":"https:\/\/cpt.org\/es\/wp-json\/wp\/v2\/media\/36836"}],"wp:attachment":[{"href":"https:\/\/cpt.org\/es\/wp-json\/wp\/v2\/media?parent=36837"}],"wp:term":[{"taxonomy":"category","embeddable":true,"href":"https:\/\/cpt.org\/es\/wp-json\/wp\/v2\/categories?post=36837"},{"taxonomy":"post_tag","embeddable":true,"href":"https:\/\/cpt.org\/es\/wp-json\/wp\/v2\/tags?post=36837"}],"curies":[{"name":"wp","href":"https:\/\/api.w.org\/{rel}","templated":true}]}}