{"id":37956,"date":"2025-02-04T04:23:21","date_gmt":"2025-02-04T10:23:21","guid":{"rendered":"https:\/\/cpt.org\/2025\/02\/04\/un-parto-revela-los-fallos-del-sistema"},"modified":"2025-02-04T04:23:28","modified_gmt":"2025-02-04T10:23:28","slug":"un-parto-revela-los-fallos-del-sistema","status":"publish","type":"post","link":"https:\/\/cpt.org\/es\/2025\/02\/04\/un-parto-revela-los-fallos-del-sistema","title":{"rendered":"Un parto revela los fallos del sistema"},"content":{"rendered":"\n<p><span style=\"font-size: medium;\"><span lang=\"es-HN\">En la madrugada del 14 de febrero del 2024, treinta y siete personas llegaron al norte de Lesbos. Desembarcaron en una playa cercana a Kalo Limani, un min\u00fasculo pueblo de pescadores casi desierto en invierno y rodeado de monta\u00f1as. En el grupo hab\u00eda veinte personas adultas y diecisiete ni\u00f1es, varies de elles beb\u00e9s, todes de nacionalidad afgana. Al llegar a tierra firme, elles comenzaron a subir por la empinada ladera de un olivar en medio de la oscuridad. Este no era su primer intento de entrar en Grecia. En tres ocasiones anteriores, hombres enmascarados les hab\u00edan obligado a punta de pistola a volver a aguas turcas. Tambi\u00e9n les hab\u00edan golpeado, incluso a les ni\u00f1es. Sent\u00edan temor de volver a encontrarse con los hombres enmascarados.<\/span><\/span><\/p>\n\n<p><span style=\"font-size: medium;\"><span lang=\"es-HN\">A las 10 de la ma\u00f1ana, creyendo que ya hab\u00eda pasado el peligro de expulsiones de personas migrantes, el grupo se puso en contacto con una l\u00ednea de emergencia del Centro Jur\u00eddico de Lesbos, un colectivo de personas locales que brindan asistencia jur\u00eddica. La organizaci\u00f3n inform\u00f3 a las autoridades griegas y al ACNUR, facilitando la ubicaci\u00f3n de las personas migrantes. A mediod\u00eda, un reportero local lleg\u00f3 a la zona junto con una amistad. Una patrulla de Frontex detuvo su coche y les pregunt\u00f3 si hab\u00edan visto a alguna persona migrante. Tras confirmar que elles buscaban al mismo grupo, la patrulla y el grupo del periodista buscaron en direcciones distintas. Una hora m\u00e1s tarde, la patrulla de Frontex se march\u00f3. Las personas lugare\u00f1as se quedaron, sospechando que la ubicaci\u00f3n facilitada pod\u00eda ser inexacta, y ampliaron su zona de b\u00fasqueda.<\/span><\/span><\/p>\n\n<p>A la 1:45 p.m., elles estaban a punto de darse por vencidas, convencidas de que las personas migrantes ya no estaban all\u00ed. Parec\u00eda probable que el grupo hubiera sido interceptado antes y detenido o devuelto por la fuerza a Turqu\u00eda. En el \u00faltimo momento, decidieron subir al punto m\u00e1s alto de la zona antes de descartar por completo su presencia. Para llegar a la cima, cruzaron un r\u00edo, saltaron muros, treparon por pedregales y navegaron por una vegetaci\u00f3n sin senderos. En la cima, encontraron a las personas migrantes intentando refugiarse del fr\u00edo dentro de las paredes de un granero en ruinas sin techo ni puertas. Los gritos de les ni\u00f1es llenaban el aire y continuaron durante horas. Todas las personas estaban empapadas; la mayor\u00eda tiritaba. Algunas no ten\u00edan zapatos, mientras que otras se hab\u00edan envuelto los pies en bolsas de pl\u00e1stico. <\/p>\n\n<figure class=\"wp-block-image size-large\"><img fetchpriority=\"high\" decoding=\"async\" width=\"1024\" height=\"683\" src=\"https:\/\/cpt.org\/wp-content\/uploads\/\/250124-AMS-2-1024x683.jpg\" alt=\" \" class=\"wp-image-37825\" srcset=\"https:\/\/cpt.org\/wp-content\/uploads\/250124-AMS-2-1024x683.jpg 1024w, https:\/\/cpt.org\/wp-content\/uploads\/250124-AMS-2-300x200.jpg 300w, https:\/\/cpt.org\/wp-content\/uploads\/250124-AMS-2-768x512.jpg 768w, https:\/\/cpt.org\/wp-content\/uploads\/250124-AMS-2-1536x1024.jpg 1536w, https:\/\/cpt.org\/wp-content\/uploads\/250124-AMS-2-2048x1366.jpg 2048w\" sizes=\"(max-width: 1024px) 100vw, 1024px\" \/><\/figure>\n\n<p>Un hombre de 45 a\u00f1os llamado Abdullah Arab, se acerc\u00f3 a las personas lugare\u00f1as, hablando un ingl\u00e9s entrecortado y visiblemente nervioso. Explic\u00f3 que su mujer estaba embarazada y necesitaba ayuda urgentemente. Abdullah llevaba un beb\u00e9 envuelto en bolsas de pl\u00e1stico. Tanto su ropa como la del beb\u00e9 estaban mojadas. Dentro del granero, dos mujeres yac\u00edan en el suelo; una era Fareva, la esposa de Abdullah. Las dem\u00e1s personas adultas las rodeaban, intentando calentarlas con sus cuerpos. Fareva apenas pod\u00eda hablar, respiraba con dificultad y sent\u00eda un gran dolor. Hab\u00eda roto aguas y las contracciones se intensificaban. Su beb\u00e9 estaba en camino.<\/p>\n\n<p>El periodista llam\u00f3 al 112, el n\u00famero de emergencias de la UE, para informar de la situaci\u00f3n. A las 3:30 p.m., llegaron varios polic\u00edas griegos y dos agentes de Frontex \u2013 un hombre y una mujer alemanes. \u201c\u00a1Les damos la bienvenida a Grecia!\u201d, grit\u00f3 el agente griego de mayor rango mientras sub\u00eda con dificultad la colina. Fareva no oy\u00f3 el saludo, porque estaba conteniendo las l\u00e1grimas.<\/p>\n\n<p>La polic\u00eda orden\u00f3 a las personas migrantes que salieran del granero y se sentaran fuera, junto a un muro, para hacer el recuento de personas, dejando solas a las mujeres embarazadas. El agente griego m\u00e1s joven cont\u00f3 38 personas, mientras que el agente alem\u00e1n de Frontex cont\u00f3 40. No se pusieron de acuerdo sobre el n\u00famero. No se pusieron de acuerdo. El recuento volvi\u00f3 a dar resultados diferentes. Fareva y la otra embarazada pidieron ayuda a gritos.<\/p>\n\n<p>El grupo llevaba casi dos d\u00edas sin comida ni agua. Su agotamiento era tan extremo que un joven de 20 a\u00f1os llamado Jobid se desmay\u00f3 y cay\u00f3 de espaldas desde unas rocas, sufriendo afortunadamente s\u00f3lo rasgu\u00f1os. Jobid llevaba varios calcetines mojados en un pie y una bolsa de pl\u00e1stico en el otro. A su lado, un ni\u00f1o lloraba en silencio, temblando de fr\u00edo. La agente de Frontex empez\u00f3 a gritar en un ingl\u00e9s con mucho acento: \u201c\u00bfPor qu\u00e9 subieron a la monta\u00f1a? \u00a1Deber\u00edan haber esperado en el puerto! \u00a1Esperado en la playa!\u201d. Las personas inmigrantes, con el rostro inexpresivo por el agotamiento, mir\u00e1ndole pasmades; ya que no pod\u00edan entender sus palabras. Abdullah, que sab\u00eda algo de italiano por haber trabajado en la base del ej\u00e9rcito italiano en Herat, explic\u00f3 que su colaboraci\u00f3n con la OTAN le convirti\u00f3 en blanco de las amenazas de les talibanes. Seg\u00fan Abdullah, todas las personas integrantes de su grupo se enfrentaban a sospechas y a peligros bajo el r\u00e9gimen talib\u00e1n.<\/p>\n\n<p>Abdullah volvi\u00f3 a enfatizar en la condici\u00f3n de su mujer. La agente de Frontex dej\u00f3 de gritar y se acerc\u00f3 a Fareva en el granero. Al regresar, ella volvi\u00f3 a gritar, esta vez pidiendo ayuda: \u201c\u00bfAlguien tiene experiencia en partos?\u201d. Los bomberos intercambiaron miradas y se encogieron de hombros. La agente inici\u00f3 una videollamada con un amigo m\u00e9dico alem\u00e1n, quien le dio instrucciones hasta que pudo llegar el personal m\u00e9dico. El otro agente alem\u00e1n y un bombero la asistieron.<\/p>\n\n<p>El comandante de los bomberos volvi\u00f3 a ponerse en contacto con el centro de coordinaci\u00f3n, solicitando urgentemente una ambulancia y un equipo m\u00e9dico. \u00c9l admiti\u00f3 que, a pesar de la petici\u00f3n expl\u00edcita, en un principio \u00e9l hab\u00eda decidido no enviar asistencia m\u00e9dica porque no cre\u00eda que se tratara de una emergencia real. \u201cLas personas migrantes suelen decir que hay una mujer embarazada o alguna emergencia, y resulta que no es verdad\u201d, dijo a uno de les agentes. Su cara parec\u00eda delatar cierto arrepentimiento por no haberles cre\u00eddo esta vez. Lesbos s\u00f3lo tiene ocho ambulancias.<\/p>\n\n<p>Desde el 2020, ninguna organizaci\u00f3n de rescate ha estado presente para garantizar desembarcos m\u00e1s seguros. La \u00fanica ONG que opera en la zona, M\u00e9dicos Sin Fronteras (MSF), solo interviene tras la llegada de las personas migrantes y \u00fanicamente en casos de emergencia m\u00e9dica, cuando los recursos lo permiten. Ese d\u00eda no hab\u00eda ning\u00fan equipo de MSF disponible.<\/p>\n\n<p>A las 4:30 p.m., la ambulancia se qued\u00f3 atascada en el barro. Estallaron risas nerviosas cuando el jefe de bomberos grit\u00f3 a un subordinado: \u201c\u00a1Maneja la ambulancia y sube al m\u00e9dico a pie!\u201d. A las 5:00 p.m., un m\u00e9dico y una enfermera llegaron, mal equipades para la subida, resbalando en cada piedra con sus Crocs. Era la primera vez que se enfrentaban a una situaci\u00f3n as\u00ed. <\/p>\n\n<p>El m\u00e9dico hizo un gesto a Fareva para que pujara, pero \u00e9sta le hizo se\u00f1as de que ella se negaba a dar a luz all\u00ed. Ten\u00eda fr\u00edo y miedo. Ninguno de los dos pudo convencerse durante un rato, al carecer de un lenguaje com\u00fan para comunicarse. A las 5:30 p.m., el m\u00e9dico orden\u00f3 a los bomberos que bajaran a Fareva en camilla. La otra embarazada ya estaba en la ambulancia, tambi\u00e9n transportada en camilla. Mientras tanto, el resto del grupo hab\u00eda sido subido a furgonetas policiales con destino al campo de personas refugiadas de Kara Tepe. Los bomberos cargaron con cuidado a Fareva, quien lleg\u00f3 a la ambulancia sin m\u00e1s incidentes. R\u00e1pidamente la llevaron al hospital. El agente m\u00e1s joven pregunt\u00f3 en voz alta: \u201c\u00bfContamos al beb\u00e9 en el informe?\u201d.<\/p>\n\n<p>El beb\u00e9 de Fareva y Abdullah naci\u00f3 sin complicaciones. Le llamaron Bilal y era el cuarto hijo de la pareja. Al mediod\u00eda del 15 de febrero, Fareva estaba sonriente pero agotada en el Hospital de Mitilene. El esposo de su compa\u00f1era de habitaci\u00f3n, Haroum, hac\u00eda de interprete entre ella y el personal m\u00e9dico. En la sala hab\u00eda otras madres, entre ellas dos congole\u00f1as. Las seis camas estaban reservadas para personas migrantes.<\/p>\n\n<p><span style=\"font-size: medium;\"><span lang=\"es-HN\">Abdullah no pudo visitar a Fareva ni a Bilal durante los primeros d\u00edas porque las personas migrantes reci\u00e9n registradas ten\u00edan prohibido salir del campamento. Aunque se lo permitieran, carec\u00eda de dinero para un taxi, y no hab\u00eda servicio de autob\u00fas directo de Kara Tepe al hospital. La ropa de beb\u00e9 proced\u00eda de \u2018NoBorder Kitchen\u2019, un grupo solidario de base, que proporcion\u00f3 dos bolsas con , guantes, mantas y otros art\u00edculos en buen estado.<\/span><\/span><\/p>\n\n<p>El 18 de febrero, Fareva y Bilal fueron dados de alta y se reunieron con su familia en Kara Tepe. Su nueva vida en Europa hab\u00eda comenzado. El 2 de mayo partieron hacia Fr\u00e1ncfort, enviando una foto al periodista desde el aeropuerto y una frase que dec\u00eda: \u201cAdi\u00f3s\u201d.<\/p>\n\n<p>La \u00faltima conversaci\u00f3n en la monta\u00f1a revel\u00f3 la verdad sobre su escondite. Cuando le preguntaron si sab\u00eda por qu\u00e9 las personas migrantes hab\u00edan elegido un lugar tan dif\u00edcil, la agente de Frontex respondi\u00f3 tranquilamente: \u201cClaro que lo s\u00e9 \u2013 es por las expulsiones de personas migrantes\u201d. Las mismas expulsiones de personas migrantes que oficialmente no existen. <\/p>\n\n<p><\/p>\n","protected":false},"excerpt":{"rendered":"<p>En una remota regi\u00f3n de la isla de Lesbos, una mujer embarazada es encontrada a kil\u00f3metros de la costa justo despu\u00e9s de emigrar a trav\u00e9s del Mar Egeo. \u00bfPor qu\u00e9 ella decidi\u00f3 esconderse en una colina de dif\u00edcil acceso?<\/p>\n","protected":false},"author":11,"featured_media":37824,"comment_status":"closed","ping_status":"closed","sticky":false,"template":"","format":"standard","meta":{"footnotes":""},"categories":[186],"tags":[277],"class_list":["post-37956","post","type-post","status-publish","format-standard","has-post-thumbnail","hentry","category-migrantes-en-la-region-egea","tag-featured-es"],"yoast_head":"<!-- This site is optimized with the Yoast SEO Premium plugin v27.4 (Yoast SEO v27.4) - https:\/\/yoast.com\/product\/yoast-seo-premium-wordpress\/ -->\n<title>Un parto revela los fallos del sistema<\/title>\n<meta name=\"description\" content=\"Equipos y Comunidades de Acci\u00f3n por la Paz construye alianzas para transformar la violencia y la opresi\u00f3n. M\u00e1s de 35 a\u00f1os de acci\u00f3n por la paz y la justicia.\" \/>\n<meta name=\"robots\" content=\"index, follow, max-snippet:-1, max-image-preview:large, max-video-preview:-1\" \/>\n<link rel=\"canonical\" href=\"https:\/\/cpt.org\/es\/2025\/02\/04\/un-parto-revela-los-fallos-del-sistema\" \/>\n<meta property=\"og:locale\" content=\"es_ES\" \/>\n<meta property=\"og:type\" content=\"article\" \/>\n<meta property=\"og:title\" content=\"Un parto revela los fallos del sistema\" \/>\n<meta property=\"og:description\" content=\"Community Peacemaker Teams builds partnerships to transform violence and oppression. Over 35 years of action for peace and justice.\" \/>\n<meta property=\"og:url\" content=\"https:\/\/cpt.org\/es\/2025\/02\/04\/un-parto-revela-los-fallos-del-sistema\" \/>\n<meta property=\"og:site_name\" content=\"Equipos y Comunidades de Acci\u00f3n por la Paz\" \/>\n<meta property=\"article:publisher\" content=\"https:\/\/www.facebook.com\/cpters\" \/>\n<meta property=\"article:published_time\" content=\"2025-02-04T10:23:21+00:00\" \/>\n<meta property=\"article:modified_time\" content=\"2025-02-04T10:23:28+00:00\" \/>\n<meta property=\"og:image\" content=\"https:\/\/cpt.org\/wp-content\/uploads\/250124-AMS-1024x683.png\" \/>\n\t<meta property=\"og:image:width\" content=\"1024\" \/>\n\t<meta property=\"og:image:height\" content=\"683\" \/>\n\t<meta property=\"og:image:type\" content=\"image\/png\" \/>\n<meta name=\"author\" content=\"CPT Aegean Migrant Solidarity\" \/>\n<meta name=\"twitter:card\" content=\"summary_large_image\" \/>\n<meta name=\"twitter:creator\" content=\"@cpt_intl\" \/>\n<meta name=\"twitter:site\" content=\"@cpt_intl\" \/>\n<meta name=\"twitter:label1\" content=\"Escrito por\" \/>\n\t<meta name=\"twitter:data1\" content=\"CPT Aegean Migrant Solidarity\" \/>\n\t<meta name=\"twitter:label2\" content=\"Tiempo de lectura\" \/>\n\t<meta name=\"twitter:data2\" content=\"8 minutos\" \/>\n<script type=\"application\/ld+json\" class=\"yoast-schema-graph\">{\"@context\":\"https:\\\/\\\/schema.org\",\"@graph\":[{\"@type\":\"Article\",\"@id\":\"https:\\\/\\\/cpt.org\\\/es\\\/2025\\\/02\\\/04\\\/un-parto-revela-los-fallos-del-sistema#article\",\"isPartOf\":{\"@id\":\"https:\\\/\\\/cpt.org\\\/es\\\/2025\\\/02\\\/04\\\/un-parto-revela-los-fallos-del-sistema\"},\"author\":{\"name\":\"CPT Aegean Migrant Solidarity\",\"@id\":\"https:\\\/\\\/cpt.org\\\/es#\\\/schema\\\/person\\\/4aee0eafb765dba4677e375830bff8ff\"},\"headline\":\"Un parto revela los fallos del sistema\",\"datePublished\":\"2025-02-04T10:23:21+00:00\",\"dateModified\":\"2025-02-04T10:23:28+00:00\",\"mainEntityOfPage\":{\"@id\":\"https:\\\/\\\/cpt.org\\\/es\\\/2025\\\/02\\\/04\\\/un-parto-revela-los-fallos-del-sistema\"},\"wordCount\":1609,\"publisher\":{\"@id\":\"https:\\\/\\\/cpt.org\\\/es#organization\"},\"image\":{\"@id\":\"https:\\\/\\\/cpt.org\\\/es\\\/2025\\\/02\\\/04\\\/un-parto-revela-los-fallos-del-sistema#primaryimage\"},\"thumbnailUrl\":\"https:\\\/\\\/cpt.org\\\/wp-content\\\/uploads\\\/250124-AMS.png\",\"keywords\":[\"Featured\"],\"articleSection\":[\"Migrantes en la Regi\u00f3n Egea\"],\"inLanguage\":\"es\"},{\"@type\":\"WebPage\",\"@id\":\"https:\\\/\\\/cpt.org\\\/es\\\/2025\\\/02\\\/04\\\/un-parto-revela-los-fallos-del-sistema\",\"url\":\"https:\\\/\\\/cpt.org\\\/es\\\/2025\\\/02\\\/04\\\/un-parto-revela-los-fallos-del-sistema\",\"name\":\"Un parto revela los fallos del sistema\",\"isPartOf\":{\"@id\":\"https:\\\/\\\/cpt.org\\\/es#website\"},\"primaryImageOfPage\":{\"@id\":\"https:\\\/\\\/cpt.org\\\/es\\\/2025\\\/02\\\/04\\\/un-parto-revela-los-fallos-del-sistema#primaryimage\"},\"image\":{\"@id\":\"https:\\\/\\\/cpt.org\\\/es\\\/2025\\\/02\\\/04\\\/un-parto-revela-los-fallos-del-sistema#primaryimage\"},\"thumbnailUrl\":\"https:\\\/\\\/cpt.org\\\/wp-content\\\/uploads\\\/250124-AMS.png\",\"datePublished\":\"2025-02-04T10:23:21+00:00\",\"dateModified\":\"2025-02-04T10:23:28+00:00\",\"description\":\"Equipos y Comunidades de Acci\u00f3n por la Paz construye alianzas para transformar la violencia y la opresi\u00f3n. M\u00e1s de 35 a\u00f1os de acci\u00f3n por la paz y la justicia.\",\"breadcrumb\":{\"@id\":\"https:\\\/\\\/cpt.org\\\/es\\\/2025\\\/02\\\/04\\\/un-parto-revela-los-fallos-del-sistema#breadcrumb\"},\"inLanguage\":\"es\",\"potentialAction\":[{\"@type\":\"ReadAction\",\"target\":[\"https:\\\/\\\/cpt.org\\\/es\\\/2025\\\/02\\\/04\\\/un-parto-revela-los-fallos-del-sistema\"]}]},{\"@type\":\"ImageObject\",\"inLanguage\":\"es\",\"@id\":\"https:\\\/\\\/cpt.org\\\/es\\\/2025\\\/02\\\/04\\\/un-parto-revela-los-fallos-del-sistema#primaryimage\",\"url\":\"https:\\\/\\\/cpt.org\\\/wp-content\\\/uploads\\\/250124-AMS.png\",\"contentUrl\":\"https:\\\/\\\/cpt.org\\\/wp-content\\\/uploads\\\/250124-AMS.png\",\"width\":2880,\"height\":1920,\"caption\":\"Paramedics transfer a pregnant woman across rocky landscape\"},{\"@type\":\"BreadcrumbList\",\"@id\":\"https:\\\/\\\/cpt.org\\\/es\\\/2025\\\/02\\\/04\\\/un-parto-revela-los-fallos-del-sistema#breadcrumb\",\"itemListElement\":[{\"@type\":\"ListItem\",\"position\":1,\"name\":\"Home\",\"item\":\"https:\\\/\\\/cpt.org\\\/es\"},{\"@type\":\"ListItem\",\"position\":2,\"name\":\"Un parto revela los fallos del sistema\"}]},{\"@type\":\"WebSite\",\"@id\":\"https:\\\/\\\/cpt.org\\\/es#website\",\"url\":\"https:\\\/\\\/cpt.org\\\/es\",\"name\":\"Equipos y Comunidades de Acci\u00f3n por la Paz\",\"description\":\"Building partnerships to transform violence and oppression\",\"publisher\":{\"@id\":\"https:\\\/\\\/cpt.org\\\/es#organization\"},\"potentialAction\":[{\"@type\":\"SearchAction\",\"target\":{\"@type\":\"EntryPoint\",\"urlTemplate\":\"https:\\\/\\\/cpt.org\\\/es?s={search_term_string}\"},\"query-input\":{\"@type\":\"PropertyValueSpecification\",\"valueRequired\":true,\"valueName\":\"search_term_string\"}}],\"inLanguage\":\"es\"},{\"@type\":\"Organization\",\"@id\":\"https:\\\/\\\/cpt.org\\\/es#organization\",\"name\":\"Equipos y Comunidades de Acci\u00f3n por la Paz\",\"url\":\"https:\\\/\\\/cpt.org\\\/es\",\"logo\":{\"@type\":\"ImageObject\",\"inLanguage\":\"es\",\"@id\":\"https:\\\/\\\/cpt.org\\\/es#\\\/schema\\\/logo\\\/image\\\/\",\"url\":\"https:\\\/\\\/cpt.org\\\/wp-content\\\/uploads\\\/logoCPT-red-2.png\",\"contentUrl\":\"https:\\\/\\\/cpt.org\\\/wp-content\\\/uploads\\\/logoCPT-red-2.png\",\"width\":1730,\"height\":840,\"caption\":\"Equipos y Comunidades de Acci\u00f3n por la Paz\"},\"image\":{\"@id\":\"https:\\\/\\\/cpt.org\\\/es#\\\/schema\\\/logo\\\/image\\\/\"},\"sameAs\":[\"https:\\\/\\\/www.facebook.com\\\/cpters\",\"https:\\\/\\\/x.com\\\/cpt_intl\",\"https:\\\/\\\/www.instagram.com\\\/cpteams\\\/\",\"https:\\\/\\\/www.youtube.com\\\/user\\\/cptvideos\"]},{\"@type\":\"Person\",\"@id\":\"https:\\\/\\\/cpt.org\\\/es#\\\/schema\\\/person\\\/4aee0eafb765dba4677e375830bff8ff\",\"name\":\"CPT Aegean Migrant Solidarity\",\"image\":{\"@type\":\"ImageObject\",\"inLanguage\":\"es\",\"@id\":\"https:\\\/\\\/secure.gravatar.com\\\/avatar\\\/126f5952ce92e96b486d0550a3c2aadb3502e846b2a93e9d7073ae842d5c3378?s=96&r=g\",\"url\":\"https:\\\/\\\/secure.gravatar.com\\\/avatar\\\/126f5952ce92e96b486d0550a3c2aadb3502e846b2a93e9d7073ae842d5c3378?s=96&r=g\",\"contentUrl\":\"https:\\\/\\\/secure.gravatar.com\\\/avatar\\\/126f5952ce92e96b486d0550a3c2aadb3502e846b2a93e9d7073ae842d5c3378?s=96&r=g\",\"caption\":\"CPT Aegean Migrant Solidarity\"},\"url\":\"https:\\\/\\\/cpt.org\\\/es\\\/author\\\/cpt-aegean-migrant-solidarity\"}]}<\/script>\n<!-- \/ Yoast SEO Premium plugin. -->","yoast_head_json":{"title":"Un parto revela los fallos del sistema","description":"Equipos y Comunidades de Acci\u00f3n por la Paz construye alianzas para transformar la violencia y la opresi\u00f3n. M\u00e1s de 35 a\u00f1os de acci\u00f3n por la paz y la justicia.","robots":{"index":"index","follow":"follow","max-snippet":"max-snippet:-1","max-image-preview":"max-image-preview:large","max-video-preview":"max-video-preview:-1"},"canonical":"https:\/\/cpt.org\/es\/2025\/02\/04\/un-parto-revela-los-fallos-del-sistema","og_locale":"es_ES","og_type":"article","og_title":"Un parto revela los fallos del sistema","og_description":"Community Peacemaker Teams builds partnerships to transform violence and oppression. Over 35 years of action for peace and justice.","og_url":"https:\/\/cpt.org\/es\/2025\/02\/04\/un-parto-revela-los-fallos-del-sistema","og_site_name":"Equipos y Comunidades de Acci\u00f3n por la Paz","article_publisher":"https:\/\/www.facebook.com\/cpters","article_published_time":"2025-02-04T10:23:21+00:00","article_modified_time":"2025-02-04T10:23:28+00:00","og_image":[{"width":1024,"height":683,"url":"https:\/\/cpt.org\/wp-content\/uploads\/250124-AMS-1024x683.png","type":"image\/png"}],"author":"CPT Aegean Migrant Solidarity","twitter_card":"summary_large_image","twitter_creator":"@cpt_intl","twitter_site":"@cpt_intl","twitter_misc":{"Escrito por":"CPT Aegean Migrant Solidarity","Tiempo de lectura":"8 minutos"},"schema":{"@context":"https:\/\/schema.org","@graph":[{"@type":"Article","@id":"https:\/\/cpt.org\/es\/2025\/02\/04\/un-parto-revela-los-fallos-del-sistema#article","isPartOf":{"@id":"https:\/\/cpt.org\/es\/2025\/02\/04\/un-parto-revela-los-fallos-del-sistema"},"author":{"name":"CPT Aegean Migrant Solidarity","@id":"https:\/\/cpt.org\/es#\/schema\/person\/4aee0eafb765dba4677e375830bff8ff"},"headline":"Un parto revela los fallos del sistema","datePublished":"2025-02-04T10:23:21+00:00","dateModified":"2025-02-04T10:23:28+00:00","mainEntityOfPage":{"@id":"https:\/\/cpt.org\/es\/2025\/02\/04\/un-parto-revela-los-fallos-del-sistema"},"wordCount":1609,"publisher":{"@id":"https:\/\/cpt.org\/es#organization"},"image":{"@id":"https:\/\/cpt.org\/es\/2025\/02\/04\/un-parto-revela-los-fallos-del-sistema#primaryimage"},"thumbnailUrl":"https:\/\/cpt.org\/wp-content\/uploads\/250124-AMS.png","keywords":["Featured"],"articleSection":["Migrantes en la Regi\u00f3n Egea"],"inLanguage":"es"},{"@type":"WebPage","@id":"https:\/\/cpt.org\/es\/2025\/02\/04\/un-parto-revela-los-fallos-del-sistema","url":"https:\/\/cpt.org\/es\/2025\/02\/04\/un-parto-revela-los-fallos-del-sistema","name":"Un parto revela los fallos del sistema","isPartOf":{"@id":"https:\/\/cpt.org\/es#website"},"primaryImageOfPage":{"@id":"https:\/\/cpt.org\/es\/2025\/02\/04\/un-parto-revela-los-fallos-del-sistema#primaryimage"},"image":{"@id":"https:\/\/cpt.org\/es\/2025\/02\/04\/un-parto-revela-los-fallos-del-sistema#primaryimage"},"thumbnailUrl":"https:\/\/cpt.org\/wp-content\/uploads\/250124-AMS.png","datePublished":"2025-02-04T10:23:21+00:00","dateModified":"2025-02-04T10:23:28+00:00","description":"Equipos y Comunidades de Acci\u00f3n por la Paz construye alianzas para transformar la violencia y la opresi\u00f3n. M\u00e1s de 35 a\u00f1os de acci\u00f3n por la paz y la justicia.","breadcrumb":{"@id":"https:\/\/cpt.org\/es\/2025\/02\/04\/un-parto-revela-los-fallos-del-sistema#breadcrumb"},"inLanguage":"es","potentialAction":[{"@type":"ReadAction","target":["https:\/\/cpt.org\/es\/2025\/02\/04\/un-parto-revela-los-fallos-del-sistema"]}]},{"@type":"ImageObject","inLanguage":"es","@id":"https:\/\/cpt.org\/es\/2025\/02\/04\/un-parto-revela-los-fallos-del-sistema#primaryimage","url":"https:\/\/cpt.org\/wp-content\/uploads\/250124-AMS.png","contentUrl":"https:\/\/cpt.org\/wp-content\/uploads\/250124-AMS.png","width":2880,"height":1920,"caption":"Paramedics transfer a pregnant woman across rocky landscape"},{"@type":"BreadcrumbList","@id":"https:\/\/cpt.org\/es\/2025\/02\/04\/un-parto-revela-los-fallos-del-sistema#breadcrumb","itemListElement":[{"@type":"ListItem","position":1,"name":"Home","item":"https:\/\/cpt.org\/es"},{"@type":"ListItem","position":2,"name":"Un parto revela los fallos del sistema"}]},{"@type":"WebSite","@id":"https:\/\/cpt.org\/es#website","url":"https:\/\/cpt.org\/es","name":"Equipos y Comunidades de Acci\u00f3n por la Paz","description":"Building partnerships to transform violence and oppression","publisher":{"@id":"https:\/\/cpt.org\/es#organization"},"potentialAction":[{"@type":"SearchAction","target":{"@type":"EntryPoint","urlTemplate":"https:\/\/cpt.org\/es?s={search_term_string}"},"query-input":{"@type":"PropertyValueSpecification","valueRequired":true,"valueName":"search_term_string"}}],"inLanguage":"es"},{"@type":"Organization","@id":"https:\/\/cpt.org\/es#organization","name":"Equipos y Comunidades de Acci\u00f3n por la Paz","url":"https:\/\/cpt.org\/es","logo":{"@type":"ImageObject","inLanguage":"es","@id":"https:\/\/cpt.org\/es#\/schema\/logo\/image\/","url":"https:\/\/cpt.org\/wp-content\/uploads\/logoCPT-red-2.png","contentUrl":"https:\/\/cpt.org\/wp-content\/uploads\/logoCPT-red-2.png","width":1730,"height":840,"caption":"Equipos y Comunidades de Acci\u00f3n por la Paz"},"image":{"@id":"https:\/\/cpt.org\/es#\/schema\/logo\/image\/"},"sameAs":["https:\/\/www.facebook.com\/cpters","https:\/\/x.com\/cpt_intl","https:\/\/www.instagram.com\/cpteams\/","https:\/\/www.youtube.com\/user\/cptvideos"]},{"@type":"Person","@id":"https:\/\/cpt.org\/es#\/schema\/person\/4aee0eafb765dba4677e375830bff8ff","name":"CPT Aegean Migrant Solidarity","image":{"@type":"ImageObject","inLanguage":"es","@id":"https:\/\/secure.gravatar.com\/avatar\/126f5952ce92e96b486d0550a3c2aadb3502e846b2a93e9d7073ae842d5c3378?s=96&r=g","url":"https:\/\/secure.gravatar.com\/avatar\/126f5952ce92e96b486d0550a3c2aadb3502e846b2a93e9d7073ae842d5c3378?s=96&r=g","contentUrl":"https:\/\/secure.gravatar.com\/avatar\/126f5952ce92e96b486d0550a3c2aadb3502e846b2a93e9d7073ae842d5c3378?s=96&r=g","caption":"CPT Aegean Migrant Solidarity"},"url":"https:\/\/cpt.org\/es\/author\/cpt-aegean-migrant-solidarity"}]}},"_links":{"self":[{"href":"https:\/\/cpt.org\/es\/wp-json\/wp\/v2\/posts\/37956","targetHints":{"allow":["GET"]}}],"collection":[{"href":"https:\/\/cpt.org\/es\/wp-json\/wp\/v2\/posts"}],"about":[{"href":"https:\/\/cpt.org\/es\/wp-json\/wp\/v2\/types\/post"}],"author":[{"embeddable":true,"href":"https:\/\/cpt.org\/es\/wp-json\/wp\/v2\/users\/11"}],"replies":[{"embeddable":true,"href":"https:\/\/cpt.org\/es\/wp-json\/wp\/v2\/comments?post=37956"}],"version-history":[{"count":3,"href":"https:\/\/cpt.org\/es\/wp-json\/wp\/v2\/posts\/37956\/revisions"}],"predecessor-version":[{"id":37959,"href":"https:\/\/cpt.org\/es\/wp-json\/wp\/v2\/posts\/37956\/revisions\/37959"}],"wp:featuredmedia":[{"embeddable":true,"href":"https:\/\/cpt.org\/es\/wp-json\/wp\/v2\/media\/37824"}],"wp:attachment":[{"href":"https:\/\/cpt.org\/es\/wp-json\/wp\/v2\/media?parent=37956"}],"wp:term":[{"taxonomy":"category","embeddable":true,"href":"https:\/\/cpt.org\/es\/wp-json\/wp\/v2\/categories?post=37956"},{"taxonomy":"post_tag","embeddable":true,"href":"https:\/\/cpt.org\/es\/wp-json\/wp\/v2\/tags?post=37956"}],"curies":[{"name":"wp","href":"https:\/\/api.w.org\/{rel}","templated":true}]}}