{"id":41479,"date":"2026-04-28T06:34:44","date_gmt":"2026-04-28T11:34:44","guid":{"rendered":"https:\/\/cpt.org\/2026\/04\/28\/oremos-por-nuestra-tierra-en-peligro"},"modified":"2026-04-28T06:34:45","modified_gmt":"2026-04-28T11:34:45","slug":"oremos-por-nuestra-tierra-en-peligro","status":"publish","type":"post","link":"https:\/\/cpt.org\/es\/2026\/04\/28\/oremos-por-nuestra-tierra-en-peligro","title":{"rendered":"Oremos Por Nuestra Tierra En Peligro"},"content":{"rendered":"\n<p>El 22 de abril, personas de todo el mundo celebran el D\u00eda de la Tierra. Este a\u00f1o, parece que muchas de las pol\u00edticas medioambientales de nuestros gobiernos van precisamente en la direcci\u00f3n equivocada. En la Isla Tortuga, Canad\u00e1 se limita a hablar de boquilla sobre la idea de reducir las emisiones, pero nuestros gobiernos se apresuran a acelerar los proyectos de extracci\u00f3n de combustibles f\u00f3siles y de miner\u00eda, con la excusa de \u201cproteger\u201d nuestra econom\u00eda de los aranceles estadounidenses.<\/p>\n\n<p>El 17 de abril, integrantes de la Red de\u00a0Solidaridad en Isla Tortuga se unieron al jefe hereditario de los Wet\u2019suwet\u2019en, Na\u2019Moks, y a otras personas respetadas defensoras del medio ambiente, tanto ind\u00edgenas como colonos, para manifestarse frente a la oficina electoral de la ministra de Medio Ambiente, Julie Dabrusin, en Toronto. Esta acci\u00f3n formaba parte de una jornada de protesta en cinco ciudades canadienses contra la financiaci\u00f3n p\u00fablica de Canad\u00e1 para proyectos de &#8216;Liquefied Natural Gas\u2019 (Gas natural licuado, LNG, por sus siglas en ingl\u00e9s).<\/p>\n\n<p>Las personas oradoras se centraron en la financiaci\u00f3n federal del proyecto \u2018CGL\u2019 Fase 2, cuyo objetivo es duplicar la capacidad del gasoducto \u2018Coastal GasLink\u2019. Expusieron argumentos convincentes para demostrar que este proyecto no tiene sentido ni desde el punto de vista econ\u00f3mico ni desde el medioambiental. El \u2018CGL\u2019 no abastece al mercado canadiense, sino que transporta gas natural a trav\u00e9s del norte de Columbia Brit\u00e1nica hasta el puerto de Kitimat para su exportaci\u00f3n. En un momento en que la demanda mundial de gas natural est\u00e1 disminuyendo, Canad\u00e1 est\u00e1 invirtiendo fondos p\u00fablicos en proyectos de la \u2018LNG\u2019 en los que las empresas energ\u00e9ticas no est\u00e1n dispuestas a arriesgar su capital.<\/p>\n\n<p><span lang=\"es-HN\">Durante a\u00f1os, los jefes hereditarios de las personas Wet\u2019suwet\u2019en han luchado contra el proyecto \u2018CGL\u2019. Personas defensoras del agua de numerosas naciones ind\u00edgenas, junto con simpatizantes colonos, se han interpuesto con sus propios cuerpos ante las excavadoras y la polic\u00eda militarizada para intentar detener las obras. La Real Polic\u00eda Montada de Canad\u00e1 rode\u00f3 los bloqueos de las personas opositoras al gasoducto y detuvo a decenas de personas en el 2020 y el 2021, lo que desencaden\u00f3 protestas a lo largo del pa\u00eds. Las personas habitantes de Kitimat viven ahora bajo las antorchas que queman el exceso de gas natural d\u00eda y noche, con columnas de fuego que a veces <\/span><a href=\"https:\/\/cape.ca\/press_release\/ongoing-operational-defect-at-canadas-largest-lng-facility-overlooked-by-regulators-for-months-as-health-harming-flaring-exceeds-permits-by-40-times-on-average-for-warm-wet-and-cold-dry-flares\/\"><span lang=\"es-HN\">alcanzan los 90 metros de altura<\/span><\/a><span lang=\"es-HN\">, y se\u00a0<\/span><a href=\"https:\/\/www.cbc.ca\/news\/canada\/british-columbia\/kitimat-lng-gas-flare-anxiety-9.7169010\"><span lang=\"es-HN\">quejan de problemas respiratorios<\/span><\/a><span lang=\"es-HN\">. Algunas personas han recibido una compensaci\u00f3n econ\u00f3mica a cambio de firmar acuerdos de confidencialidad que les proh\u00edben hablar p\u00fablicamente sobre sus experiencias. Nadie, salvo los pol\u00edticos, parece defender la expansi\u00f3n del \u2018LNG\u2019, y sin embargo nuestro Gobierno sigue impulsando el proyecto.<\/span><\/p>\n\n<p><span lang=\"es-HN\">A dos mil kil\u00f3metros al este, las comunidades anishinaabe se est\u00e1n organizando para oponerse a la explotaci\u00f3n del &#8216;Ring of Fire\u2019 (Anillo de Fuego), una extensa zona de yacimientos minerales situada en el norte de Ontario. El Gobierno de Ontario ha hecho todo lo posible por fomentar la miner\u00eda, hasta el punto de aprobar el proyecto de Ley 5, la &#8216;<\/span><span lang=\"es-HN\">Protect Ontario by Unleashing our Economy Act\u2019 (<\/span><span lang=\"es-HN\">Ley para Proteger Ontario Impulsando Nuestra Econom\u00eda, lo que permite al Gobierno designar \u201czonas econ\u00f3micas especiales\u201d exentas de cualquier normativa provincial y municipal que considere oportuno, incluidos los procesos de consulta a los pueblos ind\u00edgenas. El primer ministro Doug Ford promete sin ning\u00fan reparo que la miner\u00eda traer\u00e1 el tipo de desarrollo que desean las comunidades locales \u2013 carreteras, centros comunitarios, etc. \u2013 como si el Gobierno no tuviera la responsabilidad de proporcionar estos servicios. <\/span><a href=\"https:\/\/cpt.org\/es\/2024\/01\/31\/les-ojibways-de-onigaming-se-unen-a-la-land-defense-alliance-alianza-para-la-defensa-de-la-tierra-para-proteger-la-soberania-indigena\"><span lang=\"es-HN\">Seis comunidades anishinaabe han firmado un Protocolo de Cooperaci\u00f3n Mutua<\/span><\/a><span lang=\"es-HN\"> para defender sus tierras y aguas de la exploraci\u00f3n minera a la que no han dado su consentimiento, y para exigir al Gobierno que adopte medidas que aborden las necesidades urgentes de sus comunidades. Como afirm\u00f3 el Jefe Jeffrey Copenace, de los ojibway de Onigaming: \u201cSi ustedes no van a ayudarnos a salvar nuestras vidas, entonces no pueden tener acceso a las tierras y a las aguas\u201d.<\/span><\/p>\n\n<p><span lang=\"es-HN\">El Gobierno de Ontario ha promovido la extracci\u00f3n de los denominados \u201cminerales cr\u00edticos\u201d en el &#8216;Ring of Fire\u2019 (Anillo de Fuego), como elemento esencial para una transici\u00f3n energ\u00e9tica que deje atr\u00e1s los combustibles f\u00f3siles. Minerales como la cromita, el cobre, el n\u00edquel, el platino y el titanio tienen, de hecho, una gran demanda para productos como los veh\u00edculos el\u00e9ctricos, los dispositivos digitales y las tecnolog\u00edas militares. Sin embargo, calificar estos aspectos de \u201ccr\u00edticos\u201d denota una falta de imaginaci\u00f3n. \u00bfCu\u00e1ntos veh\u00edculos el\u00e9ctricos necesitar\u00edamos si todas las ciudades de Ontario contaran con un sistema de transporte p\u00fablico eficiente? \u00bfEn qu\u00e9 medida se podr\u00eda reducir la demanda de minerales mediante un mejor reciclaje de los dispositivos electr\u00f3nicos y la adopci\u00f3n de normativas contra la obsolescencia programada? \u00bfCu\u00e1nto da\u00f1o medioambiental se podr\u00eda evitar si nuestra pol\u00edtica de defensa nacional se basara en la diplomacia y la consolidaci\u00f3n de la paz, en lugar de en los preparativos militares? Como se\u00f1al\u00f3 Ram\u00f3n Kataquapit, un l\u00edder juvenil con ra\u00edces en la Primera Naci\u00f3n de Attawapiskat, durante la manifestaci\u00f3n \u2018No to LNG\u2019 (No a la \u2018LNG\u2019) las turberas del norte de Ontario constituyen un enorme sumidero de carbono, uno de los \u201cpulmones de la Tierra\u201d. La vida que sustentan es mucho m\u00e1s valiosa que los minerales que se encuentran bajo ellas.<\/span><\/p>\n\n<p>Ahora que llega la primavera al hemisferio norte, les invitamos a orar por la Tierra:<\/p>\n\n<ul class=\"wp-block-list\">\n<li>Oremos con gratitud por la Tierra, que sigue sustent\u00e1ndonos a nosotres y a los dem\u00e1s seres vivos y rode\u00e1ndonos de belleza, a pesar de la destrucci\u00f3n ecol\u00f3gica;<\/li>\n\n\n\n<li>Oremos por las personas que viven de la tierra y cuyo sustento se ve amenazado por el cambio clim\u00e1tico;<\/li>\n\n\n\n<li>Oremos por la seguridad y el apoyo de quienes defienden la tierra y el agua;<\/li>\n\n\n\n<li>Oremos para que las personas tengan esperanza y valor para actuar en defensa de la Tierra;<\/li>\n\n\n\n<li>Oremos por la transformaci\u00f3n de nuestros sistemas pol\u00edticos y econ\u00f3micos, para que den prioridad a la vida por encima de los beneficios econ\u00f3micos.<\/li>\n<\/ul>\n\n<p><\/p>\n","protected":false},"excerpt":{"rendered":"<p>El 22 de abril, personas de todo el mundo celebran el D\u00eda de la Tierra. Este a\u00f1o, parece que muchas de las pol\u00edticas medioambientales de nuestros gobiernos van precisamente en la direcci\u00f3n equivocada. En la Isla Tortuga, Canad\u00e1 se limita a hablar de boquilla sobre la idea de reducir las emisiones, pero nuestros gobiernos se [&hellip;]<\/p>\n","protected":false},"author":10,"featured_media":41478,"comment_status":"closed","ping_status":"closed","sticky":false,"template":"","format":"standard","meta":{"footnotes":""},"categories":[241],"tags":[187],"class_list":["post-41479","post","type-post","status-publish","format-standard","has-post-thumbnail","hentry","category-red-de-solidaridad-de-la-isla-tortuga","tag-oraciones-por-les-trabajadores-de-paz"],"yoast_head":"<!-- This site is optimized with the Yoast SEO Premium plugin v27.4 (Yoast SEO v27.4) - https:\/\/yoast.com\/product\/yoast-seo-premium-wordpress\/ -->\n<title>Oremos Por Nuestra Tierra En Peligro<\/title>\n<meta name=\"description\" content=\"Equipos y Comunidades de Acci\u00f3n por la Paz construye alianzas para transformar la violencia y la opresi\u00f3n. M\u00e1s de 35 a\u00f1os de acci\u00f3n por la paz y la justicia.\" \/>\n<meta name=\"robots\" content=\"index, follow, max-snippet:-1, max-image-preview:large, max-video-preview:-1\" \/>\n<link rel=\"canonical\" href=\"https:\/\/cpt.org\/es\/2026\/04\/28\/oremos-por-nuestra-tierra-en-peligro\" \/>\n<meta property=\"og:locale\" content=\"es_ES\" \/>\n<meta property=\"og:type\" content=\"article\" \/>\n<meta property=\"og:title\" content=\"Oremos Por Nuestra Tierra En Peligro\" \/>\n<meta property=\"og:description\" content=\"Community Peacemaker Teams builds partnerships to transform violence and oppression. Over 35 years of action for peace and justice.\" \/>\n<meta property=\"og:url\" content=\"https:\/\/cpt.org\/es\/2026\/04\/28\/oremos-por-nuestra-tierra-en-peligro\" \/>\n<meta property=\"og:site_name\" content=\"Equipos y Comunidades de Acci\u00f3n por la Paz\" \/>\n<meta property=\"article:publisher\" content=\"https:\/\/www.facebook.com\/cpters\" \/>\n<meta property=\"article:published_time\" content=\"2026-04-28T11:34:44+00:00\" \/>\n<meta property=\"article:modified_time\" content=\"2026-04-28T11:34:45+00:00\" \/>\n<meta property=\"og:image\" content=\"https:\/\/cpt.org\/wp-content\/uploads\/260424-TISN-1.jpg\" \/>\n\t<meta property=\"og:image:width\" content=\"1565\" \/>\n\t<meta property=\"og:image:height\" content=\"1174\" \/>\n\t<meta property=\"og:image:type\" content=\"image\/jpeg\" \/>\n<meta name=\"author\" content=\"CPT Turtle Island Solidarity Network\" \/>\n<meta name=\"twitter:card\" content=\"summary_large_image\" \/>\n<meta name=\"twitter:creator\" content=\"@cpt_intl\" \/>\n<meta name=\"twitter:site\" content=\"@cpt_intl\" \/>\n<meta name=\"twitter:label1\" content=\"Escrito por\" \/>\n\t<meta name=\"twitter:data1\" content=\"CPT Turtle Island Solidarity Network\" \/>\n\t<meta name=\"twitter:label2\" content=\"Tiempo de lectura\" \/>\n\t<meta name=\"twitter:data2\" content=\"5 minutos\" \/>\n<script type=\"application\/ld+json\" class=\"yoast-schema-graph\">{\"@context\":\"https:\\\/\\\/schema.org\",\"@graph\":[{\"@type\":\"Article\",\"@id\":\"https:\\\/\\\/cpt.org\\\/es\\\/2026\\\/04\\\/28\\\/oremos-por-nuestra-tierra-en-peligro#article\",\"isPartOf\":{\"@id\":\"https:\\\/\\\/cpt.org\\\/es\\\/2026\\\/04\\\/28\\\/oremos-por-nuestra-tierra-en-peligro\"},\"author\":{\"name\":\"CPT Turtle Island Solidarity Network\",\"@id\":\"https:\\\/\\\/cpt.org\\\/es#\\\/schema\\\/person\\\/0397463f80e186355b1b332a94573147\"},\"headline\":\"Oremos Por Nuestra Tierra En Peligro\",\"datePublished\":\"2026-04-28T11:34:44+00:00\",\"dateModified\":\"2026-04-28T11:34:45+00:00\",\"mainEntityOfPage\":{\"@id\":\"https:\\\/\\\/cpt.org\\\/es\\\/2026\\\/04\\\/28\\\/oremos-por-nuestra-tierra-en-peligro\"},\"wordCount\":1071,\"publisher\":{\"@id\":\"https:\\\/\\\/cpt.org\\\/es#organization\"},\"image\":{\"@id\":\"https:\\\/\\\/cpt.org\\\/es\\\/2026\\\/04\\\/28\\\/oremos-por-nuestra-tierra-en-peligro#primaryimage\"},\"thumbnailUrl\":\"https:\\\/\\\/cpt.org\\\/wp-content\\\/uploads\\\/260424-TISN-1.jpg\",\"keywords\":[\"Oraciones por les Trabajadores de Paz\"],\"articleSection\":[\"Red de Solidaridad de la Isla Tortuga\"],\"inLanguage\":\"es\"},{\"@type\":\"WebPage\",\"@id\":\"https:\\\/\\\/cpt.org\\\/es\\\/2026\\\/04\\\/28\\\/oremos-por-nuestra-tierra-en-peligro\",\"url\":\"https:\\\/\\\/cpt.org\\\/es\\\/2026\\\/04\\\/28\\\/oremos-por-nuestra-tierra-en-peligro\",\"name\":\"Oremos Por Nuestra Tierra En Peligro\",\"isPartOf\":{\"@id\":\"https:\\\/\\\/cpt.org\\\/es#website\"},\"primaryImageOfPage\":{\"@id\":\"https:\\\/\\\/cpt.org\\\/es\\\/2026\\\/04\\\/28\\\/oremos-por-nuestra-tierra-en-peligro#primaryimage\"},\"image\":{\"@id\":\"https:\\\/\\\/cpt.org\\\/es\\\/2026\\\/04\\\/28\\\/oremos-por-nuestra-tierra-en-peligro#primaryimage\"},\"thumbnailUrl\":\"https:\\\/\\\/cpt.org\\\/wp-content\\\/uploads\\\/260424-TISN-1.jpg\",\"datePublished\":\"2026-04-28T11:34:44+00:00\",\"dateModified\":\"2026-04-28T11:34:45+00:00\",\"description\":\"Equipos y Comunidades de Acci\u00f3n por la Paz construye alianzas para transformar la violencia y la opresi\u00f3n. M\u00e1s de 35 a\u00f1os de acci\u00f3n por la paz y la justicia.\",\"breadcrumb\":{\"@id\":\"https:\\\/\\\/cpt.org\\\/es\\\/2026\\\/04\\\/28\\\/oremos-por-nuestra-tierra-en-peligro#breadcrumb\"},\"inLanguage\":\"es\",\"potentialAction\":[{\"@type\":\"ReadAction\",\"target\":[\"https:\\\/\\\/cpt.org\\\/es\\\/2026\\\/04\\\/28\\\/oremos-por-nuestra-tierra-en-peligro\"]}]},{\"@type\":\"ImageObject\",\"inLanguage\":\"es\",\"@id\":\"https:\\\/\\\/cpt.org\\\/es\\\/2026\\\/04\\\/28\\\/oremos-por-nuestra-tierra-en-peligro#primaryimage\",\"url\":\"https:\\\/\\\/cpt.org\\\/wp-content\\\/uploads\\\/260424-TISN-1.jpg\",\"contentUrl\":\"https:\\\/\\\/cpt.org\\\/wp-content\\\/uploads\\\/260424-TISN-1.jpg\",\"width\":1565,\"height\":1174,\"caption\":\"Oradores en la manifestaci\u00f3n 'No to LNG\u2019 (No a la \u2018LNG\u2019) del 17 de abril, junto a una r\u00e9plica de una antorcha industrial frente a la oficina de la ministra de Medio Ambiente, Julie Dabrusin: el jefe Na\u2019Moks (naci\u00f3n Wet\u2019suwet\u2019en), Janelle Lapointe \u2018David Suzuki Foundation\u2019 (Fundaci\u00f3n David Suzuki), Gwii LOK\u2019im Gibuu \u2018Jesse Stoeppler, Skeena Watershed Conservation Coalition\u2019 (Jesse Stoeppler, Coalici\u00f3n para la Conservaci\u00f3n de la Cuenca del Skeena), Eve Saint (Gidimt\u2019en Checkpoint y 8th Fire Rising), Richard Brooks (Stand.Earth), Samantha Green, \u2018Canadian Association of Physicians for the Environment\u2019 (Asociaci\u00f3n Canadiense de M\u00e9dicos por el Medio Ambiente), Ram\u00f3n Kataquapit y Jon Enosse-Trudeau (Okiniwak).\"},{\"@type\":\"BreadcrumbList\",\"@id\":\"https:\\\/\\\/cpt.org\\\/es\\\/2026\\\/04\\\/28\\\/oremos-por-nuestra-tierra-en-peligro#breadcrumb\",\"itemListElement\":[{\"@type\":\"ListItem\",\"position\":1,\"name\":\"Home\",\"item\":\"https:\\\/\\\/cpt.org\\\/es\"},{\"@type\":\"ListItem\",\"position\":2,\"name\":\"Oremos Por Nuestra Tierra En Peligro\"}]},{\"@type\":\"WebSite\",\"@id\":\"https:\\\/\\\/cpt.org\\\/es#website\",\"url\":\"https:\\\/\\\/cpt.org\\\/es\",\"name\":\"Equipos y Comunidades de Acci\u00f3n por la Paz\",\"description\":\"Building partnerships to transform violence and oppression\",\"publisher\":{\"@id\":\"https:\\\/\\\/cpt.org\\\/es#organization\"},\"potentialAction\":[{\"@type\":\"SearchAction\",\"target\":{\"@type\":\"EntryPoint\",\"urlTemplate\":\"https:\\\/\\\/cpt.org\\\/es?s={search_term_string}\"},\"query-input\":{\"@type\":\"PropertyValueSpecification\",\"valueRequired\":true,\"valueName\":\"search_term_string\"}}],\"inLanguage\":\"es\"},{\"@type\":\"Organization\",\"@id\":\"https:\\\/\\\/cpt.org\\\/es#organization\",\"name\":\"Equipos y Comunidades de Acci\u00f3n por la Paz\",\"url\":\"https:\\\/\\\/cpt.org\\\/es\",\"logo\":{\"@type\":\"ImageObject\",\"inLanguage\":\"es\",\"@id\":\"https:\\\/\\\/cpt.org\\\/es#\\\/schema\\\/logo\\\/image\\\/\",\"url\":\"https:\\\/\\\/cpt.org\\\/wp-content\\\/uploads\\\/logoCPT-red-2.png\",\"contentUrl\":\"https:\\\/\\\/cpt.org\\\/wp-content\\\/uploads\\\/logoCPT-red-2.png\",\"width\":1730,\"height\":840,\"caption\":\"Equipos y Comunidades de Acci\u00f3n por la Paz\"},\"image\":{\"@id\":\"https:\\\/\\\/cpt.org\\\/es#\\\/schema\\\/logo\\\/image\\\/\"},\"sameAs\":[\"https:\\\/\\\/www.facebook.com\\\/cpters\",\"https:\\\/\\\/x.com\\\/cpt_intl\",\"https:\\\/\\\/www.instagram.com\\\/cpteams\\\/\",\"https:\\\/\\\/www.youtube.com\\\/user\\\/cptvideos\"]},{\"@type\":\"Person\",\"@id\":\"https:\\\/\\\/cpt.org\\\/es#\\\/schema\\\/person\\\/0397463f80e186355b1b332a94573147\",\"name\":\"CPT Turtle Island Solidarity Network\",\"image\":{\"@type\":\"ImageObject\",\"inLanguage\":\"es\",\"@id\":\"https:\\\/\\\/secure.gravatar.com\\\/avatar\\\/f8e2893a53064397ff49fc77fc0def4a639ed2a4f6d2100ceb46e18e988b0b01?s=96&r=g\",\"url\":\"https:\\\/\\\/secure.gravatar.com\\\/avatar\\\/f8e2893a53064397ff49fc77fc0def4a639ed2a4f6d2100ceb46e18e988b0b01?s=96&r=g\",\"contentUrl\":\"https:\\\/\\\/secure.gravatar.com\\\/avatar\\\/f8e2893a53064397ff49fc77fc0def4a639ed2a4f6d2100ceb46e18e988b0b01?s=96&r=g\",\"caption\":\"CPT Turtle Island Solidarity Network\"},\"url\":\"https:\\\/\\\/cpt.org\\\/es\\\/author\\\/cpt-turtle-island-solidarity-network\"}]}<\/script>\n<!-- \/ Yoast SEO Premium plugin. -->","yoast_head_json":{"title":"Oremos Por Nuestra Tierra En Peligro","description":"Equipos y Comunidades de Acci\u00f3n por la Paz construye alianzas para transformar la violencia y la opresi\u00f3n. M\u00e1s de 35 a\u00f1os de acci\u00f3n por la paz y la justicia.","robots":{"index":"index","follow":"follow","max-snippet":"max-snippet:-1","max-image-preview":"max-image-preview:large","max-video-preview":"max-video-preview:-1"},"canonical":"https:\/\/cpt.org\/es\/2026\/04\/28\/oremos-por-nuestra-tierra-en-peligro","og_locale":"es_ES","og_type":"article","og_title":"Oremos Por Nuestra Tierra En Peligro","og_description":"Community Peacemaker Teams builds partnerships to transform violence and oppression. Over 35 years of action for peace and justice.","og_url":"https:\/\/cpt.org\/es\/2026\/04\/28\/oremos-por-nuestra-tierra-en-peligro","og_site_name":"Equipos y Comunidades de Acci\u00f3n por la Paz","article_publisher":"https:\/\/www.facebook.com\/cpters","article_published_time":"2026-04-28T11:34:44+00:00","article_modified_time":"2026-04-28T11:34:45+00:00","og_image":[{"width":1565,"height":1174,"url":"https:\/\/cpt.org\/wp-content\/uploads\/260424-TISN-1.jpg","type":"image\/jpeg"}],"author":"CPT Turtle Island Solidarity Network","twitter_card":"summary_large_image","twitter_creator":"@cpt_intl","twitter_site":"@cpt_intl","twitter_misc":{"Escrito por":"CPT Turtle Island Solidarity Network","Tiempo de lectura":"5 minutos"},"schema":{"@context":"https:\/\/schema.org","@graph":[{"@type":"Article","@id":"https:\/\/cpt.org\/es\/2026\/04\/28\/oremos-por-nuestra-tierra-en-peligro#article","isPartOf":{"@id":"https:\/\/cpt.org\/es\/2026\/04\/28\/oremos-por-nuestra-tierra-en-peligro"},"author":{"name":"CPT Turtle Island Solidarity Network","@id":"https:\/\/cpt.org\/es#\/schema\/person\/0397463f80e186355b1b332a94573147"},"headline":"Oremos Por Nuestra Tierra En Peligro","datePublished":"2026-04-28T11:34:44+00:00","dateModified":"2026-04-28T11:34:45+00:00","mainEntityOfPage":{"@id":"https:\/\/cpt.org\/es\/2026\/04\/28\/oremos-por-nuestra-tierra-en-peligro"},"wordCount":1071,"publisher":{"@id":"https:\/\/cpt.org\/es#organization"},"image":{"@id":"https:\/\/cpt.org\/es\/2026\/04\/28\/oremos-por-nuestra-tierra-en-peligro#primaryimage"},"thumbnailUrl":"https:\/\/cpt.org\/wp-content\/uploads\/260424-TISN-1.jpg","keywords":["Oraciones por les Trabajadores de Paz"],"articleSection":["Red de Solidaridad de la Isla Tortuga"],"inLanguage":"es"},{"@type":"WebPage","@id":"https:\/\/cpt.org\/es\/2026\/04\/28\/oremos-por-nuestra-tierra-en-peligro","url":"https:\/\/cpt.org\/es\/2026\/04\/28\/oremos-por-nuestra-tierra-en-peligro","name":"Oremos Por Nuestra Tierra En Peligro","isPartOf":{"@id":"https:\/\/cpt.org\/es#website"},"primaryImageOfPage":{"@id":"https:\/\/cpt.org\/es\/2026\/04\/28\/oremos-por-nuestra-tierra-en-peligro#primaryimage"},"image":{"@id":"https:\/\/cpt.org\/es\/2026\/04\/28\/oremos-por-nuestra-tierra-en-peligro#primaryimage"},"thumbnailUrl":"https:\/\/cpt.org\/wp-content\/uploads\/260424-TISN-1.jpg","datePublished":"2026-04-28T11:34:44+00:00","dateModified":"2026-04-28T11:34:45+00:00","description":"Equipos y Comunidades de Acci\u00f3n por la Paz construye alianzas para transformar la violencia y la opresi\u00f3n. M\u00e1s de 35 a\u00f1os de acci\u00f3n por la paz y la justicia.","breadcrumb":{"@id":"https:\/\/cpt.org\/es\/2026\/04\/28\/oremos-por-nuestra-tierra-en-peligro#breadcrumb"},"inLanguage":"es","potentialAction":[{"@type":"ReadAction","target":["https:\/\/cpt.org\/es\/2026\/04\/28\/oremos-por-nuestra-tierra-en-peligro"]}]},{"@type":"ImageObject","inLanguage":"es","@id":"https:\/\/cpt.org\/es\/2026\/04\/28\/oremos-por-nuestra-tierra-en-peligro#primaryimage","url":"https:\/\/cpt.org\/wp-content\/uploads\/260424-TISN-1.jpg","contentUrl":"https:\/\/cpt.org\/wp-content\/uploads\/260424-TISN-1.jpg","width":1565,"height":1174,"caption":"Oradores en la manifestaci\u00f3n 'No to LNG\u2019 (No a la \u2018LNG\u2019) del 17 de abril, junto a una r\u00e9plica de una antorcha industrial frente a la oficina de la ministra de Medio Ambiente, Julie Dabrusin: el jefe Na\u2019Moks (naci\u00f3n Wet\u2019suwet\u2019en), Janelle Lapointe \u2018David Suzuki Foundation\u2019 (Fundaci\u00f3n David Suzuki), Gwii LOK\u2019im Gibuu \u2018Jesse Stoeppler, Skeena Watershed Conservation Coalition\u2019 (Jesse Stoeppler, Coalici\u00f3n para la Conservaci\u00f3n de la Cuenca del Skeena), Eve Saint (Gidimt\u2019en Checkpoint y 8th Fire Rising), Richard Brooks (Stand.Earth), Samantha Green, \u2018Canadian Association of Physicians for the Environment\u2019 (Asociaci\u00f3n Canadiense de M\u00e9dicos por el Medio Ambiente), Ram\u00f3n Kataquapit y Jon Enosse-Trudeau (Okiniwak)."},{"@type":"BreadcrumbList","@id":"https:\/\/cpt.org\/es\/2026\/04\/28\/oremos-por-nuestra-tierra-en-peligro#breadcrumb","itemListElement":[{"@type":"ListItem","position":1,"name":"Home","item":"https:\/\/cpt.org\/es"},{"@type":"ListItem","position":2,"name":"Oremos Por Nuestra Tierra En Peligro"}]},{"@type":"WebSite","@id":"https:\/\/cpt.org\/es#website","url":"https:\/\/cpt.org\/es","name":"Equipos y Comunidades de Acci\u00f3n por la Paz","description":"Building partnerships to transform violence and oppression","publisher":{"@id":"https:\/\/cpt.org\/es#organization"},"potentialAction":[{"@type":"SearchAction","target":{"@type":"EntryPoint","urlTemplate":"https:\/\/cpt.org\/es?s={search_term_string}"},"query-input":{"@type":"PropertyValueSpecification","valueRequired":true,"valueName":"search_term_string"}}],"inLanguage":"es"},{"@type":"Organization","@id":"https:\/\/cpt.org\/es#organization","name":"Equipos y Comunidades de Acci\u00f3n por la Paz","url":"https:\/\/cpt.org\/es","logo":{"@type":"ImageObject","inLanguage":"es","@id":"https:\/\/cpt.org\/es#\/schema\/logo\/image\/","url":"https:\/\/cpt.org\/wp-content\/uploads\/logoCPT-red-2.png","contentUrl":"https:\/\/cpt.org\/wp-content\/uploads\/logoCPT-red-2.png","width":1730,"height":840,"caption":"Equipos y Comunidades de Acci\u00f3n por la Paz"},"image":{"@id":"https:\/\/cpt.org\/es#\/schema\/logo\/image\/"},"sameAs":["https:\/\/www.facebook.com\/cpters","https:\/\/x.com\/cpt_intl","https:\/\/www.instagram.com\/cpteams\/","https:\/\/www.youtube.com\/user\/cptvideos"]},{"@type":"Person","@id":"https:\/\/cpt.org\/es#\/schema\/person\/0397463f80e186355b1b332a94573147","name":"CPT Turtle Island Solidarity Network","image":{"@type":"ImageObject","inLanguage":"es","@id":"https:\/\/secure.gravatar.com\/avatar\/f8e2893a53064397ff49fc77fc0def4a639ed2a4f6d2100ceb46e18e988b0b01?s=96&r=g","url":"https:\/\/secure.gravatar.com\/avatar\/f8e2893a53064397ff49fc77fc0def4a639ed2a4f6d2100ceb46e18e988b0b01?s=96&r=g","contentUrl":"https:\/\/secure.gravatar.com\/avatar\/f8e2893a53064397ff49fc77fc0def4a639ed2a4f6d2100ceb46e18e988b0b01?s=96&r=g","caption":"CPT Turtle Island Solidarity Network"},"url":"https:\/\/cpt.org\/es\/author\/cpt-turtle-island-solidarity-network"}]}},"_links":{"self":[{"href":"https:\/\/cpt.org\/es\/wp-json\/wp\/v2\/posts\/41479","targetHints":{"allow":["GET"]}}],"collection":[{"href":"https:\/\/cpt.org\/es\/wp-json\/wp\/v2\/posts"}],"about":[{"href":"https:\/\/cpt.org\/es\/wp-json\/wp\/v2\/types\/post"}],"author":[{"embeddable":true,"href":"https:\/\/cpt.org\/es\/wp-json\/wp\/v2\/users\/10"}],"replies":[{"embeddable":true,"href":"https:\/\/cpt.org\/es\/wp-json\/wp\/v2\/comments?post=41479"}],"version-history":[{"count":1,"href":"https:\/\/cpt.org\/es\/wp-json\/wp\/v2\/posts\/41479\/revisions"}],"predecessor-version":[{"id":41480,"href":"https:\/\/cpt.org\/es\/wp-json\/wp\/v2\/posts\/41479\/revisions\/41480"}],"wp:featuredmedia":[{"embeddable":true,"href":"https:\/\/cpt.org\/es\/wp-json\/wp\/v2\/media\/41478"}],"wp:attachment":[{"href":"https:\/\/cpt.org\/es\/wp-json\/wp\/v2\/media?parent=41479"}],"wp:term":[{"taxonomy":"category","embeddable":true,"href":"https:\/\/cpt.org\/es\/wp-json\/wp\/v2\/categories?post=41479"},{"taxonomy":"post_tag","embeddable":true,"href":"https:\/\/cpt.org\/es\/wp-json\/wp\/v2\/tags?post=41479"}],"curies":[{"name":"wp","href":"https:\/\/api.w.org\/{rel}","templated":true}]}}