{"id":41482,"date":"2026-04-28T07:36:20","date_gmt":"2026-04-28T12:36:20","guid":{"rendered":"https:\/\/cpt.org\/2026\/04\/28\/a-pesar-del-alto-el-fuego-iran-y-los-grupos-afines-siguen-lanzando-ataques-contra-la-region-del-kurdistan-de-irak"},"modified":"2026-04-28T07:36:21","modified_gmt":"2026-04-28T12:36:21","slug":"a-pesar-del-alto-el-fuego-iran-y-los-grupos-afines-siguen-lanzando-ataques-contra-la-region-del-kurdistan-de-irak","status":"publish","type":"post","link":"https:\/\/cpt.org\/es\/2026\/04\/28\/a-pesar-del-alto-el-fuego-iran-y-los-grupos-afines-siguen-lanzando-ataques-contra-la-region-del-kurdistan-de-irak","title":{"rendered":"A pesar del alto el fuego, Ir\u00e1n y los grupos afines siguen lanzando ataques contra la Regi\u00f3n del Kurdist\u00e1n de Irak"},"content":{"rendered":"\n<p><span lang=\"es-HN\">Entre el 28 de febrero y el anuncio del alto el fuego el 8 de abril, se registraron un <\/span><strong><span lang=\"es-HN\">total de 647 ataques<\/span><\/strong><span lang=\"es-HN\">. A pesar del alto el fuego, los ataques han continuado. <\/span><strong><span lang=\"es-HN\">Entre el 8 y el 24 de abril se llevaron a cabo otros 48 ataques, lo que eleva el n\u00famero total desde el inicio del conflicto a 695. <\/span><\/strong><span lang=\"es-HN\">Durante el periodo de alto el fuego, los campamentos y las bases de los partidos kurdos de la oposici\u00f3n iran\u00ed fueron los principales objetivos. En comparaci\u00f3n con el periodo anterior al alto el fuego, una mayor proporci\u00f3n de los ataques fueron llevados a cabo directamente por Ir\u00e1n.<\/span><\/p>\n\n<p id=\"h-patterns-of-attacks-28-february-8-april\"><strong><span lang=\"es-HN\">Patrones de los ataques (28 de febrero\u20138 de abril)<\/span><\/strong><\/p>\n\n<p><span lang=\"es-HN\">Durante los primeros 40 d\u00edas de guerra (del 28 de febrero al 8 de abril), el Cuerpo de la Guardia Revolucionaria Isl\u00e1mica (CGRI) y los grupos afiliados llevaron a <\/span><strong><span lang=\"es-HN\">cabo 647 ataques<\/span><\/strong><span lang=\"es-HN\"> contra la Regi\u00f3n del Kurdist\u00e1n:<\/span><\/p>\n\n<ul class=\"wp-block-list\">\n<li><span lang=\"es-HN\">Las instalaciones diplom\u00e1ticas y militares estadounidenses fueron las m\u00e1s atacadas, con un total de <\/span><strong><span lang=\"es-HN\">277 ataques<\/span><\/strong><span lang=\"es-HN\">.<\/span><\/li>\n\n\n\n<li><span lang=\"es-HN\">Las infraestructuras civiles y no beligerantes, incluidas las instalaciones de las personas peshmerga, las zonas residenciales, los yacimientos petrol\u00edferos, las refiner\u00edas, las empresas de telecomunicaciones y otros emplazamientos civiles, fueron objeto de <\/span><strong><span lang=\"es-HN\">224 ataques<\/span><\/strong><span lang=\"es-HN\">.<\/span><\/li>\n\n\n\n<li><span lang=\"es-HN\">Los campamentos y las bases del partido kurdo de la oposici\u00f3n iran\u00ed fueron objeto de <\/span><strong><span lang=\"es-HN\">146 ataques<\/span><\/strong><span lang=\"es-HN\">.<\/span><\/li>\n<\/ul>\n\n<p><\/p>\n\n<p><strong><span lang=\"es-HN\">El CGRI fue responsable del 31.8 % de los ataques, mientras que los grupos afiliados llevaron a cabo el 68.2 %. En total, el 42.8 % de los ataques tuvieron como objetivo instalaciones estadounidenses.<\/span><\/strong><\/p>\n\n<p id=\"h-attacks-during-the-ceasefire-8-24-april\"><strong><span lang=\"es-HN\">Ataques durante el alto el fuego (8\u201324 de abril)<\/span><\/strong><\/p>\n\n<p>A pesar de que se esperaba que la violencia remitiera tras el anuncio del alto el fuego y el inicio de las negociaciones en Islamabad, los ataques continuaron.<\/p>\n\n<p><span lang=\"es-HN\">Durante este periodo se registraron <\/span><strong><span lang=\"es-HN\">48 ataques<\/span><\/strong><span lang=\"es-HN\">:<\/span><\/p>\n\n<ul class=\"wp-block-list\">\n<li><span lang=\"es-HN\">El <\/span><strong><span lang=\"es-HN\">75%<\/span><\/strong><span lang=\"es-HN\"> perpetrados por el CGRI<\/span><b> <\/b><\/li>\n\n\n\n<li><span lang=\"es-HN\">El <\/span><strong><span lang=\"es-HN\">25%<\/span><\/strong><span lang=\"es-HN\"> por grupos afiliados<\/span><\/li>\n<\/ul>\n\n<p><\/p>\n\n<p>Esto supone un cambio notable, ya que el CGRI lleva a cabo una mayor proporci\u00f3n de ataques en comparaci\u00f3n con el periodo anterior al alto el fuego.<\/p>\n\n<p>Los patrones de los ataques tambi\u00e9n han cambiado:<\/p>\n\n<ul class=\"wp-block-list\">\n<li><span lang=\"es-HN\">Grupos de la oposici\u00f3n kurda iran\u00ed: <\/span><strong><span lang=\"es-HN\">37 ataques<\/span><\/strong><span lang=\"es-HN\"> (77.1 %)<\/span><\/li>\n\n\n\n<li><span lang=\"es-HN\">Zonas civiles e instalaciones de las personas peshmerga: <\/span><strong><span lang=\"es-HN\">7 ataques<\/span><\/strong><span lang=\"es-HN\"> (14.6 %)<\/span><\/li>\n\n\n\n<li><span lang=\"es-HN\">Instalaciones diplom\u00e1ticas y militares estadounidenses: <\/span><strong><span lang=\"es-HN\">4 ataques<\/span><\/strong><span lang=\"es-HN\"> (8.3 %)<\/span><\/li>\n<\/ul>\n\n<p><\/p>\n\n<p>Esta tendencia indica un cambio de enfoque, pasando de los objetivos estadounidenses a los grupos de la oposici\u00f3n kurda iran\u00ed dentro de la Regi\u00f3n del Kurdist\u00e1n. Adem\u00e1s, pone de manifiesto que el alto el fuego entre Estados Unidos e Ir\u00e1n no ha supuesto el fin de la violencia en la regi\u00f3n.<\/p>\n\n<p id=\"h-overall-analysis-of-attacks\"><strong><span lang=\"es-HN\">An\u00e1lisis general de los ataques<\/span><\/strong><\/p>\n\n<p>Desde el 28 de febrero hasta el 24 de abril del 2026:<\/p>\n\n<ul class=\"wp-block-list\">\n<li><span lang=\"es-HN\">Total de ataques: <\/span><strong><span lang=\"es-HN\">695<\/span><\/strong><\/li>\n\n\n\n<li><span lang=\"es-HN\">Perpetrados directamente por Ir\u00e1n:\u00a0<\/span><strong><span lang=\"es-HN\">34.8%<\/span><\/strong><\/li>\n\n\n\n<li><span lang=\"es-HN\">Perpetrados por grupos afiliados:\u00a0<\/span><strong><span lang=\"es-HN\">65.2%<\/span><\/strong><\/li>\n<\/ul>\n\n<p><\/p>\n\n<p id=\"h-distribution-of-attacks-by-governorate\"><strong><span lang=\"es-HN\">Distribuci\u00f3n de los ataques por provincias<\/span><\/strong><\/p>\n\n<p><span lang=\"es-HN\">Debido a la presencia del consulado estadounidense y de bases militares estadounidenses en Erbil, as\u00ed como a la concentraci\u00f3n de campamentos de la oposici\u00f3n kurda iran\u00ed, la <\/span><strong><span lang=\"es-HN\">Provincia de Erbil<\/span><\/strong><span lang=\"es-HN\"> fue la que registr\u00f3 el mayor n\u00famero de ataques.<\/span><\/p>\n\n<ul class=\"wp-block-list\">\n<li><strong><span lang=\"es-HN\">Erbil<\/span><\/strong><span lang=\"es-HN\">: 544 (78.3%)<\/span><\/li>\n\n\n\n<li><strong><span lang=\"es-HN\">Sulaymaniyah<\/span><\/strong><span lang=\"es-HN\">: 123 (17.7%)<\/span><\/li>\n\n\n\n<li><strong><span lang=\"es-HN\">Duhok<\/span><\/strong><span lang=\"es-HN\">: 22 (3.2%)<\/span><\/li>\n\n\n\n<li><strong><span lang=\"es-HN\">Halabja<\/span><\/strong><span lang=\"es-HN\">: 6 (0.8%)<\/span><\/li>\n<\/ul>\n\n<p><\/p>\n\n<p id=\"h-types-of-attacks\"><strong><span lang=\"es-HN\">Tipos de ataques<\/span><\/strong><\/p>\n\n<ul class=\"wp-block-list\">\n<li><strong><span lang=\"es-HN\">551<\/span><\/strong><span lang=\"es-HN\">\u00a0ataques con drones<\/span><\/li>\n\n\n\n<li><strong><span lang=\"es-HN\">131<\/span><\/strong><span lang=\"es-HN\">\u00a0ataques con misiles<\/span><\/li>\n\n\n\n<li><strong><span lang=\"es-HN\">12<\/span><\/strong><span lang=\"es-HN\">\u00a0ataques de artiller\u00eda<\/span><\/li>\n\n\n\n<li><strong><span lang=\"es-HN\">1<\/span><\/strong><span lang=\"es-HN\"><strong>\u00a0<\/strong>ataque con armas de fuego<\/span><\/li>\n<\/ul>\n\n<p><\/p>\n\n<p id=\"h-target-categories\"><strong><span lang=\"es-HN\">Categor\u00edas de objetivos<\/span><\/strong><\/p>\n\n<p>ECAP clasifica los objetivos en tres categor\u00edas:<\/p>\n\n<ul class=\"wp-block-list\">\n<li><span lang=\"es-HN\">Instalaciones diplom\u00e1ticas y militares de EUA: <\/span><strong><span lang=\"es-HN\">281 ataques<\/span><\/strong><span lang=\"es-HN\"> (40.5 %)<\/span><\/li>\n\n\n\n<li><span lang=\"es-HN\">Infraestructuras civiles y no beligerantes (incluidas bases peshmerga, zonas residenciales, centros comerciales e instalaciones de producci\u00f3n de energ\u00eda): <\/span><strong><span lang=\"es-HN\">231 ataques<\/span><\/strong><span lang=\"es-HN\"> (33.2 %)<\/span><\/li>\n\n\n\n<li><span lang=\"es-HN\">Campamentos de grupos kurdos de la oposici\u00f3n iran\u00ed: <\/span><strong><span lang=\"es-HN\">183 ataques<\/span><\/strong><span lang=\"es-HN\"> (26.3 %)<\/span><\/li>\n<\/ul>\n\n<p><\/p>\n\n<p id=\"h-interceptions\"><strong><span lang=\"es-HN\">Intercepciones<\/span><\/strong><\/p>\n\n<p><span lang=\"es-HN\">De los 695 ataques registrados, <\/span><strong><span lang=\"es-HN\">407 (el 58.6 %)<\/span><\/strong><span lang=\"es-HN\"> fueron interceptados o neutralizados por sistemas de defensa a\u00e9rea, aeronaves u otras contramedidas.<\/span><\/p>\n\n<p id=\"h-human-civilian-and-material-impact\"><strong><span lang=\"es-HN\">Repercusiones humanas, civiles y materiales<\/span><\/strong><\/p>\n\n<p><span lang=\"es-HN\">Entre el 28 de febrero y el 24 de abril del 2026, los ataques causaron <\/span><strong><span lang=\"es-HN\">123 v\u00edctimas en la Regi\u00f3n del Kurdist\u00e1n<\/span><\/strong><span lang=\"es-HN\">, de las cuales <\/span><strong><span lang=\"es-HN\">22 fallecieron y 101 resultaron heridas<\/span><\/strong><span lang=\"es-HN\">. Al menos <\/span><strong><span lang=\"es-HN\">24 de las personas afectadas eran civiles<\/span><\/strong><span lang=\"es-HN\">.<\/span><\/p>\n\n<p><span lang=\"es-HN\">Los da\u00f1os materiales a la poblaci\u00f3n civil tambi\u00e9n han sido considerables. Se han da\u00f1ado m\u00e1s de <\/span><strong><span lang=\"es-HN\">67 viviendas y edificios residenciales, as\u00ed como 45 veh\u00edculos civiles<\/span><span lang=\"es-HN\">.<\/span><\/strong><\/p>\n\n<p id=\"h-recommendations\"><strong><span lang=\"es-HN\">Recomendaciones<\/span><\/strong><\/p>\n\n<p id=\"h-community-peacemaker-teams-iraqi-kurdistan-cpt-ik-welcomes-the-extension-of-the-ceasefire-however-an-end-to-hostilities-between-the-principal-parties-must-be-accompanied-by-an-immediate-cessation-of-attacks-on-the-kurdistan-region-by-iran-and-affiliated-groups\">ECAP Kurdist\u00e1n Iraqu\u00ed acoge con satisfacci\u00f3n la pr\u00f3rroga del alto el fuego. Sin embargo, el cese de las hostilidades entre las principales partes debe ir acompa\u00f1ado de una interrupci\u00f3n inmediata de los ataques contra la Regi\u00f3n del Kurdist\u00e1n por parte de Ir\u00e1n y los grupos afiliados.<\/p>\n\n<p id=\"h-the-government-of-iraq-should-take-concrete-steps-to-uphold-the-sovereignty-of-its-territory-and-hold-accountable-armed-groups-operating-from-within-iraq\">El Gobierno de Irak deber\u00eda adoptar medidas concretas para defender la soberan\u00eda de su territorio y exigir rendici\u00f3n de cuentas a los grupos armados que operan desde su territorio, en Irak.<\/p>\n\n<p id=\"h-the-kurdistan-regional-government-and-the-government-of-iraq-should-also-ensure-timely-compensation-for-civilians-affected-by-the-conflict-in-line-with-law-no-20-of-2009-and-the-amended-law-no-57-of-2015-approved-by-the-iraqi-council-of-representatives\">El Gobierno Regional del Kurdist\u00e1n y el Gobierno de Irak tambi\u00e9n deber\u00edan garantizar una indemnizaci\u00f3n oportuna a las personas civiles afectadas por el conflicto, de conformidad con la Ley No. 20 del 2009 y la Ley No. 57 del 2015, modificada, aprobada por el Consejo de Representantes Iraqu\u00ed.<\/p>\n","protected":false},"excerpt":{"rendered":"<p>Tras la escalada del conflicto y el inicio de los ataques conjuntos de Estados Unidos e Israel contra Ir\u00e1n el 28 de febrero del 2026, la Regi\u00f3n del Kurdist\u00e1n Iraqu\u00ed ha sufrido continuos ataques con drones y misiles perpetrados por el Cuerpo de la Guardia Revolucionaria Isl\u00e1mica (CGRI) y grupos afiliados que operan en Irak.<\/p>\n","protected":false},"author":13,"featured_media":41481,"comment_status":"closed","ping_status":"closed","sticky":false,"template":"","format":"standard","meta":{"footnotes":""},"categories":[197],"tags":[],"class_list":["post-41482","post","type-post","status-publish","format-standard","has-post-thumbnail","hentry","category-kurdistan-es"],"yoast_head":"<!-- This site is optimized with the Yoast SEO Premium plugin v27.4 (Yoast SEO v27.4) - https:\/\/yoast.com\/product\/yoast-seo-premium-wordpress\/ -->\n<title>A pesar del alto el fuego, Ir\u00e1n y los grupos afines siguen lanzando ataques contra la Regi\u00f3n del Kurdist\u00e1n de Irak<\/title>\n<meta name=\"description\" content=\"Equipos y Comunidades de Acci\u00f3n por la Paz construye alianzas para transformar la violencia y la opresi\u00f3n. M\u00e1s de 35 a\u00f1os de acci\u00f3n por la paz y la justicia.\" \/>\n<meta name=\"robots\" content=\"index, follow, max-snippet:-1, max-image-preview:large, max-video-preview:-1\" \/>\n<link rel=\"canonical\" href=\"https:\/\/cpt.org\/es\/2026\/04\/28\/a-pesar-del-alto-el-fuego-iran-y-los-grupos-afines-siguen-lanzando-ataques-contra-la-region-del-kurdistan-de-irak\" \/>\n<meta property=\"og:locale\" content=\"es_ES\" \/>\n<meta property=\"og:type\" content=\"article\" \/>\n<meta property=\"og:title\" content=\"A pesar del alto el fuego, Ir\u00e1n y los grupos afines siguen lanzando ataques contra la Regi\u00f3n del Kurdist\u00e1n de Irak\" \/>\n<meta property=\"og:description\" content=\"Community Peacemaker Teams builds partnerships to transform violence and oppression. Over 35 years of action for peace and justice.\" \/>\n<meta property=\"og:url\" content=\"https:\/\/cpt.org\/es\/2026\/04\/28\/a-pesar-del-alto-el-fuego-iran-y-los-grupos-afines-siguen-lanzando-ataques-contra-la-region-del-kurdistan-de-irak\" \/>\n<meta property=\"og:site_name\" content=\"Equipos y Comunidades de Acci\u00f3n por la Paz\" \/>\n<meta property=\"article:publisher\" content=\"https:\/\/www.facebook.com\/cpters\" \/>\n<meta property=\"article:published_time\" content=\"2026-04-28T12:36:20+00:00\" \/>\n<meta property=\"article:modified_time\" content=\"2026-04-28T12:36:21+00:00\" \/>\n<meta property=\"og:image\" content=\"https:\/\/cpt.org\/wp-content\/uploads\/260424-IK.jpg\" \/>\n\t<meta property=\"og:image:width\" content=\"960\" \/>\n\t<meta property=\"og:image:height\" content=\"720\" \/>\n\t<meta property=\"og:image:type\" content=\"image\/jpeg\" \/>\n<meta name=\"author\" content=\"CPT Iraqi Kurdistan\" \/>\n<meta name=\"twitter:card\" content=\"summary_large_image\" \/>\n<meta name=\"twitter:creator\" content=\"@cpt_intl\" \/>\n<meta name=\"twitter:site\" content=\"@cpt_intl\" \/>\n<meta name=\"twitter:label1\" content=\"Escrito por\" \/>\n\t<meta name=\"twitter:data1\" content=\"CPT Iraqi Kurdistan\" \/>\n\t<meta name=\"twitter:label2\" content=\"Tiempo de lectura\" \/>\n\t<meta name=\"twitter:data2\" content=\"4 minutos\" \/>\n<script type=\"application\/ld+json\" class=\"yoast-schema-graph\">{\"@context\":\"https:\\\/\\\/schema.org\",\"@graph\":[{\"@type\":\"Article\",\"@id\":\"https:\\\/\\\/cpt.org\\\/es\\\/2026\\\/04\\\/28\\\/a-pesar-del-alto-el-fuego-iran-y-los-grupos-afines-siguen-lanzando-ataques-contra-la-region-del-kurdistan-de-irak#article\",\"isPartOf\":{\"@id\":\"https:\\\/\\\/cpt.org\\\/es\\\/2026\\\/04\\\/28\\\/a-pesar-del-alto-el-fuego-iran-y-los-grupos-afines-siguen-lanzando-ataques-contra-la-region-del-kurdistan-de-irak\"},\"author\":{\"name\":\"CPT Iraqi Kurdistan\",\"@id\":\"https:\\\/\\\/cpt.org\\\/es#\\\/schema\\\/person\\\/bd792770303264c9d0344ef138a665ee\"},\"headline\":\"A pesar del alto el fuego, Ir\u00e1n y los grupos afines siguen lanzando ataques contra la Regi\u00f3n del Kurdist\u00e1n de Irak\",\"datePublished\":\"2026-04-28T12:36:20+00:00\",\"dateModified\":\"2026-04-28T12:36:21+00:00\",\"mainEntityOfPage\":{\"@id\":\"https:\\\/\\\/cpt.org\\\/es\\\/2026\\\/04\\\/28\\\/a-pesar-del-alto-el-fuego-iran-y-los-grupos-afines-siguen-lanzando-ataques-contra-la-region-del-kurdistan-de-irak\"},\"wordCount\":819,\"publisher\":{\"@id\":\"https:\\\/\\\/cpt.org\\\/es#organization\"},\"image\":{\"@id\":\"https:\\\/\\\/cpt.org\\\/es\\\/2026\\\/04\\\/28\\\/a-pesar-del-alto-el-fuego-iran-y-los-grupos-afines-siguen-lanzando-ataques-contra-la-region-del-kurdistan-de-irak#primaryimage\"},\"thumbnailUrl\":\"https:\\\/\\\/cpt.org\\\/wp-content\\\/uploads\\\/260424-IK.jpg\",\"articleSection\":[\"Kurdist\u00e1n\"],\"inLanguage\":\"es\"},{\"@type\":\"WebPage\",\"@id\":\"https:\\\/\\\/cpt.org\\\/es\\\/2026\\\/04\\\/28\\\/a-pesar-del-alto-el-fuego-iran-y-los-grupos-afines-siguen-lanzando-ataques-contra-la-region-del-kurdistan-de-irak\",\"url\":\"https:\\\/\\\/cpt.org\\\/es\\\/2026\\\/04\\\/28\\\/a-pesar-del-alto-el-fuego-iran-y-los-grupos-afines-siguen-lanzando-ataques-contra-la-region-del-kurdistan-de-irak\",\"name\":\"A pesar del alto el fuego, Ir\u00e1n y los grupos afines siguen lanzando ataques contra la Regi\u00f3n del Kurdist\u00e1n de Irak\",\"isPartOf\":{\"@id\":\"https:\\\/\\\/cpt.org\\\/es#website\"},\"primaryImageOfPage\":{\"@id\":\"https:\\\/\\\/cpt.org\\\/es\\\/2026\\\/04\\\/28\\\/a-pesar-del-alto-el-fuego-iran-y-los-grupos-afines-siguen-lanzando-ataques-contra-la-region-del-kurdistan-de-irak#primaryimage\"},\"image\":{\"@id\":\"https:\\\/\\\/cpt.org\\\/es\\\/2026\\\/04\\\/28\\\/a-pesar-del-alto-el-fuego-iran-y-los-grupos-afines-siguen-lanzando-ataques-contra-la-region-del-kurdistan-de-irak#primaryimage\"},\"thumbnailUrl\":\"https:\\\/\\\/cpt.org\\\/wp-content\\\/uploads\\\/260424-IK.jpg\",\"datePublished\":\"2026-04-28T12:36:20+00:00\",\"dateModified\":\"2026-04-28T12:36:21+00:00\",\"description\":\"Equipos y Comunidades de Acci\u00f3n por la Paz construye alianzas para transformar la violencia y la opresi\u00f3n. M\u00e1s de 35 a\u00f1os de acci\u00f3n por la paz y la justicia.\",\"breadcrumb\":{\"@id\":\"https:\\\/\\\/cpt.org\\\/es\\\/2026\\\/04\\\/28\\\/a-pesar-del-alto-el-fuego-iran-y-los-grupos-afines-siguen-lanzando-ataques-contra-la-region-del-kurdistan-de-irak#breadcrumb\"},\"inLanguage\":\"es\",\"potentialAction\":[{\"@type\":\"ReadAction\",\"target\":[\"https:\\\/\\\/cpt.org\\\/es\\\/2026\\\/04\\\/28\\\/a-pesar-del-alto-el-fuego-iran-y-los-grupos-afines-siguen-lanzando-ataques-contra-la-region-del-kurdistan-de-irak\"]}]},{\"@type\":\"ImageObject\",\"inLanguage\":\"es\",\"@id\":\"https:\\\/\\\/cpt.org\\\/es\\\/2026\\\/04\\\/28\\\/a-pesar-del-alto-el-fuego-iran-y-los-grupos-afines-siguen-lanzando-ataques-contra-la-region-del-kurdistan-de-irak#primaryimage\",\"url\":\"https:\\\/\\\/cpt.org\\\/wp-content\\\/uploads\\\/260424-IK.jpg\",\"contentUrl\":\"https:\\\/\\\/cpt.org\\\/wp-content\\\/uploads\\\/260424-IK.jpg\",\"width\":960,\"height\":720,\"caption\":\"A man walks over rubble\"},{\"@type\":\"BreadcrumbList\",\"@id\":\"https:\\\/\\\/cpt.org\\\/es\\\/2026\\\/04\\\/28\\\/a-pesar-del-alto-el-fuego-iran-y-los-grupos-afines-siguen-lanzando-ataques-contra-la-region-del-kurdistan-de-irak#breadcrumb\",\"itemListElement\":[{\"@type\":\"ListItem\",\"position\":1,\"name\":\"Home\",\"item\":\"https:\\\/\\\/cpt.org\\\/es\"},{\"@type\":\"ListItem\",\"position\":2,\"name\":\"A pesar del alto el fuego, Ir\u00e1n y los grupos afines siguen lanzando ataques contra la Regi\u00f3n del Kurdist\u00e1n de Irak\"}]},{\"@type\":\"WebSite\",\"@id\":\"https:\\\/\\\/cpt.org\\\/es#website\",\"url\":\"https:\\\/\\\/cpt.org\\\/es\",\"name\":\"Equipos y Comunidades de Acci\u00f3n por la Paz\",\"description\":\"Building partnerships to transform violence and oppression\",\"publisher\":{\"@id\":\"https:\\\/\\\/cpt.org\\\/es#organization\"},\"potentialAction\":[{\"@type\":\"SearchAction\",\"target\":{\"@type\":\"EntryPoint\",\"urlTemplate\":\"https:\\\/\\\/cpt.org\\\/es?s={search_term_string}\"},\"query-input\":{\"@type\":\"PropertyValueSpecification\",\"valueRequired\":true,\"valueName\":\"search_term_string\"}}],\"inLanguage\":\"es\"},{\"@type\":\"Organization\",\"@id\":\"https:\\\/\\\/cpt.org\\\/es#organization\",\"name\":\"Equipos y Comunidades de Acci\u00f3n por la Paz\",\"url\":\"https:\\\/\\\/cpt.org\\\/es\",\"logo\":{\"@type\":\"ImageObject\",\"inLanguage\":\"es\",\"@id\":\"https:\\\/\\\/cpt.org\\\/es#\\\/schema\\\/logo\\\/image\\\/\",\"url\":\"https:\\\/\\\/cpt.org\\\/wp-content\\\/uploads\\\/logoCPT-red-2.png\",\"contentUrl\":\"https:\\\/\\\/cpt.org\\\/wp-content\\\/uploads\\\/logoCPT-red-2.png\",\"width\":1730,\"height\":840,\"caption\":\"Equipos y Comunidades de Acci\u00f3n por la Paz\"},\"image\":{\"@id\":\"https:\\\/\\\/cpt.org\\\/es#\\\/schema\\\/logo\\\/image\\\/\"},\"sameAs\":[\"https:\\\/\\\/www.facebook.com\\\/cpters\",\"https:\\\/\\\/x.com\\\/cpt_intl\",\"https:\\\/\\\/www.instagram.com\\\/cpteams\\\/\",\"https:\\\/\\\/www.youtube.com\\\/user\\\/cptvideos\"]},{\"@type\":\"Person\",\"@id\":\"https:\\\/\\\/cpt.org\\\/es#\\\/schema\\\/person\\\/bd792770303264c9d0344ef138a665ee\",\"name\":\"CPT Iraqi Kurdistan\",\"image\":{\"@type\":\"ImageObject\",\"inLanguage\":\"es\",\"@id\":\"https:\\\/\\\/secure.gravatar.com\\\/avatar\\\/c0869c92999f9c4a0ca9cbd494e4b2ed20c29f13f2c53df500411a473e85dacd?s=96&r=g\",\"url\":\"https:\\\/\\\/secure.gravatar.com\\\/avatar\\\/c0869c92999f9c4a0ca9cbd494e4b2ed20c29f13f2c53df500411a473e85dacd?s=96&r=g\",\"contentUrl\":\"https:\\\/\\\/secure.gravatar.com\\\/avatar\\\/c0869c92999f9c4a0ca9cbd494e4b2ed20c29f13f2c53df500411a473e85dacd?s=96&r=g\",\"caption\":\"CPT Iraqi Kurdistan\"},\"url\":\"https:\\\/\\\/cpt.org\\\/es\\\/author\\\/cpt-iraqi-kurdistan\"}]}<\/script>\n<!-- \/ Yoast SEO Premium plugin. -->","yoast_head_json":{"title":"A pesar del alto el fuego, Ir\u00e1n y los grupos afines siguen lanzando ataques contra la Regi\u00f3n del Kurdist\u00e1n de Irak","description":"Equipos y Comunidades de Acci\u00f3n por la Paz construye alianzas para transformar la violencia y la opresi\u00f3n. M\u00e1s de 35 a\u00f1os de acci\u00f3n por la paz y la justicia.","robots":{"index":"index","follow":"follow","max-snippet":"max-snippet:-1","max-image-preview":"max-image-preview:large","max-video-preview":"max-video-preview:-1"},"canonical":"https:\/\/cpt.org\/es\/2026\/04\/28\/a-pesar-del-alto-el-fuego-iran-y-los-grupos-afines-siguen-lanzando-ataques-contra-la-region-del-kurdistan-de-irak","og_locale":"es_ES","og_type":"article","og_title":"A pesar del alto el fuego, Ir\u00e1n y los grupos afines siguen lanzando ataques contra la Regi\u00f3n del Kurdist\u00e1n de Irak","og_description":"Community Peacemaker Teams builds partnerships to transform violence and oppression. Over 35 years of action for peace and justice.","og_url":"https:\/\/cpt.org\/es\/2026\/04\/28\/a-pesar-del-alto-el-fuego-iran-y-los-grupos-afines-siguen-lanzando-ataques-contra-la-region-del-kurdistan-de-irak","og_site_name":"Equipos y Comunidades de Acci\u00f3n por la Paz","article_publisher":"https:\/\/www.facebook.com\/cpters","article_published_time":"2026-04-28T12:36:20+00:00","article_modified_time":"2026-04-28T12:36:21+00:00","og_image":[{"width":960,"height":720,"url":"https:\/\/cpt.org\/wp-content\/uploads\/260424-IK.jpg","type":"image\/jpeg"}],"author":"CPT Iraqi Kurdistan","twitter_card":"summary_large_image","twitter_creator":"@cpt_intl","twitter_site":"@cpt_intl","twitter_misc":{"Escrito por":"CPT Iraqi Kurdistan","Tiempo de lectura":"4 minutos"},"schema":{"@context":"https:\/\/schema.org","@graph":[{"@type":"Article","@id":"https:\/\/cpt.org\/es\/2026\/04\/28\/a-pesar-del-alto-el-fuego-iran-y-los-grupos-afines-siguen-lanzando-ataques-contra-la-region-del-kurdistan-de-irak#article","isPartOf":{"@id":"https:\/\/cpt.org\/es\/2026\/04\/28\/a-pesar-del-alto-el-fuego-iran-y-los-grupos-afines-siguen-lanzando-ataques-contra-la-region-del-kurdistan-de-irak"},"author":{"name":"CPT Iraqi Kurdistan","@id":"https:\/\/cpt.org\/es#\/schema\/person\/bd792770303264c9d0344ef138a665ee"},"headline":"A pesar del alto el fuego, Ir\u00e1n y los grupos afines siguen lanzando ataques contra la Regi\u00f3n del Kurdist\u00e1n de Irak","datePublished":"2026-04-28T12:36:20+00:00","dateModified":"2026-04-28T12:36:21+00:00","mainEntityOfPage":{"@id":"https:\/\/cpt.org\/es\/2026\/04\/28\/a-pesar-del-alto-el-fuego-iran-y-los-grupos-afines-siguen-lanzando-ataques-contra-la-region-del-kurdistan-de-irak"},"wordCount":819,"publisher":{"@id":"https:\/\/cpt.org\/es#organization"},"image":{"@id":"https:\/\/cpt.org\/es\/2026\/04\/28\/a-pesar-del-alto-el-fuego-iran-y-los-grupos-afines-siguen-lanzando-ataques-contra-la-region-del-kurdistan-de-irak#primaryimage"},"thumbnailUrl":"https:\/\/cpt.org\/wp-content\/uploads\/260424-IK.jpg","articleSection":["Kurdist\u00e1n"],"inLanguage":"es"},{"@type":"WebPage","@id":"https:\/\/cpt.org\/es\/2026\/04\/28\/a-pesar-del-alto-el-fuego-iran-y-los-grupos-afines-siguen-lanzando-ataques-contra-la-region-del-kurdistan-de-irak","url":"https:\/\/cpt.org\/es\/2026\/04\/28\/a-pesar-del-alto-el-fuego-iran-y-los-grupos-afines-siguen-lanzando-ataques-contra-la-region-del-kurdistan-de-irak","name":"A pesar del alto el fuego, Ir\u00e1n y los grupos afines siguen lanzando ataques contra la Regi\u00f3n del Kurdist\u00e1n de Irak","isPartOf":{"@id":"https:\/\/cpt.org\/es#website"},"primaryImageOfPage":{"@id":"https:\/\/cpt.org\/es\/2026\/04\/28\/a-pesar-del-alto-el-fuego-iran-y-los-grupos-afines-siguen-lanzando-ataques-contra-la-region-del-kurdistan-de-irak#primaryimage"},"image":{"@id":"https:\/\/cpt.org\/es\/2026\/04\/28\/a-pesar-del-alto-el-fuego-iran-y-los-grupos-afines-siguen-lanzando-ataques-contra-la-region-del-kurdistan-de-irak#primaryimage"},"thumbnailUrl":"https:\/\/cpt.org\/wp-content\/uploads\/260424-IK.jpg","datePublished":"2026-04-28T12:36:20+00:00","dateModified":"2026-04-28T12:36:21+00:00","description":"Equipos y Comunidades de Acci\u00f3n por la Paz construye alianzas para transformar la violencia y la opresi\u00f3n. M\u00e1s de 35 a\u00f1os de acci\u00f3n por la paz y la justicia.","breadcrumb":{"@id":"https:\/\/cpt.org\/es\/2026\/04\/28\/a-pesar-del-alto-el-fuego-iran-y-los-grupos-afines-siguen-lanzando-ataques-contra-la-region-del-kurdistan-de-irak#breadcrumb"},"inLanguage":"es","potentialAction":[{"@type":"ReadAction","target":["https:\/\/cpt.org\/es\/2026\/04\/28\/a-pesar-del-alto-el-fuego-iran-y-los-grupos-afines-siguen-lanzando-ataques-contra-la-region-del-kurdistan-de-irak"]}]},{"@type":"ImageObject","inLanguage":"es","@id":"https:\/\/cpt.org\/es\/2026\/04\/28\/a-pesar-del-alto-el-fuego-iran-y-los-grupos-afines-siguen-lanzando-ataques-contra-la-region-del-kurdistan-de-irak#primaryimage","url":"https:\/\/cpt.org\/wp-content\/uploads\/260424-IK.jpg","contentUrl":"https:\/\/cpt.org\/wp-content\/uploads\/260424-IK.jpg","width":960,"height":720,"caption":"A man walks over rubble"},{"@type":"BreadcrumbList","@id":"https:\/\/cpt.org\/es\/2026\/04\/28\/a-pesar-del-alto-el-fuego-iran-y-los-grupos-afines-siguen-lanzando-ataques-contra-la-region-del-kurdistan-de-irak#breadcrumb","itemListElement":[{"@type":"ListItem","position":1,"name":"Home","item":"https:\/\/cpt.org\/es"},{"@type":"ListItem","position":2,"name":"A pesar del alto el fuego, Ir\u00e1n y los grupos afines siguen lanzando ataques contra la Regi\u00f3n del Kurdist\u00e1n de Irak"}]},{"@type":"WebSite","@id":"https:\/\/cpt.org\/es#website","url":"https:\/\/cpt.org\/es","name":"Equipos y Comunidades de Acci\u00f3n por la Paz","description":"Building partnerships to transform violence and oppression","publisher":{"@id":"https:\/\/cpt.org\/es#organization"},"potentialAction":[{"@type":"SearchAction","target":{"@type":"EntryPoint","urlTemplate":"https:\/\/cpt.org\/es?s={search_term_string}"},"query-input":{"@type":"PropertyValueSpecification","valueRequired":true,"valueName":"search_term_string"}}],"inLanguage":"es"},{"@type":"Organization","@id":"https:\/\/cpt.org\/es#organization","name":"Equipos y Comunidades de Acci\u00f3n por la Paz","url":"https:\/\/cpt.org\/es","logo":{"@type":"ImageObject","inLanguage":"es","@id":"https:\/\/cpt.org\/es#\/schema\/logo\/image\/","url":"https:\/\/cpt.org\/wp-content\/uploads\/logoCPT-red-2.png","contentUrl":"https:\/\/cpt.org\/wp-content\/uploads\/logoCPT-red-2.png","width":1730,"height":840,"caption":"Equipos y Comunidades de Acci\u00f3n por la Paz"},"image":{"@id":"https:\/\/cpt.org\/es#\/schema\/logo\/image\/"},"sameAs":["https:\/\/www.facebook.com\/cpters","https:\/\/x.com\/cpt_intl","https:\/\/www.instagram.com\/cpteams\/","https:\/\/www.youtube.com\/user\/cptvideos"]},{"@type":"Person","@id":"https:\/\/cpt.org\/es#\/schema\/person\/bd792770303264c9d0344ef138a665ee","name":"CPT Iraqi Kurdistan","image":{"@type":"ImageObject","inLanguage":"es","@id":"https:\/\/secure.gravatar.com\/avatar\/c0869c92999f9c4a0ca9cbd494e4b2ed20c29f13f2c53df500411a473e85dacd?s=96&r=g","url":"https:\/\/secure.gravatar.com\/avatar\/c0869c92999f9c4a0ca9cbd494e4b2ed20c29f13f2c53df500411a473e85dacd?s=96&r=g","contentUrl":"https:\/\/secure.gravatar.com\/avatar\/c0869c92999f9c4a0ca9cbd494e4b2ed20c29f13f2c53df500411a473e85dacd?s=96&r=g","caption":"CPT Iraqi Kurdistan"},"url":"https:\/\/cpt.org\/es\/author\/cpt-iraqi-kurdistan"}]}},"_links":{"self":[{"href":"https:\/\/cpt.org\/es\/wp-json\/wp\/v2\/posts\/41482","targetHints":{"allow":["GET"]}}],"collection":[{"href":"https:\/\/cpt.org\/es\/wp-json\/wp\/v2\/posts"}],"about":[{"href":"https:\/\/cpt.org\/es\/wp-json\/wp\/v2\/types\/post"}],"author":[{"embeddable":true,"href":"https:\/\/cpt.org\/es\/wp-json\/wp\/v2\/users\/13"}],"replies":[{"embeddable":true,"href":"https:\/\/cpt.org\/es\/wp-json\/wp\/v2\/comments?post=41482"}],"version-history":[{"count":1,"href":"https:\/\/cpt.org\/es\/wp-json\/wp\/v2\/posts\/41482\/revisions"}],"predecessor-version":[{"id":41483,"href":"https:\/\/cpt.org\/es\/wp-json\/wp\/v2\/posts\/41482\/revisions\/41483"}],"wp:featuredmedia":[{"embeddable":true,"href":"https:\/\/cpt.org\/es\/wp-json\/wp\/v2\/media\/41481"}],"wp:attachment":[{"href":"https:\/\/cpt.org\/es\/wp-json\/wp\/v2\/media?parent=41482"}],"wp:term":[{"taxonomy":"category","embeddable":true,"href":"https:\/\/cpt.org\/es\/wp-json\/wp\/v2\/categories?post=41482"},{"taxonomy":"post_tag","embeddable":true,"href":"https:\/\/cpt.org\/es\/wp-json\/wp\/v2\/tags?post=41482"}],"curies":[{"name":"wp","href":"https:\/\/api.w.org\/{rel}","templated":true}]}}