{"id":41485,"date":"2026-04-28T07:46:00","date_gmt":"2026-04-28T12:46:00","guid":{"rendered":"https:\/\/cpt.org\/2026\/04\/28\/llamamiento-para-la-suspension-inmediata-del-ccac-de-vastria"},"modified":"2026-04-28T07:47:12","modified_gmt":"2026-04-28T12:47:12","slug":"llamamiento-para-la-suspension-inmediata-del-ccac-de-vastria","status":"publish","type":"post","link":"https:\/\/cpt.org\/es\/2026\/04\/28\/llamamiento-para-la-suspension-inmediata-del-ccac-de-vastria","title":{"rendered":"Llamamiento para la suspensi\u00f3n inmediata del \u2018CCAC\u2019 de Vastria"},"content":{"rendered":"\n<p>Exigimos la suspensi\u00f3n inmediata de todos los planes para construir o poner en funcionamiento del Vastria \u2018Closed Controlled Access Centre\u2019 (Centro de Acceso Controlado Cerrado, CCAC, por sus siglas en ingl\u00e9s) de Vastria, en Lesbos. La construcci\u00f3n de estas instalaciones, en el marco de la Ley 5226\/2025 y del Pacto de la UE sobre Migraci\u00f3n y Asilo, constituye una amenaza directa para los derechos humanos fundamentales.<\/p>\n\n<p>A pesar de las duras cr\u00edticas, el Gobierno griego ha aprobado una nueva pr\u00f3rroga hasta marzo del 2026 para la finalizaci\u00f3n del Campamento de Vastria. Mediante una serie de modificaciones t\u00e9cnicas y enmiendas legales, el Ministerio de Migraci\u00f3n y Asilo (MoMA) ha eludido las sentencias del Consejo de Estado y ha pasado por alto la normativa medioambiental. Seg\u00fan las \u00faltimas noticias, la &#8216;Decentralised Administration of the Northern Aegean\u2019 (Administraci\u00f3n Descentralizada del Egeo Septentrional) ha aprobado una modificaci\u00f3n muy problem\u00e1tica de las condiciones medioambientales relativas a las obras relacionadas con el \u2018CCAC\u2019, autorizando la construcci\u00f3n de una planta fotovoltaica y una instalaci\u00f3n de almacenamiento en bater\u00edas, as\u00ed como la construcci\u00f3n de la v\u00eda de evacuaci\u00f3n obligatoria, con el \u00fanico fin de dar servicio al \u2018CCAC\u2019, a pesar de las serias preocupaciones que suscita su ubicaci\u00f3n dentro de un espacio NATURA 2000.<\/p>\n\n<p><span lang=\"es-HN\">La creaci\u00f3n de Vastria debe analizarse en el contexto del Pacto de la UE sobre Migraci\u00f3n y Asilo y del Reglamento de Retorno propuesto. En virtud del &#8216; Administraci\u00f3n Descentralizada del Egeo Septentrional\u2019 (Reglamento de control de seguridad del Pacto de Migraci\u00f3n), las personas nacionales de terceros pa\u00edses quedar\u00e1n <\/span><span lang=\"es-HN\">de facto<\/span><span lang=\"es-HN\"> recluidas en centros como Vastria, lo que suscita serias preocupaciones en cuanto a la violaci\u00f3n de sus derechos. La \u2018European Return Order\u2019 (Orden Europea de Retorno, ERO, por sus siglas en ingl\u00e9s) y los fundamentos jur\u00eddicos que regulan los \u201ccampamentos de retorno\u201d fuera del territorio de la UE contribuir\u00e1n a normalizar a\u00fan m\u00e1s el uso de la detenci\u00f3n previa a la expulsi\u00f3n como instrumento de deportaci\u00f3n forzosa. Se prev\u00e9 que la privaci\u00f3n de libertad se convierta en algo sistem\u00e1tico debido al uso generalizado de la detenci\u00f3n como pr\u00e1ctica habitual, en lugar de como medida excepcional.<\/span><\/p>\n\n<p>Al mismo tiempo, la reciente legislaci\u00f3n griega (Ley 5226\/2025) ampl\u00eda los motivos para la detenci\u00f3n administrativa (es decir, la detenci\u00f3n sin cargos penales), tipifica como delito la \u201cpermanencia ilegal\u201d y tipifica como delito el incumplimiento de las \u00f3rdenes de expulsi\u00f3n. La ley tambi\u00e9n ampl\u00eda la duraci\u00f3n m\u00e1xima de la detenci\u00f3n administrativa de 18 a 24 meses, bas\u00e1ndose en criterios generales como \u201cmotivos de seguridad\u201d. La aplicaci\u00f3n de la Ley 5226\/2025 ya ha comenzado, y hay personas que se enfrentan a procedimientos penales por \u201cpermanencia ilegal\u201d.<\/p>\n\n<p>El \u2018CCAC\u2019 de Vastria se ha dise\u00f1ado expresamente para retener a las personas en tr\u00e1nsito durante largos periodos de tiempo, funcionando en parte como centro de internamiento previo a la expulsi\u00f3n, de conformidad con las prioridades del &#8216;EU Pact on Migration and Asylum\u2019 (Pacto de la UE sobre Migraci\u00f3n y Asilo). Cuando entre en funcionamiento el \u2018CCAC\u2019 de Vastria, se prev\u00e9 que aumenten las detenciones arbitrarias de solicitantes de asilo, lo que resultar\u00e1 en un mayor n\u00famero de personas sometidas a detenci\u00f3n previa a la expulsi\u00f3n en condiciones que podr\u00edan volverse cada vez m\u00e1s coercitivas y precarias.<\/p>\n\n<p>El funcionamiento de los \u2018CCAC\u2019 existentes ya ha demostrado que vulnera los derechos fundamentales de las personas detenidas, en lo que respecta al derecho a la libertad (Art\u00edculo 5) y a la prohibici\u00f3n de los tratos inhumanos (Art\u00edculo 3) del \u2018European Convention on Human Rights\u2019 (Convenio Europeo de Derechos Humanos, ECHR, por sus siglas en ingl\u00e9s). Las condiciones documentadas en otros centros griegos, como el \u2018CCAC\u2019 de Samos, ponen de manifiesto los riesgos de hacinamiento, entornos insalubres y atenci\u00f3n m\u00e9dica insuficiente. Adem\u00e1s, las instituciones jur\u00eddicas y las organizaciones de derechos humanos han expresado su profunda preocupaci\u00f3n por los derechos de las familias y las personas menores detenidas, as\u00ed como por el funcionamiento de los sistemas de vigilancia digital de Hyperion y Centaurus, que ponen en peligro el derecho a la intimidad de las personas detenidas o que trabajan en los centros.<\/p>\n\n<p>El \u2018CCAC\u2019 de Vastria, concebido como modelo para los centros de acogida de nueva generaci\u00f3n del Pacto de la UE, suscita a\u00fan m\u00e1s inquietudes en cuanto a su ubicaci\u00f3n, ya que se encuentra en medio del bosque de pinos, extremadamente inflamable, de la Isla de Lesbos. Las personas expertas han alertado en repetidas ocasiones sobre este riesgo. En respuesta a ello, el Ministerio de Migraci\u00f3n y Asilo ha adjudicado un contrato por valor de 585,680 euros para un sistema de detecci\u00f3n de incendios que, sin embargo, tiene una funci\u00f3n m\u00e1s reactiva que proactiva.<\/p>\n\n<p>Otro aspecto que merece la pena destacar es la lejan\u00eda de Vastria, lo que a\u00edsla a las personas residentes de la asistencia jur\u00eddica, los servicios psicosociales y la interacci\u00f3n directa con la sociedad local. La dificultad para llegar al lugar, junto con las restricciones de acceso adicionales que se prev\u00e9 que se impongan, tambi\u00e9n limitar\u00e1 considerablemente la supervisi\u00f3n ciudadana del funcionamiento del \u2018CCAC\u2019 de Vastria.<\/p>\n\n<p>Rechazamos la creaci\u00f3n de cualquier infraestructura de internamiento o centro de detenci\u00f3n en el que se encarcele a las personas en funci\u00f3n de su estatus legal. La creaci\u00f3n de este tipo de centros institucionaliza la privaci\u00f3n de libertad, normaliza las pr\u00e1cticas discriminatorias de segregaci\u00f3n y las pr\u00e1cticas de detenci\u00f3n ilegal, y socava los derechos fundamentales de las personas en situaci\u00f3n de desplazamiento.<\/p>\n\n<p>Nos negamos a aceptar la normalizaci\u00f3n de estos entornos \u201ccerrados\u201d que solo sirven para penalizar.<\/p>\n\n<p><strong>Exigimos:<\/strong><\/p>\n\n<ul class=\"wp-block-list\">\n<li>Garantizar que todas las pol\u00edticas migratorias respeten plenamente el Convenio Europeo de Derechos Humanos, en particular el Art\u00edculo 5 (derecho a la libertad) y el Art\u00edculo 3 (prohibici\u00f3n de los tratos inhumanos o degradantes)<\/li>\n\n\n\n<li>Suspender de inmediato todas las actividades de construcci\u00f3n del Campamento de Vastria y las obras relacionadas, a la espera de una revisi\u00f3n exhaustiva desde el punto de vista jur\u00eddico y de los derechos humanos.<\/li>\n\n\n\n<li>Garantizar que todas las infraestructuras financiadas por la UE cumplan con las obligaciones en materia de derechos fundamentales y est\u00e9n sujetas a un monitoreo independiente.<\/li>\n\n\n\n<li>Poner fin a la pr\u00e1ctica de la detenci\u00f3n sistem\u00e1tica y autom\u00e1tica de personas migrantes y de personas solicitantes de asilo.<\/li>\n\n\n\n<li>Despenalizar la \u201cpermanencia ilegal\u201d y garantizar que los asuntos administrativos relacionados con la migraci\u00f3n no se traten como delitos penales.<\/li>\n\n\n\n<li>Exigir rendici\u00f3n de cuentas por las violaciones de los derechos humanos documentadas en los centros de acogida para personas solicitantes de asilo (CCAC) y los Centros de Detenci\u00f3n Previa a la Expulsi\u00f3n.<\/li>\n<\/ul>\n\n<p><span lang=\"es-HN\">Descarga el informe completo,\u00a0<\/span><em><a href=\"https:\/\/cpt.org\/wp-content\/uploads\/Vastria-as-the-blueprint.CPT_.LCL_.CA_.pdf\"><span lang=\"es-HN\">Vastria como modelo para los centros de acogida de la UE<\/span><\/a><\/em><span lang=\"es-HN\">, elaborado conjuntamente por ECAP &#8211; Solidaridad con Migrantes en la Regi\u00f3n Egea, \u2018Legal Centre Lesvos\u2019 (Centro Legal de Lesbos) y \u2018Collective Aid\u2019.<\/span><\/p>\n\n<p><strong>Organizaciones firmantes:<\/strong><\/p>\n\n<p>Aegean Migrant Solidarity &#8211; Community Peacemakers Teams<br\/>Collective Aid<br\/>Legal Centre Lesvos<br\/>Arab Lawyers Association (UK)<br\/>Changemakers Lab<br\/>Cyprus Democratic Lawyers Association (CDLA)<br\/>de:border \/\/ migration justice collective<br\/>Democratic Lawyers Association of Bangladesh<br\/>Democratic Lawyers of Switzerland (DJS-JDS)<br\/>EmpowerVan<br\/>Equal Legal Aid<br\/>European Association of Lawyers for Democracy &amp; World Human Rights (ELDH)<br\/>Europe Cares e.V.<br\/>Fenix Humanitarian Legal Aid<br\/>Human Rights Legal Project (HRLP) Samos<br\/>I Have Rights (IHR) Samos<br\/>InterEuropean Human Aid Association<br\/>International Association of Democratic Lawyers (IADL)<br\/>Maz\u00ed Housing<br\/>Mobile Info Team<br\/>Yoga and Sport With Refugees<br\/>HIAS Greece<br\/>Samos Volunteers<br\/>Avocats Sans Fronti\u00e8res France (ASFF)<br\/>Greek Council for Refugees (GCR)<\/p>\n\n<p><\/p>\n","protected":false},"excerpt":{"rendered":"<p>El Programa ECAP de Solidaridad con Migrantes en la Regi\u00f3n Egea pide que se suspendan de inmediato todos los planes para construir o poner en funcionamiento un nuevo centro de internamiento de personas migrantes en Lesbos.<\/p>\n","protected":false},"author":11,"featured_media":41484,"comment_status":"closed","ping_status":"closed","sticky":false,"template":"","format":"standard","meta":{"footnotes":""},"categories":[186],"tags":[],"class_list":["post-41485","post","type-post","status-publish","format-standard","has-post-thumbnail","hentry","category-migrantes-en-la-region-egea"],"yoast_head":"<!-- This site is optimized with the Yoast SEO Premium plugin v27.4 (Yoast SEO v27.4) - https:\/\/yoast.com\/product\/yoast-seo-premium-wordpress\/ -->\n<title>Llamamiento para la suspensi\u00f3n inmediata del \u2018CCAC\u2019 de Vastria<\/title>\n<meta name=\"description\" content=\"Equipos y Comunidades de Acci\u00f3n por la Paz construye alianzas para transformar la violencia y la opresi\u00f3n. M\u00e1s de 35 a\u00f1os de acci\u00f3n por la paz y la justicia.\" \/>\n<meta name=\"robots\" content=\"index, follow, max-snippet:-1, max-image-preview:large, max-video-preview:-1\" \/>\n<link rel=\"canonical\" href=\"https:\/\/cpt.org\/es\/2026\/04\/28\/llamamiento-para-la-suspension-inmediata-del-ccac-de-vastria\" \/>\n<meta property=\"og:locale\" content=\"es_ES\" \/>\n<meta property=\"og:type\" content=\"article\" \/>\n<meta property=\"og:title\" content=\"Llamamiento para la suspensi\u00f3n inmediata del \u2018CCAC\u2019 de Vastria\" \/>\n<meta property=\"og:description\" content=\"Community Peacemaker Teams builds partnerships to transform violence and oppression. Over 35 years of action for peace and justice.\" \/>\n<meta property=\"og:url\" content=\"https:\/\/cpt.org\/es\/2026\/04\/28\/llamamiento-para-la-suspension-inmediata-del-ccac-de-vastria\" \/>\n<meta property=\"og:site_name\" content=\"Equipos y Comunidades de Acci\u00f3n por la Paz\" \/>\n<meta property=\"article:publisher\" content=\"https:\/\/www.facebook.com\/cpters\" \/>\n<meta property=\"article:published_time\" content=\"2026-04-28T12:46:00+00:00\" \/>\n<meta property=\"article:modified_time\" content=\"2026-04-28T12:47:12+00:00\" \/>\n<meta property=\"og:image\" content=\"https:\/\/cpt.org\/wp-content\/uploads\/260420-AMS.jpg\" \/>\n\t<meta property=\"og:image:width\" content=\"2000\" \/>\n\t<meta property=\"og:image:height\" content=\"1500\" \/>\n\t<meta property=\"og:image:type\" content=\"image\/jpeg\" \/>\n<meta name=\"author\" content=\"CPT Aegean Migrant Solidarity\" \/>\n<meta name=\"twitter:card\" content=\"summary_large_image\" \/>\n<meta name=\"twitter:creator\" content=\"@cpt_intl\" \/>\n<meta name=\"twitter:site\" content=\"@cpt_intl\" \/>\n<meta name=\"twitter:label1\" content=\"Escrito por\" \/>\n\t<meta name=\"twitter:data1\" content=\"CPT Aegean Migrant Solidarity\" \/>\n\t<meta name=\"twitter:label2\" content=\"Tiempo de lectura\" \/>\n\t<meta name=\"twitter:data2\" content=\"7 minutos\" \/>\n<script type=\"application\/ld+json\" class=\"yoast-schema-graph\">{\"@context\":\"https:\\\/\\\/schema.org\",\"@graph\":[{\"@type\":\"Article\",\"@id\":\"https:\\\/\\\/cpt.org\\\/es\\\/2026\\\/04\\\/28\\\/llamamiento-para-la-suspension-inmediata-del-ccac-de-vastria#article\",\"isPartOf\":{\"@id\":\"https:\\\/\\\/cpt.org\\\/es\\\/2026\\\/04\\\/28\\\/llamamiento-para-la-suspension-inmediata-del-ccac-de-vastria\"},\"author\":{\"name\":\"CPT Aegean Migrant Solidarity\",\"@id\":\"https:\\\/\\\/cpt.org\\\/es#\\\/schema\\\/person\\\/4aee0eafb765dba4677e375830bff8ff\"},\"headline\":\"Llamamiento para la suspensi\u00f3n inmediata del \u2018CCAC\u2019 de Vastria\",\"datePublished\":\"2026-04-28T12:46:00+00:00\",\"dateModified\":\"2026-04-28T12:47:12+00:00\",\"mainEntityOfPage\":{\"@id\":\"https:\\\/\\\/cpt.org\\\/es\\\/2026\\\/04\\\/28\\\/llamamiento-para-la-suspension-inmediata-del-ccac-de-vastria\"},\"wordCount\":1313,\"publisher\":{\"@id\":\"https:\\\/\\\/cpt.org\\\/es#organization\"},\"image\":{\"@id\":\"https:\\\/\\\/cpt.org\\\/es\\\/2026\\\/04\\\/28\\\/llamamiento-para-la-suspension-inmediata-del-ccac-de-vastria#primaryimage\"},\"thumbnailUrl\":\"https:\\\/\\\/cpt.org\\\/wp-content\\\/uploads\\\/260420-AMS.jpg\",\"articleSection\":[\"Migrantes en la Regi\u00f3n Egea\"],\"inLanguage\":\"es\"},{\"@type\":\"WebPage\",\"@id\":\"https:\\\/\\\/cpt.org\\\/es\\\/2026\\\/04\\\/28\\\/llamamiento-para-la-suspension-inmediata-del-ccac-de-vastria\",\"url\":\"https:\\\/\\\/cpt.org\\\/es\\\/2026\\\/04\\\/28\\\/llamamiento-para-la-suspension-inmediata-del-ccac-de-vastria\",\"name\":\"Llamamiento para la suspensi\u00f3n inmediata del \u2018CCAC\u2019 de Vastria\",\"isPartOf\":{\"@id\":\"https:\\\/\\\/cpt.org\\\/es#website\"},\"primaryImageOfPage\":{\"@id\":\"https:\\\/\\\/cpt.org\\\/es\\\/2026\\\/04\\\/28\\\/llamamiento-para-la-suspension-inmediata-del-ccac-de-vastria#primaryimage\"},\"image\":{\"@id\":\"https:\\\/\\\/cpt.org\\\/es\\\/2026\\\/04\\\/28\\\/llamamiento-para-la-suspension-inmediata-del-ccac-de-vastria#primaryimage\"},\"thumbnailUrl\":\"https:\\\/\\\/cpt.org\\\/wp-content\\\/uploads\\\/260420-AMS.jpg\",\"datePublished\":\"2026-04-28T12:46:00+00:00\",\"dateModified\":\"2026-04-28T12:47:12+00:00\",\"description\":\"Equipos y Comunidades de Acci\u00f3n por la Paz construye alianzas para transformar la violencia y la opresi\u00f3n. M\u00e1s de 35 a\u00f1os de acci\u00f3n por la paz y la justicia.\",\"breadcrumb\":{\"@id\":\"https:\\\/\\\/cpt.org\\\/es\\\/2026\\\/04\\\/28\\\/llamamiento-para-la-suspension-inmediata-del-ccac-de-vastria#breadcrumb\"},\"inLanguage\":\"es\",\"potentialAction\":[{\"@type\":\"ReadAction\",\"target\":[\"https:\\\/\\\/cpt.org\\\/es\\\/2026\\\/04\\\/28\\\/llamamiento-para-la-suspension-inmediata-del-ccac-de-vastria\"]}]},{\"@type\":\"ImageObject\",\"inLanguage\":\"es\",\"@id\":\"https:\\\/\\\/cpt.org\\\/es\\\/2026\\\/04\\\/28\\\/llamamiento-para-la-suspension-inmediata-del-ccac-de-vastria#primaryimage\",\"url\":\"https:\\\/\\\/cpt.org\\\/wp-content\\\/uploads\\\/260420-AMS.jpg\",\"contentUrl\":\"https:\\\/\\\/cpt.org\\\/wp-content\\\/uploads\\\/260420-AMS.jpg\",\"width\":2000,\"height\":1500,\"caption\":\"A refugee camp\"},{\"@type\":\"BreadcrumbList\",\"@id\":\"https:\\\/\\\/cpt.org\\\/es\\\/2026\\\/04\\\/28\\\/llamamiento-para-la-suspension-inmediata-del-ccac-de-vastria#breadcrumb\",\"itemListElement\":[{\"@type\":\"ListItem\",\"position\":1,\"name\":\"Home\",\"item\":\"https:\\\/\\\/cpt.org\\\/es\"},{\"@type\":\"ListItem\",\"position\":2,\"name\":\"Llamamiento para la suspensi\u00f3n inmediata del \u2018CCAC\u2019 de Vastria\"}]},{\"@type\":\"WebSite\",\"@id\":\"https:\\\/\\\/cpt.org\\\/es#website\",\"url\":\"https:\\\/\\\/cpt.org\\\/es\",\"name\":\"Equipos y Comunidades de Acci\u00f3n por la Paz\",\"description\":\"Building partnerships to transform violence and oppression\",\"publisher\":{\"@id\":\"https:\\\/\\\/cpt.org\\\/es#organization\"},\"potentialAction\":[{\"@type\":\"SearchAction\",\"target\":{\"@type\":\"EntryPoint\",\"urlTemplate\":\"https:\\\/\\\/cpt.org\\\/es?s={search_term_string}\"},\"query-input\":{\"@type\":\"PropertyValueSpecification\",\"valueRequired\":true,\"valueName\":\"search_term_string\"}}],\"inLanguage\":\"es\"},{\"@type\":\"Organization\",\"@id\":\"https:\\\/\\\/cpt.org\\\/es#organization\",\"name\":\"Equipos y Comunidades de Acci\u00f3n por la Paz\",\"url\":\"https:\\\/\\\/cpt.org\\\/es\",\"logo\":{\"@type\":\"ImageObject\",\"inLanguage\":\"es\",\"@id\":\"https:\\\/\\\/cpt.org\\\/es#\\\/schema\\\/logo\\\/image\\\/\",\"url\":\"https:\\\/\\\/cpt.org\\\/wp-content\\\/uploads\\\/logoCPT-red-2.png\",\"contentUrl\":\"https:\\\/\\\/cpt.org\\\/wp-content\\\/uploads\\\/logoCPT-red-2.png\",\"width\":1730,\"height\":840,\"caption\":\"Equipos y Comunidades de Acci\u00f3n por la Paz\"},\"image\":{\"@id\":\"https:\\\/\\\/cpt.org\\\/es#\\\/schema\\\/logo\\\/image\\\/\"},\"sameAs\":[\"https:\\\/\\\/www.facebook.com\\\/cpters\",\"https:\\\/\\\/x.com\\\/cpt_intl\",\"https:\\\/\\\/www.instagram.com\\\/cpteams\\\/\",\"https:\\\/\\\/www.youtube.com\\\/user\\\/cptvideos\"]},{\"@type\":\"Person\",\"@id\":\"https:\\\/\\\/cpt.org\\\/es#\\\/schema\\\/person\\\/4aee0eafb765dba4677e375830bff8ff\",\"name\":\"CPT Aegean Migrant Solidarity\",\"image\":{\"@type\":\"ImageObject\",\"inLanguage\":\"es\",\"@id\":\"https:\\\/\\\/secure.gravatar.com\\\/avatar\\\/126f5952ce92e96b486d0550a3c2aadb3502e846b2a93e9d7073ae842d5c3378?s=96&r=g\",\"url\":\"https:\\\/\\\/secure.gravatar.com\\\/avatar\\\/126f5952ce92e96b486d0550a3c2aadb3502e846b2a93e9d7073ae842d5c3378?s=96&r=g\",\"contentUrl\":\"https:\\\/\\\/secure.gravatar.com\\\/avatar\\\/126f5952ce92e96b486d0550a3c2aadb3502e846b2a93e9d7073ae842d5c3378?s=96&r=g\",\"caption\":\"CPT Aegean Migrant Solidarity\"},\"url\":\"https:\\\/\\\/cpt.org\\\/es\\\/author\\\/cpt-aegean-migrant-solidarity\"}]}<\/script>\n<!-- \/ Yoast SEO Premium plugin. -->","yoast_head_json":{"title":"Llamamiento para la suspensi\u00f3n inmediata del \u2018CCAC\u2019 de Vastria","description":"Equipos y Comunidades de Acci\u00f3n por la Paz construye alianzas para transformar la violencia y la opresi\u00f3n. M\u00e1s de 35 a\u00f1os de acci\u00f3n por la paz y la justicia.","robots":{"index":"index","follow":"follow","max-snippet":"max-snippet:-1","max-image-preview":"max-image-preview:large","max-video-preview":"max-video-preview:-1"},"canonical":"https:\/\/cpt.org\/es\/2026\/04\/28\/llamamiento-para-la-suspension-inmediata-del-ccac-de-vastria","og_locale":"es_ES","og_type":"article","og_title":"Llamamiento para la suspensi\u00f3n inmediata del \u2018CCAC\u2019 de Vastria","og_description":"Community Peacemaker Teams builds partnerships to transform violence and oppression. Over 35 years of action for peace and justice.","og_url":"https:\/\/cpt.org\/es\/2026\/04\/28\/llamamiento-para-la-suspension-inmediata-del-ccac-de-vastria","og_site_name":"Equipos y Comunidades de Acci\u00f3n por la Paz","article_publisher":"https:\/\/www.facebook.com\/cpters","article_published_time":"2026-04-28T12:46:00+00:00","article_modified_time":"2026-04-28T12:47:12+00:00","og_image":[{"width":2000,"height":1500,"url":"https:\/\/cpt.org\/wp-content\/uploads\/260420-AMS.jpg","type":"image\/jpeg"}],"author":"CPT Aegean Migrant Solidarity","twitter_card":"summary_large_image","twitter_creator":"@cpt_intl","twitter_site":"@cpt_intl","twitter_misc":{"Escrito por":"CPT Aegean Migrant Solidarity","Tiempo de lectura":"7 minutos"},"schema":{"@context":"https:\/\/schema.org","@graph":[{"@type":"Article","@id":"https:\/\/cpt.org\/es\/2026\/04\/28\/llamamiento-para-la-suspension-inmediata-del-ccac-de-vastria#article","isPartOf":{"@id":"https:\/\/cpt.org\/es\/2026\/04\/28\/llamamiento-para-la-suspension-inmediata-del-ccac-de-vastria"},"author":{"name":"CPT Aegean Migrant Solidarity","@id":"https:\/\/cpt.org\/es#\/schema\/person\/4aee0eafb765dba4677e375830bff8ff"},"headline":"Llamamiento para la suspensi\u00f3n inmediata del \u2018CCAC\u2019 de Vastria","datePublished":"2026-04-28T12:46:00+00:00","dateModified":"2026-04-28T12:47:12+00:00","mainEntityOfPage":{"@id":"https:\/\/cpt.org\/es\/2026\/04\/28\/llamamiento-para-la-suspension-inmediata-del-ccac-de-vastria"},"wordCount":1313,"publisher":{"@id":"https:\/\/cpt.org\/es#organization"},"image":{"@id":"https:\/\/cpt.org\/es\/2026\/04\/28\/llamamiento-para-la-suspension-inmediata-del-ccac-de-vastria#primaryimage"},"thumbnailUrl":"https:\/\/cpt.org\/wp-content\/uploads\/260420-AMS.jpg","articleSection":["Migrantes en la Regi\u00f3n Egea"],"inLanguage":"es"},{"@type":"WebPage","@id":"https:\/\/cpt.org\/es\/2026\/04\/28\/llamamiento-para-la-suspension-inmediata-del-ccac-de-vastria","url":"https:\/\/cpt.org\/es\/2026\/04\/28\/llamamiento-para-la-suspension-inmediata-del-ccac-de-vastria","name":"Llamamiento para la suspensi\u00f3n inmediata del \u2018CCAC\u2019 de Vastria","isPartOf":{"@id":"https:\/\/cpt.org\/es#website"},"primaryImageOfPage":{"@id":"https:\/\/cpt.org\/es\/2026\/04\/28\/llamamiento-para-la-suspension-inmediata-del-ccac-de-vastria#primaryimage"},"image":{"@id":"https:\/\/cpt.org\/es\/2026\/04\/28\/llamamiento-para-la-suspension-inmediata-del-ccac-de-vastria#primaryimage"},"thumbnailUrl":"https:\/\/cpt.org\/wp-content\/uploads\/260420-AMS.jpg","datePublished":"2026-04-28T12:46:00+00:00","dateModified":"2026-04-28T12:47:12+00:00","description":"Equipos y Comunidades de Acci\u00f3n por la Paz construye alianzas para transformar la violencia y la opresi\u00f3n. M\u00e1s de 35 a\u00f1os de acci\u00f3n por la paz y la justicia.","breadcrumb":{"@id":"https:\/\/cpt.org\/es\/2026\/04\/28\/llamamiento-para-la-suspension-inmediata-del-ccac-de-vastria#breadcrumb"},"inLanguage":"es","potentialAction":[{"@type":"ReadAction","target":["https:\/\/cpt.org\/es\/2026\/04\/28\/llamamiento-para-la-suspension-inmediata-del-ccac-de-vastria"]}]},{"@type":"ImageObject","inLanguage":"es","@id":"https:\/\/cpt.org\/es\/2026\/04\/28\/llamamiento-para-la-suspension-inmediata-del-ccac-de-vastria#primaryimage","url":"https:\/\/cpt.org\/wp-content\/uploads\/260420-AMS.jpg","contentUrl":"https:\/\/cpt.org\/wp-content\/uploads\/260420-AMS.jpg","width":2000,"height":1500,"caption":"A refugee camp"},{"@type":"BreadcrumbList","@id":"https:\/\/cpt.org\/es\/2026\/04\/28\/llamamiento-para-la-suspension-inmediata-del-ccac-de-vastria#breadcrumb","itemListElement":[{"@type":"ListItem","position":1,"name":"Home","item":"https:\/\/cpt.org\/es"},{"@type":"ListItem","position":2,"name":"Llamamiento para la suspensi\u00f3n inmediata del \u2018CCAC\u2019 de Vastria"}]},{"@type":"WebSite","@id":"https:\/\/cpt.org\/es#website","url":"https:\/\/cpt.org\/es","name":"Equipos y Comunidades de Acci\u00f3n por la Paz","description":"Building partnerships to transform violence and oppression","publisher":{"@id":"https:\/\/cpt.org\/es#organization"},"potentialAction":[{"@type":"SearchAction","target":{"@type":"EntryPoint","urlTemplate":"https:\/\/cpt.org\/es?s={search_term_string}"},"query-input":{"@type":"PropertyValueSpecification","valueRequired":true,"valueName":"search_term_string"}}],"inLanguage":"es"},{"@type":"Organization","@id":"https:\/\/cpt.org\/es#organization","name":"Equipos y Comunidades de Acci\u00f3n por la Paz","url":"https:\/\/cpt.org\/es","logo":{"@type":"ImageObject","inLanguage":"es","@id":"https:\/\/cpt.org\/es#\/schema\/logo\/image\/","url":"https:\/\/cpt.org\/wp-content\/uploads\/logoCPT-red-2.png","contentUrl":"https:\/\/cpt.org\/wp-content\/uploads\/logoCPT-red-2.png","width":1730,"height":840,"caption":"Equipos y Comunidades de Acci\u00f3n por la Paz"},"image":{"@id":"https:\/\/cpt.org\/es#\/schema\/logo\/image\/"},"sameAs":["https:\/\/www.facebook.com\/cpters","https:\/\/x.com\/cpt_intl","https:\/\/www.instagram.com\/cpteams\/","https:\/\/www.youtube.com\/user\/cptvideos"]},{"@type":"Person","@id":"https:\/\/cpt.org\/es#\/schema\/person\/4aee0eafb765dba4677e375830bff8ff","name":"CPT Aegean Migrant Solidarity","image":{"@type":"ImageObject","inLanguage":"es","@id":"https:\/\/secure.gravatar.com\/avatar\/126f5952ce92e96b486d0550a3c2aadb3502e846b2a93e9d7073ae842d5c3378?s=96&r=g","url":"https:\/\/secure.gravatar.com\/avatar\/126f5952ce92e96b486d0550a3c2aadb3502e846b2a93e9d7073ae842d5c3378?s=96&r=g","contentUrl":"https:\/\/secure.gravatar.com\/avatar\/126f5952ce92e96b486d0550a3c2aadb3502e846b2a93e9d7073ae842d5c3378?s=96&r=g","caption":"CPT Aegean Migrant Solidarity"},"url":"https:\/\/cpt.org\/es\/author\/cpt-aegean-migrant-solidarity"}]}},"_links":{"self":[{"href":"https:\/\/cpt.org\/es\/wp-json\/wp\/v2\/posts\/41485","targetHints":{"allow":["GET"]}}],"collection":[{"href":"https:\/\/cpt.org\/es\/wp-json\/wp\/v2\/posts"}],"about":[{"href":"https:\/\/cpt.org\/es\/wp-json\/wp\/v2\/types\/post"}],"author":[{"embeddable":true,"href":"https:\/\/cpt.org\/es\/wp-json\/wp\/v2\/users\/11"}],"replies":[{"embeddable":true,"href":"https:\/\/cpt.org\/es\/wp-json\/wp\/v2\/comments?post=41485"}],"version-history":[{"count":7,"href":"https:\/\/cpt.org\/es\/wp-json\/wp\/v2\/posts\/41485\/revisions"}],"predecessor-version":[{"id":41492,"href":"https:\/\/cpt.org\/es\/wp-json\/wp\/v2\/posts\/41485\/revisions\/41492"}],"wp:featuredmedia":[{"embeddable":true,"href":"https:\/\/cpt.org\/es\/wp-json\/wp\/v2\/media\/41484"}],"wp:attachment":[{"href":"https:\/\/cpt.org\/es\/wp-json\/wp\/v2\/media?parent=41485"}],"wp:term":[{"taxonomy":"category","embeddable":true,"href":"https:\/\/cpt.org\/es\/wp-json\/wp\/v2\/categories?post=41485"},{"taxonomy":"post_tag","embeddable":true,"href":"https:\/\/cpt.org\/es\/wp-json\/wp\/v2\/tags?post=41485"}],"curies":[{"name":"wp","href":"https:\/\/api.w.org\/{rel}","templated":true}]}}