{"id":42131,"date":"2026-09-01T03:44:21","date_gmt":"2026-09-01T08:44:21","guid":{"rendered":"https:\/\/cpt.org\/2026\/09\/01\/river-run-inundara-las-calles-de-toronto"},"modified":"2026-09-01T03:44:22","modified_gmt":"2026-09-01T08:44:22","slug":"river-run-inundara-las-calles-de-toronto","status":"publish","type":"post","link":"https:\/\/cpt.org\/es\/2026\/09\/01\/river-run-inundara-las-calles-de-toronto","title":{"rendered":"\u2018River Run\u2019 inundar\u00e1 las calles de Toronto"},"content":{"rendered":"\n<p class=\"wp-block-paragraph\">Las personas integrantes de la Primera Naci\u00f3n \u2018Asubpeeschoseewagong Netum Anishinabek (Grassy Narrows)\u2019 se preparan una vez m\u00e1s para recorrer 1,900 km hasta Toronto con el fin de exigir justicia en el caso del mercurio. La comunidad de \u2018Grassy Narrows\u2019, liderada por madres y personas j\u00f3venes, lleva d\u00e9cadas exigiendo que el gobierno tome medidas desde que, en la d\u00e9cada de 1960, una planta de pulpa y papel verti\u00f3 toneladas de mercurio en el sistema fluvial del Rio English-Wabigoon. Durante d\u00e9cadas, el gobierno provincial afirm\u00f3 que no era posible la remediaci\u00f3n de la cuenca hidrogr\u00e1fica. La comunidad ha seguido luchando sin descanso y, por fin, ha comenzado a obtener resultados. En el 2017, el gobierno de Ontario prometi\u00f3 limpiar el r\u00edo y destin\u00f3 85 millones de d\u00f3lares a ese fin. En el 2020, los gobiernos provincial y federal comprometieron fondos para un \u2018Mercury Care Home\u2019 (Hogar de Cuidado por el Mercurio), con el fin de brindar atenci\u00f3n m\u00e9dica y de enfermer\u00eda a las personas afectadas por el envenenamiento por mercurio. El cambio se est\u00e1 dando, poco a poco. La limpieza del r\u00edo a\u00fan se encuentra en la etapa de estudios de factibilidad. Ya ha comenzado la construcci\u00f3n del Hogar de Cuidado por el Mercurio.<\/p>\n\n<p class=\"wp-block-paragraph\"><span lang=\"es-HN\">Se necesita mucho m\u00e1s para reparar el da\u00f1o causado por generaciones de envenenamiento por mercurio, que actualmente afecta a m\u00e1s del 90% de la comunidad. \u2018Brown Eagle\u2019, tambi\u00e9n conocido como Darwin, un joven l\u00edder de \u2018Grassy Narrows\u2019, ha declarado p\u00fablicamente: \u201cTengo muchos problemas de salud que no deber\u00eda tener a mi edad\u2026 La intoxicaci\u00f3n por mercurio afecta al sistema nervioso. Muchas personas sufren dificultades de aprendizaje, entumecimiento, problemas de coordinaci\u00f3n, problemas del habla y p\u00e9rdida de la vista\u2026 Las personas j\u00f3venes de \u2018Grassy Narrows\u2019 deber\u00edan estar viviendo vidas muy diferentes\u201d. En <\/span><a href=\"https:\/\/actionnetwork.org\/events\/river-run-2026\"><span lang=\"es-HN\">cada edici\u00f3n de \u2018River Run\u2019<\/span><\/a><span lang=\"es-HN\">, las personas integrantes de la comunidad llevan fotos de familiares y amistades que han fallecido demasiado j\u00f3venes.<\/span><\/p>\n\n<p class=\"wp-block-paragraph\">Las personas j\u00f3venes de \u2018Grassy Narrows\u2019 no deber\u00edan tener que esperar otra generaci\u00f3n para que se tomen medidas efectivas que sanen la tierra, las aguas y a la gente. Adem\u00e1s de la limpieza del r\u00edo y del Hogar de Cuidado por el Mercurio, la comunidad exige una indemnizaci\u00f3n para todas las personas integrantes de \u2018Grassy Narrows\u2019, as\u00ed como el compromiso del gobierno de proteger las tierras y las aguas del territorio tradicional de \u2018Grassy Narrows\u2019 frente a nuevas actividades industriales da\u00f1inas. <\/p>\n\n<p class=\"wp-block-paragraph\">Con los actuales gobiernos provinciales y federales, lograr que se nos escuche es una lucha constante. En los \u00faltimos a\u00f1os, la gente de \u2018Grassy Narrows\u2019 ha protestado sin descanso contra las concesiones mineras establecidas en su territorio tradicional sin su consentimiento y contra los planes de eliminaci\u00f3n de residuos nucleares r\u00edo arriba. Han exigido el cierre de la F\u00e1brica Dryden Mill, que volvi\u00f3 a abrir sus puertas en el 2023. Han protestado contra el Proyecto de Ley 5 de Ontario, que permite al gobierno acelerar la tramitaci\u00f3n de proyectos industriales al eximirlos de cualquier ley y reglamento que el gobierno decida. El primer ministro de Ontario, Doug Ford, se niega a reunirse con las personas habitantes de \u2018Grassy Narrows\u2019 para discutir una indemnizaci\u00f3n, y ha ordenado en repetidas ocasiones que se expulse a personas integrantes de la comunidad y a sus aliades de eventos p\u00fablicos en los que han protestado por su silencio. El primer ministro Mark Carney ha ignorado hasta ahora los llamados a que se disculpe, despu\u00e9s de que, en tono de broma, restara importancia a los gritos de justicia de Chrissy Swain, una abuela de \u2018Grassy Narrows\u2019, durante una conferencia de prensa del gobierno.<\/p>\n\n<p class=\"wp-block-paragraph\">Oremos por la sanaci\u00f3n de la gente de \u2018Grassy Narrows\u2019 y de otras comunidades afectadas.<\/p>\n\n<p class=\"wp-block-paragraph\">Oremos por el valor y la esperanza de las personas j\u00f3venes de \u2018Grassy Narrows\u2019, quienes han esperado justicia toda su vida y, a pesar de ello, encuentran la fuerza para seguir defendiendo a su comunidad.<\/p>\n\n<p class=\"wp-block-paragraph\">Oremos por fortaleza y por el apoyo para las madres, las abuelas y todas las personas cuidadoras de \u2018Grassy Narrows\u2019 que sostienen a la comunidad.<\/p>\n\n<p class=\"wp-block-paragraph\">Oremos por la protecci\u00f3n y la recuperaci\u00f3n de la cuenca del R\u00edo English-Wabigoon.<\/p>\n\n<p class=\"wp-block-paragraph\">Oremos para que se fortalezcan los movimientos que priorizan la salud de las generaciones futuras por encima de las ganancias a corto plazo.<\/p>\n\n<p class=\"wp-block-paragraph\">Y oremos para que se sacudan los muros de piedra de los gobiernos y de las empresas que se niegan a actuar.<\/p>\n\n<p class=\"wp-block-paragraph\"><a href=\"https:\/\/cpt.org\/es\/2026\/09\/01\/river-run-inundara-las-calles-de-toronto\"><span lang=\"es-HN\">\u00a1Confirme su asistencia a River Run en Toronto el mi\u00e9rcoles 23 de septiembre a las 12 del mediod\u00eda!<\/span><\/a><\/p>\n","protected":false},"excerpt":{"rendered":"<p>Las personas integrantes de la Primera Naci\u00f3n \u2018Asubpeeschoseewagong Netum Anishinabek (Grassy Narrows)\u2019 se preparan una vez m\u00e1s para recorrer 1,900 km hasta Toronto con el fin de exigir justicia en el caso del mercurio. La comunidad de \u2018Grassy Narrows\u2019, liderada por madres y personas j\u00f3venes, lleva d\u00e9cadas exigiendo que el gobierno tome medidas desde que, [&hellip;]<\/p>\n","protected":false},"author":10,"featured_media":42130,"comment_status":"closed","ping_status":"closed","sticky":false,"template":"","format":"standard","meta":{"footnotes":""},"categories":[241],"tags":[187],"class_list":["post-42131","post","type-post","status-publish","format-standard","has-post-thumbnail","hentry","category-red-de-solidaridad-de-la-isla-tortuga","tag-oraciones-por-les-trabajadores-de-paz"],"yoast_head":"<!-- This site is optimized with the Yoast SEO Premium plugin v28.3 (Yoast SEO v28.3) - https:\/\/yoast.com\/product\/yoast-seo-premium-wordpress\/ -->\n<title>\u2018River Run\u2019 inundar\u00e1 las calles de Toronto<\/title>\n<meta name=\"description\" content=\"Equipos y Comunidades de Acci\u00f3n por la Paz construye alianzas para transformar la violencia y la opresi\u00f3n. M\u00e1s de 35 a\u00f1os de acci\u00f3n por la paz y la justicia.\" \/>\n<meta name=\"robots\" content=\"index, follow, max-snippet:-1, max-image-preview:large, max-video-preview:-1\" \/>\n<link rel=\"canonical\" href=\"https:\/\/cpt.org\/es\/2026\/09\/01\/river-run-inundara-las-calles-de-toronto\" \/>\n<meta property=\"og:locale\" content=\"es_ES\" \/>\n<meta property=\"og:type\" content=\"article\" \/>\n<meta property=\"og:title\" content=\"\u2018River Run\u2019 inundar\u00e1 las calles de Toronto\" \/>\n<meta property=\"og:description\" content=\"Community Peacemaker Teams builds partnerships to transform violence and oppression. Over 35 years of action for peace and justice.\" \/>\n<meta property=\"og:url\" content=\"https:\/\/cpt.org\/es\/2026\/09\/01\/river-run-inundara-las-calles-de-toronto\" \/>\n<meta property=\"og:site_name\" content=\"Equipos y Comunidades de Acci\u00f3n por la Paz\" \/>\n<meta property=\"article:publisher\" content=\"https:\/\/www.facebook.com\/cpters\" \/>\n<meta property=\"article:published_time\" content=\"2026-09-01T08:44:21+00:00\" \/>\n<meta property=\"article:modified_time\" content=\"2026-09-01T08:44:22+00:00\" \/>\n<meta property=\"og:image\" content=\"https:\/\/cpt.org\/wp-content\/uploads\/260828-TISN.jpg\" \/>\n\t<meta property=\"og:image:width\" content=\"1440\" \/>\n\t<meta property=\"og:image:height\" content=\"1080\" \/>\n\t<meta property=\"og:image:type\" content=\"image\/jpeg\" \/>\n<meta name=\"author\" content=\"CPT Turtle Island Solidarity Network\" \/>\n<meta name=\"twitter:card\" content=\"summary_large_image\" \/>\n<meta name=\"twitter:creator\" content=\"@cpt_intl\" \/>\n<meta name=\"twitter:site\" content=\"@cpt_intl\" \/>\n<meta name=\"twitter:label1\" content=\"Escrito por\" \/>\n\t<meta name=\"twitter:data1\" content=\"CPT Turtle Island Solidarity Network\" \/>\n\t<meta name=\"twitter:label2\" content=\"Tiempo de lectura\" \/>\n\t<meta name=\"twitter:data2\" content=\"4 minutos\" \/>\n<script type=\"application\/ld+json\" class=\"yoast-schema-graph\">{\"@context\":\"https:\\\/\\\/schema.org\",\"@graph\":[{\"@type\":\"Article\",\"@id\":\"https:\\\/\\\/cpt.org\\\/es\\\/2026\\\/09\\\/01\\\/river-run-inundara-las-calles-de-toronto#article\",\"isPartOf\":{\"@id\":\"https:\\\/\\\/cpt.org\\\/es\\\/2026\\\/09\\\/01\\\/river-run-inundara-las-calles-de-toronto\"},\"author\":{\"name\":\"CPT Turtle Island Solidarity Network\",\"@id\":\"https:\\\/\\\/cpt.org\\\/es#\\\/schema\\\/person\\\/0397463f80e186355b1b332a94573147\"},\"headline\":\"\u2018River Run\u2019 inundar\u00e1 las calles de Toronto\",\"datePublished\":\"2026-09-01T08:44:21+00:00\",\"dateModified\":\"2026-09-01T08:44:22+00:00\",\"mainEntityOfPage\":{\"@id\":\"https:\\\/\\\/cpt.org\\\/es\\\/2026\\\/09\\\/01\\\/river-run-inundara-las-calles-de-toronto\"},\"wordCount\":793,\"publisher\":{\"@id\":\"https:\\\/\\\/cpt.org\\\/es#organization\"},\"image\":{\"@id\":\"https:\\\/\\\/cpt.org\\\/es\\\/2026\\\/09\\\/01\\\/river-run-inundara-las-calles-de-toronto#primaryimage\"},\"thumbnailUrl\":\"https:\\\/\\\/cpt.org\\\/wp-content\\\/uploads\\\/260828-TISN.jpg\",\"keywords\":[\"Oraciones por les Trabajadores de Paz\"],\"articleSection\":[\"Red de Solidaridad de la Isla Tortuga\"],\"inLanguage\":\"es\"},{\"@type\":\"WebPage\",\"@id\":\"https:\\\/\\\/cpt.org\\\/es\\\/2026\\\/09\\\/01\\\/river-run-inundara-las-calles-de-toronto\",\"url\":\"https:\\\/\\\/cpt.org\\\/es\\\/2026\\\/09\\\/01\\\/river-run-inundara-las-calles-de-toronto\",\"name\":\"\u2018River Run\u2019 inundar\u00e1 las calles de Toronto\",\"isPartOf\":{\"@id\":\"https:\\\/\\\/cpt.org\\\/es#website\"},\"primaryImageOfPage\":{\"@id\":\"https:\\\/\\\/cpt.org\\\/es\\\/2026\\\/09\\\/01\\\/river-run-inundara-las-calles-de-toronto#primaryimage\"},\"image\":{\"@id\":\"https:\\\/\\\/cpt.org\\\/es\\\/2026\\\/09\\\/01\\\/river-run-inundara-las-calles-de-toronto#primaryimage\"},\"thumbnailUrl\":\"https:\\\/\\\/cpt.org\\\/wp-content\\\/uploads\\\/260828-TISN.jpg\",\"datePublished\":\"2026-09-01T08:44:21+00:00\",\"dateModified\":\"2026-09-01T08:44:22+00:00\",\"description\":\"Equipos y Comunidades de Acci\u00f3n por la Paz construye alianzas para transformar la violencia y la opresi\u00f3n. M\u00e1s de 35 a\u00f1os de acci\u00f3n por la paz y la justicia.\",\"breadcrumb\":{\"@id\":\"https:\\\/\\\/cpt.org\\\/es\\\/2026\\\/09\\\/01\\\/river-run-inundara-las-calles-de-toronto#breadcrumb\"},\"inLanguage\":\"es\",\"potentialAction\":[{\"@type\":\"ReadAction\",\"target\":[\"https:\\\/\\\/cpt.org\\\/es\\\/2026\\\/09\\\/01\\\/river-run-inundara-las-calles-de-toronto\"]}]},{\"@type\":\"ImageObject\",\"inLanguage\":\"es\",\"@id\":\"https:\\\/\\\/cpt.org\\\/es\\\/2026\\\/09\\\/01\\\/river-run-inundara-las-calles-de-toronto#primaryimage\",\"url\":\"https:\\\/\\\/cpt.org\\\/wp-content\\\/uploads\\\/260828-TISN.jpg\",\"contentUrl\":\"https:\\\/\\\/cpt.org\\\/wp-content\\\/uploads\\\/260828-TISN.jpg\",\"width\":1440,\"height\":1080,\"caption\":\"Personas j\u00f3venes de \u2018Grassy Narrows\u2019 encabezan la marcha en \u2018River Run\u2019 2024\"},{\"@type\":\"BreadcrumbList\",\"@id\":\"https:\\\/\\\/cpt.org\\\/es\\\/2026\\\/09\\\/01\\\/river-run-inundara-las-calles-de-toronto#breadcrumb\",\"itemListElement\":[{\"@type\":\"ListItem\",\"position\":1,\"name\":\"Home\",\"item\":\"https:\\\/\\\/cpt.org\\\/es\"},{\"@type\":\"ListItem\",\"position\":2,\"name\":\"\u2018River Run\u2019 inundar\u00e1 las calles de Toronto\"}]},{\"@type\":\"WebSite\",\"@id\":\"https:\\\/\\\/cpt.org\\\/es#website\",\"url\":\"https:\\\/\\\/cpt.org\\\/es\",\"name\":\"Equipos y Comunidades de Acci\u00f3n por la Paz\",\"description\":\"Building partnerships to transform violence and oppression\",\"publisher\":{\"@id\":\"https:\\\/\\\/cpt.org\\\/es#organization\"},\"potentialAction\":[{\"@type\":\"SearchAction\",\"target\":{\"@type\":\"EntryPoint\",\"urlTemplate\":\"https:\\\/\\\/cpt.org\\\/es?s={search_term_string}\"},\"query-input\":{\"@type\":\"PropertyValueSpecification\",\"valueRequired\":true,\"valueName\":\"search_term_string\"}}],\"inLanguage\":\"es\"},{\"@type\":\"Organization\",\"@id\":\"https:\\\/\\\/cpt.org\\\/es#organization\",\"name\":\"Equipos y Comunidades de Acci\u00f3n por la Paz\",\"url\":\"https:\\\/\\\/cpt.org\\\/es\",\"logo\":{\"@type\":\"ImageObject\",\"inLanguage\":\"es\",\"@id\":\"https:\\\/\\\/cpt.org\\\/es#\\\/schema\\\/logo\\\/image\\\/\",\"url\":\"https:\\\/\\\/cpt.org\\\/wp-content\\\/uploads\\\/logoCPT-red-2.png\",\"contentUrl\":\"https:\\\/\\\/cpt.org\\\/wp-content\\\/uploads\\\/logoCPT-red-2.png\",\"width\":1730,\"height\":840,\"caption\":\"Equipos y Comunidades de Acci\u00f3n por la Paz\"},\"image\":{\"@id\":\"https:\\\/\\\/cpt.org\\\/es#\\\/schema\\\/logo\\\/image\\\/\"},\"sameAs\":[\"https:\\\/\\\/www.facebook.com\\\/cpters\",\"https:\\\/\\\/x.com\\\/cpt_intl\",\"https:\\\/\\\/www.instagram.com\\\/cpteams\\\/\",\"https:\\\/\\\/www.youtube.com\\\/user\\\/cptvideos\"]},{\"@type\":\"Person\",\"@id\":\"https:\\\/\\\/cpt.org\\\/es#\\\/schema\\\/person\\\/0397463f80e186355b1b332a94573147\",\"name\":\"CPT Turtle Island Solidarity Network\",\"image\":{\"@type\":\"ImageObject\",\"inLanguage\":\"es\",\"@id\":\"https:\\\/\\\/secure.gravatar.com\\\/avatar\\\/f8e2893a53064397ff49fc77fc0def4a639ed2a4f6d2100ceb46e18e988b0b01?s=96&r=g\",\"url\":\"https:\\\/\\\/secure.gravatar.com\\\/avatar\\\/f8e2893a53064397ff49fc77fc0def4a639ed2a4f6d2100ceb46e18e988b0b01?s=96&r=g\",\"contentUrl\":\"https:\\\/\\\/secure.gravatar.com\\\/avatar\\\/f8e2893a53064397ff49fc77fc0def4a639ed2a4f6d2100ceb46e18e988b0b01?s=96&r=g\",\"caption\":\"CPT Turtle Island Solidarity Network\"},\"url\":\"https:\\\/\\\/cpt.org\\\/es\\\/author\\\/cpt-turtle-island-solidarity-network\"}]}<\/script>\n<!-- \/ Yoast SEO Premium plugin. -->","yoast_head_json":{"title":"\u2018River Run\u2019 inundar\u00e1 las calles de Toronto","description":"Equipos y Comunidades de Acci\u00f3n por la Paz construye alianzas para transformar la violencia y la opresi\u00f3n. M\u00e1s de 35 a\u00f1os de acci\u00f3n por la paz y la justicia.","robots":{"index":"index","follow":"follow","max-snippet":"max-snippet:-1","max-image-preview":"max-image-preview:large","max-video-preview":"max-video-preview:-1"},"canonical":"https:\/\/cpt.org\/es\/2026\/09\/01\/river-run-inundara-las-calles-de-toronto","og_locale":"es_ES","og_type":"article","og_title":"\u2018River Run\u2019 inundar\u00e1 las calles de Toronto","og_description":"Community Peacemaker Teams builds partnerships to transform violence and oppression. Over 35 years of action for peace and justice.","og_url":"https:\/\/cpt.org\/es\/2026\/09\/01\/river-run-inundara-las-calles-de-toronto","og_site_name":"Equipos y Comunidades de Acci\u00f3n por la Paz","article_publisher":"https:\/\/www.facebook.com\/cpters","article_published_time":"2026-09-01T08:44:21+00:00","article_modified_time":"2026-09-01T08:44:22+00:00","og_image":[{"width":1440,"height":1080,"url":"https:\/\/cpt.org\/wp-content\/uploads\/260828-TISN.jpg","type":"image\/jpeg"}],"author":"CPT Turtle Island Solidarity Network","twitter_card":"summary_large_image","twitter_creator":"@cpt_intl","twitter_site":"@cpt_intl","twitter_misc":{"Escrito por":"CPT Turtle Island Solidarity Network","Tiempo de lectura":"4 minutos"},"schema":{"@context":"https:\/\/schema.org","@graph":[{"@type":"Article","@id":"https:\/\/cpt.org\/es\/2026\/09\/01\/river-run-inundara-las-calles-de-toronto#article","isPartOf":{"@id":"https:\/\/cpt.org\/es\/2026\/09\/01\/river-run-inundara-las-calles-de-toronto"},"author":{"name":"CPT Turtle Island Solidarity Network","@id":"https:\/\/cpt.org\/es#\/schema\/person\/0397463f80e186355b1b332a94573147"},"headline":"\u2018River Run\u2019 inundar\u00e1 las calles de Toronto","datePublished":"2026-09-01T08:44:21+00:00","dateModified":"2026-09-01T08:44:22+00:00","mainEntityOfPage":{"@id":"https:\/\/cpt.org\/es\/2026\/09\/01\/river-run-inundara-las-calles-de-toronto"},"wordCount":793,"publisher":{"@id":"https:\/\/cpt.org\/es#organization"},"image":{"@id":"https:\/\/cpt.org\/es\/2026\/09\/01\/river-run-inundara-las-calles-de-toronto#primaryimage"},"thumbnailUrl":"https:\/\/cpt.org\/wp-content\/uploads\/260828-TISN.jpg","keywords":["Oraciones por les Trabajadores de Paz"],"articleSection":["Red de Solidaridad de la Isla Tortuga"],"inLanguage":"es"},{"@type":"WebPage","@id":"https:\/\/cpt.org\/es\/2026\/09\/01\/river-run-inundara-las-calles-de-toronto","url":"https:\/\/cpt.org\/es\/2026\/09\/01\/river-run-inundara-las-calles-de-toronto","name":"\u2018River Run\u2019 inundar\u00e1 las calles de Toronto","isPartOf":{"@id":"https:\/\/cpt.org\/es#website"},"primaryImageOfPage":{"@id":"https:\/\/cpt.org\/es\/2026\/09\/01\/river-run-inundara-las-calles-de-toronto#primaryimage"},"image":{"@id":"https:\/\/cpt.org\/es\/2026\/09\/01\/river-run-inundara-las-calles-de-toronto#primaryimage"},"thumbnailUrl":"https:\/\/cpt.org\/wp-content\/uploads\/260828-TISN.jpg","datePublished":"2026-09-01T08:44:21+00:00","dateModified":"2026-09-01T08:44:22+00:00","description":"Equipos y Comunidades de Acci\u00f3n por la Paz construye alianzas para transformar la violencia y la opresi\u00f3n. M\u00e1s de 35 a\u00f1os de acci\u00f3n por la paz y la justicia.","breadcrumb":{"@id":"https:\/\/cpt.org\/es\/2026\/09\/01\/river-run-inundara-las-calles-de-toronto#breadcrumb"},"inLanguage":"es","potentialAction":[{"@type":"ReadAction","target":["https:\/\/cpt.org\/es\/2026\/09\/01\/river-run-inundara-las-calles-de-toronto"]}]},{"@type":"ImageObject","inLanguage":"es","@id":"https:\/\/cpt.org\/es\/2026\/09\/01\/river-run-inundara-las-calles-de-toronto#primaryimage","url":"https:\/\/cpt.org\/wp-content\/uploads\/260828-TISN.jpg","contentUrl":"https:\/\/cpt.org\/wp-content\/uploads\/260828-TISN.jpg","width":1440,"height":1080,"caption":"Personas j\u00f3venes de \u2018Grassy Narrows\u2019 encabezan la marcha en \u2018River Run\u2019 2024"},{"@type":"BreadcrumbList","@id":"https:\/\/cpt.org\/es\/2026\/09\/01\/river-run-inundara-las-calles-de-toronto#breadcrumb","itemListElement":[{"@type":"ListItem","position":1,"name":"Home","item":"https:\/\/cpt.org\/es"},{"@type":"ListItem","position":2,"name":"\u2018River Run\u2019 inundar\u00e1 las calles de Toronto"}]},{"@type":"WebSite","@id":"https:\/\/cpt.org\/es#website","url":"https:\/\/cpt.org\/es","name":"Equipos y Comunidades de Acci\u00f3n por la Paz","description":"Building partnerships to transform violence and oppression","publisher":{"@id":"https:\/\/cpt.org\/es#organization"},"potentialAction":[{"@type":"SearchAction","target":{"@type":"EntryPoint","urlTemplate":"https:\/\/cpt.org\/es?s={search_term_string}"},"query-input":{"@type":"PropertyValueSpecification","valueRequired":true,"valueName":"search_term_string"}}],"inLanguage":"es"},{"@type":"Organization","@id":"https:\/\/cpt.org\/es#organization","name":"Equipos y Comunidades de Acci\u00f3n por la Paz","url":"https:\/\/cpt.org\/es","logo":{"@type":"ImageObject","inLanguage":"es","@id":"https:\/\/cpt.org\/es#\/schema\/logo\/image\/","url":"https:\/\/cpt.org\/wp-content\/uploads\/logoCPT-red-2.png","contentUrl":"https:\/\/cpt.org\/wp-content\/uploads\/logoCPT-red-2.png","width":1730,"height":840,"caption":"Equipos y Comunidades de Acci\u00f3n por la Paz"},"image":{"@id":"https:\/\/cpt.org\/es#\/schema\/logo\/image\/"},"sameAs":["https:\/\/www.facebook.com\/cpters","https:\/\/x.com\/cpt_intl","https:\/\/www.instagram.com\/cpteams\/","https:\/\/www.youtube.com\/user\/cptvideos"]},{"@type":"Person","@id":"https:\/\/cpt.org\/es#\/schema\/person\/0397463f80e186355b1b332a94573147","name":"CPT Turtle Island Solidarity Network","image":{"@type":"ImageObject","inLanguage":"es","@id":"https:\/\/secure.gravatar.com\/avatar\/f8e2893a53064397ff49fc77fc0def4a639ed2a4f6d2100ceb46e18e988b0b01?s=96&r=g","url":"https:\/\/secure.gravatar.com\/avatar\/f8e2893a53064397ff49fc77fc0def4a639ed2a4f6d2100ceb46e18e988b0b01?s=96&r=g","contentUrl":"https:\/\/secure.gravatar.com\/avatar\/f8e2893a53064397ff49fc77fc0def4a639ed2a4f6d2100ceb46e18e988b0b01?s=96&r=g","caption":"CPT Turtle Island Solidarity Network"},"url":"https:\/\/cpt.org\/es\/author\/cpt-turtle-island-solidarity-network"}]}},"_links":{"self":[{"href":"https:\/\/cpt.org\/es\/wp-json\/wp\/v2\/posts\/42131","targetHints":{"allow":["GET"]}}],"collection":[{"href":"https:\/\/cpt.org\/es\/wp-json\/wp\/v2\/posts"}],"about":[{"href":"https:\/\/cpt.org\/es\/wp-json\/wp\/v2\/types\/post"}],"author":[{"embeddable":true,"href":"https:\/\/cpt.org\/es\/wp-json\/wp\/v2\/users\/10"}],"replies":[{"embeddable":true,"href":"https:\/\/cpt.org\/es\/wp-json\/wp\/v2\/comments?post=42131"}],"version-history":[{"count":1,"href":"https:\/\/cpt.org\/es\/wp-json\/wp\/v2\/posts\/42131\/revisions"}],"predecessor-version":[{"id":42132,"href":"https:\/\/cpt.org\/es\/wp-json\/wp\/v2\/posts\/42131\/revisions\/42132"}],"wp:featuredmedia":[{"embeddable":true,"href":"https:\/\/cpt.org\/es\/wp-json\/wp\/v2\/media\/42130"}],"wp:attachment":[{"href":"https:\/\/cpt.org\/es\/wp-json\/wp\/v2\/media?parent=42131"}],"wp:term":[{"taxonomy":"category","embeddable":true,"href":"https:\/\/cpt.org\/es\/wp-json\/wp\/v2\/categories?post=42131"},{"taxonomy":"post_tag","embeddable":true,"href":"https:\/\/cpt.org\/es\/wp-json\/wp\/v2\/tags?post=42131"}],"curies":[{"name":"wp","href":"https:\/\/api.w.org\/{rel}","templated":true}]}}