{"id":42136,"date":"2026-09-01T12:54:05","date_gmt":"2026-09-01T17:54:05","guid":{"rendered":"https:\/\/cpt.org\/2026\/09\/01\/mi-gente-es-hermosa-aunque-este-envenenada"},"modified":"2026-09-01T12:54:06","modified_gmt":"2026-09-01T17:54:06","slug":"mi-gente-es-hermosa-aunque-este-envenenada","status":"publish","type":"post","link":"https:\/\/cpt.org\/es\/2026\/09\/01\/mi-gente-es-hermosa-aunque-este-envenenada","title":{"rendered":"\u201cMi gente es hermosa, aunque est\u00e9 envenenada\u201d."},"content":{"rendered":"\n<p class=\"wp-block-paragraph\">Una lluvia ligera brillaba sobre las hojas y las agujas de los bosques de pinos, abetos y \u00e1lamos que rodean la comunidad de \u2018Asubpeeschoseewagong\u2019 \u2013 tambi\u00e9n conocida como \u2018Grassy Narrows\u2019 \u2013 cuando llegamos al lugar del bloqueo. Nuestra delegaci\u00f3n hab\u00eda viajado a esta comunidad del noroeste de Ontario para reunirse con Judy Da Silva, una anciana y activista, y lideresa comunitaria en la lucha por la justicia para su pueblo y sus cursos de agua. Nos sentamos juntes, bajo el cobijo de una carpa plegable en el lugar donde, hace m\u00e1s de veinte a\u00f1os, las personas j\u00f3venes de su comunidad hab\u00edan tomado las riendas de la situaci\u00f3n por primera vez.<\/p>\n\n<p class=\"wp-block-paragraph\">Sintiendo hast\u00edo de que las empresas madereras talaran los bosques donde cazaban, colocaban trampas y recolectaban bayas y plantas medicinales, un grupo de personas j\u00f3venes de \u2018Grassy Narrows\u2019 parti\u00f3 con un auto viejo y una motosierra un fr\u00edo d\u00eda de diciembre del 2002 y comenz\u00f3 a talar \u00e1rboles a lo largo del camino forestal. Solo llevaban chaquetas ligeras, pero les ard\u00eda la determinaci\u00f3n. Era el inicio de la protesta de acci\u00f3n directa liderada por ind\u00edgenas m\u00e1s prolongada en la historia de Canad\u00e1.<\/p>\n\n<p class=\"wp-block-paragraph\">La tala a ras es solo una de las amenazas que enfrentan la poblaci\u00f3n y los ecosistemas de \u2018Grassy Narrows\u2019. En las d\u00e9cadas de 1960 y de 1970, la f\u00e1brica de papel de Dryden verti\u00f3 alrededor de nueve toneladas de mercurio en el sistema fluvial del Rio English-Wabigoon. Esta neurotoxina se introdujo en la cadena alimentaria, envenenando a los peces y a las personas. La intoxicaci\u00f3n por mercurio puede causar temblores, insomnio, p\u00e9rdida de memoria, dolores de cabeza, visi\u00f3n tubular, dolor en las articulaciones, p\u00e9rdida del equilibrio, problemas de audici\u00f3n y del habla, e insuficiencia renal. Se estima que el 90 por ciento de la poblaci\u00f3n de \u2018Grassy Narrows\u2019 presenta estos s\u00edntomas.<\/p>\n\n<p class=\"wp-block-paragraph\">Una mujer que ahora vive en el sur de Ontario nos cont\u00f3 que regres\u00f3 recientemente a \u2018Grassy Narrows\u2019 para asistir a un funeral y termin\u00f3 qued\u00e1ndose todo un mes. Ella dijo que: \u201cHab\u00eda tres funerales cada semana\u201d.<\/p>\n\n<p class=\"wp-block-paragraph\"><span lang=\"es-HN\">Tras d\u00e9cadas de activismo comunitario, el gobierno de Ontario destin\u00f3 85 millones de d\u00f3lares a la descontaminaci\u00f3n del mercurio en el sistema fluvial. Las personas cient\u00edficas est\u00e1n midiendo los niveles de contaminaci\u00f3n para determinar c\u00f3mo se podr\u00eda llevar a cabo esta tarea. Aunque la planta de Dryden ya no vierte mercurio al r\u00edo, sigue liberando otras sustancias qu\u00edmicas en el curso de agua, algunas de las cuales\u00a0<\/span><a href=\"https:\/\/www.cbc.ca\/news\/canada\/thunder-bay\/grassy-narrows-first-nation-methylmercury-study-1.7211750\"><span lang=\"es-HN\">agravan los efectos de la intoxicaci\u00f3n por mercurio<\/span><\/a><span lang=\"es-HN\">.<\/span><\/p>\n\n<p class=\"wp-block-paragraph\">Un cartel colocado en un remolque en la ciudad muestra las variedades de pescado que contienen m\u00e1s mercurio y ofrece consejos sobre c\u00f3mo cocinar el pescado para reducir al m\u00ednimo el consumo de mercurio.<\/p>\n\n<p class=\"wp-block-paragraph\">\u201cEsta tarde ir\u00e1n a la comunidad powwow y ver\u00e1n a mi gente bailar\u201d, nos dijo Judy. \u201cMi gente es hermosa, aunque est\u00e9 envenenada. Ustedes tienen el privilegio de estar con mi gente. Estas personas sufren por el mercurio, pero siguen sonriendo\u201d.<\/p>\n\n<p class=\"wp-block-paragraph\">La propia Judy est\u00e1 empezando a tener dificultades para tragar, un s\u00edntoma de la presencia de mercurio en su organismo.<\/p>\n\n<p class=\"wp-block-paragraph\">A Judy se le uni\u00f3 su amiga Chickadee Richard, una guardiana del conocimiento anishinaabe y abuela de la Primera Naci\u00f3n de \u2018Sandy Bay\u2019. \u201cCuando atacan a la gente de estas tierras, venimos aqu\u00ed a orar\u201d, dijo. \u201cCuando oro, oro por toda la vida, no solo por nosotres\u201d. Se refiri\u00f3 a las luchas lideradas por los pueblos ind\u00edgenas en \u2018Oka\u2019 y de \u2018Fairy Creek\u2019. La hija de Chickadee forma parte de las personas \u2018Tiny House Warriors\u2019 (Peque\u00f1es Guerreres) de Columbia Brit\u00e1nica, quienes han luchado para intentar impedir que el oleoducto de \u2018Trans Mountain\u2019 atraviese el territorio no cedido de las personas \u2018Secwepemc\u2019.<\/p>\n\n<p class=\"wp-block-paragraph\">Judy nos dio un regalo a cada une de nosotres: un p\u00f3ster y un peque\u00f1o cubo de cobre con un cord\u00f3n de cuero para llevar colgado al cuello. \u201cAhora son portadores de agua\u201d, dijo. \u201cTenemos que proteger a Nibi. El agua. Est\u00e1 en peligro en todo el mundo\u201d. Ella mencion\u00f3 una central el\u00e9ctrica en Hungr\u00eda que estaba a punto de cerrar debido a los bajos niveles de agua en el R\u00edo Danubio, afectado por la sequ\u00eda.<\/p>\n\n<p class=\"wp-block-paragraph\">El cartel, ilustrado por su hija Iruwa Da Silva, muestra a una mujer de rodillas vertiendo agua de un balde. La rodean peces que saltan. Est\u00e1 envuelta en el abrazo de una mujer de cabello blanco, quien a su vez es sostenida por el esp\u00edritu de un p\u00e1jaro del trueno. A menudo, su hija se siente sola en la lucha por proteger la tierra y el agua, nos cont\u00f3 Judy. Nada cambia. La industria y el gobierno tienen todo el poder. \u201cPero los antepasados siguen apoy\u00e1ndonos\u201d. Nos mir\u00f3 a cada persona que est\u00e1bamos sentades en el c\u00edrculo. \u201cSus antepasados tambi\u00e9n est\u00e1n a su lado. Cuando se sienta en soledad, sus antepasados est\u00e1n a su lado. Elles le trajeron aqu\u00ed para que escuchara nuestra historia\u201d.<\/p>\n\n<hr class=\"wp-block-separator has-alpha-channel-opacity\"\/>\n\n<p class=\"wp-block-paragraph\"><em><span lang=\"es-HN\">El 23 de septiembre, a partir del mediod\u00eda, las personas habitantes de \u2018Grassy Narrows\u2019, junto con miles de personas simpatizantes, marchar\u00e1n por las calles de Toronto para exigir que se ponga fin a la contaminaci\u00f3n y que se brinde una compensaci\u00f3n a la comunidad de \u2018Grassy Narrows\u2019. <\/span><a href=\"https:\/\/actionnetwork.org\/events\/river-run-2026\"><span lang=\"es-HN\">Confirme su asistencia para unirse a la \u2018River Run\u2019 aqu\u00ed<\/span><\/a><span lang=\"es-HN\">.<\/span><\/em><\/p>\n","protected":false},"excerpt":{"rendered":"<p>En \u2018Grassy Narrows\u2019, una lucha de d\u00e9cadas contra el racismo ambiental y la devastaci\u00f3n provocada por el colonialismo ha forjado una comunidad de resistencia. Josiah Neufeld reflexiona sobre su determinaci\u00f3n y su resoluci\u00f3n.<\/p>\n","protected":false},"author":63,"featured_media":42135,"comment_status":"closed","ping_status":"closed","sticky":false,"template":"","format":"standard","meta":{"footnotes":""},"categories":[241],"tags":[],"class_list":["post-42136","post","type-post","status-publish","format-standard","has-post-thumbnail","hentry","category-red-de-solidaridad-de-la-isla-tortuga"],"yoast_head":"<!-- This site is optimized with the Yoast SEO Premium plugin v28.3 (Yoast SEO v28.3) - https:\/\/yoast.com\/product\/yoast-seo-premium-wordpress\/ -->\n<title>\u201cMi gente es hermosa, aunque est\u00e9 envenenada\u201d.<\/title>\n<meta name=\"description\" content=\"Equipos y Comunidades de Acci\u00f3n por la Paz construye alianzas para transformar la violencia y la opresi\u00f3n. M\u00e1s de 35 a\u00f1os de acci\u00f3n por la paz y la justicia.\" \/>\n<meta name=\"robots\" content=\"index, follow, max-snippet:-1, max-image-preview:large, max-video-preview:-1\" \/>\n<link rel=\"canonical\" href=\"https:\/\/cpt.org\/es\/2026\/09\/01\/mi-gente-es-hermosa-aunque-este-envenenada\" \/>\n<meta property=\"og:locale\" content=\"es_ES\" \/>\n<meta property=\"og:type\" content=\"article\" \/>\n<meta property=\"og:title\" content=\"\u201cMi gente es hermosa, aunque est\u00e9 envenenada\u201d.\" \/>\n<meta property=\"og:description\" content=\"Community Peacemaker Teams builds partnerships to transform violence and oppression. Over 35 years of action for peace and justice.\" \/>\n<meta property=\"og:url\" content=\"https:\/\/cpt.org\/es\/2026\/09\/01\/mi-gente-es-hermosa-aunque-este-envenenada\" \/>\n<meta property=\"og:site_name\" content=\"Equipos y Comunidades de Acci\u00f3n por la Paz\" \/>\n<meta property=\"article:publisher\" content=\"https:\/\/www.facebook.com\/cpters\" \/>\n<meta property=\"article:published_time\" content=\"2026-09-01T17:54:05+00:00\" \/>\n<meta property=\"article:modified_time\" content=\"2026-09-01T17:54:06+00:00\" \/>\n<meta property=\"og:image\" content=\"https:\/\/cpt.org\/wp-content\/uploads\/260825-TISN.jpg\" \/>\n\t<meta property=\"og:image:width\" content=\"2000\" \/>\n\t<meta property=\"og:image:height\" content=\"1500\" \/>\n\t<meta property=\"og:image:type\" content=\"image\/jpeg\" \/>\n<meta name=\"author\" content=\"Josiah Neufeld\" \/>\n<meta name=\"twitter:card\" content=\"summary_large_image\" \/>\n<meta name=\"twitter:creator\" content=\"@cpt_intl\" \/>\n<meta name=\"twitter:site\" content=\"@cpt_intl\" \/>\n<meta name=\"twitter:label1\" content=\"Escrito por\" \/>\n\t<meta name=\"twitter:data1\" content=\"Josiah Neufeld\" \/>\n\t<meta name=\"twitter:label2\" content=\"Tiempo de lectura\" \/>\n\t<meta name=\"twitter:data2\" content=\"5 minutos\" \/>\n<script type=\"application\/ld+json\" class=\"yoast-schema-graph\">{\"@context\":\"https:\\\/\\\/schema.org\",\"@graph\":[{\"@type\":\"Article\",\"@id\":\"https:\\\/\\\/cpt.org\\\/es\\\/2026\\\/09\\\/01\\\/mi-gente-es-hermosa-aunque-este-envenenada#article\",\"isPartOf\":{\"@id\":\"https:\\\/\\\/cpt.org\\\/es\\\/2026\\\/09\\\/01\\\/mi-gente-es-hermosa-aunque-este-envenenada\"},\"author\":{\"name\":\"Josiah Neufeld\",\"@id\":\"https:\\\/\\\/cpt.org\\\/es#\\\/schema\\\/person\\\/005e70baa763456662f38802f15186c4\"},\"headline\":\"\u201cMi gente es hermosa, aunque est\u00e9 envenenada\u201d.\",\"datePublished\":\"2026-09-01T17:54:05+00:00\",\"dateModified\":\"2026-09-01T17:54:06+00:00\",\"mainEntityOfPage\":{\"@id\":\"https:\\\/\\\/cpt.org\\\/es\\\/2026\\\/09\\\/01\\\/mi-gente-es-hermosa-aunque-este-envenenada\"},\"wordCount\":937,\"publisher\":{\"@id\":\"https:\\\/\\\/cpt.org\\\/es#organization\"},\"image\":{\"@id\":\"https:\\\/\\\/cpt.org\\\/es\\\/2026\\\/09\\\/01\\\/mi-gente-es-hermosa-aunque-este-envenenada#primaryimage\"},\"thumbnailUrl\":\"https:\\\/\\\/cpt.org\\\/wp-content\\\/uploads\\\/260825-TISN.jpg\",\"articleSection\":[\"Red de Solidaridad de la Isla Tortuga\"],\"inLanguage\":\"es\"},{\"@type\":\"WebPage\",\"@id\":\"https:\\\/\\\/cpt.org\\\/es\\\/2026\\\/09\\\/01\\\/mi-gente-es-hermosa-aunque-este-envenenada\",\"url\":\"https:\\\/\\\/cpt.org\\\/es\\\/2026\\\/09\\\/01\\\/mi-gente-es-hermosa-aunque-este-envenenada\",\"name\":\"\u201cMi gente es hermosa, aunque est\u00e9 envenenada\u201d.\",\"isPartOf\":{\"@id\":\"https:\\\/\\\/cpt.org\\\/es#website\"},\"primaryImageOfPage\":{\"@id\":\"https:\\\/\\\/cpt.org\\\/es\\\/2026\\\/09\\\/01\\\/mi-gente-es-hermosa-aunque-este-envenenada#primaryimage\"},\"image\":{\"@id\":\"https:\\\/\\\/cpt.org\\\/es\\\/2026\\\/09\\\/01\\\/mi-gente-es-hermosa-aunque-este-envenenada#primaryimage\"},\"thumbnailUrl\":\"https:\\\/\\\/cpt.org\\\/wp-content\\\/uploads\\\/260825-TISN.jpg\",\"datePublished\":\"2026-09-01T17:54:05+00:00\",\"dateModified\":\"2026-09-01T17:54:06+00:00\",\"description\":\"Equipos y Comunidades de Acci\u00f3n por la Paz construye alianzas para transformar la violencia y la opresi\u00f3n. M\u00e1s de 35 a\u00f1os de acci\u00f3n por la paz y la justicia.\",\"breadcrumb\":{\"@id\":\"https:\\\/\\\/cpt.org\\\/es\\\/2026\\\/09\\\/01\\\/mi-gente-es-hermosa-aunque-este-envenenada#breadcrumb\"},\"inLanguage\":\"es\",\"potentialAction\":[{\"@type\":\"ReadAction\",\"target\":[\"https:\\\/\\\/cpt.org\\\/es\\\/2026\\\/09\\\/01\\\/mi-gente-es-hermosa-aunque-este-envenenada\"]}]},{\"@type\":\"ImageObject\",\"inLanguage\":\"es\",\"@id\":\"https:\\\/\\\/cpt.org\\\/es\\\/2026\\\/09\\\/01\\\/mi-gente-es-hermosa-aunque-este-envenenada#primaryimage\",\"url\":\"https:\\\/\\\/cpt.org\\\/wp-content\\\/uploads\\\/260825-TISN.jpg\",\"contentUrl\":\"https:\\\/\\\/cpt.org\\\/wp-content\\\/uploads\\\/260825-TISN.jpg\",\"width\":2000,\"height\":1500,\"caption\":\"A river and its banks\"},{\"@type\":\"BreadcrumbList\",\"@id\":\"https:\\\/\\\/cpt.org\\\/es\\\/2026\\\/09\\\/01\\\/mi-gente-es-hermosa-aunque-este-envenenada#breadcrumb\",\"itemListElement\":[{\"@type\":\"ListItem\",\"position\":1,\"name\":\"Home\",\"item\":\"https:\\\/\\\/cpt.org\\\/es\"},{\"@type\":\"ListItem\",\"position\":2,\"name\":\"\u201cMi gente es hermosa, aunque est\u00e9 envenenada\u201d.\"}]},{\"@type\":\"WebSite\",\"@id\":\"https:\\\/\\\/cpt.org\\\/es#website\",\"url\":\"https:\\\/\\\/cpt.org\\\/es\",\"name\":\"Equipos y Comunidades de Acci\u00f3n por la Paz\",\"description\":\"Building partnerships to transform violence and oppression\",\"publisher\":{\"@id\":\"https:\\\/\\\/cpt.org\\\/es#organization\"},\"potentialAction\":[{\"@type\":\"SearchAction\",\"target\":{\"@type\":\"EntryPoint\",\"urlTemplate\":\"https:\\\/\\\/cpt.org\\\/es?s={search_term_string}\"},\"query-input\":{\"@type\":\"PropertyValueSpecification\",\"valueRequired\":true,\"valueName\":\"search_term_string\"}}],\"inLanguage\":\"es\"},{\"@type\":\"Organization\",\"@id\":\"https:\\\/\\\/cpt.org\\\/es#organization\",\"name\":\"Equipos y Comunidades de Acci\u00f3n por la Paz\",\"url\":\"https:\\\/\\\/cpt.org\\\/es\",\"logo\":{\"@type\":\"ImageObject\",\"inLanguage\":\"es\",\"@id\":\"https:\\\/\\\/cpt.org\\\/es#\\\/schema\\\/logo\\\/image\\\/\",\"url\":\"https:\\\/\\\/cpt.org\\\/wp-content\\\/uploads\\\/logoCPT-red-2.png\",\"contentUrl\":\"https:\\\/\\\/cpt.org\\\/wp-content\\\/uploads\\\/logoCPT-red-2.png\",\"width\":1730,\"height\":840,\"caption\":\"Equipos y Comunidades de Acci\u00f3n por la Paz\"},\"image\":{\"@id\":\"https:\\\/\\\/cpt.org\\\/es#\\\/schema\\\/logo\\\/image\\\/\"},\"sameAs\":[\"https:\\\/\\\/www.facebook.com\\\/cpters\",\"https:\\\/\\\/x.com\\\/cpt_intl\",\"https:\\\/\\\/www.instagram.com\\\/cpteams\\\/\",\"https:\\\/\\\/www.youtube.com\\\/user\\\/cptvideos\"]},{\"@type\":\"Person\",\"@id\":\"https:\\\/\\\/cpt.org\\\/es#\\\/schema\\\/person\\\/005e70baa763456662f38802f15186c4\",\"name\":\"Josiah Neufeld\",\"image\":{\"@type\":\"ImageObject\",\"inLanguage\":\"es\",\"@id\":\"https:\\\/\\\/secure.gravatar.com\\\/avatar\\\/f957c23190f130510cf295a3dc0cdea09a878aa775255abfbf20559526b0db4f?s=96&r=g\",\"url\":\"https:\\\/\\\/secure.gravatar.com\\\/avatar\\\/f957c23190f130510cf295a3dc0cdea09a878aa775255abfbf20559526b0db4f?s=96&r=g\",\"contentUrl\":\"https:\\\/\\\/secure.gravatar.com\\\/avatar\\\/f957c23190f130510cf295a3dc0cdea09a878aa775255abfbf20559526b0db4f?s=96&r=g\",\"caption\":\"Josiah Neufeld\"},\"url\":\"https:\\\/\\\/cpt.org\\\/es\\\/author\\\/josiah-neufeld\"}]}<\/script>\n<!-- \/ Yoast SEO Premium plugin. -->","yoast_head_json":{"title":"\u201cMi gente es hermosa, aunque est\u00e9 envenenada\u201d.","description":"Equipos y Comunidades de Acci\u00f3n por la Paz construye alianzas para transformar la violencia y la opresi\u00f3n. M\u00e1s de 35 a\u00f1os de acci\u00f3n por la paz y la justicia.","robots":{"index":"index","follow":"follow","max-snippet":"max-snippet:-1","max-image-preview":"max-image-preview:large","max-video-preview":"max-video-preview:-1"},"canonical":"https:\/\/cpt.org\/es\/2026\/09\/01\/mi-gente-es-hermosa-aunque-este-envenenada","og_locale":"es_ES","og_type":"article","og_title":"\u201cMi gente es hermosa, aunque est\u00e9 envenenada\u201d.","og_description":"Community Peacemaker Teams builds partnerships to transform violence and oppression. Over 35 years of action for peace and justice.","og_url":"https:\/\/cpt.org\/es\/2026\/09\/01\/mi-gente-es-hermosa-aunque-este-envenenada","og_site_name":"Equipos y Comunidades de Acci\u00f3n por la Paz","article_publisher":"https:\/\/www.facebook.com\/cpters","article_published_time":"2026-09-01T17:54:05+00:00","article_modified_time":"2026-09-01T17:54:06+00:00","og_image":[{"width":2000,"height":1500,"url":"https:\/\/cpt.org\/wp-content\/uploads\/260825-TISN.jpg","type":"image\/jpeg"}],"author":"Josiah Neufeld","twitter_card":"summary_large_image","twitter_creator":"@cpt_intl","twitter_site":"@cpt_intl","twitter_misc":{"Escrito por":"Josiah Neufeld","Tiempo de lectura":"5 minutos"},"schema":{"@context":"https:\/\/schema.org","@graph":[{"@type":"Article","@id":"https:\/\/cpt.org\/es\/2026\/09\/01\/mi-gente-es-hermosa-aunque-este-envenenada#article","isPartOf":{"@id":"https:\/\/cpt.org\/es\/2026\/09\/01\/mi-gente-es-hermosa-aunque-este-envenenada"},"author":{"name":"Josiah Neufeld","@id":"https:\/\/cpt.org\/es#\/schema\/person\/005e70baa763456662f38802f15186c4"},"headline":"\u201cMi gente es hermosa, aunque est\u00e9 envenenada\u201d.","datePublished":"2026-09-01T17:54:05+00:00","dateModified":"2026-09-01T17:54:06+00:00","mainEntityOfPage":{"@id":"https:\/\/cpt.org\/es\/2026\/09\/01\/mi-gente-es-hermosa-aunque-este-envenenada"},"wordCount":937,"publisher":{"@id":"https:\/\/cpt.org\/es#organization"},"image":{"@id":"https:\/\/cpt.org\/es\/2026\/09\/01\/mi-gente-es-hermosa-aunque-este-envenenada#primaryimage"},"thumbnailUrl":"https:\/\/cpt.org\/wp-content\/uploads\/260825-TISN.jpg","articleSection":["Red de Solidaridad de la Isla Tortuga"],"inLanguage":"es"},{"@type":"WebPage","@id":"https:\/\/cpt.org\/es\/2026\/09\/01\/mi-gente-es-hermosa-aunque-este-envenenada","url":"https:\/\/cpt.org\/es\/2026\/09\/01\/mi-gente-es-hermosa-aunque-este-envenenada","name":"\u201cMi gente es hermosa, aunque est\u00e9 envenenada\u201d.","isPartOf":{"@id":"https:\/\/cpt.org\/es#website"},"primaryImageOfPage":{"@id":"https:\/\/cpt.org\/es\/2026\/09\/01\/mi-gente-es-hermosa-aunque-este-envenenada#primaryimage"},"image":{"@id":"https:\/\/cpt.org\/es\/2026\/09\/01\/mi-gente-es-hermosa-aunque-este-envenenada#primaryimage"},"thumbnailUrl":"https:\/\/cpt.org\/wp-content\/uploads\/260825-TISN.jpg","datePublished":"2026-09-01T17:54:05+00:00","dateModified":"2026-09-01T17:54:06+00:00","description":"Equipos y Comunidades de Acci\u00f3n por la Paz construye alianzas para transformar la violencia y la opresi\u00f3n. M\u00e1s de 35 a\u00f1os de acci\u00f3n por la paz y la justicia.","breadcrumb":{"@id":"https:\/\/cpt.org\/es\/2026\/09\/01\/mi-gente-es-hermosa-aunque-este-envenenada#breadcrumb"},"inLanguage":"es","potentialAction":[{"@type":"ReadAction","target":["https:\/\/cpt.org\/es\/2026\/09\/01\/mi-gente-es-hermosa-aunque-este-envenenada"]}]},{"@type":"ImageObject","inLanguage":"es","@id":"https:\/\/cpt.org\/es\/2026\/09\/01\/mi-gente-es-hermosa-aunque-este-envenenada#primaryimage","url":"https:\/\/cpt.org\/wp-content\/uploads\/260825-TISN.jpg","contentUrl":"https:\/\/cpt.org\/wp-content\/uploads\/260825-TISN.jpg","width":2000,"height":1500,"caption":"A river and its banks"},{"@type":"BreadcrumbList","@id":"https:\/\/cpt.org\/es\/2026\/09\/01\/mi-gente-es-hermosa-aunque-este-envenenada#breadcrumb","itemListElement":[{"@type":"ListItem","position":1,"name":"Home","item":"https:\/\/cpt.org\/es"},{"@type":"ListItem","position":2,"name":"\u201cMi gente es hermosa, aunque est\u00e9 envenenada\u201d."}]},{"@type":"WebSite","@id":"https:\/\/cpt.org\/es#website","url":"https:\/\/cpt.org\/es","name":"Equipos y Comunidades de Acci\u00f3n por la Paz","description":"Building partnerships to transform violence and oppression","publisher":{"@id":"https:\/\/cpt.org\/es#organization"},"potentialAction":[{"@type":"SearchAction","target":{"@type":"EntryPoint","urlTemplate":"https:\/\/cpt.org\/es?s={search_term_string}"},"query-input":{"@type":"PropertyValueSpecification","valueRequired":true,"valueName":"search_term_string"}}],"inLanguage":"es"},{"@type":"Organization","@id":"https:\/\/cpt.org\/es#organization","name":"Equipos y Comunidades de Acci\u00f3n por la Paz","url":"https:\/\/cpt.org\/es","logo":{"@type":"ImageObject","inLanguage":"es","@id":"https:\/\/cpt.org\/es#\/schema\/logo\/image\/","url":"https:\/\/cpt.org\/wp-content\/uploads\/logoCPT-red-2.png","contentUrl":"https:\/\/cpt.org\/wp-content\/uploads\/logoCPT-red-2.png","width":1730,"height":840,"caption":"Equipos y Comunidades de Acci\u00f3n por la Paz"},"image":{"@id":"https:\/\/cpt.org\/es#\/schema\/logo\/image\/"},"sameAs":["https:\/\/www.facebook.com\/cpters","https:\/\/x.com\/cpt_intl","https:\/\/www.instagram.com\/cpteams\/","https:\/\/www.youtube.com\/user\/cptvideos"]},{"@type":"Person","@id":"https:\/\/cpt.org\/es#\/schema\/person\/005e70baa763456662f38802f15186c4","name":"Josiah Neufeld","image":{"@type":"ImageObject","inLanguage":"es","@id":"https:\/\/secure.gravatar.com\/avatar\/f957c23190f130510cf295a3dc0cdea09a878aa775255abfbf20559526b0db4f?s=96&r=g","url":"https:\/\/secure.gravatar.com\/avatar\/f957c23190f130510cf295a3dc0cdea09a878aa775255abfbf20559526b0db4f?s=96&r=g","contentUrl":"https:\/\/secure.gravatar.com\/avatar\/f957c23190f130510cf295a3dc0cdea09a878aa775255abfbf20559526b0db4f?s=96&r=g","caption":"Josiah Neufeld"},"url":"https:\/\/cpt.org\/es\/author\/josiah-neufeld"}]}},"_links":{"self":[{"href":"https:\/\/cpt.org\/es\/wp-json\/wp\/v2\/posts\/42136","targetHints":{"allow":["GET"]}}],"collection":[{"href":"https:\/\/cpt.org\/es\/wp-json\/wp\/v2\/posts"}],"about":[{"href":"https:\/\/cpt.org\/es\/wp-json\/wp\/v2\/types\/post"}],"author":[{"embeddable":true,"href":"https:\/\/cpt.org\/es\/wp-json\/wp\/v2\/users\/63"}],"replies":[{"embeddable":true,"href":"https:\/\/cpt.org\/es\/wp-json\/wp\/v2\/comments?post=42136"}],"version-history":[{"count":1,"href":"https:\/\/cpt.org\/es\/wp-json\/wp\/v2\/posts\/42136\/revisions"}],"predecessor-version":[{"id":42137,"href":"https:\/\/cpt.org\/es\/wp-json\/wp\/v2\/posts\/42136\/revisions\/42137"}],"wp:featuredmedia":[{"embeddable":true,"href":"https:\/\/cpt.org\/es\/wp-json\/wp\/v2\/media\/42135"}],"wp:attachment":[{"href":"https:\/\/cpt.org\/es\/wp-json\/wp\/v2\/media?parent=42136"}],"wp:term":[{"taxonomy":"category","embeddable":true,"href":"https:\/\/cpt.org\/es\/wp-json\/wp\/v2\/categories?post=42136"},{"taxonomy":"post_tag","embeddable":true,"href":"https:\/\/cpt.org\/es\/wp-json\/wp\/v2\/tags?post=42136"}],"curies":[{"name":"wp","href":"https:\/\/api.w.org\/{rel}","templated":true}]}}