{"id":9727,"date":"2010-05-18T12:00:00","date_gmt":"2010-05-18T16:00:00","guid":{"rendered":"https:\/\/cpt.org\/blog\/poema-palestina-al-jannah"},"modified":"2020-12-29T16:43:26","modified_gmt":"2020-12-29T21:43:26","slug":"poema-palestina-al-jannah","status":"publish","type":"post","link":"https:\/\/cpt.org\/es\/2010\/05\/18\/poema-palestina-al-jannah","title":{"rendered":"POEMA PALESTINA: Al Jannah"},"content":{"rendered":"<div class=\"container tmpWrnglr\">\n<p>\n          <\/p>\n<\/p>\n<div class=\"row\">\n<div class=\"col-md-12\"><\/div>\n<\/div>\n<div class=\"row layout\">\n      <\/p>\n<div class=\"content_layout\">\n<div class=\"col-md-12\">\n<div class=\"region region-content\">\n<div id=\"block-drupal8-zymphonies-theme-content\" class=\"block block-system block-system-main-block\">\n<article class=\"node node--type-story node--view-mode-full\">\n<div class=\"node__content\">\n<div>\n<address>CPTnet<\/address>\n<address>12 May 2010<\/address>\n<address><strong>POEMA PALESTINA: Al Jannah<\/strong>\u00a0\u00a0\u00a0\u00a0\u00a0\u00a0\u00a0\u00a0\u00a0\u00a0\u00a0\u00a0 <\/address>\n<p>Marilyn Paarlberg<\/p>\n<p>Los narcisos hab\u00edan velado para acogernos a casa.<br \/>Asimismo la vinca floreciente,<br \/>y la forsythia, como<br \/>que hab\u00edan estado esperando,<br \/>cabezas alertas para el taxi del aereopuerto<br \/>que nos volcar\u00eda vuelta sobre el suelo familiar.<br \/>Nos desplomamos en el abrazo verde<br \/>de nuestro jard\u00edn casero, de la primavera,<br \/>y la promesa de las lilas<br \/>debajo de una ventana abierta.<\/p>\n<p>Cayendo agradecidos a dormir<br \/>so\u00f1amos a otro para\u00edso<br \/>cuyo suelo a\u00fan quedaba<br \/>pegado a nuestros zapatos.<br \/>A laderas amables, a reba\u00f1os<br \/>pastando valles ancianos<br \/>en las lomas de Hebron.<br \/>Y mas anciana todav\u00eda, esa cuna de Ed\u00e9n<br \/>donde toda la naturaleza se alzaba en bienvenida,<br \/>donde toda la creaci\u00f3n cantaba su Te Deum,<br \/>donde toda clase de seres prosperaban<br \/>lado a lado en Shal\u00f3m, Salaam,<br \/>antes de que alg\u00fan angel oscuro<br \/>pod\u00eda alzar su brazo espantoso<br \/>para desterrar.<\/p>\n<\/div>\n<div>\n<div>Categories<\/div>\n<div>\n<div><a href=\"\/taxonomy\/term\/1415\">Palestine<\/a><\/div>\n<\/div>\n<\/div>\n<\/div>\n<\/article>\n<\/div>\n<\/div>\n<\/div>\n<\/div>\n<p>\n            <\/p>\n<\/div>\n<p><\/p>\n<\/div>\n","protected":false},"excerpt":{"rendered":"<p>CPTnet 12 May 2010 POEMA PALESTINA: Al Jannah\u00a0\u00a0\u00a0\u00a0\u00a0\u00a0\u00a0\u00a0\u00a0\u00a0\u00a0\u00a0 Marilyn Paarlberg Los narcisos hab\u00edan velado para acogernos a casa.Asimismo la vinca floreciente,y la forsythia, comoque hab\u00edan estado esperando,cabezas alertas para el taxi del aereopuertoque nos volcar\u00eda vuelta sobre el suelo familiar.Nos desplomamos en el abrazo verdede nuestro jard\u00edn casero, de la primavera,y la promesa de las [&hellip;]<\/p>\n","protected":false},"author":3,"featured_media":0,"comment_status":"closed","ping_status":"closed","sticky":false,"template":"","format":"standard","meta":{"footnotes":""},"categories":[20],"tags":[],"class_list":["post-9727","post","type-post","status-publish","format-standard","hentry","category-palestine"],"yoast_head":"<!-- This site is optimized with the Yoast SEO Premium plugin v27.4 (Yoast SEO v27.4) - https:\/\/yoast.com\/product\/yoast-seo-premium-wordpress\/ -->\n<title>POEMA PALESTINA: Al Jannah | Christian Peacemaker Teams<\/title>\n<meta name=\"description\" content=\"CPTnet 12 May 2010 POEMA PALESTINA: Al Jannah\u00a0\u00a0\u00a0\u00a0\u00a0\u00a0\u00a0\u00a0\u00a0\u00a0\u00a0\u00a0 Marilyn PaarlbergLos narcisos hab\u00edan velado para acogernos a casa.Asimismo la vinca floreciente,y la forsythia, comoque hab\u00edan estado esperando,cabezas alertas para el taxi del aereopuertoque nos volcar\u00eda vuelta sobre el suelo familiar.Nos desplomamos en el abrazo verdede nuestro jard\u00edn casero, de la primavera,y la promesa de las lilas\" \/>\n<meta name=\"robots\" content=\"index, follow, max-snippet:-1, max-image-preview:large, max-video-preview:-1\" \/>\n<link rel=\"canonical\" href=\"https:\/\/cpt.org\/es\/2010\/05\/18\/poema-palestina-al-jannah\" \/>\n<meta property=\"og:locale\" content=\"es_ES\" \/>\n<meta property=\"og:type\" content=\"article\" \/>\n<meta property=\"og:title\" content=\"POEMA PALESTINA: Al Jannah\" \/>\n<meta property=\"og:description\" content=\"Community Peacemaker Teams builds partnerships to transform violence and oppression. Over 35 years of action for peace and justice.\" \/>\n<meta property=\"og:url\" content=\"https:\/\/cpt.org\/es\/2010\/05\/18\/poema-palestina-al-jannah\" \/>\n<meta property=\"og:site_name\" content=\"Equipos y Comunidades de Acci\u00f3n por la Paz\" \/>\n<meta property=\"article:publisher\" content=\"https:\/\/www.facebook.com\/cpters\" \/>\n<meta property=\"article:published_time\" content=\"2010-05-18T16:00:00+00:00\" \/>\n<meta property=\"article:modified_time\" content=\"2020-12-29T21:43:26+00:00\" \/>\n<meta property=\"og:image\" content=\"https:\/\/cpt.org\/wp-content\/uploads\/Training20201920-20Colombia202-28.jpg\" \/>\n\t<meta property=\"og:image:width\" content=\"2000\" \/>\n\t<meta property=\"og:image:height\" content=\"1335\" \/>\n\t<meta property=\"og:image:type\" content=\"image\/jpeg\" \/>\n<meta name=\"author\" content=\"demo\" \/>\n<meta name=\"twitter:card\" content=\"summary_large_image\" \/>\n<meta name=\"twitter:title\" content=\"POEMA PALESTINA: Al Jannah | Christian Peacemaker Teams\" \/>\n<meta name=\"twitter:description\" content=\"CPTnet 12 May 2010 POEMA PALESTINA: Al Jannah\u00a0\u00a0\u00a0\u00a0\u00a0\u00a0\u00a0\u00a0\u00a0\u00a0\u00a0\u00a0 Marilyn PaarlbergLos narcisos hab\u00edan velado para acogernos a casa.Asimismo la vinca floreciente,y la forsythia, comoque hab\u00edan estado esperando,cabezas alertas para el taxi del aereopuertoque nos volcar\u00eda vuelta sobre el suelo familiar.Nos desplomamos en el abrazo verdede nuestro jard\u00edn casero, de la primavera,y la promesa de las lilas\" \/>\n<meta name=\"twitter:creator\" content=\"@cpt_intl\" \/>\n<meta name=\"twitter:site\" content=\"@cpt_intl\" \/>\n<meta name=\"twitter:label1\" content=\"Escrito por\" \/>\n\t<meta name=\"twitter:data1\" content=\"demo\" \/>\n\t<meta name=\"twitter:label2\" content=\"Tiempo de lectura\" \/>\n\t<meta name=\"twitter:data2\" content=\"1 minuto\" \/>\n<script type=\"application\/ld+json\" class=\"yoast-schema-graph\">{\"@context\":\"https:\\\/\\\/schema.org\",\"@graph\":[{\"@type\":\"Article\",\"@id\":\"https:\\\/\\\/cpt.org\\\/es\\\/2010\\\/05\\\/18\\\/poema-palestina-al-jannah#article\",\"isPartOf\":{\"@id\":\"https:\\\/\\\/cpt.org\\\/es\\\/2010\\\/05\\\/18\\\/poema-palestina-al-jannah\"},\"author\":{\"name\":\"demo\",\"@id\":\"https:\\\/\\\/cpt.org\\\/es#\\\/schema\\\/person\\\/1187ed3b9ce9cbbb08dbb3a90bb6e8f6\"},\"headline\":\"POEMA PALESTINA: Al Jannah\",\"datePublished\":\"2010-05-18T16:00:00+00:00\",\"dateModified\":\"2020-12-29T21:43:26+00:00\",\"mainEntityOfPage\":{\"@id\":\"https:\\\/\\\/cpt.org\\\/es\\\/2010\\\/05\\\/18\\\/poema-palestina-al-jannah\"},\"wordCount\":152,\"publisher\":{\"@id\":\"https:\\\/\\\/cpt.org\\\/es#organization\"},\"articleSection\":[\"Palestine\"],\"inLanguage\":\"es\"},{\"@type\":\"WebPage\",\"@id\":\"https:\\\/\\\/cpt.org\\\/es\\\/2010\\\/05\\\/18\\\/poema-palestina-al-jannah\",\"url\":\"https:\\\/\\\/cpt.org\\\/es\\\/2010\\\/05\\\/18\\\/poema-palestina-al-jannah\",\"name\":\"POEMA PALESTINA: Al Jannah | Christian Peacemaker Teams\",\"isPartOf\":{\"@id\":\"https:\\\/\\\/cpt.org\\\/es#website\"},\"datePublished\":\"2010-05-18T16:00:00+00:00\",\"dateModified\":\"2020-12-29T21:43:26+00:00\",\"description\":\"CPTnet 12 May 2010 POEMA PALESTINA: Al Jannah\u00a0\u00a0\u00a0\u00a0\u00a0\u00a0\u00a0\u00a0\u00a0\u00a0\u00a0\u00a0 Marilyn PaarlbergLos narcisos hab\u00edan velado para acogernos a casa.Asimismo la vinca floreciente,y la forsythia, comoque hab\u00edan estado esperando,cabezas alertas para el taxi del aereopuertoque nos volcar\u00eda vuelta sobre el suelo familiar.Nos desplomamos en el abrazo verdede nuestro jard\u00edn casero, de la primavera,y la promesa de las lilas\",\"breadcrumb\":{\"@id\":\"https:\\\/\\\/cpt.org\\\/es\\\/2010\\\/05\\\/18\\\/poema-palestina-al-jannah#breadcrumb\"},\"inLanguage\":\"es\",\"potentialAction\":[{\"@type\":\"ReadAction\",\"target\":[\"https:\\\/\\\/cpt.org\\\/es\\\/2010\\\/05\\\/18\\\/poema-palestina-al-jannah\"]}]},{\"@type\":\"BreadcrumbList\",\"@id\":\"https:\\\/\\\/cpt.org\\\/es\\\/2010\\\/05\\\/18\\\/poema-palestina-al-jannah#breadcrumb\",\"itemListElement\":[{\"@type\":\"ListItem\",\"position\":1,\"name\":\"Home\",\"item\":\"https:\\\/\\\/cpt.org\\\/es\"},{\"@type\":\"ListItem\",\"position\":2,\"name\":\"POEMA PALESTINA: Al Jannah\"}]},{\"@type\":\"WebSite\",\"@id\":\"https:\\\/\\\/cpt.org\\\/es#website\",\"url\":\"https:\\\/\\\/cpt.org\\\/es\",\"name\":\"Equipos y Comunidades de Acci\u00f3n por la Paz\",\"description\":\"Building partnerships to transform violence and oppression\",\"publisher\":{\"@id\":\"https:\\\/\\\/cpt.org\\\/es#organization\"},\"potentialAction\":[{\"@type\":\"SearchAction\",\"target\":{\"@type\":\"EntryPoint\",\"urlTemplate\":\"https:\\\/\\\/cpt.org\\\/es?s={search_term_string}\"},\"query-input\":{\"@type\":\"PropertyValueSpecification\",\"valueRequired\":true,\"valueName\":\"search_term_string\"}}],\"inLanguage\":\"es\"},{\"@type\":\"Organization\",\"@id\":\"https:\\\/\\\/cpt.org\\\/es#organization\",\"name\":\"Equipos y Comunidades de Acci\u00f3n por la Paz\",\"url\":\"https:\\\/\\\/cpt.org\\\/es\",\"logo\":{\"@type\":\"ImageObject\",\"inLanguage\":\"es\",\"@id\":\"https:\\\/\\\/cpt.org\\\/es#\\\/schema\\\/logo\\\/image\\\/\",\"url\":\"https:\\\/\\\/cpt.org\\\/wp-content\\\/uploads\\\/logoCPT-red-2.png\",\"contentUrl\":\"https:\\\/\\\/cpt.org\\\/wp-content\\\/uploads\\\/logoCPT-red-2.png\",\"width\":1730,\"height\":840,\"caption\":\"Equipos y Comunidades de Acci\u00f3n por la Paz\"},\"image\":{\"@id\":\"https:\\\/\\\/cpt.org\\\/es#\\\/schema\\\/logo\\\/image\\\/\"},\"sameAs\":[\"https:\\\/\\\/www.facebook.com\\\/cpters\",\"https:\\\/\\\/x.com\\\/cpt_intl\",\"https:\\\/\\\/www.instagram.com\\\/cpteams\\\/\",\"https:\\\/\\\/www.youtube.com\\\/user\\\/cptvideos\"]},{\"@type\":\"Person\",\"@id\":\"https:\\\/\\\/cpt.org\\\/es#\\\/schema\\\/person\\\/1187ed3b9ce9cbbb08dbb3a90bb6e8f6\",\"name\":\"demo\",\"image\":{\"@type\":\"ImageObject\",\"inLanguage\":\"es\",\"@id\":\"https:\\\/\\\/secure.gravatar.com\\\/avatar\\\/bf8c7166601a64c6c57b67ffbeab8f8c6a378cca786da9a326c1a34a2ec6f860?s=96&r=g\",\"url\":\"https:\\\/\\\/secure.gravatar.com\\\/avatar\\\/bf8c7166601a64c6c57b67ffbeab8f8c6a378cca786da9a326c1a34a2ec6f860?s=96&r=g\",\"contentUrl\":\"https:\\\/\\\/secure.gravatar.com\\\/avatar\\\/bf8c7166601a64c6c57b67ffbeab8f8c6a378cca786da9a326c1a34a2ec6f860?s=96&r=g\",\"caption\":\"demo\"},\"url\":\"https:\\\/\\\/cpt.org\\\/es\\\/author\\\/demo\"}]}<\/script>\n<!-- \/ Yoast SEO Premium plugin. -->","yoast_head_json":{"title":"POEMA PALESTINA: Al Jannah | Christian Peacemaker Teams","description":"CPTnet 12 May 2010 POEMA PALESTINA: Al Jannah\u00a0\u00a0\u00a0\u00a0\u00a0\u00a0\u00a0\u00a0\u00a0\u00a0\u00a0\u00a0 Marilyn PaarlbergLos narcisos hab\u00edan velado para acogernos a casa.Asimismo la vinca floreciente,y la forsythia, comoque hab\u00edan estado esperando,cabezas alertas para el taxi del aereopuertoque nos volcar\u00eda vuelta sobre el suelo familiar.Nos desplomamos en el abrazo verdede nuestro jard\u00edn casero, de la primavera,y la promesa de las lilas","robots":{"index":"index","follow":"follow","max-snippet":"max-snippet:-1","max-image-preview":"max-image-preview:large","max-video-preview":"max-video-preview:-1"},"canonical":"https:\/\/cpt.org\/es\/2010\/05\/18\/poema-palestina-al-jannah","og_locale":"es_ES","og_type":"article","og_title":"POEMA PALESTINA: Al Jannah","og_description":"Community Peacemaker Teams builds partnerships to transform violence and oppression. Over 35 years of action for peace and justice.","og_url":"https:\/\/cpt.org\/es\/2010\/05\/18\/poema-palestina-al-jannah","og_site_name":"Equipos y Comunidades de Acci\u00f3n por la Paz","article_publisher":"https:\/\/www.facebook.com\/cpters","article_published_time":"2010-05-18T16:00:00+00:00","article_modified_time":"2020-12-29T21:43:26+00:00","og_image":[{"width":2000,"height":1335,"url":"https:\/\/cpt.org\/wp-content\/uploads\/Training20201920-20Colombia202-28.jpg","type":"image\/jpeg"}],"author":"demo","twitter_card":"summary_large_image","twitter_title":"POEMA PALESTINA: Al Jannah | Christian Peacemaker Teams","twitter_description":"CPTnet 12 May 2010 POEMA PALESTINA: Al Jannah\u00a0\u00a0\u00a0\u00a0\u00a0\u00a0\u00a0\u00a0\u00a0\u00a0\u00a0\u00a0 Marilyn PaarlbergLos narcisos hab\u00edan velado para acogernos a casa.Asimismo la vinca floreciente,y la forsythia, comoque hab\u00edan estado esperando,cabezas alertas para el taxi del aereopuertoque nos volcar\u00eda vuelta sobre el suelo familiar.Nos desplomamos en el abrazo verdede nuestro jard\u00edn casero, de la primavera,y la promesa de las lilas","twitter_creator":"@cpt_intl","twitter_site":"@cpt_intl","twitter_misc":{"Escrito por":"demo","Tiempo de lectura":"1 minuto"},"schema":{"@context":"https:\/\/schema.org","@graph":[{"@type":"Article","@id":"https:\/\/cpt.org\/es\/2010\/05\/18\/poema-palestina-al-jannah#article","isPartOf":{"@id":"https:\/\/cpt.org\/es\/2010\/05\/18\/poema-palestina-al-jannah"},"author":{"name":"demo","@id":"https:\/\/cpt.org\/es#\/schema\/person\/1187ed3b9ce9cbbb08dbb3a90bb6e8f6"},"headline":"POEMA PALESTINA: Al Jannah","datePublished":"2010-05-18T16:00:00+00:00","dateModified":"2020-12-29T21:43:26+00:00","mainEntityOfPage":{"@id":"https:\/\/cpt.org\/es\/2010\/05\/18\/poema-palestina-al-jannah"},"wordCount":152,"publisher":{"@id":"https:\/\/cpt.org\/es#organization"},"articleSection":["Palestine"],"inLanguage":"es"},{"@type":"WebPage","@id":"https:\/\/cpt.org\/es\/2010\/05\/18\/poema-palestina-al-jannah","url":"https:\/\/cpt.org\/es\/2010\/05\/18\/poema-palestina-al-jannah","name":"POEMA PALESTINA: Al Jannah | Christian Peacemaker Teams","isPartOf":{"@id":"https:\/\/cpt.org\/es#website"},"datePublished":"2010-05-18T16:00:00+00:00","dateModified":"2020-12-29T21:43:26+00:00","description":"CPTnet 12 May 2010 POEMA PALESTINA: Al Jannah\u00a0\u00a0\u00a0\u00a0\u00a0\u00a0\u00a0\u00a0\u00a0\u00a0\u00a0\u00a0 Marilyn PaarlbergLos narcisos hab\u00edan velado para acogernos a casa.Asimismo la vinca floreciente,y la forsythia, comoque hab\u00edan estado esperando,cabezas alertas para el taxi del aereopuertoque nos volcar\u00eda vuelta sobre el suelo familiar.Nos desplomamos en el abrazo verdede nuestro jard\u00edn casero, de la primavera,y la promesa de las lilas","breadcrumb":{"@id":"https:\/\/cpt.org\/es\/2010\/05\/18\/poema-palestina-al-jannah#breadcrumb"},"inLanguage":"es","potentialAction":[{"@type":"ReadAction","target":["https:\/\/cpt.org\/es\/2010\/05\/18\/poema-palestina-al-jannah"]}]},{"@type":"BreadcrumbList","@id":"https:\/\/cpt.org\/es\/2010\/05\/18\/poema-palestina-al-jannah#breadcrumb","itemListElement":[{"@type":"ListItem","position":1,"name":"Home","item":"https:\/\/cpt.org\/es"},{"@type":"ListItem","position":2,"name":"POEMA PALESTINA: Al Jannah"}]},{"@type":"WebSite","@id":"https:\/\/cpt.org\/es#website","url":"https:\/\/cpt.org\/es","name":"Equipos y Comunidades de Acci\u00f3n por la Paz","description":"Building partnerships to transform violence and oppression","publisher":{"@id":"https:\/\/cpt.org\/es#organization"},"potentialAction":[{"@type":"SearchAction","target":{"@type":"EntryPoint","urlTemplate":"https:\/\/cpt.org\/es?s={search_term_string}"},"query-input":{"@type":"PropertyValueSpecification","valueRequired":true,"valueName":"search_term_string"}}],"inLanguage":"es"},{"@type":"Organization","@id":"https:\/\/cpt.org\/es#organization","name":"Equipos y Comunidades de Acci\u00f3n por la Paz","url":"https:\/\/cpt.org\/es","logo":{"@type":"ImageObject","inLanguage":"es","@id":"https:\/\/cpt.org\/es#\/schema\/logo\/image\/","url":"https:\/\/cpt.org\/wp-content\/uploads\/logoCPT-red-2.png","contentUrl":"https:\/\/cpt.org\/wp-content\/uploads\/logoCPT-red-2.png","width":1730,"height":840,"caption":"Equipos y Comunidades de Acci\u00f3n por la Paz"},"image":{"@id":"https:\/\/cpt.org\/es#\/schema\/logo\/image\/"},"sameAs":["https:\/\/www.facebook.com\/cpters","https:\/\/x.com\/cpt_intl","https:\/\/www.instagram.com\/cpteams\/","https:\/\/www.youtube.com\/user\/cptvideos"]},{"@type":"Person","@id":"https:\/\/cpt.org\/es#\/schema\/person\/1187ed3b9ce9cbbb08dbb3a90bb6e8f6","name":"demo","image":{"@type":"ImageObject","inLanguage":"es","@id":"https:\/\/secure.gravatar.com\/avatar\/bf8c7166601a64c6c57b67ffbeab8f8c6a378cca786da9a326c1a34a2ec6f860?s=96&r=g","url":"https:\/\/secure.gravatar.com\/avatar\/bf8c7166601a64c6c57b67ffbeab8f8c6a378cca786da9a326c1a34a2ec6f860?s=96&r=g","contentUrl":"https:\/\/secure.gravatar.com\/avatar\/bf8c7166601a64c6c57b67ffbeab8f8c6a378cca786da9a326c1a34a2ec6f860?s=96&r=g","caption":"demo"},"url":"https:\/\/cpt.org\/es\/author\/demo"}]}},"_links":{"self":[{"href":"https:\/\/cpt.org\/es\/wp-json\/wp\/v2\/posts\/9727","targetHints":{"allow":["GET"]}}],"collection":[{"href":"https:\/\/cpt.org\/es\/wp-json\/wp\/v2\/posts"}],"about":[{"href":"https:\/\/cpt.org\/es\/wp-json\/wp\/v2\/types\/post"}],"author":[{"embeddable":true,"href":"https:\/\/cpt.org\/es\/wp-json\/wp\/v2\/users\/3"}],"replies":[{"embeddable":true,"href":"https:\/\/cpt.org\/es\/wp-json\/wp\/v2\/comments?post=9727"}],"version-history":[{"count":1,"href":"https:\/\/cpt.org\/es\/wp-json\/wp\/v2\/posts\/9727\/revisions"}],"predecessor-version":[{"id":17145,"href":"https:\/\/cpt.org\/es\/wp-json\/wp\/v2\/posts\/9727\/revisions\/17145"}],"wp:attachment":[{"href":"https:\/\/cpt.org\/es\/wp-json\/wp\/v2\/media?parent=9727"}],"wp:term":[{"taxonomy":"category","embeddable":true,"href":"https:\/\/cpt.org\/es\/wp-json\/wp\/v2\/categories?post=9727"},{"taxonomy":"post_tag","embeddable":true,"href":"https:\/\/cpt.org\/es\/wp-json\/wp\/v2\/tags?post=9727"}],"curies":[{"name":"wp","href":"https:\/\/api.w.org\/{rel}","templated":true}]}}