{"id":9829,"date":"2020-02-06T12:00:00","date_gmt":"2020-02-06T17:00:00","guid":{"rendered":"https:\/\/cpt.org\/blog\/isla-tortuga-la-nacion-wetsuweten-le-necesita-ahora-llame-al-primer-ministro-de"},"modified":"2020-12-29T16:45:51","modified_gmt":"2020-12-29T21:45:51","slug":"isla-tortuga-la-nacion-wetsuweten-le-necesita-ahora-llame-al-primer-ministro-de","status":"publish","type":"post","link":"https:\/\/cpt.org\/es\/2020\/02\/06\/isla-tortuga-la-nacion-wetsuweten-le-necesita-ahora-llame-al-primer-ministro-de","title":{"rendered":"ISLA TORTUGA: La Naci\u00f3n Wet\u2019suwet\u2019en le necesita, AHORA. Llame al Primer Ministro de Columbia, John Horgan; d\u00edgale que le pida a la Polic\u00eda Montada de Canad\u00e1 (RCMP) que se retire"},"content":{"rendered":"<div class=\"container tmpWrnglr\">\n<p>\n          <\/p>\n<\/p>\n<div class=\"row\">\n<div class=\"col-md-12\"><\/div>\n<\/div>\n<div class=\"row layout\">\n      <\/p>\n<div class=\"content_layout\">\n<div class=\"col-md-12\">\n<div class=\"region region-content\">\n<div id=\"block-drupal8-zymphonies-theme-content\" class=\"block block-system block-system-main-block\">\n<article class=\"node node--type-story node--promoted node--view-mode-full\">\n<div class=\"node__content\">\n<div>\n<p><img fetchpriority=\"high\" decoding=\"async\" alt height=\"499\" src=\"https:\/\/cpt.org\/wp-content\/uploads\/tisn_action-1.jpg\" width=\"720\"><\/p>\n<h6>El campamento en el marcador de 27 kil\u00f3metros en la \u2018Morice West Forest Road\u2019 (Calle Bosque del Este de Morice)<br \/>\nque conduce al campamento Wet&#8217;suwet&#8217;en.<\/h6>\n<p><b>La Naci\u00f3n Wet\u2019suwet\u2019en le necesita, AHORA.<\/b><\/p>\n<p>Llame al Primer Ministro de Columbia Brit\u00e1nica, John Horgan; d\u00edgale que le pida a la Polic\u00eda Montada de Canad\u00e1 (RCMP) que se retire de Wet\u2019suwet\u2019en <b>+1-250-387-1715<\/b><\/p>\n<p>Esta ma\u00f1ana, en una redada antes del amanecer, la \u2018RCMP\u2019 ingres\u00f3 al territorio de Wet\u2019suwet\u2019en, derribando tiendas de campa\u00f1a en el kil\u00f3metro 39, un campamento de suministros. Les oficiales rompieron la ventana de un veh\u00edculo de radio y negaron la entrada de una persona periodista al campo a pesar de que esa persona ten\u00eda todos los permisos necesarios. A las 7:48 a.m., les oficiales de la \u2018RCMP\u2019 hab\u00edan arrestado a todes les miembres del campamento en el kil\u00f3metro 38.<\/p>\n<p>El 4 de Febrero, \u2018Coastal GasLink\u2019 se neg\u00f3 a reconocer\u00a0las discusiones en la mesa de \u2018Wiggus Respect\u2019 (Respeto Wiggus) entre el Gobierno de Colombia Brit\u00e1nica y les Jefes Hereditaries de Wet\u2019suwet\u2019en designades para buscar una resoluci\u00f3n pac\u00edfica entre las partes y prevenir una repetici\u00f3n\u00a0de la incursi\u00f3n militarizada de la Real Polic\u00eda Montada del Canad\u00e1 (RCMP) del a\u00f1o pasado en nombre de la compa\u00f1\u00eda de oleoductos.<\/p>\n<p>El Campamento Unist&#8217;ot&#8217;en<b>\u00a0<\/b>inform\u00f3 que al menos 36 veh\u00edculos, 1 ambulancia, 2 bulldozers y una excavadora ingresaron al territorio, dando paso para que continuara el trabajo de construcci\u00f3n del gasoducto \u2018Coastal GasLink\u2019 \u00abpese a m\u00e1s de 50 casos de incumplimiento ambiental.\u00bb La construcci\u00f3n del oleoducto de 670 km es una violaci\u00f3n de los derechos\u00a0de los cinco clanes que viven en el territorio de Wet\u2019suwet\u2019en, quienes se han opuesto un\u00e1nimemente a todas las propuestas de oleoducto y no han proporcionado, de manera previa y libre, el consentimiento informado, garantizado por la Declaraci\u00f3n de las Naciones Unidas sobre los Derechos de los Pueblos Ind\u00edgenas para \u2018Coastal Gaslink\/TransCanada\u2019 para trabajar en las tierras de les Wet&#8217;suwet\u2019en.<\/p>\n<p>Las protestas y bloqueos establecidos a lo largo de la carretera del servicio forestal son una afirmaci\u00f3n pac\u00edfica y no-violenta de los derechos de la Naci\u00f3n Wet\u2019suwet\u2019en. \u00abEst\u00e1n invadiendo a nuestra gente otra vez, comenzando en las primeras horas de la ma\u00f1ana, arrestando a personas que han estado proveyendo alimentos y suministros m\u00e9dicos a nuestros campamentos, que est\u00e1n acampando a lo largo del camino haciendo un trabajo asombroso y justo. Y ahora, est\u00e1n siendo arrestades y est\u00e1n siendo removides\u00bb dijo Molly Wickham, portavoz de les miembres de la Naci\u00f3n Wet&#8217;suwet&#8217;en. \u00abEs hora de defender a todo el pueblo Ind\u00edgena de Isla Tortuga\u00bb. Es hora de dar a conocer que los pueblos Ind\u00edgenas ya no ser\u00e1n oprimidos\u2014que la \u2018RCMP\u2019 no puede entrar y sacarnos de nuestros territorios, que elles no tienen legitimidad en las tierras Ind\u00edgenas robadas\u201d.<\/p>\n<p>Equipos Cristianos de Acci\u00f3n por la Paz actualmente tiene miembres en el territorio de Wet\u2019suwet\u2019en que acompa\u00f1an esta lucha. ECAP se une al llamado a la acci\u00f3n de Wet\u2019suwet\u2019en.<\/p>\n<p><b>Tome Acci\u00f3n y Exija que la \u2018RCMP\u2019 se retire de Wet\u2019suwet\u2019en<\/b><\/p>\n<p><b>WET\u2019SUWET\u2019EN LE NECESITA AHORA.<\/b><\/p>\n<p><b>Llame al primer ministro de Columbia Brit\u00e1nica, John Horgan; Dile que le pida al RCMP que se retire en Wet\u2019suwet\u2019en + 1-250-387-1715<\/b><\/p>\n<p><b>\u00danase a una acci\u00f3n en su \u00e1rea. <\/b><a href=\"https:\/\/www.facebook.com\/events\/221856442184296\/\">Haga clic aqu\u00ed <\/a><\/p>\n<blockquote>\n<h3>\u00a0<\/h3>\n<\/blockquote>\n<p>\u00a0<\/p>\n<\/div>\n<div>\n<div>Categories<\/div>\n<div>\n<div><a href=\"\/taxonomy\/term\/1484\">Turtle Island Solidarity Network<\/a><\/div>\n<div><a href=\"\/taxonomy\/term\/1397\">Canada<\/a><\/div>\n<\/div>\n<\/div>\n<\/div>\n<\/article>\n<\/div>\n<\/div>\n<\/div>\n<\/div>\n<p>\n            <\/p>\n<\/div>\n<p><\/p>\n<\/div>\n","protected":false},"excerpt":{"rendered":"<p>El campamento en el marcador de 27 kil\u00f3metros en la \u2018Morice West Forest Road\u2019 (Calle Bosque del Este de Morice) que conduce al campamento Wet&#8217;suwet&#8217;en. La Naci\u00f3n Wet\u2019suwet\u2019en le necesita, AHORA. Llame al Primer Ministro de Columbia Brit\u00e1nica, John Horgan; d\u00edgale que le pida a la Polic\u00eda Montada de Canad\u00e1 (RCMP) que se retire de [&hellip;]<\/p>\n","protected":false},"author":3,"featured_media":0,"comment_status":"closed","ping_status":"closed","sticky":false,"template":"","format":"standard","meta":{"footnotes":""},"categories":[19,157],"tags":[],"class_list":["post-9829","post","type-post","status-publish","format-standard","hentry","category-canada","category-turtle-island-solidarity-network"],"yoast_head":"<!-- This site is optimized with the Yoast SEO Premium plugin v27.5 (Yoast SEO v27.5) - https:\/\/yoast.com\/product\/yoast-seo-premium-wordpress\/ -->\n<title>ISLA TORTUGA: La Naci\u00f3n Wet\u2019suwet\u2019en le necesita, AHORA. Llame al Primer Ministro de Columbia, John Horgan; d\u00edgale que le pida a la Polic\u00eda Montada de Canad\u00e1 (RCMP) que se retire | Christian Peacemaker Teams<\/title>\n<meta name=\"description\" content=\"La Naci\u00f3n Wet\u2019suwet\u2019en le necesita, AHORA. Llame al Primer Ministro de Columbia Brit\u00e1nica, John Horgan; d\u00edgale que le pida a la Polic\u00eda Montada de Canad\u00e1 (RCMP) que se retire de Wet\u2019suwet\u2019en +1-250-387-1715\" \/>\n<meta name=\"robots\" content=\"index, follow, max-snippet:-1, max-image-preview:large, max-video-preview:-1\" \/>\n<link rel=\"canonical\" href=\"https:\/\/cpt.org\/es\/2020\/02\/06\/isla-tortuga-la-nacion-wetsuweten-le-necesita-ahora-llame-al-primer-ministro-de\" \/>\n<meta property=\"og:locale\" content=\"es_ES\" \/>\n<meta property=\"og:type\" content=\"article\" \/>\n<meta property=\"og:title\" content=\"ISLA TORTUGA: La Naci\u00f3n Wet\u2019suwet\u2019en le necesita, AHORA. Llame al Primer Ministro de Columbia, John Horgan; d\u00edgale que le pida a la Polic\u00eda Montada de Canad\u00e1 (RCMP) que se retire\" \/>\n<meta property=\"og:description\" content=\"Community Peacemaker Teams builds partnerships to transform violence and oppression. Over 35 years of action for peace and justice.\" \/>\n<meta property=\"og:url\" content=\"https:\/\/cpt.org\/es\/2020\/02\/06\/isla-tortuga-la-nacion-wetsuweten-le-necesita-ahora-llame-al-primer-ministro-de\" \/>\n<meta property=\"og:site_name\" content=\"Equipos y Comunidades de Acci\u00f3n por la Paz\" \/>\n<meta property=\"article:publisher\" content=\"https:\/\/www.facebook.com\/cpters\" \/>\n<meta property=\"article:published_time\" content=\"2020-02-06T17:00:00+00:00\" \/>\n<meta property=\"article:modified_time\" content=\"2020-12-29T21:45:51+00:00\" \/>\n<meta property=\"og:image\" content=\"https:\/\/cpt.org\/wp-content\/uploads\/tisn_action-1.jpg\" \/>\n<meta name=\"author\" content=\"demo\" \/>\n<meta name=\"twitter:card\" content=\"summary_large_image\" \/>\n<meta name=\"twitter:title\" content=\"ISLA TORTUGA: La Naci\u00f3n Wet\u2019suwet\u2019en le necesita, AHORA. Llame al Primer Ministro de Columbia, John Horgan; d\u00edgale que le pida a la Polic\u00eda Montada de Canad\u00e1 (RCMP) que se retire | Christian Peacemaker Teams\" \/>\n<meta name=\"twitter:description\" content=\"La Naci\u00f3n Wet\u2019suwet\u2019en le necesita, AHORA. Llame al Primer Ministro de Columbia Brit\u00e1nica, John Horgan; d\u00edgale que le pida a la Polic\u00eda Montada de Canad\u00e1 (RCMP) que se retire de Wet\u2019suwet\u2019en +1-250-387-1715\" \/>\n<meta name=\"twitter:creator\" content=\"@cpt_intl\" \/>\n<meta name=\"twitter:site\" content=\"@cpt_intl\" \/>\n<meta name=\"twitter:label1\" content=\"Escrito por\" \/>\n\t<meta name=\"twitter:data1\" content=\"demo\" \/>\n\t<meta name=\"twitter:label2\" content=\"Tiempo de lectura\" \/>\n\t<meta name=\"twitter:data2\" content=\"3 minutos\" \/>\n<script type=\"application\/ld+json\" class=\"yoast-schema-graph\">{\"@context\":\"https:\\\/\\\/schema.org\",\"@graph\":[{\"@type\":\"Article\",\"@id\":\"https:\\\/\\\/cpt.org\\\/es\\\/2020\\\/02\\\/06\\\/isla-tortuga-la-nacion-wetsuweten-le-necesita-ahora-llame-al-primer-ministro-de#article\",\"isPartOf\":{\"@id\":\"https:\\\/\\\/cpt.org\\\/es\\\/2020\\\/02\\\/06\\\/isla-tortuga-la-nacion-wetsuweten-le-necesita-ahora-llame-al-primer-ministro-de\"},\"author\":{\"name\":\"demo\",\"@id\":\"https:\\\/\\\/cpt.org\\\/es#\\\/schema\\\/person\\\/1187ed3b9ce9cbbb08dbb3a90bb6e8f6\"},\"headline\":\"ISLA TORTUGA: La Naci\u00f3n Wet\u2019suwet\u2019en le necesita, AHORA. Llame al Primer Ministro de Columbia, John Horgan; d\u00edgale que le pida a la Polic\u00eda Montada de Canad\u00e1 (RCMP) que se retire\",\"datePublished\":\"2020-02-06T17:00:00+00:00\",\"dateModified\":\"2020-12-29T21:45:51+00:00\",\"mainEntityOfPage\":{\"@id\":\"https:\\\/\\\/cpt.org\\\/es\\\/2020\\\/02\\\/06\\\/isla-tortuga-la-nacion-wetsuweten-le-necesita-ahora-llame-al-primer-ministro-de\"},\"wordCount\":644,\"publisher\":{\"@id\":\"https:\\\/\\\/cpt.org\\\/es#organization\"},\"image\":{\"@id\":\"https:\\\/\\\/cpt.org\\\/es\\\/2020\\\/02\\\/06\\\/isla-tortuga-la-nacion-wetsuweten-le-necesita-ahora-llame-al-primer-ministro-de#primaryimage\"},\"thumbnailUrl\":\"https:\\\/\\\/cpt.org\\\/wp-content\\\/uploads\\\/tisn_action-1.jpg\",\"articleSection\":[\"Canada\",\"Turtle Island Solidarity Network\"],\"inLanguage\":\"es\"},{\"@type\":\"WebPage\",\"@id\":\"https:\\\/\\\/cpt.org\\\/es\\\/2020\\\/02\\\/06\\\/isla-tortuga-la-nacion-wetsuweten-le-necesita-ahora-llame-al-primer-ministro-de\",\"url\":\"https:\\\/\\\/cpt.org\\\/es\\\/2020\\\/02\\\/06\\\/isla-tortuga-la-nacion-wetsuweten-le-necesita-ahora-llame-al-primer-ministro-de\",\"name\":\"ISLA TORTUGA: La Naci\u00f3n Wet\u2019suwet\u2019en le necesita, AHORA. Llame al Primer Ministro de Columbia, John Horgan; d\u00edgale que le pida a la Polic\u00eda Montada de Canad\u00e1 (RCMP) que se retire | Christian Peacemaker Teams\",\"isPartOf\":{\"@id\":\"https:\\\/\\\/cpt.org\\\/es#website\"},\"primaryImageOfPage\":{\"@id\":\"https:\\\/\\\/cpt.org\\\/es\\\/2020\\\/02\\\/06\\\/isla-tortuga-la-nacion-wetsuweten-le-necesita-ahora-llame-al-primer-ministro-de#primaryimage\"},\"image\":{\"@id\":\"https:\\\/\\\/cpt.org\\\/es\\\/2020\\\/02\\\/06\\\/isla-tortuga-la-nacion-wetsuweten-le-necesita-ahora-llame-al-primer-ministro-de#primaryimage\"},\"thumbnailUrl\":\"https:\\\/\\\/cpt.org\\\/wp-content\\\/uploads\\\/tisn_action-1.jpg\",\"datePublished\":\"2020-02-06T17:00:00+00:00\",\"dateModified\":\"2020-12-29T21:45:51+00:00\",\"description\":\"La Naci\u00f3n Wet\u2019suwet\u2019en le necesita, AHORA. Llame al Primer Ministro de Columbia Brit\u00e1nica, John Horgan; d\u00edgale que le pida a la Polic\u00eda Montada de Canad\u00e1 (RCMP) que se retire de Wet\u2019suwet\u2019en +1-250-387-1715\",\"breadcrumb\":{\"@id\":\"https:\\\/\\\/cpt.org\\\/es\\\/2020\\\/02\\\/06\\\/isla-tortuga-la-nacion-wetsuweten-le-necesita-ahora-llame-al-primer-ministro-de#breadcrumb\"},\"inLanguage\":\"es\",\"potentialAction\":[{\"@type\":\"ReadAction\",\"target\":[\"https:\\\/\\\/cpt.org\\\/es\\\/2020\\\/02\\\/06\\\/isla-tortuga-la-nacion-wetsuweten-le-necesita-ahora-llame-al-primer-ministro-de\"]}]},{\"@type\":\"ImageObject\",\"inLanguage\":\"es\",\"@id\":\"https:\\\/\\\/cpt.org\\\/es\\\/2020\\\/02\\\/06\\\/isla-tortuga-la-nacion-wetsuweten-le-necesita-ahora-llame-al-primer-ministro-de#primaryimage\",\"url\":\"https:\\\/\\\/cpt.org\\\/wp-content\\\/uploads\\\/tisn_action-1.jpg\",\"contentUrl\":\"https:\\\/\\\/cpt.org\\\/wp-content\\\/uploads\\\/tisn_action-1.jpg\"},{\"@type\":\"BreadcrumbList\",\"@id\":\"https:\\\/\\\/cpt.org\\\/es\\\/2020\\\/02\\\/06\\\/isla-tortuga-la-nacion-wetsuweten-le-necesita-ahora-llame-al-primer-ministro-de#breadcrumb\",\"itemListElement\":[{\"@type\":\"ListItem\",\"position\":1,\"name\":\"Home\",\"item\":\"https:\\\/\\\/cpt.org\\\/es\"},{\"@type\":\"ListItem\",\"position\":2,\"name\":\"ISLA TORTUGA: La Naci\u00f3n Wet\u2019suwet\u2019en le necesita, AHORA. Llame al Primer Ministro de Columbia, John Horgan; d\u00edgale que le pida a la Polic\u00eda Montada de Canad\u00e1 (RCMP) que se retire\"}]},{\"@type\":\"WebSite\",\"@id\":\"https:\\\/\\\/cpt.org\\\/es#website\",\"url\":\"https:\\\/\\\/cpt.org\\\/es\",\"name\":\"Equipos y Comunidades de Acci\u00f3n por la Paz\",\"description\":\"Building partnerships to transform violence and oppression\",\"publisher\":{\"@id\":\"https:\\\/\\\/cpt.org\\\/es#organization\"},\"potentialAction\":[{\"@type\":\"SearchAction\",\"target\":{\"@type\":\"EntryPoint\",\"urlTemplate\":\"https:\\\/\\\/cpt.org\\\/es?s={search_term_string}\"},\"query-input\":{\"@type\":\"PropertyValueSpecification\",\"valueRequired\":true,\"valueName\":\"search_term_string\"}}],\"inLanguage\":\"es\"},{\"@type\":\"Organization\",\"@id\":\"https:\\\/\\\/cpt.org\\\/es#organization\",\"name\":\"Equipos y Comunidades de Acci\u00f3n por la Paz\",\"url\":\"https:\\\/\\\/cpt.org\\\/es\",\"logo\":{\"@type\":\"ImageObject\",\"inLanguage\":\"es\",\"@id\":\"https:\\\/\\\/cpt.org\\\/es#\\\/schema\\\/logo\\\/image\\\/\",\"url\":\"https:\\\/\\\/cpt.org\\\/wp-content\\\/uploads\\\/logoCPT-red-2.png\",\"contentUrl\":\"https:\\\/\\\/cpt.org\\\/wp-content\\\/uploads\\\/logoCPT-red-2.png\",\"width\":1730,\"height\":840,\"caption\":\"Equipos y Comunidades de Acci\u00f3n por la Paz\"},\"image\":{\"@id\":\"https:\\\/\\\/cpt.org\\\/es#\\\/schema\\\/logo\\\/image\\\/\"},\"sameAs\":[\"https:\\\/\\\/www.facebook.com\\\/cpters\",\"https:\\\/\\\/x.com\\\/cpt_intl\",\"https:\\\/\\\/www.instagram.com\\\/cpteams\\\/\",\"https:\\\/\\\/www.youtube.com\\\/user\\\/cptvideos\"]},{\"@type\":\"Person\",\"@id\":\"https:\\\/\\\/cpt.org\\\/es#\\\/schema\\\/person\\\/1187ed3b9ce9cbbb08dbb3a90bb6e8f6\",\"name\":\"demo\",\"image\":{\"@type\":\"ImageObject\",\"inLanguage\":\"es\",\"@id\":\"https:\\\/\\\/secure.gravatar.com\\\/avatar\\\/bf8c7166601a64c6c57b67ffbeab8f8c6a378cca786da9a326c1a34a2ec6f860?s=96&r=g\",\"url\":\"https:\\\/\\\/secure.gravatar.com\\\/avatar\\\/bf8c7166601a64c6c57b67ffbeab8f8c6a378cca786da9a326c1a34a2ec6f860?s=96&r=g\",\"contentUrl\":\"https:\\\/\\\/secure.gravatar.com\\\/avatar\\\/bf8c7166601a64c6c57b67ffbeab8f8c6a378cca786da9a326c1a34a2ec6f860?s=96&r=g\",\"caption\":\"demo\"},\"url\":\"https:\\\/\\\/cpt.org\\\/es\\\/author\\\/demo\"}]}<\/script>\n<!-- \/ Yoast SEO Premium plugin. -->","yoast_head_json":{"title":"ISLA TORTUGA: La Naci\u00f3n Wet\u2019suwet\u2019en le necesita, AHORA. Llame al Primer Ministro de Columbia, John Horgan; d\u00edgale que le pida a la Polic\u00eda Montada de Canad\u00e1 (RCMP) que se retire | Christian Peacemaker Teams","description":"La Naci\u00f3n Wet\u2019suwet\u2019en le necesita, AHORA. Llame al Primer Ministro de Columbia Brit\u00e1nica, John Horgan; d\u00edgale que le pida a la Polic\u00eda Montada de Canad\u00e1 (RCMP) que se retire de Wet\u2019suwet\u2019en +1-250-387-1715","robots":{"index":"index","follow":"follow","max-snippet":"max-snippet:-1","max-image-preview":"max-image-preview:large","max-video-preview":"max-video-preview:-1"},"canonical":"https:\/\/cpt.org\/es\/2020\/02\/06\/isla-tortuga-la-nacion-wetsuweten-le-necesita-ahora-llame-al-primer-ministro-de","og_locale":"es_ES","og_type":"article","og_title":"ISLA TORTUGA: La Naci\u00f3n Wet\u2019suwet\u2019en le necesita, AHORA. Llame al Primer Ministro de Columbia, John Horgan; d\u00edgale que le pida a la Polic\u00eda Montada de Canad\u00e1 (RCMP) que se retire","og_description":"Community Peacemaker Teams builds partnerships to transform violence and oppression. Over 35 years of action for peace and justice.","og_url":"https:\/\/cpt.org\/es\/2020\/02\/06\/isla-tortuga-la-nacion-wetsuweten-le-necesita-ahora-llame-al-primer-ministro-de","og_site_name":"Equipos y Comunidades de Acci\u00f3n por la Paz","article_publisher":"https:\/\/www.facebook.com\/cpters","article_published_time":"2020-02-06T17:00:00+00:00","article_modified_time":"2020-12-29T21:45:51+00:00","og_image":[{"url":"https:\/\/cpt.org\/wp-content\/uploads\/tisn_action-1.jpg","type":"","width":"","height":""}],"author":"demo","twitter_card":"summary_large_image","twitter_title":"ISLA TORTUGA: La Naci\u00f3n Wet\u2019suwet\u2019en le necesita, AHORA. Llame al Primer Ministro de Columbia, John Horgan; d\u00edgale que le pida a la Polic\u00eda Montada de Canad\u00e1 (RCMP) que se retire | Christian Peacemaker Teams","twitter_description":"La Naci\u00f3n Wet\u2019suwet\u2019en le necesita, AHORA. Llame al Primer Ministro de Columbia Brit\u00e1nica, John Horgan; d\u00edgale que le pida a la Polic\u00eda Montada de Canad\u00e1 (RCMP) que se retire de Wet\u2019suwet\u2019en +1-250-387-1715","twitter_creator":"@cpt_intl","twitter_site":"@cpt_intl","twitter_misc":{"Escrito por":"demo","Tiempo de lectura":"3 minutos"},"schema":{"@context":"https:\/\/schema.org","@graph":[{"@type":"Article","@id":"https:\/\/cpt.org\/es\/2020\/02\/06\/isla-tortuga-la-nacion-wetsuweten-le-necesita-ahora-llame-al-primer-ministro-de#article","isPartOf":{"@id":"https:\/\/cpt.org\/es\/2020\/02\/06\/isla-tortuga-la-nacion-wetsuweten-le-necesita-ahora-llame-al-primer-ministro-de"},"author":{"name":"demo","@id":"https:\/\/cpt.org\/es#\/schema\/person\/1187ed3b9ce9cbbb08dbb3a90bb6e8f6"},"headline":"ISLA TORTUGA: La Naci\u00f3n Wet\u2019suwet\u2019en le necesita, AHORA. Llame al Primer Ministro de Columbia, John Horgan; d\u00edgale que le pida a la Polic\u00eda Montada de Canad\u00e1 (RCMP) que se retire","datePublished":"2020-02-06T17:00:00+00:00","dateModified":"2020-12-29T21:45:51+00:00","mainEntityOfPage":{"@id":"https:\/\/cpt.org\/es\/2020\/02\/06\/isla-tortuga-la-nacion-wetsuweten-le-necesita-ahora-llame-al-primer-ministro-de"},"wordCount":644,"publisher":{"@id":"https:\/\/cpt.org\/es#organization"},"image":{"@id":"https:\/\/cpt.org\/es\/2020\/02\/06\/isla-tortuga-la-nacion-wetsuweten-le-necesita-ahora-llame-al-primer-ministro-de#primaryimage"},"thumbnailUrl":"https:\/\/cpt.org\/wp-content\/uploads\/tisn_action-1.jpg","articleSection":["Canada","Turtle Island Solidarity Network"],"inLanguage":"es"},{"@type":"WebPage","@id":"https:\/\/cpt.org\/es\/2020\/02\/06\/isla-tortuga-la-nacion-wetsuweten-le-necesita-ahora-llame-al-primer-ministro-de","url":"https:\/\/cpt.org\/es\/2020\/02\/06\/isla-tortuga-la-nacion-wetsuweten-le-necesita-ahora-llame-al-primer-ministro-de","name":"ISLA TORTUGA: La Naci\u00f3n Wet\u2019suwet\u2019en le necesita, AHORA. Llame al Primer Ministro de Columbia, John Horgan; d\u00edgale que le pida a la Polic\u00eda Montada de Canad\u00e1 (RCMP) que se retire | Christian Peacemaker Teams","isPartOf":{"@id":"https:\/\/cpt.org\/es#website"},"primaryImageOfPage":{"@id":"https:\/\/cpt.org\/es\/2020\/02\/06\/isla-tortuga-la-nacion-wetsuweten-le-necesita-ahora-llame-al-primer-ministro-de#primaryimage"},"image":{"@id":"https:\/\/cpt.org\/es\/2020\/02\/06\/isla-tortuga-la-nacion-wetsuweten-le-necesita-ahora-llame-al-primer-ministro-de#primaryimage"},"thumbnailUrl":"https:\/\/cpt.org\/wp-content\/uploads\/tisn_action-1.jpg","datePublished":"2020-02-06T17:00:00+00:00","dateModified":"2020-12-29T21:45:51+00:00","description":"La Naci\u00f3n Wet\u2019suwet\u2019en le necesita, AHORA. Llame al Primer Ministro de Columbia Brit\u00e1nica, John Horgan; d\u00edgale que le pida a la Polic\u00eda Montada de Canad\u00e1 (RCMP) que se retire de Wet\u2019suwet\u2019en +1-250-387-1715","breadcrumb":{"@id":"https:\/\/cpt.org\/es\/2020\/02\/06\/isla-tortuga-la-nacion-wetsuweten-le-necesita-ahora-llame-al-primer-ministro-de#breadcrumb"},"inLanguage":"es","potentialAction":[{"@type":"ReadAction","target":["https:\/\/cpt.org\/es\/2020\/02\/06\/isla-tortuga-la-nacion-wetsuweten-le-necesita-ahora-llame-al-primer-ministro-de"]}]},{"@type":"ImageObject","inLanguage":"es","@id":"https:\/\/cpt.org\/es\/2020\/02\/06\/isla-tortuga-la-nacion-wetsuweten-le-necesita-ahora-llame-al-primer-ministro-de#primaryimage","url":"https:\/\/cpt.org\/wp-content\/uploads\/tisn_action-1.jpg","contentUrl":"https:\/\/cpt.org\/wp-content\/uploads\/tisn_action-1.jpg"},{"@type":"BreadcrumbList","@id":"https:\/\/cpt.org\/es\/2020\/02\/06\/isla-tortuga-la-nacion-wetsuweten-le-necesita-ahora-llame-al-primer-ministro-de#breadcrumb","itemListElement":[{"@type":"ListItem","position":1,"name":"Home","item":"https:\/\/cpt.org\/es"},{"@type":"ListItem","position":2,"name":"ISLA TORTUGA: La Naci\u00f3n Wet\u2019suwet\u2019en le necesita, AHORA. Llame al Primer Ministro de Columbia, John Horgan; d\u00edgale que le pida a la Polic\u00eda Montada de Canad\u00e1 (RCMP) que se retire"}]},{"@type":"WebSite","@id":"https:\/\/cpt.org\/es#website","url":"https:\/\/cpt.org\/es","name":"Equipos y Comunidades de Acci\u00f3n por la Paz","description":"Building partnerships to transform violence and oppression","publisher":{"@id":"https:\/\/cpt.org\/es#organization"},"potentialAction":[{"@type":"SearchAction","target":{"@type":"EntryPoint","urlTemplate":"https:\/\/cpt.org\/es?s={search_term_string}"},"query-input":{"@type":"PropertyValueSpecification","valueRequired":true,"valueName":"search_term_string"}}],"inLanguage":"es"},{"@type":"Organization","@id":"https:\/\/cpt.org\/es#organization","name":"Equipos y Comunidades de Acci\u00f3n por la Paz","url":"https:\/\/cpt.org\/es","logo":{"@type":"ImageObject","inLanguage":"es","@id":"https:\/\/cpt.org\/es#\/schema\/logo\/image\/","url":"https:\/\/cpt.org\/wp-content\/uploads\/logoCPT-red-2.png","contentUrl":"https:\/\/cpt.org\/wp-content\/uploads\/logoCPT-red-2.png","width":1730,"height":840,"caption":"Equipos y Comunidades de Acci\u00f3n por la Paz"},"image":{"@id":"https:\/\/cpt.org\/es#\/schema\/logo\/image\/"},"sameAs":["https:\/\/www.facebook.com\/cpters","https:\/\/x.com\/cpt_intl","https:\/\/www.instagram.com\/cpteams\/","https:\/\/www.youtube.com\/user\/cptvideos"]},{"@type":"Person","@id":"https:\/\/cpt.org\/es#\/schema\/person\/1187ed3b9ce9cbbb08dbb3a90bb6e8f6","name":"demo","image":{"@type":"ImageObject","inLanguage":"es","@id":"https:\/\/secure.gravatar.com\/avatar\/bf8c7166601a64c6c57b67ffbeab8f8c6a378cca786da9a326c1a34a2ec6f860?s=96&r=g","url":"https:\/\/secure.gravatar.com\/avatar\/bf8c7166601a64c6c57b67ffbeab8f8c6a378cca786da9a326c1a34a2ec6f860?s=96&r=g","contentUrl":"https:\/\/secure.gravatar.com\/avatar\/bf8c7166601a64c6c57b67ffbeab8f8c6a378cca786da9a326c1a34a2ec6f860?s=96&r=g","caption":"demo"},"url":"https:\/\/cpt.org\/es\/author\/demo"}]}},"_links":{"self":[{"href":"https:\/\/cpt.org\/es\/wp-json\/wp\/v2\/posts\/9829","targetHints":{"allow":["GET"]}}],"collection":[{"href":"https:\/\/cpt.org\/es\/wp-json\/wp\/v2\/posts"}],"about":[{"href":"https:\/\/cpt.org\/es\/wp-json\/wp\/v2\/types\/post"}],"author":[{"embeddable":true,"href":"https:\/\/cpt.org\/es\/wp-json\/wp\/v2\/users\/3"}],"replies":[{"embeddable":true,"href":"https:\/\/cpt.org\/es\/wp-json\/wp\/v2\/comments?post=9829"}],"version-history":[{"count":1,"href":"https:\/\/cpt.org\/es\/wp-json\/wp\/v2\/posts\/9829\/revisions"}],"predecessor-version":[{"id":17247,"href":"https:\/\/cpt.org\/es\/wp-json\/wp\/v2\/posts\/9829\/revisions\/17247"}],"wp:attachment":[{"href":"https:\/\/cpt.org\/es\/wp-json\/wp\/v2\/media?parent=9829"}],"wp:term":[{"taxonomy":"category","embeddable":true,"href":"https:\/\/cpt.org\/es\/wp-json\/wp\/v2\/categories?post=9829"},{"taxonomy":"post_tag","embeddable":true,"href":"https:\/\/cpt.org\/es\/wp-json\/wp\/v2\/tags?post=9829"}],"curies":[{"name":"wp","href":"https:\/\/api.w.org\/{rel}","templated":true}]}}