{"id":9845,"date":"2020-06-19T12:00:00","date_gmt":"2020-06-19T16:00:00","guid":{"rendered":"https:\/\/cpt.org\/blog\/solidaridad-migrante-egea-el-fuego-que-nos-espera"},"modified":"2020-12-29T16:46:14","modified_gmt":"2020-12-29T21:46:14","slug":"solidaridad-migrante-egea-el-fuego-que-nos-espera","status":"publish","type":"post","link":"https:\/\/cpt.org\/es\/2020\/06\/19\/solidaridad-migrante-egea-el-fuego-que-nos-espera","title":{"rendered":"SOLIDARIDAD MIGRANTE EGEA: El fuego que nos espera"},"content":{"rendered":"<div class=\"container tmpWrnglr\">\n<p>\n          <\/p>\n<\/p>\n<div class=\"row\">\n<div class=\"col-md-12\"><\/div>\n<\/div>\n<div class=\"row layout\">\n      <\/p>\n<div class=\"content_layout\">\n<div class=\"col-md-12\">\n<div class=\"region region-content\">\n<div id=\"block-drupal8-zymphonies-theme-content\" class=\"block block-system block-system-main-block\">\n<article class=\"node node--type-story node--promoted node--view-mode-full\">\n<div class=\"node__content\">\n<div>\n<p>19 de junio 2020<\/p>\n<p><img fetchpriority=\"high\" decoding=\"async\" alt height=\"422\" src=\"https:\/\/cpt.org\/wp-content\/uploads\/kurdistan-2788961_960_720-2-1-1.jpg\" width=\"750\"><\/p>\n<p>por R\u00fbnb\u00eer Serkepkan\u00ee<\/p>\n<p>Hace unos d\u00edas tuve una videollamada con un amigo. \u00c9l estaba parado afuera de su casa. Su rostro estaba bronceado, su sonrisa era amplia y sus palabras rebosaban buen humor. Cuando le pregunt\u00e9 que hab\u00eda pasado con su caso, \u00e9l me respondi\u00f3 hablando sobre el color de la estampilla en su <i>ausweis<\/i>.* Todav\u00eda era roja, todav\u00eda no pod\u00eda abordar el gran ferry que lo llevar\u00eda lejos de la isla.<\/p>\n<p>Desde que lo conoc\u00ed he viajado tres o cuatro veces a Solimania, su lugar de origen. He viajado m\u00e1s de una veintena de veces desde el aeropuerto que est\u00e1 localizado a unos pocos kil\u00f3metros de donde \u00e9l sol\u00eda vivir. Me he casado y me he convertido en padre de familia. Desde que lo conoc\u00ed, su aplicaci\u00f3n de asilo ha sido rechazada por lo menos cinco veces por todas las entidades con poder de decisi\u00f3n. \u00c9l ha sido interrogado por la polic\u00eda muchas veces, incluso ha sido encarcelado por tres meses, esperando una deportaci\u00f3n que siquiera no lleg\u00f3. Su hijo menor, antes un ni\u00f1o t\u00edmido y traumatizado que no pod\u00eda hablar bien, ahora puede hablar los dialectos kurdos de kurmanji y sorani, tambi\u00e9n habla un poco de \u00e1rabe, adem\u00e1s puede trepar \u00e1rboles y pescar bagres en el mar. Desde la \u00faltima vez que lo vi, su hija ha comenzado a hablar ingl\u00e9s con un acento californiano. Ella tiene un amigo imaginario en su port\u00e1til, a quien ella llama su mejor amigo. Su esposa ha dado a luz a su hija m\u00e1s joven, quien ya puede caminar por si sola.<\/p>\n<p>Recuerdo cuando lo visit\u00e9 en prisi\u00f3n en calidad de int\u00e9rprete para su abogado. Yo le aconsejaba que fuera paciente, mientras \u00e9l me explicaba que no hab\u00eda hecho nada, que era inocente, y que adem\u00e1s no pod\u00eda soportar los sanitarios sucios. \u00c9l me dec\u00eda que prefer\u00eda morir antes que estar sin su familia. Yo acompa\u00f1aba al abogado frecuentemente, y cada vez se repet\u00edan las mismas promesas vac\u00edas de liberaci\u00f3n. En una ocasi\u00f3n el juez estaba enfermo, en otra estaba de vacaciones, otro d\u00eda el juez pospuso el caso. Mi amigo tuvo que permanecer tres meses en el centro de pre-deportaci\u00f3n o campo de concentraci\u00f3n de Moria. Lo que m\u00e1s tem\u00eda era que lo fueran a deportar sin su familia.<\/p>\n<p>Entre tanto, \u00e9l le aconsejaba a su esposa que evitara salir del campo de refugiados, que no fuera mucho a Mitilene, porque si la Polic\u00eda la sorprend\u00eda los podr\u00edan deportar a todos. Sin decirle nada, ella fue a visitarlo a la prisi\u00f3n, afortunadamente no la atraparon. \u00a0<\/p>\n<p>Cuando fue liberado, no le concedieron documentos que certificaran que \u00e9l no era un <i>vogelfrei<\/i>,\u2020 al cual podr\u00edan arrestar si ten\u00edan suficiente espacio en el centro de pre-deportaci\u00f3n, para despu\u00e9s ser deportado.<\/p>\n<p>Yo realmente disfrut\u00e9 los momentos en los que estaba sentado en su peque\u00f1a casa sin hablar acerca de las fronteras, sin tener un abogado entre nosotros que nos informara las \u00faltimas noticias sobre lo que las autoridades estaban decidiendo acerca de su futuro y el de su familia, sin contar con su participaci\u00f3n o consentimiento. Yo realmente disfrut\u00e9 los momentos en los que nos sent\u00e1bamos juntos, tomando tazas de t\u00e9 negro, cada una con dos bolsitas de t\u00e9, para que fuera tan negro como el t\u00e9 que beb\u00edamos en Solimania. Yo disfrute bromear con los ni\u00f1os peque\u00f1os, echando chistes en kurdo y hablando acerca de la situaci\u00f3n en Kurdist\u00e1n, o del clima, o la \u00faltima locura que sus ni\u00f1os hab\u00edan hecho o dicho.<\/p>\n<p>Yo realmente disfrute esos tiempos cuando est\u00e1bamos sentados sin ninguna frontera entre nosotros, sin ninguna reja, guardias de prisi\u00f3n, o barras entre nosotros. Yo realmente disfrut\u00e9 esos tiempos en los que no nos divid\u00edan mi pasaporte sueco y su <i>ausweis\u00a0<\/i>estampado en rojo. Los tiempos en los que \u00e9ramos simplemente dos seres humanos que vienen de las monta\u00f1as Zagros, hablando una secuencia de palabras que solo tienen sentido en nuestra lengua materna.<\/p>\n<p>Yo tengo esperanza en que cuando nos volvamos a encontrar en el futuro sean mejores tiempos. Espero que nos est\u00e9 esperando un fuego en alguna parte, alrededor del cual nos vamos a reunir. Espero que la tetera cubierta de holl\u00edn hierva llena de t\u00e9 negro y rosas secas sobre el fuego. Espero que estemos sentados ah\u00ed bajo las estrellas de una noche de verano mientras que nuestros hijos escuchan las historias que les contamos, a la vez que tomamos sorbos de copas de <i>istikan. <\/i>Yo espero que no haya nada entre nosotros que nos separe, que seamos libres e iguales alrededor del mismo fuego y bajo las mismas estrellas. \u00a0\u00a0<\/p>\n<p>\u00a0<\/p>\n<p>*Tarjeta de identificaci\u00f3n.<\/p>\n<p>\u2020Criminal, vagabundo o mendigo.<\/p>\n<p>\u00a0<\/p>\n<\/div>\n<div>\n<div>Categories<\/div>\n<div>\n<div><a href=\"\/taxonomy\/term\/1413\">Migration<\/a><\/div>\n<div><a href=\"\/taxonomy\/term\/1445\">Lesvos<\/a><\/div>\n<div><a href=\"\/taxonomy\/term\/1402\">Europe<\/a><\/div>\n<div><a href=\"\/taxonomy\/term\/1408\">Kurdistan<\/a><\/div>\n<\/div>\n<\/div>\n<\/div>\n<\/article>\n<\/div>\n<\/div>\n<\/div>\n<\/div>\n<p>\n            <\/p>\n<\/div>\n<p><\/p>\n<\/div>\n","protected":false},"excerpt":{"rendered":"<p>19 de junio 2020 por R\u00fbnb\u00eer Serkepkan\u00ee Hace unos d\u00edas tuve una videollamada con un amigo. \u00c9l estaba parado afuera de su casa. Su rostro estaba bronceado, su sonrisa era amplia y sus palabras rebosaban buen humor. Cuando le pregunt\u00e9 que hab\u00eda pasado con su caso, \u00e9l me respondi\u00f3 hablando sobre el color de la [&hellip;]<\/p>\n","protected":false},"author":3,"featured_media":0,"comment_status":"closed","ping_status":"closed","sticky":false,"template":"","format":"standard","meta":{"footnotes":""},"categories":[32,57,155,63],"tags":[],"class_list":["post-9845","post","type-post","status-publish","format-standard","hentry","category-europe","category-kurdistan","category-lesvos","category-migration"],"yoast_head":"<!-- This site is optimized with the Yoast SEO Premium plugin v27.4 (Yoast SEO v27.4) - https:\/\/yoast.com\/product\/yoast-seo-premium-wordpress\/ -->\n<title>SOLIDARIDAD MIGRANTE EGEA: El fuego que nos espera | Christian Peacemaker Teams<\/title>\n<meta name=\"description\" content=\"Hace unos d\u00edas tuve una videollamada con un amigo. \u00c9l estaba parado afuera de su casa. Su rostro estaba bronceado, su sonrisa era amplia y sus palabras rebosaban buen humor. Cuando le pregunt\u00e9 que hab\u00eda pasado con su caso, \u00e9l me respondi\u00f3 hablando sobre el color de la estampilla en su ausweis.* Todav\u00eda era roja, todav\u00eda no pod\u00eda abordar el gran ferry que lo llevar\u00eda lejos de la isla.\" \/>\n<meta name=\"robots\" content=\"index, follow, max-snippet:-1, max-image-preview:large, max-video-preview:-1\" \/>\n<link rel=\"canonical\" href=\"https:\/\/cpt.org\/es\/2020\/06\/19\/solidaridad-migrante-egea-el-fuego-que-nos-espera\" \/>\n<meta property=\"og:locale\" content=\"es_ES\" \/>\n<meta property=\"og:type\" content=\"article\" \/>\n<meta property=\"og:title\" content=\"SOLIDARIDAD MIGRANTE EGEA: El fuego que nos espera\" \/>\n<meta property=\"og:description\" content=\"Community Peacemaker Teams builds partnerships to transform violence and oppression. Over 35 years of action for peace and justice.\" \/>\n<meta property=\"og:url\" content=\"https:\/\/cpt.org\/es\/2020\/06\/19\/solidaridad-migrante-egea-el-fuego-que-nos-espera\" \/>\n<meta property=\"og:site_name\" content=\"Equipos y Comunidades de Acci\u00f3n por la Paz\" \/>\n<meta property=\"article:publisher\" content=\"https:\/\/www.facebook.com\/cpters\" \/>\n<meta property=\"article:published_time\" content=\"2020-06-19T16:00:00+00:00\" \/>\n<meta property=\"article:modified_time\" content=\"2020-12-29T21:46:14+00:00\" \/>\n<meta property=\"og:image\" content=\"https:\/\/cpt.org\/wp-content\/uploads\/kurdistan-2788961_960_720-2-1-1.jpg\" \/>\n<meta name=\"author\" content=\"demo\" \/>\n<meta name=\"twitter:card\" content=\"summary_large_image\" \/>\n<meta name=\"twitter:title\" content=\"SOLIDARIDAD MIGRANTE EGEA: El fuego que nos espera | Christian Peacemaker Teams\" \/>\n<meta name=\"twitter:description\" content=\"Hace unos d\u00edas tuve una videollamada con un amigo. \u00c9l estaba parado afuera de su casa. Su rostro estaba bronceado, su sonrisa era amplia y sus palabras rebosaban buen humor. Cuando le pregunt\u00e9 que hab\u00eda pasado con su caso, \u00e9l me respondi\u00f3 hablando sobre el color de la estampilla en su ausweis.* Todav\u00eda era roja, todav\u00eda no pod\u00eda abordar el gran ferry que lo llevar\u00eda lejos de la isla.\" \/>\n<meta name=\"twitter:creator\" content=\"@cpt_intl\" \/>\n<meta name=\"twitter:site\" content=\"@cpt_intl\" \/>\n<meta name=\"twitter:label1\" content=\"Escrito por\" \/>\n\t<meta name=\"twitter:data1\" content=\"demo\" \/>\n\t<meta name=\"twitter:label2\" content=\"Tiempo de lectura\" \/>\n\t<meta name=\"twitter:data2\" content=\"4 minutos\" \/>\n<script type=\"application\/ld+json\" class=\"yoast-schema-graph\">{\"@context\":\"https:\\\/\\\/schema.org\",\"@graph\":[{\"@type\":\"Article\",\"@id\":\"https:\\\/\\\/cpt.org\\\/es\\\/2020\\\/06\\\/19\\\/solidaridad-migrante-egea-el-fuego-que-nos-espera#article\",\"isPartOf\":{\"@id\":\"https:\\\/\\\/cpt.org\\\/es\\\/2020\\\/06\\\/19\\\/solidaridad-migrante-egea-el-fuego-que-nos-espera\"},\"author\":{\"name\":\"demo\",\"@id\":\"https:\\\/\\\/cpt.org\\\/es#\\\/schema\\\/person\\\/1187ed3b9ce9cbbb08dbb3a90bb6e8f6\"},\"headline\":\"SOLIDARIDAD MIGRANTE EGEA: El fuego que nos espera\",\"datePublished\":\"2020-06-19T16:00:00+00:00\",\"dateModified\":\"2020-12-29T21:46:14+00:00\",\"mainEntityOfPage\":{\"@id\":\"https:\\\/\\\/cpt.org\\\/es\\\/2020\\\/06\\\/19\\\/solidaridad-migrante-egea-el-fuego-que-nos-espera\"},\"wordCount\":846,\"publisher\":{\"@id\":\"https:\\\/\\\/cpt.org\\\/es#organization\"},\"image\":{\"@id\":\"https:\\\/\\\/cpt.org\\\/es\\\/2020\\\/06\\\/19\\\/solidaridad-migrante-egea-el-fuego-que-nos-espera#primaryimage\"},\"thumbnailUrl\":\"https:\\\/\\\/cpt.org\\\/wp-content\\\/uploads\\\/kurdistan-2788961_960_720-2-1-1.jpg\",\"articleSection\":[\"Europe\",\"Kurdistan\",\"Lesvos\",\"Migration\"],\"inLanguage\":\"es\"},{\"@type\":\"WebPage\",\"@id\":\"https:\\\/\\\/cpt.org\\\/es\\\/2020\\\/06\\\/19\\\/solidaridad-migrante-egea-el-fuego-que-nos-espera\",\"url\":\"https:\\\/\\\/cpt.org\\\/es\\\/2020\\\/06\\\/19\\\/solidaridad-migrante-egea-el-fuego-que-nos-espera\",\"name\":\"SOLIDARIDAD MIGRANTE EGEA: El fuego que nos espera | Christian Peacemaker Teams\",\"isPartOf\":{\"@id\":\"https:\\\/\\\/cpt.org\\\/es#website\"},\"primaryImageOfPage\":{\"@id\":\"https:\\\/\\\/cpt.org\\\/es\\\/2020\\\/06\\\/19\\\/solidaridad-migrante-egea-el-fuego-que-nos-espera#primaryimage\"},\"image\":{\"@id\":\"https:\\\/\\\/cpt.org\\\/es\\\/2020\\\/06\\\/19\\\/solidaridad-migrante-egea-el-fuego-que-nos-espera#primaryimage\"},\"thumbnailUrl\":\"https:\\\/\\\/cpt.org\\\/wp-content\\\/uploads\\\/kurdistan-2788961_960_720-2-1-1.jpg\",\"datePublished\":\"2020-06-19T16:00:00+00:00\",\"dateModified\":\"2020-12-29T21:46:14+00:00\",\"description\":\"Hace unos d\u00edas tuve una videollamada con un amigo. \u00c9l estaba parado afuera de su casa. Su rostro estaba bronceado, su sonrisa era amplia y sus palabras rebosaban buen humor. Cuando le pregunt\u00e9 que hab\u00eda pasado con su caso, \u00e9l me respondi\u00f3 hablando sobre el color de la estampilla en su ausweis.* Todav\u00eda era roja, todav\u00eda no pod\u00eda abordar el gran ferry que lo llevar\u00eda lejos de la isla.\",\"breadcrumb\":{\"@id\":\"https:\\\/\\\/cpt.org\\\/es\\\/2020\\\/06\\\/19\\\/solidaridad-migrante-egea-el-fuego-que-nos-espera#breadcrumb\"},\"inLanguage\":\"es\",\"potentialAction\":[{\"@type\":\"ReadAction\",\"target\":[\"https:\\\/\\\/cpt.org\\\/es\\\/2020\\\/06\\\/19\\\/solidaridad-migrante-egea-el-fuego-que-nos-espera\"]}]},{\"@type\":\"ImageObject\",\"inLanguage\":\"es\",\"@id\":\"https:\\\/\\\/cpt.org\\\/es\\\/2020\\\/06\\\/19\\\/solidaridad-migrante-egea-el-fuego-que-nos-espera#primaryimage\",\"url\":\"https:\\\/\\\/cpt.org\\\/wp-content\\\/uploads\\\/kurdistan-2788961_960_720-2-1-1.jpg\",\"contentUrl\":\"https:\\\/\\\/cpt.org\\\/wp-content\\\/uploads\\\/kurdistan-2788961_960_720-2-1-1.jpg\"},{\"@type\":\"BreadcrumbList\",\"@id\":\"https:\\\/\\\/cpt.org\\\/es\\\/2020\\\/06\\\/19\\\/solidaridad-migrante-egea-el-fuego-que-nos-espera#breadcrumb\",\"itemListElement\":[{\"@type\":\"ListItem\",\"position\":1,\"name\":\"Home\",\"item\":\"https:\\\/\\\/cpt.org\\\/es\"},{\"@type\":\"ListItem\",\"position\":2,\"name\":\"SOLIDARIDAD MIGRANTE EGEA: El fuego que nos espera\"}]},{\"@type\":\"WebSite\",\"@id\":\"https:\\\/\\\/cpt.org\\\/es#website\",\"url\":\"https:\\\/\\\/cpt.org\\\/es\",\"name\":\"Equipos y Comunidades de Acci\u00f3n por la Paz\",\"description\":\"Building partnerships to transform violence and oppression\",\"publisher\":{\"@id\":\"https:\\\/\\\/cpt.org\\\/es#organization\"},\"potentialAction\":[{\"@type\":\"SearchAction\",\"target\":{\"@type\":\"EntryPoint\",\"urlTemplate\":\"https:\\\/\\\/cpt.org\\\/es?s={search_term_string}\"},\"query-input\":{\"@type\":\"PropertyValueSpecification\",\"valueRequired\":true,\"valueName\":\"search_term_string\"}}],\"inLanguage\":\"es\"},{\"@type\":\"Organization\",\"@id\":\"https:\\\/\\\/cpt.org\\\/es#organization\",\"name\":\"Equipos y Comunidades de Acci\u00f3n por la Paz\",\"url\":\"https:\\\/\\\/cpt.org\\\/es\",\"logo\":{\"@type\":\"ImageObject\",\"inLanguage\":\"es\",\"@id\":\"https:\\\/\\\/cpt.org\\\/es#\\\/schema\\\/logo\\\/image\\\/\",\"url\":\"https:\\\/\\\/cpt.org\\\/wp-content\\\/uploads\\\/logoCPT-red-2.png\",\"contentUrl\":\"https:\\\/\\\/cpt.org\\\/wp-content\\\/uploads\\\/logoCPT-red-2.png\",\"width\":1730,\"height\":840,\"caption\":\"Equipos y Comunidades de Acci\u00f3n por la Paz\"},\"image\":{\"@id\":\"https:\\\/\\\/cpt.org\\\/es#\\\/schema\\\/logo\\\/image\\\/\"},\"sameAs\":[\"https:\\\/\\\/www.facebook.com\\\/cpters\",\"https:\\\/\\\/x.com\\\/cpt_intl\",\"https:\\\/\\\/www.instagram.com\\\/cpteams\\\/\",\"https:\\\/\\\/www.youtube.com\\\/user\\\/cptvideos\"]},{\"@type\":\"Person\",\"@id\":\"https:\\\/\\\/cpt.org\\\/es#\\\/schema\\\/person\\\/1187ed3b9ce9cbbb08dbb3a90bb6e8f6\",\"name\":\"demo\",\"image\":{\"@type\":\"ImageObject\",\"inLanguage\":\"es\",\"@id\":\"https:\\\/\\\/secure.gravatar.com\\\/avatar\\\/bf8c7166601a64c6c57b67ffbeab8f8c6a378cca786da9a326c1a34a2ec6f860?s=96&r=g\",\"url\":\"https:\\\/\\\/secure.gravatar.com\\\/avatar\\\/bf8c7166601a64c6c57b67ffbeab8f8c6a378cca786da9a326c1a34a2ec6f860?s=96&r=g\",\"contentUrl\":\"https:\\\/\\\/secure.gravatar.com\\\/avatar\\\/bf8c7166601a64c6c57b67ffbeab8f8c6a378cca786da9a326c1a34a2ec6f860?s=96&r=g\",\"caption\":\"demo\"},\"url\":\"https:\\\/\\\/cpt.org\\\/es\\\/author\\\/demo\"}]}<\/script>\n<!-- \/ Yoast SEO Premium plugin. -->","yoast_head_json":{"title":"SOLIDARIDAD MIGRANTE EGEA: El fuego que nos espera | Christian Peacemaker Teams","description":"Hace unos d\u00edas tuve una videollamada con un amigo. \u00c9l estaba parado afuera de su casa. Su rostro estaba bronceado, su sonrisa era amplia y sus palabras rebosaban buen humor. Cuando le pregunt\u00e9 que hab\u00eda pasado con su caso, \u00e9l me respondi\u00f3 hablando sobre el color de la estampilla en su ausweis.* Todav\u00eda era roja, todav\u00eda no pod\u00eda abordar el gran ferry que lo llevar\u00eda lejos de la isla.","robots":{"index":"index","follow":"follow","max-snippet":"max-snippet:-1","max-image-preview":"max-image-preview:large","max-video-preview":"max-video-preview:-1"},"canonical":"https:\/\/cpt.org\/es\/2020\/06\/19\/solidaridad-migrante-egea-el-fuego-que-nos-espera","og_locale":"es_ES","og_type":"article","og_title":"SOLIDARIDAD MIGRANTE EGEA: El fuego que nos espera","og_description":"Community Peacemaker Teams builds partnerships to transform violence and oppression. Over 35 years of action for peace and justice.","og_url":"https:\/\/cpt.org\/es\/2020\/06\/19\/solidaridad-migrante-egea-el-fuego-que-nos-espera","og_site_name":"Equipos y Comunidades de Acci\u00f3n por la Paz","article_publisher":"https:\/\/www.facebook.com\/cpters","article_published_time":"2020-06-19T16:00:00+00:00","article_modified_time":"2020-12-29T21:46:14+00:00","og_image":[{"url":"https:\/\/cpt.org\/wp-content\/uploads\/kurdistan-2788961_960_720-2-1-1.jpg","type":"","width":"","height":""}],"author":"demo","twitter_card":"summary_large_image","twitter_title":"SOLIDARIDAD MIGRANTE EGEA: El fuego que nos espera | Christian Peacemaker Teams","twitter_description":"Hace unos d\u00edas tuve una videollamada con un amigo. \u00c9l estaba parado afuera de su casa. Su rostro estaba bronceado, su sonrisa era amplia y sus palabras rebosaban buen humor. Cuando le pregunt\u00e9 que hab\u00eda pasado con su caso, \u00e9l me respondi\u00f3 hablando sobre el color de la estampilla en su ausweis.* Todav\u00eda era roja, todav\u00eda no pod\u00eda abordar el gran ferry que lo llevar\u00eda lejos de la isla.","twitter_creator":"@cpt_intl","twitter_site":"@cpt_intl","twitter_misc":{"Escrito por":"demo","Tiempo de lectura":"4 minutos"},"schema":{"@context":"https:\/\/schema.org","@graph":[{"@type":"Article","@id":"https:\/\/cpt.org\/es\/2020\/06\/19\/solidaridad-migrante-egea-el-fuego-que-nos-espera#article","isPartOf":{"@id":"https:\/\/cpt.org\/es\/2020\/06\/19\/solidaridad-migrante-egea-el-fuego-que-nos-espera"},"author":{"name":"demo","@id":"https:\/\/cpt.org\/es#\/schema\/person\/1187ed3b9ce9cbbb08dbb3a90bb6e8f6"},"headline":"SOLIDARIDAD MIGRANTE EGEA: El fuego que nos espera","datePublished":"2020-06-19T16:00:00+00:00","dateModified":"2020-12-29T21:46:14+00:00","mainEntityOfPage":{"@id":"https:\/\/cpt.org\/es\/2020\/06\/19\/solidaridad-migrante-egea-el-fuego-que-nos-espera"},"wordCount":846,"publisher":{"@id":"https:\/\/cpt.org\/es#organization"},"image":{"@id":"https:\/\/cpt.org\/es\/2020\/06\/19\/solidaridad-migrante-egea-el-fuego-que-nos-espera#primaryimage"},"thumbnailUrl":"https:\/\/cpt.org\/wp-content\/uploads\/kurdistan-2788961_960_720-2-1-1.jpg","articleSection":["Europe","Kurdistan","Lesvos","Migration"],"inLanguage":"es"},{"@type":"WebPage","@id":"https:\/\/cpt.org\/es\/2020\/06\/19\/solidaridad-migrante-egea-el-fuego-que-nos-espera","url":"https:\/\/cpt.org\/es\/2020\/06\/19\/solidaridad-migrante-egea-el-fuego-que-nos-espera","name":"SOLIDARIDAD MIGRANTE EGEA: El fuego que nos espera | Christian Peacemaker Teams","isPartOf":{"@id":"https:\/\/cpt.org\/es#website"},"primaryImageOfPage":{"@id":"https:\/\/cpt.org\/es\/2020\/06\/19\/solidaridad-migrante-egea-el-fuego-que-nos-espera#primaryimage"},"image":{"@id":"https:\/\/cpt.org\/es\/2020\/06\/19\/solidaridad-migrante-egea-el-fuego-que-nos-espera#primaryimage"},"thumbnailUrl":"https:\/\/cpt.org\/wp-content\/uploads\/kurdistan-2788961_960_720-2-1-1.jpg","datePublished":"2020-06-19T16:00:00+00:00","dateModified":"2020-12-29T21:46:14+00:00","description":"Hace unos d\u00edas tuve una videollamada con un amigo. \u00c9l estaba parado afuera de su casa. Su rostro estaba bronceado, su sonrisa era amplia y sus palabras rebosaban buen humor. Cuando le pregunt\u00e9 que hab\u00eda pasado con su caso, \u00e9l me respondi\u00f3 hablando sobre el color de la estampilla en su ausweis.* Todav\u00eda era roja, todav\u00eda no pod\u00eda abordar el gran ferry que lo llevar\u00eda lejos de la isla.","breadcrumb":{"@id":"https:\/\/cpt.org\/es\/2020\/06\/19\/solidaridad-migrante-egea-el-fuego-que-nos-espera#breadcrumb"},"inLanguage":"es","potentialAction":[{"@type":"ReadAction","target":["https:\/\/cpt.org\/es\/2020\/06\/19\/solidaridad-migrante-egea-el-fuego-que-nos-espera"]}]},{"@type":"ImageObject","inLanguage":"es","@id":"https:\/\/cpt.org\/es\/2020\/06\/19\/solidaridad-migrante-egea-el-fuego-que-nos-espera#primaryimage","url":"https:\/\/cpt.org\/wp-content\/uploads\/kurdistan-2788961_960_720-2-1-1.jpg","contentUrl":"https:\/\/cpt.org\/wp-content\/uploads\/kurdistan-2788961_960_720-2-1-1.jpg"},{"@type":"BreadcrumbList","@id":"https:\/\/cpt.org\/es\/2020\/06\/19\/solidaridad-migrante-egea-el-fuego-que-nos-espera#breadcrumb","itemListElement":[{"@type":"ListItem","position":1,"name":"Home","item":"https:\/\/cpt.org\/es"},{"@type":"ListItem","position":2,"name":"SOLIDARIDAD MIGRANTE EGEA: El fuego que nos espera"}]},{"@type":"WebSite","@id":"https:\/\/cpt.org\/es#website","url":"https:\/\/cpt.org\/es","name":"Equipos y Comunidades de Acci\u00f3n por la Paz","description":"Building partnerships to transform violence and oppression","publisher":{"@id":"https:\/\/cpt.org\/es#organization"},"potentialAction":[{"@type":"SearchAction","target":{"@type":"EntryPoint","urlTemplate":"https:\/\/cpt.org\/es?s={search_term_string}"},"query-input":{"@type":"PropertyValueSpecification","valueRequired":true,"valueName":"search_term_string"}}],"inLanguage":"es"},{"@type":"Organization","@id":"https:\/\/cpt.org\/es#organization","name":"Equipos y Comunidades de Acci\u00f3n por la Paz","url":"https:\/\/cpt.org\/es","logo":{"@type":"ImageObject","inLanguage":"es","@id":"https:\/\/cpt.org\/es#\/schema\/logo\/image\/","url":"https:\/\/cpt.org\/wp-content\/uploads\/logoCPT-red-2.png","contentUrl":"https:\/\/cpt.org\/wp-content\/uploads\/logoCPT-red-2.png","width":1730,"height":840,"caption":"Equipos y Comunidades de Acci\u00f3n por la Paz"},"image":{"@id":"https:\/\/cpt.org\/es#\/schema\/logo\/image\/"},"sameAs":["https:\/\/www.facebook.com\/cpters","https:\/\/x.com\/cpt_intl","https:\/\/www.instagram.com\/cpteams\/","https:\/\/www.youtube.com\/user\/cptvideos"]},{"@type":"Person","@id":"https:\/\/cpt.org\/es#\/schema\/person\/1187ed3b9ce9cbbb08dbb3a90bb6e8f6","name":"demo","image":{"@type":"ImageObject","inLanguage":"es","@id":"https:\/\/secure.gravatar.com\/avatar\/bf8c7166601a64c6c57b67ffbeab8f8c6a378cca786da9a326c1a34a2ec6f860?s=96&r=g","url":"https:\/\/secure.gravatar.com\/avatar\/bf8c7166601a64c6c57b67ffbeab8f8c6a378cca786da9a326c1a34a2ec6f860?s=96&r=g","contentUrl":"https:\/\/secure.gravatar.com\/avatar\/bf8c7166601a64c6c57b67ffbeab8f8c6a378cca786da9a326c1a34a2ec6f860?s=96&r=g","caption":"demo"},"url":"https:\/\/cpt.org\/es\/author\/demo"}]}},"_links":{"self":[{"href":"https:\/\/cpt.org\/es\/wp-json\/wp\/v2\/posts\/9845","targetHints":{"allow":["GET"]}}],"collection":[{"href":"https:\/\/cpt.org\/es\/wp-json\/wp\/v2\/posts"}],"about":[{"href":"https:\/\/cpt.org\/es\/wp-json\/wp\/v2\/types\/post"}],"author":[{"embeddable":true,"href":"https:\/\/cpt.org\/es\/wp-json\/wp\/v2\/users\/3"}],"replies":[{"embeddable":true,"href":"https:\/\/cpt.org\/es\/wp-json\/wp\/v2\/comments?post=9845"}],"version-history":[{"count":1,"href":"https:\/\/cpt.org\/es\/wp-json\/wp\/v2\/posts\/9845\/revisions"}],"predecessor-version":[{"id":17263,"href":"https:\/\/cpt.org\/es\/wp-json\/wp\/v2\/posts\/9845\/revisions\/17263"}],"wp:attachment":[{"href":"https:\/\/cpt.org\/es\/wp-json\/wp\/v2\/media?parent=9845"}],"wp:term":[{"taxonomy":"category","embeddable":true,"href":"https:\/\/cpt.org\/es\/wp-json\/wp\/v2\/categories?post=9845"},{"taxonomy":"post_tag","embeddable":true,"href":"https:\/\/cpt.org\/es\/wp-json\/wp\/v2\/tags?post=9845"}],"curies":[{"name":"wp","href":"https:\/\/api.w.org\/{rel}","templated":true}]}}