{"id":9870,"date":"2020-09-04T12:00:00","date_gmt":"2020-09-04T16:00:00","guid":{"rendered":"https:\/\/cpt.org\/blog\/colombia-donde-estan-los-asesinos"},"modified":"2020-12-29T16:46:51","modified_gmt":"2020-12-29T21:46:51","slug":"colombia-donde-estan-los-asesinos","status":"publish","type":"post","link":"https:\/\/cpt.org\/es\/2020\/09\/04\/colombia-donde-estan-los-asesinos","title":{"rendered":"COLOMBIA: \u00bfD\u00f3nde est\u00e1n los asesinos?"},"content":{"rendered":"<div class=\"container tmpWrnglr\">\n<p>\n          <\/p>\n<\/p>\n<div class=\"row\">\n<div class=\"col-md-12\"><\/div>\n<\/div>\n<div class=\"row layout\">\n      <\/p>\n<div class=\"content_layout\">\n<div class=\"col-md-12\">\n<div class=\"region region-content\">\n<div id=\"block-drupal8-zymphonies-theme-content\" class=\"block block-system block-system-main-block\">\n<article class=\"node node--type-story node--promoted node--view-mode-full\">\n<div class=\"node__content\">\n<div>\n<p>4 septiembre 2020<\/p>\n<p><img fetchpriority=\"high\" decoding=\"async\" alt height=\"824\" src=\"https:\/\/cpt.org\/wp-content\/uploads\/Sin-tC3ADtulo-1-1.jpg\" width=\"602\"><\/p>\n<h6>\u00a0<\/h6>\n<p>por Jhon Henry Camargo Varela<\/p>\n<p>\n[Nota: Los t\u00edtulos son de esta canci\u00f3n: Julio Jaramillo no me toquen ese vals]<\/p>\n<p style=\"line-height:1.295;margin-bottom:10px\"><span style=\"font-size:12pt;font-variant-ligatures:normal;font-variant-east-asian:normal;font-variant-position:normal;white-space:pre-wrap\"><span style=\"font-family:Verdana\"><span style=\"color:#000000\"><span style=\"background-color:#ffffff\"><span style=\"font-weight:400\"><span style=\"font-style:italic\"><span style=\"text-decoration:underline\"><span style=\"text-decoration-skip:none\">Me estoy acostumbrando a no mirarte\u00a0<\/span><\/span><\/span><\/span><\/span><\/span><\/span><\/span><\/p>\n<p>\u00a0<\/p>\n<p style=\"line-height:1.295;text-align:justify;margin-bottom:10px\"><span style=\"font-size:11pt;font-variant-ligatures:normal;font-variant-east-asian:normal;font-variant-position:normal;white-space:pre-wrap\"><span style=\"font-family:Verdana\"><span style=\"color:#000000\"><span style=\"background-color:#ffffff\"><span style=\"font-weight:400\"><span style=\"font-style:normal\"><span style=\"text-decoration:none\">Algo ir\u00f3nico y preocupante est\u00e1 pasando con los derechos humanos, con la vida de quienes los defienden y con las muertes que a\u00fan esperan un reconocimiento en Colombia. Lxs responsables de todo esto, se culpan unx al(la) otrx, enred\u00e1ndonos y ocultando todo como si eso supusiera una respuesta a las preguntas \u00bfqui\u00e9n los mat\u00f3? y \u00bfustedes porque no hacen nada?, Nosotrxs preguntando siempre lo mismo y ellxs respondiendo siempre de la misma manera. Y seguimos esperando las respuestas que nunca nos llegar\u00e1n, mientras contemplamos horrorizados c\u00f3mo estas preguntas siguen aumentando tan r\u00e1pido como aumenta el n\u00famero de l\u00edderes(as) sociales asesinadxs en este pa\u00eds.\u00a0<\/span><\/span><\/span><\/span><\/span><\/span><\/span><\/p>\n<p style=\"line-height:1.295;text-align:justify;margin-bottom:10px\"><span style=\"font-size:11pt;font-variant-ligatures:normal;font-variant-east-asian:normal;font-variant-position:normal;white-space:pre-wrap\"><span style=\"font-family:Verdana\"><span style=\"color:#000000\"><span style=\"background-color:#ffffff\"><span style=\"font-weight:400\"><span style=\"font-style:normal\"><span style=\"text-decoration:none\">Nosotrxs sabemos d\u00f3nde est\u00e1n lxs asesinxs, aquellxs que matan por omisi\u00f3n, sacando miles de excusas sin sentido para justificar su incapacidad e incompetencia, mientras se desvinculan de su responsabilidad con un pa\u00eds asfixiado por la inequidad que pide a gritos justicia y verdad.<\/span><\/span><\/span><\/span><\/span><\/span><\/span><\/p>\n<p><span style=\"font-size:12pt;font-variant-ligatures:normal;font-variant-east-asian:normal;font-variant-position:normal;white-space:pre-wrap\"><span style=\"font-family:Verdana\"><span style=\"color:#222222\"><span style=\"background-color:#ffffff\"><span style=\"font-weight:400\"><span style=\"font-style:italic\"><span style=\"text-decoration:underline\"><span style=\"text-decoration-skip:none\">Me estoy acostumbrando a estar sin ti<\/span><\/span><\/span><\/span><\/span><\/span><\/span><\/span><\/p>\n<p style=\"line-height:1.2;text-align:justify;background-color:#ffffff;padding:0pt 0pt 19.5pt\"><span style=\"font-size:11pt;font-variant-ligatures:normal;font-variant-east-asian:normal;font-variant-position:normal;white-space:pre-wrap\"><span style=\"font-family:Verdana\"><span style=\"color:#000000\"><span style=\"font-weight:400\"><span style=\"font-style:normal\"><span style=\"text-decoration:none\">La historia que el Gobierno nos cuenta sobre el asesinato de lxs defensorxs de Derechos Humanos en Colombia es como aquel hecho, en el que un hombre blanco viene de Europa en barcos repletos de asesinos a los que despu\u00e9s tuvimos que agradecerles por obligaci\u00f3n y sin ninguna explicaci\u00f3n, el habernos saqueado, violado, perseguido y asesinado; es ese tipo de historia que te cuentan por pedazos convenientemente organizados, pero que muy en tu interior, sabes que falta algo, porque sabes que hay algo que no te est\u00e1n contando.<\/span><\/span><\/span><\/span><\/span><\/span><\/p>\n<p style=\"line-height:1.2;text-align:justify;background-color:#ffffff;padding:0pt 0pt 19.5pt\"><span style=\"font-size:11pt;font-variant-ligatures:normal;font-variant-east-asian:normal;font-variant-position:normal;white-space:pre-wrap\"><span style=\"font-family:Verdana\"><span style=\"color:#000000\"><span style=\"font-weight:400\"><span style=\"font-style:normal\"><span style=\"text-decoration:none\">Lo primordial en esta historia, es entender que al gobierno\u00a0<\/span><\/span><\/span><\/span><\/span><\/span><span style=\"font-size:11pt;font-variant-ligatures:normal;font-variant-east-asian:normal;font-variant-position:normal;white-space:pre-wrap\"><span style=\"font-family:Verdana\"><span style=\"color:#000000\"><span style=\"font-weight:700\"><span style=\"font-style:normal\"><span style=\"text-decoration:none\">ALGUIEN YA LE HAB\u00cdA DICHO<\/span><\/span><\/span><\/span><\/span><\/span><span style=\"font-size:11pt;font-variant-ligatures:normal;font-variant-east-asian:normal;font-variant-position:normal;white-space:pre-wrap\"><span style=\"font-family:Verdana\"><span style=\"color:#000000\"><span style=\"font-weight:400\"><span style=\"font-style:normal\"><span style=\"text-decoration:none\"> de la situaci\u00f3n de los territorios, de las m\u00faltiples violaciones a los Derechos Humanos en el pa\u00eds y del riesgo que corren lxs defensorxs de Derechos Humanos por exigir justicia, verdad, reparaci\u00f3n y Garant\u00edas de no repetici\u00f3n, por hechos en los que el mismo Gobierno tiene el 100% de la responsabilidad.<\/span><\/span><\/span><\/span><\/span><\/span><\/p>\n<p style=\"line-height:1.2;text-align:justify;background-color:#ffffff;padding:0pt 0pt 19.5pt\"><span style=\"font-size:11pt;font-variant-ligatures:normal;font-variant-east-asian:normal;font-variant-position:normal;white-space:pre-wrap\"><span style=\"font-family:Verdana\"><span style=\"color:#000000\"><span style=\"font-weight:400\"><span style=\"font-style:normal\"><span style=\"text-decoration:none\">La manipulaci\u00f3n por parte del gobierno es evidente, ya que ni siquiera intentan esconderla, si no que por el contrario aparecen en televisi\u00f3n lament\u00e1ndose por las muertes de los defensores de derechos humanos mientras no hacen nada por detenerlas, son tan mentirosos que incluso han llegado a decir que ellos no sab\u00edan nada de esto, como si Colombia no hubiera demostrado ya con creces, que defender los derechos humanos es b\u00e1sicamente el equivalente a entrar en un lago oscuro y profundo con una piedra pesada atada a los pies.\u00a0<\/span><\/span><\/span><\/span><\/span><\/span><\/p>\n<p style=\"line-height:1.2;text-align:justify;background-color:#ffffff;padding:0pt 0pt 19.5pt\"><span style=\"font-size:11pt;font-variant-ligatures:normal;font-variant-east-asian:normal;font-variant-position:normal;white-space:pre-wrap\"><span style=\"font-family:Verdana\"><span style=\"color:#000000\"><span style=\"font-weight:400\"><span style=\"font-style:normal\"><span style=\"text-decoration:none\">Al gobierno le conviene mentir, ya que con sus mentiras alimentan la industria de la guerra, una industria que nunca pasa de moda, y que si eres lo suficientemente poderoso, rico e inteligente puedes volverte a\u00fan m\u00e1s rico y poderoso, solo basta con sacrificar cientos de miles de vidas para ganar m\u00e1s poder y m\u00e1s riqueza, la clave est\u00e1 en poner a pelear a los pobres entre ellos con la est\u00fapida idea de que el otro es su enemigo. Y as\u00ed seguir en una guerra en la que parece que para lo \u00fanico que servimos los colombianos es para ser carne de ca\u00f1\u00f3n en el ejercicio leg\u00edtimo y constitucional de enriquecerse a costa de los cuerpos de los pobres. Mientras a algunxs nos explotan, los dem\u00e1s con una mano y de forma voluntaria nos tapamos los ojos para no ver como asesinan a nuestrxs hermanxs, mientras corremos ciegxs y sordxs de agradecimiento a los pies de aquellxs que nos han condenado a la muerte.<\/span><\/span><\/span><\/span><\/span><\/span><\/p>\n<p style=\"line-height:1.2;text-align:justify;background-color:#ffffff;padding:0pt 0pt 19.5pt\"><span style=\"font-size:11pt;font-variant-ligatures:normal;font-variant-east-asian:normal;font-variant-position:normal;white-space:pre-wrap\"><span style=\"font-family:Verdana\"><span style=\"color:#000000\"><span style=\"font-weight:400\"><span style=\"font-style:normal\"><span style=\"text-decoration:none\">Ahora hablemos de lo que le cuesta a Colombia la p\u00e9rdida de un defensor(a) de Derechos Humanos, no me refiero al valor econ\u00f3mico, sino al valor democr\u00e1tico que significan sus vidas y como todxs perdemos cuando lxs perdemos a ellxs.<\/span><\/span><\/span><\/span><\/span><\/span><\/p>\n<p style=\"line-height:1.2;text-align:justify;background-color:#ffffff;padding:0pt 0pt 19.5pt\"><span style=\"font-size:11pt;font-variant-ligatures:normal;font-variant-east-asian:normal;font-variant-position:normal;white-space:pre-wrap\"><span style=\"font-family:Verdana\"><span style=\"color:#000000\"><span style=\"font-weight:400\"><span style=\"font-style:normal\"><span style=\"text-decoration:none\">Siempre ha sido una estrategia del Gobierno de turno invisibilizar y silenciar las voces de lxs defensorxs de derechos humanos, las estrategias son diversas, van desde el asesinato premeditado hasta el desprestigio, la amenaza o lo que conocemos coloquialmente como \u201clanzarlx a los lobos\u201d, por ejemplo, llamar a un defensor(a) guerrillerx para que lx maten los paramilitares.<\/span><\/span><\/span><\/span><\/span><\/span><\/p>\n<p style=\"line-height:1.2;text-align:justify;background-color:#ffffff;padding:0pt 0pt 19.5pt\"><span style=\"font-size:11pt;font-variant-ligatures:normal;font-variant-east-asian:normal;font-variant-position:normal;white-space:pre-wrap\"><span style=\"font-family:Verdana\"><span style=\"color:#000000\"><span style=\"font-weight:400\"><span style=\"font-style:normal\"><span style=\"text-decoration:none\">Llevamos a\u00f1os segados por la guerra, una guerra que nos ha hecho arte y parte a todxs lxs Colombianxs, guerra que nos ha llevado a perder de vista el inmenso valor de una vida, el inmenso valor de las diferencias en una sociedad democr\u00e1tica.<\/span><\/span><\/span><\/span><\/span><\/span><\/p>\n<p style=\"line-height:1.2;text-align:justify;background-color:#ffffff;padding:0pt 0pt 19.5pt\"><span style=\"font-size:11pt;font-variant-ligatures:normal;font-variant-east-asian:normal;font-variant-position:normal;white-space:pre-wrap\"><span style=\"font-family:Verdana\"><span style=\"color:#000000\"><span style=\"font-weight:400\"><span style=\"font-style:normal\"><span style=\"text-decoration:none\">Lxs defensorxs de derechos humanos han aceptado muy a su pesar la obligaci\u00f3n de velar por la verdad y la justicia, han dejado sus vidas, sus familias y hasta su propia tierra para construir una sociedad digna y justa para todxs, una sociedad en la que todxs importemos, una sociedad en donde el gobierno cumpla con su deber de garantizar y proteger la vida de todxs lxs Colombianxs.<\/span><\/span><\/span><\/span><\/span><\/span><\/p>\n<p style=\"line-height:1.2;text-align:justify;background-color:#ffffff;padding:0pt 0pt 19.5pt\"><span style=\"font-size:11pt;font-variant-ligatures:normal;font-variant-east-asian:normal;font-variant-position:normal;white-space:pre-wrap\"><span style=\"font-family:Verdana\"><span style=\"color:#000000\"><span style=\"font-weight:400\"><span style=\"font-style:normal\"><span style=\"text-decoration:none\">Cuando asesinan a un defensor de derechos humanos perdemos la posibilidad de ser mejores, perdemos la capacidad y el potencial de ser transformados como sociedad, perdemos la capacidad de construir un pa\u00eds donde las voces de todxs cuenten.<\/span><\/span><\/span><\/span><\/span><\/span><\/p>\n<p style=\"line-height:1.295;text-align:justify;margin-bottom:10px\"><span style=\"font-size:12pt;font-variant-ligatures:normal;font-variant-east-asian:normal;font-variant-position:normal;white-space:pre-wrap\"><span style=\"font-family:Verdana\"><span style=\"color:#000000\"><span style=\"font-weight:400\"><span style=\"font-style:italic\"><span style=\"text-decoration:underline\"><span style=\"text-decoration-skip:none\">No toques ese vals porque te matan<\/span><\/span><\/span><\/span><\/span><\/span><\/span><\/p>\n<p>\u00a0<\/p>\n<p style=\"line-height:1.2;text-align:justify;background-color:#ffffff;padding:0pt 0pt 19.5pt\"><span style=\"font-size:11pt;font-variant-ligatures:normal;font-variant-east-asian:normal;font-variant-position:normal;white-space:pre-wrap\"><span style=\"font-family:Verdana\"><span style=\"color:#212529\"><span style=\"background-color:#ffffff\"><span style=\"font-weight:700\"><span style=\"font-style:normal\"><span style=\"text-decoration:none\">\u201cAmado Torres, 49 a\u00f1os, l\u00edder social de la vereda La Miranda, en San Jos\u00e9 de Apartad\u00f3 (Antioquia). Su cad\u00e1ver fue trasladado en una hamaca debido a la negativa de la Polic\u00eda Judicial para hacer el levantamiento. El 29 de febrero, hombres fuertemente armados y vistiendo prendas de uso privativo de las Fuerzas Militares, ingresaron a su vivienda en esa vereda y lo asesinaron\u201d \u2013 El espectador.<\/span><\/span><\/span><\/span><\/span><\/span><\/span><\/p>\n<p style=\"line-height:1.2;text-align:justify;background-color:#ffffff;padding:0pt 0pt 19.5pt\"><span style=\"font-size:11pt;font-variant-ligatures:normal;font-variant-east-asian:normal;font-variant-position:normal;white-space:pre-wrap\"><span style=\"font-family:Verdana\"><span style=\"color:#000000\"><span style=\"font-weight:400\"><span style=\"font-style:normal\"><span style=\"text-decoration:none\">Lo extra\u00f1o de esta historia radica en la similitud que tiene este caso con <\/span><\/span><\/span><\/span><\/span><\/span><span style=\"font-size:11pt;font-variant-ligatures:normal;font-variant-east-asian:normal;font-variant-position:normal;white-space:pre-wrap\"><span style=\"font-family:Verdana\"><span style=\"color:#000000\"><span style=\"font-weight:700\"><span style=\"font-style:normal\"><span style=\"text-decoration:none\">TODOS<\/span><\/span><\/span><\/span><\/span><\/span><span style=\"font-size:11pt;font-variant-ligatures:normal;font-variant-east-asian:normal;font-variant-position:normal;white-space:pre-wrap\"><span style=\"font-family:Verdana\"><span style=\"color:#000000\"><span style=\"font-weight:400\"><span style=\"font-style:normal\"><span style=\"text-decoration:none\"> los dem\u00e1s casos de asesinatos de l\u00edderes(as) en el pa\u00eds, y digo lo extra\u00f1o para referirme a que el modelo de exterminio de l\u00edderes(as) sociales es solo una serie de eventos que se repiten una y otra vez, de hecho, no podr\u00eda llamarse coincidencia, si nunca cambian los involucrados en la situaci\u00f3n.<\/span><\/span><\/span><\/span><\/span><\/span><\/p>\n<p style=\"line-height:1.2;text-align:justify;background-color:#ffffff;padding:0pt 0pt 19.5pt\"><span style=\"font-size:11pt;font-variant-ligatures:normal;font-variant-east-asian:normal;font-variant-position:normal;white-space:pre-wrap\"><span style=\"font-family:Verdana\"><span style=\"color:#000000\"><span style=\"font-weight:400\"><span style=\"font-style:normal\"><span style=\"text-decoration:none\">Con lo anterior me refiero a la ya muy denunciada din\u00e1mica &#8211; <\/span><\/span><\/span><\/span><\/span><\/span><span style=\"font-size:11pt;font-variant-ligatures:normal;font-variant-east-asian:normal;font-variant-position:normal;white-space:pre-wrap\"><span style=\"font-family:Verdana\"><span style=\"color:#000000\"><span style=\"font-weight:400\"><span style=\"font-style:italic\"><span style=\"text-decoration:none\">l\u00edder social denuncia<\/span><\/span><\/span><\/span><\/span><\/span><span style=\"font-size:11pt;font-variant-ligatures:normal;font-variant-east-asian:normal;font-variant-position:normal;white-space:pre-wrap\"><span style=\"font-family:Verdana\"><span style=\"color:#000000\"><span style=\"font-weight:400\"><span style=\"font-style:normal\"><span style=\"text-decoration:none\"> &#8211; <\/span><\/span><\/span><\/span><\/span><\/span><span style=\"font-size:11pt;font-variant-ligatures:normal;font-variant-east-asian:normal;font-variant-position:normal;white-space:pre-wrap\"><span style=\"font-family:Verdana\"><span style=\"color:#000000\"><span style=\"font-weight:400\"><span style=\"font-style:italic\"><span style=\"text-decoration:none\">autoridad estigmatiza<\/span><\/span><\/span><\/span><\/span><\/span><span style=\"font-size:11pt;font-variant-ligatures:normal;font-variant-east-asian:normal;font-variant-position:normal;white-space:pre-wrap\"><span style=\"font-family:Verdana\"><span style=\"color:#000000\"><span style=\"font-weight:400\"><span style=\"font-style:normal\"><span style=\"text-decoration:none\"> &#8211; <\/span><\/span><\/span><\/span><\/span><\/span><span style=\"font-size:11pt;font-variant-ligatures:normal;font-variant-east-asian:normal;font-variant-position:normal;white-space:pre-wrap\"><span style=\"font-family:Verdana\"><span style=\"color:#000000\"><span style=\"font-weight:400\"><span style=\"font-style:italic\"><span style=\"text-decoration:none\">l\u00edder social es asesinado<\/span><\/span><\/span><\/span><\/span><\/span><span style=\"font-size:11pt;font-variant-ligatures:normal;font-variant-east-asian:normal;font-variant-position:normal;white-space:pre-wrap\"><span style=\"font-family:Verdana\"><span style=\"color:#000000\"><span style=\"font-weight:400\"><span style=\"font-style:normal\"><span style=\"text-decoration:none\"> &#8211; de hecho, lo trillado de esta historia es que nadie los protege a pesar de que ya todo esto ha pasado una y otra vez.<\/span><\/span><\/span><\/span><\/span><\/span><\/p>\n<p style=\"line-height:1.2;text-align:justify;background-color:#ffffff;padding:0pt 0pt 19.5pt\"><span style=\"font-size:11pt;font-variant-ligatures:normal;font-variant-east-asian:normal;font-variant-position:normal;white-space:pre-wrap\"><span style=\"font-family:Verdana\"><span style=\"color:#000000\"><span style=\"font-weight:400\"><span style=\"font-style:normal\"><span style=\"text-decoration:none\">A las preguntas <\/span><\/span><\/span><\/span><\/span><\/span><span style=\"font-size:11pt;font-variant-ligatures:normal;font-variant-east-asian:normal;font-variant-position:normal;white-space:pre-wrap\"><span style=\"font-family:Verdana\"><span style=\"color:#000000\"><span style=\"background-color:#ffffff\"><span style=\"font-weight:400\"><span style=\"font-style:normal\"><span style=\"text-decoration:none\">\u00bfqui\u00e9n los mat\u00f3? y \u00bfustedes porque no hacen nada? Se le suma la pregunta <\/span><\/span><\/span><\/span><\/span><\/span><\/span><span style=\"font-size:11pt;font-variant-ligatures:normal;font-variant-east-asian:normal;font-variant-position:normal;white-space:pre-wrap\"><span style=\"font-family:Verdana\"><span style=\"color:#000000\"><span style=\"font-weight:400\"><span style=\"font-style:normal\"><span style=\"text-decoration:none\">\u00bfpor qu\u00e9 motivo esto sigue pasando?<\/span><\/span><\/span><\/span><\/span><\/span><\/p>\n<p style=\"line-height:1.2;text-align:justify;background-color:#ffffff;padding:0pt 0pt 19.5pt\"><span style=\"font-size:12pt;font-variant-ligatures:normal;font-variant-east-asian:normal;font-variant-position:normal;white-space:pre-wrap\"><span style=\"font-family:Verdana\"><span style=\"color:#222222\"><span style=\"background-color:#ffffff\"><span style=\"font-weight:400\"><span style=\"font-style:italic\"><span style=\"text-decoration:underline\"><span style=\"text-decoration-skip:none\">Que voy a acostumbrarme a no mirarte<\/span><\/span><\/span><\/span><\/span><\/span><\/span><\/span><\/p>\n<p style=\"line-height:1.2;text-align:justify;background-color:#ffffff;padding:0pt 0pt 19.5pt\"><span style=\"font-size:11pt;font-variant-ligatures:normal;font-variant-east-asian:normal;font-variant-position:normal;white-space:pre-wrap\"><span style=\"font-family:Verdana\"><span style=\"color:#000000\"><span style=\"font-weight:400\"><span style=\"font-style:normal\"><span style=\"text-decoration:none\">Seg\u00fan el diario El pa\u00eds, el asesinato de l\u00edderes(as) sociales ha aumentado un 53% en el primer cuatrimestre del a\u00f1o, es decir que durante la cuarentena no ha hecho m\u00e1s que ir en aumento las cifras de l\u00edderes(as) sociales asesinados. En un principio,\u00a0podr\u00edamos exigirle al gobierno <\/span><\/span><\/span><\/span><\/span><\/span><span style=\"font-size:11pt;font-variant-ligatures:normal;font-variant-east-asian:normal;font-variant-position:normal;white-space:pre-wrap\"><span style=\"font-family:Verdana\"><span style=\"color:#000000\"><span style=\"font-weight:400\"><span style=\"font-style:italic\"><span style=\"text-decoration:none\">\u00a1una vez m\u00e1s!<\/span><\/span><\/span><\/span><\/span><\/span><span style=\"font-size:11pt;font-variant-ligatures:normal;font-variant-east-asian:normal;font-variant-position:normal;white-space:pre-wrap\"><span style=\"font-family:Verdana\"><span style=\"color:#000000\"><span style=\"font-weight:400\"><span style=\"font-style:normal\"><span style=\"text-decoration:none\"> que <\/span><\/span><\/span><\/span><\/span><\/span><span style=\"font-size:11pt;font-variant-ligatures:normal;font-variant-east-asian:normal;font-variant-position:normal;white-space:pre-wrap\"><span style=\"font-family:Verdana\"><span style=\"color:#000000\"><span style=\"font-weight:700\"><span style=\"font-style:normal\"><span style=\"text-decoration:none\">responda p\u00fablicamente por todos estos asesinatos<\/span><\/span><\/span><\/span><\/span><\/span><span style=\"font-size:11pt;font-variant-ligatures:normal;font-variant-east-asian:normal;font-variant-position:normal;white-space:pre-wrap\"><span style=\"font-family:Verdana\"><span style=\"color:#000000\"><span style=\"font-weight:400\"><span style=\"font-style:normal\"><span style=\"text-decoration:none\">, que son graves y que no pueden pasar desapercibidos. Pero estoy seguro de que recibiremos una de tres respuestas, <\/span><\/span><\/span><\/span><\/span><\/span><span style=\"font-size:11pt;font-variant-ligatures:normal;font-variant-east-asian:normal;font-variant-position:normal;white-space:pre-wrap\"><span style=\"font-family:Verdana\"><span style=\"color:#000000\"><span style=\"font-weight:400\"><span style=\"font-style:italic\"><span style=\"text-decoration:none\">la primera<\/span><\/span><\/span><\/span><\/span><\/span><span style=\"font-size:11pt;font-variant-ligatures:normal;font-variant-east-asian:normal;font-variant-position:normal;white-space:pre-wrap\"><span style=\"font-family:Verdana\"><span style=\"color:#000000\"><span style=\"font-weight:400\"><span style=\"font-style:normal\"><span style=\"text-decoration:none\"> un silencio c\u00f3mplice, <\/span><\/span><\/span><\/span><\/span><\/span><span style=\"font-size:11pt;font-variant-ligatures:normal;font-variant-east-asian:normal;font-variant-position:normal;white-space:pre-wrap\"><span style=\"font-family:Verdana\"><span style=\"color:#000000\"><span style=\"font-weight:400\"><span style=\"font-style:italic\"><span style=\"text-decoration:none\">la segunda<\/span><\/span><\/span><\/span><\/span><\/span><span style=\"font-size:11pt;font-variant-ligatures:normal;font-variant-east-asian:normal;font-variant-position:normal;white-space:pre-wrap\"><span style=\"font-family:Verdana\"><span style=\"color:#000000\"><span style=\"font-weight:400\"><span style=\"font-style:normal\"><span style=\"text-decoration:none\"> un lamento hip\u00f3crita o la ya muy celebr\u00e9 \u00a1estamos investigando!<\/span><\/span><\/span><\/span><\/span><\/span><\/p>\n<p style=\"line-height:1.2;text-align:justify;background-color:#ffffff;padding:0pt 0pt 19.5pt\"><span style=\"font-size:11pt;font-variant-ligatures:normal;font-variant-east-asian:normal;font-variant-position:normal;white-space:pre-wrap\"><span style=\"font-family:Verdana\"><span style=\"color:#000000\"><span style=\"font-weight:400\"><span style=\"font-style:normal\"><span style=\"text-decoration:none\">Despu\u00e9s de varios d\u00edas, meses y a\u00f1os de recibir las mismas respuestas a las denuncias de lxs l\u00edderes(as) sociales, ya uno deja de esperar algo diferente del Gobierno Nacional. Para mi todo esto suena a nada m\u00e1s que una estrategia no solo para silenciar a los defensores(as) de derechos humanos si no para ahogar las voces inconformes, las voces que denuncian y las voces que recuerdan.\u00a0<\/span><\/span><\/span><\/span><\/span><\/span><\/p>\n<p style=\"line-height:1.2;text-align:justify;background-color:#ffffff;padding:0pt 0pt 19.5pt\"><span style=\"font-size:11pt;font-variant-ligatures:normal;font-variant-east-asian:normal;font-variant-position:normal;white-space:pre-wrap\"><span style=\"font-family:Verdana\"><span style=\"color:#000000\"><span style=\"font-weight:400\"><span style=\"font-style:normal\"><span style=\"text-decoration:none\">Nos quieren habituar a vivir con la ausencia, con la incapacidad de obtener respuestas, nos quieren acostumbrar a vivir con sospechas y con el sentimiento de frustraci\u00f3n que trae consigo el no poder esclarecer la verdad.<\/span><\/span><\/span><\/span><\/span><\/span><\/p>\n<p style=\"line-height:1.2;text-align:justify;background-color:#ffffff;padding:0pt 0pt 19.5pt\"><span style=\"font-size:11pt;font-variant-ligatures:normal;font-variant-east-asian:normal;font-variant-position:normal;white-space:pre-wrap\"><span style=\"font-family:Verdana\"><span style=\"color:#000000\"><span style=\"font-weight:400\"><span style=\"font-style:normal\"><span style=\"text-decoration:none\">Podemos concluir que\u00a0el Gobierno Colombiano, deliberadamente, se intenta desligar del uso ilegal del poder legal, insinuando que es la responsabilidad de lxs defensorxs de Derechos Humanos velar por su propia vida, lo que los hace a ellxs como individuos, directamente responsables de sus propias muertes. Afirmando, y as\u00ed confirmando, la teor\u00eda de que el Gobierno est\u00e1 lav\u00e1ndose las manos al mejor estilo de Poncio Pilato.<\/span><\/span><\/span><\/span><\/span><\/span><\/p>\n<p style=\"line-height:1.2;text-align:justify;background-color:#ffffff;padding:0pt 0pt 19.5pt\"><span style=\"font-size:11pt;font-variant-ligatures:normal;font-variant-east-asian:normal;font-variant-position:normal;white-space:pre-wrap\"><span style=\"font-family:Verdana\"><span style=\"color:#000000\"><span style=\"font-weight:400\"><span style=\"font-style:normal\"><span style=\"text-decoration:none\">Solo queda por decir qu\u00e9 hacemos responsables a lxs Gobernantes de Colombia por las muertes de lxs cientos de defensores(as) de Derechos Humanos, ya que es el Gobierno, por acci\u00f3n u omisi\u00f3n, el directamente responsable por sus muertes, y que es la historia la que se encargar\u00e1 de hacer justicia por todas esas voces que fueron silenciadas por el sonido de las balas.<\/span><\/span><\/span><\/span><\/span><\/span><\/p>\n<p style=\"line-height:1.2;text-align:justify;background-color:#ffffff;padding:0pt 0pt 19.5pt\"><span style=\"font-size:12pt;font-variant-ligatures:normal;font-variant-east-asian:normal;font-variant-position:normal;white-space:pre-wrap\"><span style=\"font-family:Verdana\"><span style=\"color:#222222\"><span style=\"background-color:#ffffff\"><span style=\"font-weight:400\"><span style=\"font-style:italic\"><span style=\"text-decoration:underline\"><span style=\"text-decoration-skip:none\">Que voy a acostumbrarme a estar sin ti<\/span><\/span><\/span><\/span><\/span><\/span><\/span><\/span><\/p>\n<p style=\"line-height:1.2;text-align:justify;background-color:#ffffff;padding:0pt 0pt 19.5pt\"><span style=\"font-size:11pt;font-variant-ligatures:normal;font-variant-east-asian:normal;font-variant-position:normal;white-space:pre-wrap\"><span style=\"font-family:Verdana\"><span style=\"color:#000000\"><span style=\"background-color:#ffffff\"><span style=\"font-weight:700\"><span style=\"font-style:normal\"><span style=\"text-decoration:none\">\u00bfqui\u00e9n los mat\u00f3?\u00a0 \u00bfustedes porque no hacen nada?<\/span><\/span><\/span><\/span><\/span><\/span><\/span><span style=\"font-size:11pt;font-variant-ligatures:normal;font-variant-east-asian:normal;font-variant-position:normal;white-space:pre-wrap\"><span style=\"font-family:Verdana\"><span style=\"color:#000000\"><span style=\"font-weight:700\"><span style=\"font-style:normal\"><span style=\"text-decoration:none\"> \u00bfpor qu\u00e9 motivo esto sigue pasando?<\/span><\/span><\/span><\/span><\/span><\/span><span style=\"font-size:11pt;font-variant-ligatures:normal;font-variant-east-asian:normal;font-variant-position:normal;white-space:pre-wrap\"><span style=\"font-family:Verdana\"><span style=\"color:#000000\"><span style=\"font-weight:400\"><span style=\"font-style:normal\"><span style=\"text-decoration:none\"> <\/span><\/span><\/span><\/span><\/span><\/span><span style=\"font-size:11pt;font-variant-ligatures:normal;font-variant-east-asian:normal;font-variant-position:normal;white-space:pre-wrap\"><span style=\"font-family:Verdana\"><span style=\"color:#000000\"><span style=\"font-weight:700\"><span style=\"font-style:normal\"><span style=\"text-decoration:none\">\u00bfAcaso no les importa lo que pas\u00f3?<\/span><\/span><\/span><\/span><\/span><\/span><\/p>\n<p style=\"line-height:1.2;text-align:justify;background-color:#ffffff;padding:0pt 0pt 19.5pt\"><span style=\"font-size:11pt;font-variant-ligatures:normal;font-variant-east-asian:normal;font-variant-position:normal;white-space:pre-wrap\"><span style=\"font-family:Verdana\"><span style=\"color:#000000\"><span style=\"font-weight:400\"><span style=\"font-style:normal\"><span style=\"text-decoration:none\">Son muchas las preguntas que se hace el pa\u00eds en este momento, son demasiadas las dudas sobre lo que est\u00e1 sucediendo, pero lo m\u00e1s importante, es que nunca, nosotrxs nunca lxs vamos a olvidar.<\/span><\/span><\/span><\/span><\/span><\/span><\/p>\n<p style=\"line-height:1.2;text-align:justify;background-color:#ffffff;padding:0pt 0pt 19.5pt\"><span style=\"font-size:11pt;font-variant-ligatures:normal;font-variant-east-asian:normal;font-variant-position:normal;white-space:pre-wrap\"><span style=\"font-family:Verdana\"><span style=\"color:#000000\"><span style=\"font-weight:700\"><span style=\"font-style:normal\"><span style=\"text-decoration:none\">\u00a1Ellxs siguen aqu\u00ed y no lxs vamos a olvidar!<\/span><\/span><\/span><\/span><\/span><\/span><\/p>\n<p style=\"line-height:1.2;text-align:justify;background-color:#ffffff;padding:0pt 0pt 19.5pt\">\u00a0<\/p>\n<\/div>\n<div>\n<div>Categories<\/div>\n<div>\n<div><a href=\"\/taxonomy\/term\/1399\">Colombia<\/a><\/div>\n<div><a href=\"\/taxonomy\/term\/1429\">Undoing Oppressions<\/a><\/div>\n<\/div>\n<\/div>\n<\/div>\n<\/article>\n<\/div>\n<\/div>\n<\/div>\n<\/div>\n<p>\n            <\/p>\n<\/div>\n<p><\/p>\n<\/div>\n","protected":false},"excerpt":{"rendered":"<p>4 septiembre 2020 \u00a0 por Jhon Henry Camargo Varela [Nota: Los t\u00edtulos son de esta canci\u00f3n: Julio Jaramillo no me toquen ese vals] Me estoy acostumbrando a no mirarte\u00a0 \u00a0 Algo ir\u00f3nico y preocupante est\u00e1 pasando con los derechos humanos, con la vida de quienes los defienden y con las muertes que a\u00fan esperan un [&hellip;]<\/p>\n","protected":false},"author":3,"featured_media":0,"comment_status":"closed","ping_status":"closed","sticky":false,"template":"","format":"standard","meta":{"footnotes":""},"categories":[12,31],"tags":[],"class_list":["post-9870","post","type-post","status-publish","format-standard","hentry","category-colombia","category-undoing-oppressions"],"yoast_head":"<!-- This site is optimized with the Yoast SEO Premium plugin v27.5 (Yoast SEO v27.5) - https:\/\/yoast.com\/product\/yoast-seo-premium-wordpress\/ -->\n<title>COLOMBIA: \u00bfD\u00f3nde est\u00e1n los asesinos? | Christian Peacemaker Teams<\/title>\n<meta name=\"description\" content=\"Algo ir\u00f3nico y preocupante est\u00e1 pasando con los derechos humanos, con la vida de quienes los defienden y con las muertes que a\u00fan esperan un reconocimiento en Colombia.\" \/>\n<meta name=\"robots\" content=\"index, follow, max-snippet:-1, max-image-preview:large, max-video-preview:-1\" \/>\n<link rel=\"canonical\" href=\"https:\/\/cpt.org\/es\/2020\/09\/04\/colombia-donde-estan-los-asesinos\" \/>\n<meta property=\"og:locale\" content=\"es_ES\" \/>\n<meta property=\"og:type\" content=\"article\" \/>\n<meta property=\"og:title\" content=\"COLOMBIA: \u00bfD\u00f3nde est\u00e1n los asesinos?\" \/>\n<meta property=\"og:description\" content=\"Community Peacemaker Teams builds partnerships to transform violence and oppression. Over 35 years of action for peace and justice.\" \/>\n<meta property=\"og:url\" content=\"https:\/\/cpt.org\/es\/2020\/09\/04\/colombia-donde-estan-los-asesinos\" \/>\n<meta property=\"og:site_name\" content=\"Equipos y Comunidades de Acci\u00f3n por la Paz\" \/>\n<meta property=\"article:publisher\" content=\"https:\/\/www.facebook.com\/cpters\" \/>\n<meta property=\"article:published_time\" content=\"2020-09-04T16:00:00+00:00\" \/>\n<meta property=\"article:modified_time\" content=\"2020-12-29T21:46:51+00:00\" \/>\n<meta property=\"og:image\" content=\"https:\/\/cpt.org\/wp-content\/uploads\/Sin-tC3ADtulo-1-1.jpg\" \/>\n<meta name=\"author\" content=\"demo\" \/>\n<meta name=\"twitter:card\" content=\"summary_large_image\" \/>\n<meta name=\"twitter:title\" content=\"COLOMBIA: \u00bfD\u00f3nde est\u00e1n los asesinos? | Christian Peacemaker Teams\" \/>\n<meta name=\"twitter:description\" content=\"Algo ir\u00f3nico y preocupante est\u00e1 pasando con los derechos humanos, con la vida de quienes los defienden y con las muertes que a\u00fan esperan un reconocimiento en Colombia.\" \/>\n<meta name=\"twitter:creator\" content=\"@cpt_intl\" \/>\n<meta name=\"twitter:site\" content=\"@cpt_intl\" \/>\n<meta name=\"twitter:label1\" content=\"Escrito por\" \/>\n\t<meta name=\"twitter:data1\" content=\"demo\" \/>\n\t<meta name=\"twitter:label2\" content=\"Tiempo de lectura\" \/>\n\t<meta name=\"twitter:data2\" content=\"8 minutos\" \/>\n<script type=\"application\/ld+json\" class=\"yoast-schema-graph\">{\"@context\":\"https:\\\/\\\/schema.org\",\"@graph\":[{\"@type\":\"Article\",\"@id\":\"https:\\\/\\\/cpt.org\\\/es\\\/2020\\\/09\\\/04\\\/colombia-donde-estan-los-asesinos#article\",\"isPartOf\":{\"@id\":\"https:\\\/\\\/cpt.org\\\/es\\\/2020\\\/09\\\/04\\\/colombia-donde-estan-los-asesinos\"},\"author\":{\"name\":\"demo\",\"@id\":\"https:\\\/\\\/cpt.org\\\/es#\\\/schema\\\/person\\\/1187ed3b9ce9cbbb08dbb3a90bb6e8f6\"},\"headline\":\"COLOMBIA: \u00bfD\u00f3nde est\u00e1n los asesinos?\",\"datePublished\":\"2020-09-04T16:00:00+00:00\",\"dateModified\":\"2020-12-29T21:46:51+00:00\",\"mainEntityOfPage\":{\"@id\":\"https:\\\/\\\/cpt.org\\\/es\\\/2020\\\/09\\\/04\\\/colombia-donde-estan-los-asesinos\"},\"wordCount\":1552,\"publisher\":{\"@id\":\"https:\\\/\\\/cpt.org\\\/es#organization\"},\"image\":{\"@id\":\"https:\\\/\\\/cpt.org\\\/es\\\/2020\\\/09\\\/04\\\/colombia-donde-estan-los-asesinos#primaryimage\"},\"thumbnailUrl\":\"https:\\\/\\\/cpt.org\\\/wp-content\\\/uploads\\\/Sin-tC3ADtulo-1-1.jpg\",\"articleSection\":[\"Colombia\",\"Undoing Oppressions\"],\"inLanguage\":\"es\"},{\"@type\":\"WebPage\",\"@id\":\"https:\\\/\\\/cpt.org\\\/es\\\/2020\\\/09\\\/04\\\/colombia-donde-estan-los-asesinos\",\"url\":\"https:\\\/\\\/cpt.org\\\/es\\\/2020\\\/09\\\/04\\\/colombia-donde-estan-los-asesinos\",\"name\":\"COLOMBIA: \u00bfD\u00f3nde est\u00e1n los asesinos? | Christian Peacemaker Teams\",\"isPartOf\":{\"@id\":\"https:\\\/\\\/cpt.org\\\/es#website\"},\"primaryImageOfPage\":{\"@id\":\"https:\\\/\\\/cpt.org\\\/es\\\/2020\\\/09\\\/04\\\/colombia-donde-estan-los-asesinos#primaryimage\"},\"image\":{\"@id\":\"https:\\\/\\\/cpt.org\\\/es\\\/2020\\\/09\\\/04\\\/colombia-donde-estan-los-asesinos#primaryimage\"},\"thumbnailUrl\":\"https:\\\/\\\/cpt.org\\\/wp-content\\\/uploads\\\/Sin-tC3ADtulo-1-1.jpg\",\"datePublished\":\"2020-09-04T16:00:00+00:00\",\"dateModified\":\"2020-12-29T21:46:51+00:00\",\"description\":\"Algo ir\u00f3nico y preocupante est\u00e1 pasando con los derechos humanos, con la vida de quienes los defienden y con las muertes que a\u00fan esperan un reconocimiento en Colombia.\",\"breadcrumb\":{\"@id\":\"https:\\\/\\\/cpt.org\\\/es\\\/2020\\\/09\\\/04\\\/colombia-donde-estan-los-asesinos#breadcrumb\"},\"inLanguage\":\"es\",\"potentialAction\":[{\"@type\":\"ReadAction\",\"target\":[\"https:\\\/\\\/cpt.org\\\/es\\\/2020\\\/09\\\/04\\\/colombia-donde-estan-los-asesinos\"]}]},{\"@type\":\"ImageObject\",\"inLanguage\":\"es\",\"@id\":\"https:\\\/\\\/cpt.org\\\/es\\\/2020\\\/09\\\/04\\\/colombia-donde-estan-los-asesinos#primaryimage\",\"url\":\"https:\\\/\\\/cpt.org\\\/wp-content\\\/uploads\\\/Sin-tC3ADtulo-1-1.jpg\",\"contentUrl\":\"https:\\\/\\\/cpt.org\\\/wp-content\\\/uploads\\\/Sin-tC3ADtulo-1-1.jpg\"},{\"@type\":\"BreadcrumbList\",\"@id\":\"https:\\\/\\\/cpt.org\\\/es\\\/2020\\\/09\\\/04\\\/colombia-donde-estan-los-asesinos#breadcrumb\",\"itemListElement\":[{\"@type\":\"ListItem\",\"position\":1,\"name\":\"Home\",\"item\":\"https:\\\/\\\/cpt.org\\\/es\"},{\"@type\":\"ListItem\",\"position\":2,\"name\":\"COLOMBIA: \u00bfD\u00f3nde est\u00e1n los asesinos?\"}]},{\"@type\":\"WebSite\",\"@id\":\"https:\\\/\\\/cpt.org\\\/es#website\",\"url\":\"https:\\\/\\\/cpt.org\\\/es\",\"name\":\"Equipos y Comunidades de Acci\u00f3n por la Paz\",\"description\":\"Building partnerships to transform violence and oppression\",\"publisher\":{\"@id\":\"https:\\\/\\\/cpt.org\\\/es#organization\"},\"potentialAction\":[{\"@type\":\"SearchAction\",\"target\":{\"@type\":\"EntryPoint\",\"urlTemplate\":\"https:\\\/\\\/cpt.org\\\/es?s={search_term_string}\"},\"query-input\":{\"@type\":\"PropertyValueSpecification\",\"valueRequired\":true,\"valueName\":\"search_term_string\"}}],\"inLanguage\":\"es\"},{\"@type\":\"Organization\",\"@id\":\"https:\\\/\\\/cpt.org\\\/es#organization\",\"name\":\"Equipos y Comunidades de Acci\u00f3n por la Paz\",\"url\":\"https:\\\/\\\/cpt.org\\\/es\",\"logo\":{\"@type\":\"ImageObject\",\"inLanguage\":\"es\",\"@id\":\"https:\\\/\\\/cpt.org\\\/es#\\\/schema\\\/logo\\\/image\\\/\",\"url\":\"https:\\\/\\\/cpt.org\\\/wp-content\\\/uploads\\\/logoCPT-red-2.png\",\"contentUrl\":\"https:\\\/\\\/cpt.org\\\/wp-content\\\/uploads\\\/logoCPT-red-2.png\",\"width\":1730,\"height\":840,\"caption\":\"Equipos y Comunidades de Acci\u00f3n por la Paz\"},\"image\":{\"@id\":\"https:\\\/\\\/cpt.org\\\/es#\\\/schema\\\/logo\\\/image\\\/\"},\"sameAs\":[\"https:\\\/\\\/www.facebook.com\\\/cpters\",\"https:\\\/\\\/x.com\\\/cpt_intl\",\"https:\\\/\\\/www.instagram.com\\\/cpteams\\\/\",\"https:\\\/\\\/www.youtube.com\\\/user\\\/cptvideos\"]},{\"@type\":\"Person\",\"@id\":\"https:\\\/\\\/cpt.org\\\/es#\\\/schema\\\/person\\\/1187ed3b9ce9cbbb08dbb3a90bb6e8f6\",\"name\":\"demo\",\"image\":{\"@type\":\"ImageObject\",\"inLanguage\":\"es\",\"@id\":\"https:\\\/\\\/secure.gravatar.com\\\/avatar\\\/bf8c7166601a64c6c57b67ffbeab8f8c6a378cca786da9a326c1a34a2ec6f860?s=96&r=g\",\"url\":\"https:\\\/\\\/secure.gravatar.com\\\/avatar\\\/bf8c7166601a64c6c57b67ffbeab8f8c6a378cca786da9a326c1a34a2ec6f860?s=96&r=g\",\"contentUrl\":\"https:\\\/\\\/secure.gravatar.com\\\/avatar\\\/bf8c7166601a64c6c57b67ffbeab8f8c6a378cca786da9a326c1a34a2ec6f860?s=96&r=g\",\"caption\":\"demo\"},\"url\":\"https:\\\/\\\/cpt.org\\\/es\\\/author\\\/demo\"}]}<\/script>\n<!-- \/ Yoast SEO Premium plugin. -->","yoast_head_json":{"title":"COLOMBIA: \u00bfD\u00f3nde est\u00e1n los asesinos? | Christian Peacemaker Teams","description":"Algo ir\u00f3nico y preocupante est\u00e1 pasando con los derechos humanos, con la vida de quienes los defienden y con las muertes que a\u00fan esperan un reconocimiento en Colombia.","robots":{"index":"index","follow":"follow","max-snippet":"max-snippet:-1","max-image-preview":"max-image-preview:large","max-video-preview":"max-video-preview:-1"},"canonical":"https:\/\/cpt.org\/es\/2020\/09\/04\/colombia-donde-estan-los-asesinos","og_locale":"es_ES","og_type":"article","og_title":"COLOMBIA: \u00bfD\u00f3nde est\u00e1n los asesinos?","og_description":"Community Peacemaker Teams builds partnerships to transform violence and oppression. Over 35 years of action for peace and justice.","og_url":"https:\/\/cpt.org\/es\/2020\/09\/04\/colombia-donde-estan-los-asesinos","og_site_name":"Equipos y Comunidades de Acci\u00f3n por la Paz","article_publisher":"https:\/\/www.facebook.com\/cpters","article_published_time":"2020-09-04T16:00:00+00:00","article_modified_time":"2020-12-29T21:46:51+00:00","og_image":[{"url":"https:\/\/cpt.org\/wp-content\/uploads\/Sin-tC3ADtulo-1-1.jpg","type":"","width":"","height":""}],"author":"demo","twitter_card":"summary_large_image","twitter_title":"COLOMBIA: \u00bfD\u00f3nde est\u00e1n los asesinos? | Christian Peacemaker Teams","twitter_description":"Algo ir\u00f3nico y preocupante est\u00e1 pasando con los derechos humanos, con la vida de quienes los defienden y con las muertes que a\u00fan esperan un reconocimiento en Colombia.","twitter_creator":"@cpt_intl","twitter_site":"@cpt_intl","twitter_misc":{"Escrito por":"demo","Tiempo de lectura":"8 minutos"},"schema":{"@context":"https:\/\/schema.org","@graph":[{"@type":"Article","@id":"https:\/\/cpt.org\/es\/2020\/09\/04\/colombia-donde-estan-los-asesinos#article","isPartOf":{"@id":"https:\/\/cpt.org\/es\/2020\/09\/04\/colombia-donde-estan-los-asesinos"},"author":{"name":"demo","@id":"https:\/\/cpt.org\/es#\/schema\/person\/1187ed3b9ce9cbbb08dbb3a90bb6e8f6"},"headline":"COLOMBIA: \u00bfD\u00f3nde est\u00e1n los asesinos?","datePublished":"2020-09-04T16:00:00+00:00","dateModified":"2020-12-29T21:46:51+00:00","mainEntityOfPage":{"@id":"https:\/\/cpt.org\/es\/2020\/09\/04\/colombia-donde-estan-los-asesinos"},"wordCount":1552,"publisher":{"@id":"https:\/\/cpt.org\/es#organization"},"image":{"@id":"https:\/\/cpt.org\/es\/2020\/09\/04\/colombia-donde-estan-los-asesinos#primaryimage"},"thumbnailUrl":"https:\/\/cpt.org\/wp-content\/uploads\/Sin-tC3ADtulo-1-1.jpg","articleSection":["Colombia","Undoing Oppressions"],"inLanguage":"es"},{"@type":"WebPage","@id":"https:\/\/cpt.org\/es\/2020\/09\/04\/colombia-donde-estan-los-asesinos","url":"https:\/\/cpt.org\/es\/2020\/09\/04\/colombia-donde-estan-los-asesinos","name":"COLOMBIA: \u00bfD\u00f3nde est\u00e1n los asesinos? | Christian Peacemaker Teams","isPartOf":{"@id":"https:\/\/cpt.org\/es#website"},"primaryImageOfPage":{"@id":"https:\/\/cpt.org\/es\/2020\/09\/04\/colombia-donde-estan-los-asesinos#primaryimage"},"image":{"@id":"https:\/\/cpt.org\/es\/2020\/09\/04\/colombia-donde-estan-los-asesinos#primaryimage"},"thumbnailUrl":"https:\/\/cpt.org\/wp-content\/uploads\/Sin-tC3ADtulo-1-1.jpg","datePublished":"2020-09-04T16:00:00+00:00","dateModified":"2020-12-29T21:46:51+00:00","description":"Algo ir\u00f3nico y preocupante est\u00e1 pasando con los derechos humanos, con la vida de quienes los defienden y con las muertes que a\u00fan esperan un reconocimiento en Colombia.","breadcrumb":{"@id":"https:\/\/cpt.org\/es\/2020\/09\/04\/colombia-donde-estan-los-asesinos#breadcrumb"},"inLanguage":"es","potentialAction":[{"@type":"ReadAction","target":["https:\/\/cpt.org\/es\/2020\/09\/04\/colombia-donde-estan-los-asesinos"]}]},{"@type":"ImageObject","inLanguage":"es","@id":"https:\/\/cpt.org\/es\/2020\/09\/04\/colombia-donde-estan-los-asesinos#primaryimage","url":"https:\/\/cpt.org\/wp-content\/uploads\/Sin-tC3ADtulo-1-1.jpg","contentUrl":"https:\/\/cpt.org\/wp-content\/uploads\/Sin-tC3ADtulo-1-1.jpg"},{"@type":"BreadcrumbList","@id":"https:\/\/cpt.org\/es\/2020\/09\/04\/colombia-donde-estan-los-asesinos#breadcrumb","itemListElement":[{"@type":"ListItem","position":1,"name":"Home","item":"https:\/\/cpt.org\/es"},{"@type":"ListItem","position":2,"name":"COLOMBIA: \u00bfD\u00f3nde est\u00e1n los asesinos?"}]},{"@type":"WebSite","@id":"https:\/\/cpt.org\/es#website","url":"https:\/\/cpt.org\/es","name":"Equipos y Comunidades de Acci\u00f3n por la Paz","description":"Building partnerships to transform violence and oppression","publisher":{"@id":"https:\/\/cpt.org\/es#organization"},"potentialAction":[{"@type":"SearchAction","target":{"@type":"EntryPoint","urlTemplate":"https:\/\/cpt.org\/es?s={search_term_string}"},"query-input":{"@type":"PropertyValueSpecification","valueRequired":true,"valueName":"search_term_string"}}],"inLanguage":"es"},{"@type":"Organization","@id":"https:\/\/cpt.org\/es#organization","name":"Equipos y Comunidades de Acci\u00f3n por la Paz","url":"https:\/\/cpt.org\/es","logo":{"@type":"ImageObject","inLanguage":"es","@id":"https:\/\/cpt.org\/es#\/schema\/logo\/image\/","url":"https:\/\/cpt.org\/wp-content\/uploads\/logoCPT-red-2.png","contentUrl":"https:\/\/cpt.org\/wp-content\/uploads\/logoCPT-red-2.png","width":1730,"height":840,"caption":"Equipos y Comunidades de Acci\u00f3n por la Paz"},"image":{"@id":"https:\/\/cpt.org\/es#\/schema\/logo\/image\/"},"sameAs":["https:\/\/www.facebook.com\/cpters","https:\/\/x.com\/cpt_intl","https:\/\/www.instagram.com\/cpteams\/","https:\/\/www.youtube.com\/user\/cptvideos"]},{"@type":"Person","@id":"https:\/\/cpt.org\/es#\/schema\/person\/1187ed3b9ce9cbbb08dbb3a90bb6e8f6","name":"demo","image":{"@type":"ImageObject","inLanguage":"es","@id":"https:\/\/secure.gravatar.com\/avatar\/bf8c7166601a64c6c57b67ffbeab8f8c6a378cca786da9a326c1a34a2ec6f860?s=96&r=g","url":"https:\/\/secure.gravatar.com\/avatar\/bf8c7166601a64c6c57b67ffbeab8f8c6a378cca786da9a326c1a34a2ec6f860?s=96&r=g","contentUrl":"https:\/\/secure.gravatar.com\/avatar\/bf8c7166601a64c6c57b67ffbeab8f8c6a378cca786da9a326c1a34a2ec6f860?s=96&r=g","caption":"demo"},"url":"https:\/\/cpt.org\/es\/author\/demo"}]}},"_links":{"self":[{"href":"https:\/\/cpt.org\/es\/wp-json\/wp\/v2\/posts\/9870","targetHints":{"allow":["GET"]}}],"collection":[{"href":"https:\/\/cpt.org\/es\/wp-json\/wp\/v2\/posts"}],"about":[{"href":"https:\/\/cpt.org\/es\/wp-json\/wp\/v2\/types\/post"}],"author":[{"embeddable":true,"href":"https:\/\/cpt.org\/es\/wp-json\/wp\/v2\/users\/3"}],"replies":[{"embeddable":true,"href":"https:\/\/cpt.org\/es\/wp-json\/wp\/v2\/comments?post=9870"}],"version-history":[{"count":1,"href":"https:\/\/cpt.org\/es\/wp-json\/wp\/v2\/posts\/9870\/revisions"}],"predecessor-version":[{"id":17288,"href":"https:\/\/cpt.org\/es\/wp-json\/wp\/v2\/posts\/9870\/revisions\/17288"}],"wp:attachment":[{"href":"https:\/\/cpt.org\/es\/wp-json\/wp\/v2\/media?parent=9870"}],"wp:term":[{"taxonomy":"category","embeddable":true,"href":"https:\/\/cpt.org\/es\/wp-json\/wp\/v2\/categories?post=9870"},{"taxonomy":"post_tag","embeddable":true,"href":"https:\/\/cpt.org\/es\/wp-json\/wp\/v2\/tags?post=9870"}],"curies":[{"name":"wp","href":"https:\/\/api.w.org\/{rel}","templated":true}]}}