{"id":9886,"date":"2020-10-01T12:00:00","date_gmt":"2020-10-01T16:00:00","guid":{"rendered":"https:\/\/cpt.org\/blog\/declaracion-publica-salvar-la-dignidad-salvar-pikpa-y-kara-tepe"},"modified":"2020-12-29T16:47:13","modified_gmt":"2020-12-29T21:47:13","slug":"declaracion-publica-salvar-la-dignidad-salvar-pikpa-y-kara-tepe","status":"publish","type":"post","link":"https:\/\/cpt.org\/es\/2020\/10\/01\/declaracion-publica-salvar-la-dignidad-salvar-pikpa-y-kara-tepe","title":{"rendered":"DECLARACION PUBLICA: SALVAR LA DIGNIDAD, SALVAR A PIKPA Y A KARA TEPE"},"content":{"rendered":"<div class=\"container tmpWrnglr\">\n<p>\n          <\/p>\n<\/p>\n<div class=\"row\">\n<div class=\"col-md-12\"><\/div>\n<\/div>\n<div class=\"row layout\">\n      <\/p>\n<div class=\"content_layout\">\n<div class=\"col-md-12\">\n<div class=\"region region-content\">\n<div id=\"block-drupal8-zymphonies-theme-content\" class=\"block block-system block-system-main-block\">\n<article class=\"node node--type-story node--promoted node--view-mode-full\">\n<div class=\"node__content\">\n<div>\n<p style=\"line-height:1.2\"><img fetchpriority=\"high\" decoding=\"async\" alt height=\"420\" src=\"https:\/\/cpt.org\/wp-content\/uploads\/pikpa1-2.png\" width=\"590\"><\/p>\n<p style=\"line-height:1.2\"><a href=\"https:\/\/www.cpt.org\/cptnet\/2020\/10\/01\/koini-anakoinosi-soste-tin-anthropia-soste-pikpa-kai-kara-tepe\">\u0394\u03b9\u03b1\u03b2\u03ac\u03c3\u03c4\u03b5 \u03c3\u03c4\u03b1 \u03b5\u03bb\u03bb\u03b7\u03bd\u03b9\u03ba\u03ac<\/a>\u00a0| <a href=\"https:\/\/cpt.org\/cptnet\/2020\/10\/01\/public-statement-save-dignity-save-pikpa-and-kara-tepe\">Read in English<\/a><\/p>\n<p><b>M\u00e1s de 160 organizaciones Griegas e internacionales, personas acad\u00e9micas y otres actores de toda Europa instan a las autoridades griegas a revocar la decisi\u00f3n de cerrar alternativas dignas en el alojamiento de las personas refugiadas en Lesbos.<\/b><\/p>\n<p>Atenas, 30 de Septiembre del 2020 &#8211; Nosotres, les abajo firmantes, pedimos al Ministro de Migraci\u00f3n y Asilo, Notis Mitarakis, y a las autoridades locales de Lesbos que deroguen su decisi\u00f3n de poner fin a las operaciones de las instalaciones de PIKPA y Kara Tepe para solicitantes de asilo vulnerables en la isla de Lesbos. Las autoridades <b>no solo deben revocar la decisi\u00f3n de cerrar estas instalaciones, sino que en este momento de gran necesidad, deben fortalecer y proteger a\u00fan m\u00e1s todas las soluciones alternativas dignas para la vivienda y la protecci\u00f3n de les solicitantes de asilo.<\/b><\/p>\n<p>En los \u00faltimos cinco a\u00f1os, PIKPA y Kara Tepe han albergado a personas vulnerables que escapan de las deplorables condiciones de vida en el Centro de Recepci\u00f3n e Identificaci\u00f3n (RIC) de Moria, un lugar peligroso donde la salud y la seguridad de les residentes estaban continuamente en peligro. La decisi\u00f3n de cerrar estas instalaciones se produce solo unos d\u00edas despu\u00e9s de que una serie devastadora de incendios quem\u00f3 el Campamento Moria hasta los cimientos, dejando a m\u00e1s de 12,000 mujeres, hombres y ni\u00f1es sin acceso a refugio, alimentos y agua.<\/p>\n<p>Aunque se ha establecido un nuevo campamento de \u00abemergencia\u00bb en la isla, que actualmente alberga a antiguos residentes del campamento de Moria, muches de les que firmaron y que est\u00e1n presentes en el terreno informan de importantes lagunas en la protecci\u00f3n, en el acceso a la electricidad, en el suministro de agua y al saneamiento, la seguridad y la protecci\u00f3n. Mientras las condiciones en los RIC sean indignas para les seres humanes, se necesitar\u00e1n respuestas alternativas para proteger a les m\u00e1s vulnerables. PIKPA y Kara Tepe deber\u00edan ahora, por todos los medios, continuar ofreciendo soluciones de alojamiento y protecci\u00f3n que sean apropiadas, especialmente para les m\u00e1s vulnerables, incluyendo a les ni\u00f1es no acompa\u00f1ades y a ni\u00f1es separades, a las madres solteras, a las v\u00edctimas de tortura y malos tratos, a hombres y a mujeres sobrevivientes de casos de g\u00e9nero y de violencia sexual y, a personas con discapacidad.<\/p>\n<p>PIKPA, un espacio de solidaridad abierto y auto-organizado, ha brindado servicios y asistencia esenciales a las personas refugiadas en Lesbos desde el 2012. En el 2016, el Alto Comisionado de las Naciones Unidas para los Refugiados (ACNUR) otorg\u00f3 el Premio Nansen a los Refugiados a una de las personas co-fundadoras de PIKPA, en reconocimiento a su trabajo salvando vidas y proporcionando un refugio seguro para les m\u00e1s vulnerables durante la &#8216;crisis&#8217; de personas refugiadas en el 2015. Hoy, PIKPA acoge a ni\u00f1es no acompa\u00f1ades, a madres solteras y a personas que han sufrido tortura o malos tratos, as\u00ed como a muchas personas con vulnerabilidad alta. Les sobrevivientes de tortura y malos tratos sufren de dolor f\u00edsico cr\u00f3nico durante a\u00f1os despu\u00e9s de su abuso y s\u00edntomas psicol\u00f3gicos como ansiedad, depresi\u00f3n, retraimiento y auto-aislamiento, estr\u00e9s postraum\u00e1tico conocido como PTSD, etc. PIKPA ofrece un espacio digno y seguro para les sobrevivientes que, de otro modo, sufrir\u00edan un trauma continuo en un entorno inseguro.\u00a0<\/p>\n<p>Kara Tepe ha sido dirigida por el municipio con una capacidad de m\u00e1s de 1,000 personas. Ha ofrecido condiciones de vida humanas a les solicitantes de asilo vulnerables y a las familias que fueron trasladadas all\u00ed desde Moria, incluyendo padres o madres solteres, las personas con discapacidad y muchas familias con problemas de salud. Ha sido elogiado por su infraestructura y su atm\u00f3sfera de comunidad.<\/p>\n<p>A pesar de no tener claridad a d\u00f3nde ser\u00e1n transferides les residentes actuales de PIKPA y Kara Tepe, les firmantes mostrados abajo tienen la convicci\u00f3n de que ir al nuevo campamento de \u00abemergencia\u00bb pondr\u00eda en peligro su salud f\u00edsica y mental y, debe evitarse a toda costa. Adem\u00e1s, PIKPA y Kara Tepe podr\u00edan acoger y proveer de mejor manera a las personas que est\u00e1n m\u00e1s \u00aben riesgo\u00bb que actualmente residen en el nuevo RIC de Lesbos. Esto ser\u00eda especialmente importante para las personas con discapacidad, por ejemplo, ya que en este momento, no hay letrinas accesibles en el nuevo RIC.<\/p>\n<p><b>Instamos a las autoridades nacionales y locales de Grecia a:<\/b><\/p>\n<p><b>Detener inmediatamente el cierre de PIKPA y Kara Tepe y, apoyar y realzar a\u00fan m\u00e1s sus contribuciones destacadas. <\/b>Al mismo tiempo, las autoridades deben buscar soluciones acordes con las normas de derechos humanos para el funcionamiento del nuevo campamento temporal en Lesbos, persiguiendo el objetivo final de su descongesti\u00f3n continua y proporcionando est\u00e1ndares adecuados en t\u00e9rminos de seguridad, agua, saneamiento y asistencia m\u00e9dica a todes les residentes, hasta que todes sean trasladades a unas condiciones de alojamiento m\u00e1s seguras y dignas\u201d.<\/p>\n<p><b>Firmantes:<\/b><\/p>\n<p>A Buon Diritto Onlus<\/p>\n<p>ActionAid Hellas<\/p>\n<p>Agir pour la paix<\/p>\n<p>Aid Brigade<\/p>\n<p>AITIMA<\/p>\n<p>Amnist\u00eda Internacional<\/p>\n<p>Anders Wachsen<\/p>\n<p>ANTIGONE &#8211; Centro de Informaci\u00f3n y Documentaci\u00f3n sobre Racismo, Ecolog\u00eda, Paz y No-Violencia<\/p>\n<p>Are You Syrious (AYS)<\/p>\n<p>ARSIS\u00a0&#8211; Asociaci\u00f3n para el Apoyo Social de la Juventud<\/p>\n<p>Asociacion Pro Derechos Humanos de Andalucia\u00a0 (APDHA)<\/p>\n<p>Asociaci\u00f3n SINGA Espa\u00f1a<\/p>\n<p>Association europ\u00e9enne de d\u00e9fense des droits de l&#8217;Homme (AEDH)<\/p>\n<p>Babel Day Centre<\/p>\n<p>Basta Violenza alle Frontiere<\/p>\n<p>Be a Robin<\/p>\n<p>Better Days<\/p>\n<p>borderline-europe e.V.<\/p>\n<p>Calais Action Brighton<\/p>\n<p>Casetta Rossa<\/p>\n<p>Catch a Smile asbl<\/p>\n<p>Centre Avec asbl<\/p>\n<p>Centre de formation Bienenberg<\/p>\n<p>Changemakers Lab<\/p>\n<p>Choosehumanity<\/p>\n<p>Chorleywood4Refugees<\/p>\n<p>Equipos Cristianos de Acci\u00f3n por la Paz<\/p>\n<p>Equipos Cristianos de Acci\u00f3n por la Paz Pa\u00edses Bajos<\/p>\n<p>Church and Peace<\/p>\n<p>Coexistence and Communication in the Aegean<\/p>\n<p>Collectif de soutien de l&#8217;EHESS aux sans-papiers et aux migrant-es\u00a0<\/p>\n<p>Collectif pour une terre plus humaine<\/p>\n<p>Collective Aid<\/p>\n<p>Comit\u00e9 de Solidarit\u00e9 avec le Peuple Gr\u00e8ce de Lyon<\/p>\n<p>Coordindora de Barrios<\/p>\n<p>CPT &#8211; Aegean Migrant Solidarity<\/p>\n<p>CRIBS International<\/p>\n<p>CRID &#8211; Centre de recherche et d&#8217;information pour le d\u00e9veloppement<\/p>\n<p>Diotima<\/p>\n<p>Danish Refugee Council (DRC)<\/p>\n<p>Defence for Children International<\/p>\n<p>Defence for Children International &#8211; Italia<\/p>\n<p>Defence for Children International \u2013 Pa\u00edses Bajos<\/p>\n<p>Defence for Children International \u2013 Grecia<\/p>\n<p>Defensa de Ni\u00f1as y Ni\u00f1os &#8211; Internacional, DNI Espa\u00f1a<\/p>\n<p>D\u00e9fense des enfants International Belgique<\/p>\n<p>D\u00e9put\u00e9 Wallon (Belgique)<\/p>\n<p>Destination Unknown campaign<\/p>\n<p>Distribute Aid<\/p>\n<p>Doctors Worldwide<\/p>\n<p>Donate4Refugees<\/p>\n<p>ECHO for Refugees<\/p>\n<p>ECHO100PLUS<\/p>\n<p>Ecological\u00a0Movement\u00a0of\u00a0Thessaloniki<\/p>\n<p>European Institute for Progressive Cultural Policies<\/p>\n<p>ELIX &#8211; Conservation Volunteers Greece<\/p>\n<p>ENAR \u2013 European Network Against Racism<\/p>\n<p>ENOUGH IS ENOUGH &#8211; rehabilitate Human Dignity<\/p>\n<p>European Women&#8217;s Lobby<\/p>\n<p>Everyday, just a smile<\/p>\n<p>Fenix &#8211; Humanitarian Legal Aid\u00a0<\/p>\n<p>Firetree Philanthropy<\/p>\n<p>Firetree Trust<\/p>\n<p>Fondation Danielle Mitterrand<\/p>\n<p>foodKIND<\/p>\n<p>FORGE for humanity<\/p>\n<p>Fresh Response<\/p>\n<p>Friends Of Refugees<\/p>\n<p>German Mennonite Peace Committee<\/p>\n<p>Glocal Roots<\/p>\n<p>Greek Council for Refugees<\/p>\n<p>Greek Helsinki Monitor<\/p>\n<p>Griechenland Solidarit\u00e4tskomitee K\u00f6ln\u00a0<\/p>\n<p>Heimatstern e.V.<\/p>\n<p>Hello My Friend<\/p>\n<p>Help Refugees \/ Choose Love<\/p>\n<p>Herts for Refugees<\/p>\n<p>HIAS Greece<\/p>\n<p>HIGGS<\/p>\n<p>Hoffnung leben e.V., Bonn, Deutschland<\/p>\n<p>Hope and Aid Direct<\/p>\n<p>HuBB &#8211; Humans Before Borders<\/p>\n<p>Human Rights Watch<\/p>\n<p>Humanitas, Centre for Global Education and Cooperation<\/p>\n<p>Humanity Now<\/p>\n<p>HumanRights360<\/p>\n<p>Initiative for an alternative mental health<\/p>\n<p>Initiative for the Detainees\u2019 Rights<\/p>\n<p>InterEuropean Human Aid Association<\/p>\n<p>International Centre for Refugees ICERAS<\/p>\n<p>International Federation of Social Workers, European Region (IFSW Europe)<\/p>\n<p>International Rescue Committee<\/p>\n<p>INTERSOS<\/p>\n<p>InterVolve<\/p>\n<p>Iride<\/p>\n<p>Jelscha Dietrich<\/p>\n<p>Jesuit Refugee Service Greece<\/p>\n<p>Khora Community Centre\u00a0<\/p>\n<p>La Luna Di Vasilika ONLUS<\/p>\n<p>Latitude Adjustment Podcast<\/p>\n<p>Le Paria<\/p>\n<p>Legal Centre Lesvos<\/p>\n<p>Lesvos Solidarity<\/p>\n<p>Love Welcomes<\/p>\n<p>Make Mothers Matter<\/p>\n<p>MAMbrella<\/p>\n<p>Medecins du Monde\/ Greece<\/p>\n<p>Medecins Sans Frontieres -Doctors Without Borders -MSF<\/p>\n<p>Medico International<\/p>\n<p>Melissa: Network of Migrant Women in Greece<\/p>\n<p>Mennonite Mission Network<\/p>\n<p>Mennonitisches Friedenszentrum Berlin\/Mennonite Peace Center Berlin<\/p>\n<p>Migrant Voice<\/p>\n<p>Migrations Libres<\/p>\n<p>MiGreat<\/p>\n<p>M\u03b1\u03b6\u03af\/Together\/\u0645\u0639\u0627\u064b<\/p>\n<p>Network for Children\u2019s Rights<\/p>\n<p>One Family-No Borders<\/p>\n<p>One Happy Family<\/p>\n<p>ONGD CEPAC-IB<\/p>\n<p>Open Cultural Center<\/p>\n<p>Organization Earth<\/p>\n<p>Owl&#8217;s Watch<\/p>\n<p>Pampiraiki Support Initiative for Refugees &#038; Migrants<\/p>\n<p>Parroquia San Carlos Borromeo<\/p>\n<p>Peaceful Borders<\/p>\n<p>People in motion<\/p>\n<p>Pluspunt Netherlands<\/p>\n<p>Pro Asyl<\/p>\n<p>Project Armonia<\/p>\n<p>Protestant Association for Conscientious Objectors and Peace (EAK), Germany<\/p>\n<p>Rechtsanw\u00e4ltin<\/p>\n<p>Refugee Aid Network Uk<\/p>\n<p>Refugee Compassion<\/p>\n<p>Refugee Education And Learning International<\/p>\n<p>Refugee Law Clinic Berlin e.V.<\/p>\n<p>Refugee Rescue<\/p>\n<p>Refugee Support Aegean ( R.S.A.)<\/p>\n<p>Refugee Support Europe<\/p>\n<p>Refugee Trauma Initiative<\/p>\n<p>Refugee Youth Service<\/p>\n<p>Refugees International<\/p>\n<p>REFUGYM<\/p>\n<p>RefuNet<\/p>\n<p>Reseau Foi &#038; Justice Afrique Europe Antenne France<\/p>\n<p>Respekt f\u00fcr Griechenland e.V.<\/p>\n<p>Rethinking Refugees &#8211; Knowledge and Action<\/p>\n<p>Safe Passage UK<\/p>\n<p>SAO Association for displaced women<\/p>\n<p>Seebruecke Wuppertal<\/p>\n<p>ShowerPower Foundation<\/p>\n<p>Side by Side Refugees<\/p>\n<p>SolidarityNow<\/p>\n<p>Still I Rise<\/p>\n<p>Stop Precarite<\/p>\n<p>Support Art Workers (Greece)<\/p>\n<p>Symbiosis-School of Political Studies in Greece<\/p>\n<p>Terre des hommes Hellas<\/p>\n<p>Thalassa of Solidarity<\/p>\n<p>Vasilika Moon<\/p>\n<p>Velos Youth<\/p>\n<p>Verein FAIR<\/p>\n<p>Voice Of Ezidis<\/p>\n<p>Wiltshire For Refugees<\/p>\n<p>Yoga and Sport For Refugees<\/p>\n<p>Youth for Refugees<\/p>\n<p>Youth organization \u00abProtests\u00bb<\/p>\n<p>\u00a0<\/p>\n<p><b>Tambi\u00e9n respaldado por:<\/b><\/p>\n<ul>\n<li>Prof. dr. Ilse Derluyn, , Centre for the Social Study of Migration and Refugees (CESSMIR), Departamento de Trabajo Social y Pedagog\u00eda Social\u00a0<br \/>\n\t\u00a0<\/li>\n<li>Vassilis Pavlopoulos, Profesor Asociado de Psicolog\u00eda Intercultural &#8211; Universidad Nacional y Kapodistrian de Atenas\u00a0<br \/>\n\t\u00a0<\/li>\n<li>Dr. Antonello D&#8217;Elia, Presidente de la Societ\u00e0 Italiana di Psichiatria Democratica Onlus\u00a0<br \/>\n\t\u00a0<\/li>\n<li>Hellen Gerolymatos McDonald, Trabajadora Social Cl\u00ednica Licenciada, MSW, Profesora Cl\u00ednica Asociada, Universidad de Illinois, Urbana-Champaign, Escuela de Trabajo Social, EE.UU. (Las opiniones son de Hellen McDonald&#8217;s y no de la Universidad de Illinois)<br \/>\n\t\u00a0<\/li>\n<li>Luciano Rondine, Settore immigrazione e inclusione sociale, Centro di prevenzione psicosociale Nodo Sankara<br \/>\n\t\u00a0<\/li>\n<li>Joanna Kato, presidenta del Comit\u00e9 de Derechos Humanos y Responsabilidad Social de la Asociaci\u00f3n de Terapia Gestalt a nivel europeo (EAGT)<br \/>\n\t\u00a0<\/li>\n<li>Athina Fragkouli, Presidenta de la Junta de la Board of the Society of Social Psychiatry P. Sakellaropoulos<\/li>\n<\/ul>\n<\/div>\n<div>\n<div>Categories<\/div>\n<div>\n<div><a href=\"\/taxonomy\/term\/1445\">Lesvos<\/a><\/div>\n<div><a href=\"\/taxonomy\/term\/1402\">Europe<\/a><\/div>\n<div><a href=\"\/taxonomy\/term\/1486\">Aegean Migrant Solidarity<\/a><\/div>\n<\/div>\n<\/div>\n<\/div>\n<\/article>\n<\/div>\n<\/div>\n<\/div>\n<\/div>\n<p>\n            <\/p>\n<\/div>\n<p><\/p>\n<\/div>\n","protected":false},"excerpt":{"rendered":"<p>\u0394\u03b9\u03b1\u03b2\u03ac\u03c3\u03c4\u03b5 \u03c3\u03c4\u03b1 \u03b5\u03bb\u03bb\u03b7\u03bd\u03b9\u03ba\u03ac\u00a0| Read in English M\u00e1s de 160 organizaciones Griegas e internacionales, personas acad\u00e9micas y otres actores de toda Europa instan a las autoridades griegas a revocar la decisi\u00f3n de cerrar alternativas dignas en el alojamiento de las personas refugiadas en Lesbos. Atenas, 30 de Septiembre del 2020 &#8211; Nosotres, les abajo firmantes, pedimos [&hellip;]<\/p>\n","protected":false},"author":3,"featured_media":0,"comment_status":"closed","ping_status":"closed","sticky":false,"template":"","format":"standard","meta":{"footnotes":""},"categories":[159,32,155],"tags":[],"class_list":["post-9886","post","type-post","status-publish","format-standard","hentry","category-aegean-migrant-solidarity","category-europe","category-lesvos"],"yoast_head":"<!-- This site is optimized with the Yoast SEO Premium plugin v27.5 (Yoast SEO v27.5) - https:\/\/yoast.com\/product\/yoast-seo-premium-wordpress\/ -->\n<title>DECLARACION PUBLICA: SALVAR LA DIGNIDAD, SALVAR A PIKPA Y A KARA TEPE | Christian Peacemaker Teams<\/title>\n<meta name=\"description\" content=\"\u039core than 160 Greek and international organizations,\u00a0 academics and other actors from all over Europe urge the Greek authorities to revoke decision to close dignified alternatives in accommodating refugees \u03bfn Lesvos\" \/>\n<meta name=\"robots\" content=\"index, follow, max-snippet:-1, max-image-preview:large, max-video-preview:-1\" \/>\n<link rel=\"canonical\" href=\"https:\/\/cpt.org\/es\/2020\/10\/01\/declaracion-publica-salvar-la-dignidad-salvar-pikpa-y-kara-tepe\" \/>\n<meta property=\"og:locale\" content=\"es_ES\" \/>\n<meta property=\"og:type\" content=\"article\" \/>\n<meta property=\"og:title\" content=\"DECLARACION PUBLICA: SALVAR LA DIGNIDAD, SALVAR A PIKPA Y A KARA TEPE\" \/>\n<meta property=\"og:description\" content=\"Community Peacemaker Teams builds partnerships to transform violence and oppression. Over 35 years of action for peace and justice.\" \/>\n<meta property=\"og:url\" content=\"https:\/\/cpt.org\/es\/2020\/10\/01\/declaracion-publica-salvar-la-dignidad-salvar-pikpa-y-kara-tepe\" \/>\n<meta property=\"og:site_name\" content=\"Equipos y Comunidades de Acci\u00f3n por la Paz\" \/>\n<meta property=\"article:publisher\" content=\"https:\/\/www.facebook.com\/cpters\" \/>\n<meta property=\"article:published_time\" content=\"2020-10-01T16:00:00+00:00\" \/>\n<meta property=\"article:modified_time\" content=\"2020-12-29T21:47:13+00:00\" \/>\n<meta property=\"og:image\" content=\"https:\/\/cpt.org\/wp-content\/uploads\/pikpa1-2.png\" \/>\n<meta name=\"author\" content=\"demo\" \/>\n<meta name=\"twitter:card\" content=\"summary_large_image\" \/>\n<meta name=\"twitter:title\" content=\"DECLARACION PUBLICA: SALVAR LA DIGNIDAD, SALVAR A PIKPA Y A KARA TEPE | Christian Peacemaker Teams\" \/>\n<meta name=\"twitter:description\" content=\"\u039core than 160 Greek and international organizations,\u00a0 academics and other actors from all over Europe urge the Greek authorities to revoke decision to close dignified alternatives in accommodating refugees \u03bfn Lesvos\" \/>\n<meta name=\"twitter:creator\" content=\"@cpt_intl\" \/>\n<meta name=\"twitter:site\" content=\"@cpt_intl\" \/>\n<meta name=\"twitter:label1\" content=\"Escrito por\" \/>\n\t<meta name=\"twitter:data1\" content=\"demo\" \/>\n\t<meta name=\"twitter:label2\" content=\"Tiempo de lectura\" \/>\n\t<meta name=\"twitter:data2\" content=\"8 minutos\" \/>\n<script type=\"application\/ld+json\" class=\"yoast-schema-graph\">{\"@context\":\"https:\\\/\\\/schema.org\",\"@graph\":[{\"@type\":\"Article\",\"@id\":\"https:\\\/\\\/cpt.org\\\/es\\\/2020\\\/10\\\/01\\\/declaracion-publica-salvar-la-dignidad-salvar-pikpa-y-kara-tepe#article\",\"isPartOf\":{\"@id\":\"https:\\\/\\\/cpt.org\\\/es\\\/2020\\\/10\\\/01\\\/declaracion-publica-salvar-la-dignidad-salvar-pikpa-y-kara-tepe\"},\"author\":{\"name\":\"demo\",\"@id\":\"https:\\\/\\\/cpt.org\\\/es#\\\/schema\\\/person\\\/1187ed3b9ce9cbbb08dbb3a90bb6e8f6\"},\"headline\":\"DECLARACION PUBLICA: SALVAR LA DIGNIDAD, SALVAR A PIKPA Y A KARA TEPE\",\"datePublished\":\"2020-10-01T16:00:00+00:00\",\"dateModified\":\"2020-12-29T21:47:13+00:00\",\"mainEntityOfPage\":{\"@id\":\"https:\\\/\\\/cpt.org\\\/es\\\/2020\\\/10\\\/01\\\/declaracion-publica-salvar-la-dignidad-salvar-pikpa-y-kara-tepe\"},\"wordCount\":1650,\"publisher\":{\"@id\":\"https:\\\/\\\/cpt.org\\\/es#organization\"},\"image\":{\"@id\":\"https:\\\/\\\/cpt.org\\\/es\\\/2020\\\/10\\\/01\\\/declaracion-publica-salvar-la-dignidad-salvar-pikpa-y-kara-tepe#primaryimage\"},\"thumbnailUrl\":\"https:\\\/\\\/cpt.org\\\/wp-content\\\/uploads\\\/pikpa1-2.png\",\"articleSection\":[\"Aegean Migrant Solidarity\",\"Europe\",\"Lesvos\"],\"inLanguage\":\"es\"},{\"@type\":\"WebPage\",\"@id\":\"https:\\\/\\\/cpt.org\\\/es\\\/2020\\\/10\\\/01\\\/declaracion-publica-salvar-la-dignidad-salvar-pikpa-y-kara-tepe\",\"url\":\"https:\\\/\\\/cpt.org\\\/es\\\/2020\\\/10\\\/01\\\/declaracion-publica-salvar-la-dignidad-salvar-pikpa-y-kara-tepe\",\"name\":\"DECLARACION PUBLICA: SALVAR LA DIGNIDAD, SALVAR A PIKPA Y A KARA TEPE | Christian Peacemaker Teams\",\"isPartOf\":{\"@id\":\"https:\\\/\\\/cpt.org\\\/es#website\"},\"primaryImageOfPage\":{\"@id\":\"https:\\\/\\\/cpt.org\\\/es\\\/2020\\\/10\\\/01\\\/declaracion-publica-salvar-la-dignidad-salvar-pikpa-y-kara-tepe#primaryimage\"},\"image\":{\"@id\":\"https:\\\/\\\/cpt.org\\\/es\\\/2020\\\/10\\\/01\\\/declaracion-publica-salvar-la-dignidad-salvar-pikpa-y-kara-tepe#primaryimage\"},\"thumbnailUrl\":\"https:\\\/\\\/cpt.org\\\/wp-content\\\/uploads\\\/pikpa1-2.png\",\"datePublished\":\"2020-10-01T16:00:00+00:00\",\"dateModified\":\"2020-12-29T21:47:13+00:00\",\"description\":\"\u039core than 160 Greek and international organizations,\u00a0 academics and other actors from all over Europe urge the Greek authorities to revoke decision to close dignified alternatives in accommodating refugees \u03bfn Lesvos\",\"breadcrumb\":{\"@id\":\"https:\\\/\\\/cpt.org\\\/es\\\/2020\\\/10\\\/01\\\/declaracion-publica-salvar-la-dignidad-salvar-pikpa-y-kara-tepe#breadcrumb\"},\"inLanguage\":\"es\",\"potentialAction\":[{\"@type\":\"ReadAction\",\"target\":[\"https:\\\/\\\/cpt.org\\\/es\\\/2020\\\/10\\\/01\\\/declaracion-publica-salvar-la-dignidad-salvar-pikpa-y-kara-tepe\"]}]},{\"@type\":\"ImageObject\",\"inLanguage\":\"es\",\"@id\":\"https:\\\/\\\/cpt.org\\\/es\\\/2020\\\/10\\\/01\\\/declaracion-publica-salvar-la-dignidad-salvar-pikpa-y-kara-tepe#primaryimage\",\"url\":\"https:\\\/\\\/cpt.org\\\/wp-content\\\/uploads\\\/pikpa1-2.png\",\"contentUrl\":\"https:\\\/\\\/cpt.org\\\/wp-content\\\/uploads\\\/pikpa1-2.png\"},{\"@type\":\"BreadcrumbList\",\"@id\":\"https:\\\/\\\/cpt.org\\\/es\\\/2020\\\/10\\\/01\\\/declaracion-publica-salvar-la-dignidad-salvar-pikpa-y-kara-tepe#breadcrumb\",\"itemListElement\":[{\"@type\":\"ListItem\",\"position\":1,\"name\":\"Home\",\"item\":\"https:\\\/\\\/cpt.org\\\/es\"},{\"@type\":\"ListItem\",\"position\":2,\"name\":\"DECLARACION PUBLICA: SALVAR LA DIGNIDAD, SALVAR A PIKPA Y A KARA TEPE\"}]},{\"@type\":\"WebSite\",\"@id\":\"https:\\\/\\\/cpt.org\\\/es#website\",\"url\":\"https:\\\/\\\/cpt.org\\\/es\",\"name\":\"Equipos y Comunidades de Acci\u00f3n por la Paz\",\"description\":\"Building partnerships to transform violence and oppression\",\"publisher\":{\"@id\":\"https:\\\/\\\/cpt.org\\\/es#organization\"},\"potentialAction\":[{\"@type\":\"SearchAction\",\"target\":{\"@type\":\"EntryPoint\",\"urlTemplate\":\"https:\\\/\\\/cpt.org\\\/es?s={search_term_string}\"},\"query-input\":{\"@type\":\"PropertyValueSpecification\",\"valueRequired\":true,\"valueName\":\"search_term_string\"}}],\"inLanguage\":\"es\"},{\"@type\":\"Organization\",\"@id\":\"https:\\\/\\\/cpt.org\\\/es#organization\",\"name\":\"Equipos y Comunidades de Acci\u00f3n por la Paz\",\"url\":\"https:\\\/\\\/cpt.org\\\/es\",\"logo\":{\"@type\":\"ImageObject\",\"inLanguage\":\"es\",\"@id\":\"https:\\\/\\\/cpt.org\\\/es#\\\/schema\\\/logo\\\/image\\\/\",\"url\":\"https:\\\/\\\/cpt.org\\\/wp-content\\\/uploads\\\/logoCPT-red-2.png\",\"contentUrl\":\"https:\\\/\\\/cpt.org\\\/wp-content\\\/uploads\\\/logoCPT-red-2.png\",\"width\":1730,\"height\":840,\"caption\":\"Equipos y Comunidades de Acci\u00f3n por la Paz\"},\"image\":{\"@id\":\"https:\\\/\\\/cpt.org\\\/es#\\\/schema\\\/logo\\\/image\\\/\"},\"sameAs\":[\"https:\\\/\\\/www.facebook.com\\\/cpters\",\"https:\\\/\\\/x.com\\\/cpt_intl\",\"https:\\\/\\\/www.instagram.com\\\/cpteams\\\/\",\"https:\\\/\\\/www.youtube.com\\\/user\\\/cptvideos\"]},{\"@type\":\"Person\",\"@id\":\"https:\\\/\\\/cpt.org\\\/es#\\\/schema\\\/person\\\/1187ed3b9ce9cbbb08dbb3a90bb6e8f6\",\"name\":\"demo\",\"image\":{\"@type\":\"ImageObject\",\"inLanguage\":\"es\",\"@id\":\"https:\\\/\\\/secure.gravatar.com\\\/avatar\\\/bf8c7166601a64c6c57b67ffbeab8f8c6a378cca786da9a326c1a34a2ec6f860?s=96&r=g\",\"url\":\"https:\\\/\\\/secure.gravatar.com\\\/avatar\\\/bf8c7166601a64c6c57b67ffbeab8f8c6a378cca786da9a326c1a34a2ec6f860?s=96&r=g\",\"contentUrl\":\"https:\\\/\\\/secure.gravatar.com\\\/avatar\\\/bf8c7166601a64c6c57b67ffbeab8f8c6a378cca786da9a326c1a34a2ec6f860?s=96&r=g\",\"caption\":\"demo\"},\"url\":\"https:\\\/\\\/cpt.org\\\/es\\\/author\\\/demo\"}]}<\/script>\n<!-- \/ Yoast SEO Premium plugin. -->","yoast_head_json":{"title":"DECLARACION PUBLICA: SALVAR LA DIGNIDAD, SALVAR A PIKPA Y A KARA TEPE | Christian Peacemaker Teams","description":"\u039core than 160 Greek and international organizations,\u00a0 academics and other actors from all over Europe urge the Greek authorities to revoke decision to close dignified alternatives in accommodating refugees \u03bfn Lesvos","robots":{"index":"index","follow":"follow","max-snippet":"max-snippet:-1","max-image-preview":"max-image-preview:large","max-video-preview":"max-video-preview:-1"},"canonical":"https:\/\/cpt.org\/es\/2020\/10\/01\/declaracion-publica-salvar-la-dignidad-salvar-pikpa-y-kara-tepe","og_locale":"es_ES","og_type":"article","og_title":"DECLARACION PUBLICA: SALVAR LA DIGNIDAD, SALVAR A PIKPA Y A KARA TEPE","og_description":"Community Peacemaker Teams builds partnerships to transform violence and oppression. Over 35 years of action for peace and justice.","og_url":"https:\/\/cpt.org\/es\/2020\/10\/01\/declaracion-publica-salvar-la-dignidad-salvar-pikpa-y-kara-tepe","og_site_name":"Equipos y Comunidades de Acci\u00f3n por la Paz","article_publisher":"https:\/\/www.facebook.com\/cpters","article_published_time":"2020-10-01T16:00:00+00:00","article_modified_time":"2020-12-29T21:47:13+00:00","og_image":[{"url":"https:\/\/cpt.org\/wp-content\/uploads\/pikpa1-2.png","type":"","width":"","height":""}],"author":"demo","twitter_card":"summary_large_image","twitter_title":"DECLARACION PUBLICA: SALVAR LA DIGNIDAD, SALVAR A PIKPA Y A KARA TEPE | Christian Peacemaker Teams","twitter_description":"\u039core than 160 Greek and international organizations,\u00a0 academics and other actors from all over Europe urge the Greek authorities to revoke decision to close dignified alternatives in accommodating refugees \u03bfn Lesvos","twitter_creator":"@cpt_intl","twitter_site":"@cpt_intl","twitter_misc":{"Escrito por":"demo","Tiempo de lectura":"8 minutos"},"schema":{"@context":"https:\/\/schema.org","@graph":[{"@type":"Article","@id":"https:\/\/cpt.org\/es\/2020\/10\/01\/declaracion-publica-salvar-la-dignidad-salvar-pikpa-y-kara-tepe#article","isPartOf":{"@id":"https:\/\/cpt.org\/es\/2020\/10\/01\/declaracion-publica-salvar-la-dignidad-salvar-pikpa-y-kara-tepe"},"author":{"name":"demo","@id":"https:\/\/cpt.org\/es#\/schema\/person\/1187ed3b9ce9cbbb08dbb3a90bb6e8f6"},"headline":"DECLARACION PUBLICA: SALVAR LA DIGNIDAD, SALVAR A PIKPA Y A KARA TEPE","datePublished":"2020-10-01T16:00:00+00:00","dateModified":"2020-12-29T21:47:13+00:00","mainEntityOfPage":{"@id":"https:\/\/cpt.org\/es\/2020\/10\/01\/declaracion-publica-salvar-la-dignidad-salvar-pikpa-y-kara-tepe"},"wordCount":1650,"publisher":{"@id":"https:\/\/cpt.org\/es#organization"},"image":{"@id":"https:\/\/cpt.org\/es\/2020\/10\/01\/declaracion-publica-salvar-la-dignidad-salvar-pikpa-y-kara-tepe#primaryimage"},"thumbnailUrl":"https:\/\/cpt.org\/wp-content\/uploads\/pikpa1-2.png","articleSection":["Aegean Migrant Solidarity","Europe","Lesvos"],"inLanguage":"es"},{"@type":"WebPage","@id":"https:\/\/cpt.org\/es\/2020\/10\/01\/declaracion-publica-salvar-la-dignidad-salvar-pikpa-y-kara-tepe","url":"https:\/\/cpt.org\/es\/2020\/10\/01\/declaracion-publica-salvar-la-dignidad-salvar-pikpa-y-kara-tepe","name":"DECLARACION PUBLICA: SALVAR LA DIGNIDAD, SALVAR A PIKPA Y A KARA TEPE | Christian Peacemaker Teams","isPartOf":{"@id":"https:\/\/cpt.org\/es#website"},"primaryImageOfPage":{"@id":"https:\/\/cpt.org\/es\/2020\/10\/01\/declaracion-publica-salvar-la-dignidad-salvar-pikpa-y-kara-tepe#primaryimage"},"image":{"@id":"https:\/\/cpt.org\/es\/2020\/10\/01\/declaracion-publica-salvar-la-dignidad-salvar-pikpa-y-kara-tepe#primaryimage"},"thumbnailUrl":"https:\/\/cpt.org\/wp-content\/uploads\/pikpa1-2.png","datePublished":"2020-10-01T16:00:00+00:00","dateModified":"2020-12-29T21:47:13+00:00","description":"\u039core than 160 Greek and international organizations,\u00a0 academics and other actors from all over Europe urge the Greek authorities to revoke decision to close dignified alternatives in accommodating refugees \u03bfn Lesvos","breadcrumb":{"@id":"https:\/\/cpt.org\/es\/2020\/10\/01\/declaracion-publica-salvar-la-dignidad-salvar-pikpa-y-kara-tepe#breadcrumb"},"inLanguage":"es","potentialAction":[{"@type":"ReadAction","target":["https:\/\/cpt.org\/es\/2020\/10\/01\/declaracion-publica-salvar-la-dignidad-salvar-pikpa-y-kara-tepe"]}]},{"@type":"ImageObject","inLanguage":"es","@id":"https:\/\/cpt.org\/es\/2020\/10\/01\/declaracion-publica-salvar-la-dignidad-salvar-pikpa-y-kara-tepe#primaryimage","url":"https:\/\/cpt.org\/wp-content\/uploads\/pikpa1-2.png","contentUrl":"https:\/\/cpt.org\/wp-content\/uploads\/pikpa1-2.png"},{"@type":"BreadcrumbList","@id":"https:\/\/cpt.org\/es\/2020\/10\/01\/declaracion-publica-salvar-la-dignidad-salvar-pikpa-y-kara-tepe#breadcrumb","itemListElement":[{"@type":"ListItem","position":1,"name":"Home","item":"https:\/\/cpt.org\/es"},{"@type":"ListItem","position":2,"name":"DECLARACION PUBLICA: SALVAR LA DIGNIDAD, SALVAR A PIKPA Y A KARA TEPE"}]},{"@type":"WebSite","@id":"https:\/\/cpt.org\/es#website","url":"https:\/\/cpt.org\/es","name":"Equipos y Comunidades de Acci\u00f3n por la Paz","description":"Building partnerships to transform violence and oppression","publisher":{"@id":"https:\/\/cpt.org\/es#organization"},"potentialAction":[{"@type":"SearchAction","target":{"@type":"EntryPoint","urlTemplate":"https:\/\/cpt.org\/es?s={search_term_string}"},"query-input":{"@type":"PropertyValueSpecification","valueRequired":true,"valueName":"search_term_string"}}],"inLanguage":"es"},{"@type":"Organization","@id":"https:\/\/cpt.org\/es#organization","name":"Equipos y Comunidades de Acci\u00f3n por la Paz","url":"https:\/\/cpt.org\/es","logo":{"@type":"ImageObject","inLanguage":"es","@id":"https:\/\/cpt.org\/es#\/schema\/logo\/image\/","url":"https:\/\/cpt.org\/wp-content\/uploads\/logoCPT-red-2.png","contentUrl":"https:\/\/cpt.org\/wp-content\/uploads\/logoCPT-red-2.png","width":1730,"height":840,"caption":"Equipos y Comunidades de Acci\u00f3n por la Paz"},"image":{"@id":"https:\/\/cpt.org\/es#\/schema\/logo\/image\/"},"sameAs":["https:\/\/www.facebook.com\/cpters","https:\/\/x.com\/cpt_intl","https:\/\/www.instagram.com\/cpteams\/","https:\/\/www.youtube.com\/user\/cptvideos"]},{"@type":"Person","@id":"https:\/\/cpt.org\/es#\/schema\/person\/1187ed3b9ce9cbbb08dbb3a90bb6e8f6","name":"demo","image":{"@type":"ImageObject","inLanguage":"es","@id":"https:\/\/secure.gravatar.com\/avatar\/bf8c7166601a64c6c57b67ffbeab8f8c6a378cca786da9a326c1a34a2ec6f860?s=96&r=g","url":"https:\/\/secure.gravatar.com\/avatar\/bf8c7166601a64c6c57b67ffbeab8f8c6a378cca786da9a326c1a34a2ec6f860?s=96&r=g","contentUrl":"https:\/\/secure.gravatar.com\/avatar\/bf8c7166601a64c6c57b67ffbeab8f8c6a378cca786da9a326c1a34a2ec6f860?s=96&r=g","caption":"demo"},"url":"https:\/\/cpt.org\/es\/author\/demo"}]}},"_links":{"self":[{"href":"https:\/\/cpt.org\/es\/wp-json\/wp\/v2\/posts\/9886","targetHints":{"allow":["GET"]}}],"collection":[{"href":"https:\/\/cpt.org\/es\/wp-json\/wp\/v2\/posts"}],"about":[{"href":"https:\/\/cpt.org\/es\/wp-json\/wp\/v2\/types\/post"}],"author":[{"embeddable":true,"href":"https:\/\/cpt.org\/es\/wp-json\/wp\/v2\/users\/3"}],"replies":[{"embeddable":true,"href":"https:\/\/cpt.org\/es\/wp-json\/wp\/v2\/comments?post=9886"}],"version-history":[{"count":1,"href":"https:\/\/cpt.org\/es\/wp-json\/wp\/v2\/posts\/9886\/revisions"}],"predecessor-version":[{"id":17304,"href":"https:\/\/cpt.org\/es\/wp-json\/wp\/v2\/posts\/9886\/revisions\/17304"}],"wp:attachment":[{"href":"https:\/\/cpt.org\/es\/wp-json\/wp\/v2\/media?parent=9886"}],"wp:term":[{"taxonomy":"category","embeddable":true,"href":"https:\/\/cpt.org\/es\/wp-json\/wp\/v2\/categories?post=9886"},{"taxonomy":"post_tag","embeddable":true,"href":"https:\/\/cpt.org\/es\/wp-json\/wp\/v2\/tags?post=9886"}],"curies":[{"name":"wp","href":"https:\/\/api.w.org\/{rel}","templated":true}]}}