{"id":9906,"date":"2010-05-29T12:00:00","date_gmt":"2010-05-29T16:00:00","guid":{"rendered":"https:\/\/cpt.org\/blog\/accion-urgente-colombia-oren-por-las-organizaciones-sociales-en-la-region-de-barr"},"modified":"2020-12-29T16:47:45","modified_gmt":"2020-12-29T21:47:45","slug":"accion-urgente-colombia-oren-por-las-organizaciones-sociales-en-la-region-de-barr","status":"publish","type":"post","link":"https:\/\/cpt.org\/es\/2010\/05\/29\/accion-urgente-colombia-oren-por-las-organizaciones-sociales-en-la-region-de-barr","title":{"rendered":"ACCION URGENTE COLOMBIA: Oren por las organizaciones sociales en la region de Barrancabermeja que son amenazadas de muerte por los paramilitares el 27 de Mayo."},"content":{"rendered":"<div class=\"container tmpWrnglr\">\n<p>\n          <\/p>\n<\/p>\n<div class=\"row\">\n<div class=\"col-md-12\"><\/div>\n<\/div>\n<div class=\"row layout\">\n      <\/p>\n<div class=\"content_layout\">\n<div class=\"col-md-12\">\n<div class=\"region region-content\">\n<div id=\"block-drupal8-zymphonies-theme-content\" class=\"block block-system block-system-main-block\">\n<article class=\"node node--type-story node--view-mode-full\">\n<div class=\"node__content\">\n<div>\n<address>CPTnet<\/address>\n<address>29 May 2010<\/address>\n<address><strong>ACCION URGENTE COLOMBIA: Oren por las organizaciones sociales en la region de Barrancabermeja que son amenazadas de muerte por los paramilitares el 27 de Mayo.<br \/><\/strong><\/address>\n<p>El jueves 27 de mayo un grupo paramilitar envi\u00f3 una amenaza por correo electr\u00f3nico a organizaciones socias de Barrancabermeja y el Magdalena Medio. Parte de la amenaza dice\u00a0 \u201c\u201cDebido a que en Barrancabermeja esta la guerrilla en todas esas organizaciones que se hacen llamar dedesplazados (sic), defensoras de derechos humanos, sindicatos,ongs\u2026\u201d La amenaza sigue diciendo que no tolerar\u00e1n ninguna oposici\u00f3n al desarrollo y seguridad del pa\u00eds. La amenaza viene mientras que Colombia se prepara para las elecciones presidenciales el domingo 30 de mayo y ha sido frecuentemente usada como estrategia de crear un ambiente de inseguridad y temor. Estos grupos paramilitares han apoyado abiertamente las pol\u00edticas del saliente presidente \u00c1lvaro Uribe durante los \u00faltimos ocho a\u00f1os y han amenazado organizaciones que se oponen a las pol\u00edticas militaristas del gobierno de Uribe.<\/p>\n<p>Hacemos un llamado de oraciones para la seguridad de las organizaciones socias amenazadas quienes est\u00e1n luchando por una Colombia justa y democr\u00e1tica. \u00a0<\/p>\n<\/div>\n<div>\n<div>Categories<\/div>\n<div>\n<div><a href=\"\/taxonomy\/term\/1399\">Colombia<\/a><\/div>\n<div><a href=\"\/taxonomy\/term\/1431\">Urgent Action<\/a><\/div>\n<\/div>\n<\/div>\n<\/div>\n<\/article>\n<\/div>\n<\/div>\n<\/div>\n<\/div>\n<p>\n            <\/p>\n<\/div>\n<p><\/p>\n<\/div>\n","protected":false},"excerpt":{"rendered":"<p>CPTnet 29 May 2010 ACCION URGENTE COLOMBIA: Oren por las organizaciones sociales en la region de Barrancabermeja que son amenazadas de muerte por los paramilitares el 27 de Mayo. El jueves 27 de mayo un grupo paramilitar envi\u00f3 una amenaza por correo electr\u00f3nico a organizaciones socias de Barrancabermeja y el Magdalena Medio. Parte de la [&hellip;]<\/p>\n","protected":false},"author":3,"featured_media":0,"comment_status":"closed","ping_status":"closed","sticky":false,"template":"","format":"standard","meta":{"footnotes":""},"categories":[12,13],"tags":[],"class_list":["post-9906","post","type-post","status-publish","format-standard","hentry","category-colombia","category-urgent-action"],"yoast_head":"<!-- This site is optimized with the Yoast SEO Premium plugin v27.4 (Yoast SEO v27.4) - https:\/\/yoast.com\/product\/yoast-seo-premium-wordpress\/ -->\n<title>ACCION URGENTE COLOMBIA: Oren por las organizaciones sociales en la region de Barrancabermeja que son amenazadas de muerte por los paramilitares el 27 de Mayo. | Christian Peacemaker Teams<\/title>\n<meta name=\"description\" content=\"CPTnet29 May 2010ACCION URGENTE COLOMBIA: Oren por las organizaciones sociales en la region de Barrancabermeja que son amenazadas de muerte por los paramilitares el 27 de Mayo.\" \/>\n<meta name=\"robots\" content=\"index, follow, max-snippet:-1, max-image-preview:large, max-video-preview:-1\" \/>\n<link rel=\"canonical\" href=\"https:\/\/cpt.org\/es\/2010\/05\/29\/accion-urgente-colombia-oren-por-las-organizaciones-sociales-en-la-region-de-barr\" \/>\n<meta property=\"og:locale\" content=\"es_ES\" \/>\n<meta property=\"og:type\" content=\"article\" \/>\n<meta property=\"og:title\" content=\"ACCION URGENTE COLOMBIA: Oren por las organizaciones sociales en la region de Barrancabermeja que son amenazadas de muerte por los paramilitares el 27 de Mayo.\" \/>\n<meta property=\"og:description\" content=\"Community Peacemaker Teams builds partnerships to transform violence and oppression. Over 35 years of action for peace and justice.\" \/>\n<meta property=\"og:url\" content=\"https:\/\/cpt.org\/es\/2010\/05\/29\/accion-urgente-colombia-oren-por-las-organizaciones-sociales-en-la-region-de-barr\" \/>\n<meta property=\"og:site_name\" content=\"Equipos y Comunidades de Acci\u00f3n por la Paz\" \/>\n<meta property=\"article:publisher\" content=\"https:\/\/www.facebook.com\/cpters\" \/>\n<meta property=\"article:published_time\" content=\"2010-05-29T16:00:00+00:00\" \/>\n<meta property=\"article:modified_time\" content=\"2020-12-29T21:47:45+00:00\" \/>\n<meta property=\"og:image\" content=\"https:\/\/cpt.org\/wp-content\/uploads\/Training20201920-20Colombia202-28.jpg\" \/>\n\t<meta property=\"og:image:width\" content=\"2000\" \/>\n\t<meta property=\"og:image:height\" content=\"1335\" \/>\n\t<meta property=\"og:image:type\" content=\"image\/jpeg\" \/>\n<meta name=\"author\" content=\"demo\" \/>\n<meta name=\"twitter:card\" content=\"summary_large_image\" \/>\n<meta name=\"twitter:title\" content=\"ACCION URGENTE COLOMBIA: Oren por las organizaciones sociales en la region de Barrancabermeja que son amenazadas de muerte por los paramilitares el 27 de Mayo. | Christian Peacemaker Teams\" \/>\n<meta name=\"twitter:description\" content=\"CPTnet29 May 2010ACCION URGENTE COLOMBIA: Oren por las organizaciones sociales en la region de Barrancabermeja que son amenazadas de muerte por los paramilitares el 27 de Mayo.\" \/>\n<meta name=\"twitter:creator\" content=\"@cpt_intl\" \/>\n<meta name=\"twitter:site\" content=\"@cpt_intl\" \/>\n<meta name=\"twitter:label1\" content=\"Escrito por\" \/>\n\t<meta name=\"twitter:data1\" content=\"demo\" \/>\n\t<meta name=\"twitter:label2\" content=\"Tiempo de lectura\" \/>\n\t<meta name=\"twitter:data2\" content=\"1 minuto\" \/>\n<script type=\"application\/ld+json\" class=\"yoast-schema-graph\">{\"@context\":\"https:\\\/\\\/schema.org\",\"@graph\":[{\"@type\":\"Article\",\"@id\":\"https:\\\/\\\/cpt.org\\\/es\\\/2010\\\/05\\\/29\\\/accion-urgente-colombia-oren-por-las-organizaciones-sociales-en-la-region-de-barr#article\",\"isPartOf\":{\"@id\":\"https:\\\/\\\/cpt.org\\\/es\\\/2010\\\/05\\\/29\\\/accion-urgente-colombia-oren-por-las-organizaciones-sociales-en-la-region-de-barr\"},\"author\":{\"name\":\"demo\",\"@id\":\"https:\\\/\\\/cpt.org\\\/es#\\\/schema\\\/person\\\/1187ed3b9ce9cbbb08dbb3a90bb6e8f6\"},\"headline\":\"ACCION URGENTE COLOMBIA: Oren por las organizaciones sociales en la region de Barrancabermeja que son amenazadas de muerte por los paramilitares el 27 de Mayo.\",\"datePublished\":\"2010-05-29T16:00:00+00:00\",\"dateModified\":\"2020-12-29T21:47:45+00:00\",\"mainEntityOfPage\":{\"@id\":\"https:\\\/\\\/cpt.org\\\/es\\\/2010\\\/05\\\/29\\\/accion-urgente-colombia-oren-por-las-organizaciones-sociales-en-la-region-de-barr\"},\"wordCount\":215,\"publisher\":{\"@id\":\"https:\\\/\\\/cpt.org\\\/es#organization\"},\"articleSection\":[\"Colombia\",\"Urgent Action\"],\"inLanguage\":\"es\"},{\"@type\":\"WebPage\",\"@id\":\"https:\\\/\\\/cpt.org\\\/es\\\/2010\\\/05\\\/29\\\/accion-urgente-colombia-oren-por-las-organizaciones-sociales-en-la-region-de-barr\",\"url\":\"https:\\\/\\\/cpt.org\\\/es\\\/2010\\\/05\\\/29\\\/accion-urgente-colombia-oren-por-las-organizaciones-sociales-en-la-region-de-barr\",\"name\":\"ACCION URGENTE COLOMBIA: Oren por las organizaciones sociales en la region de Barrancabermeja que son amenazadas de muerte por los paramilitares el 27 de Mayo. | Christian Peacemaker Teams\",\"isPartOf\":{\"@id\":\"https:\\\/\\\/cpt.org\\\/es#website\"},\"datePublished\":\"2010-05-29T16:00:00+00:00\",\"dateModified\":\"2020-12-29T21:47:45+00:00\",\"description\":\"CPTnet29 May 2010ACCION URGENTE COLOMBIA: Oren por las organizaciones sociales en la region de Barrancabermeja que son amenazadas de muerte por los paramilitares el 27 de Mayo.\",\"breadcrumb\":{\"@id\":\"https:\\\/\\\/cpt.org\\\/es\\\/2010\\\/05\\\/29\\\/accion-urgente-colombia-oren-por-las-organizaciones-sociales-en-la-region-de-barr#breadcrumb\"},\"inLanguage\":\"es\",\"potentialAction\":[{\"@type\":\"ReadAction\",\"target\":[\"https:\\\/\\\/cpt.org\\\/es\\\/2010\\\/05\\\/29\\\/accion-urgente-colombia-oren-por-las-organizaciones-sociales-en-la-region-de-barr\"]}]},{\"@type\":\"BreadcrumbList\",\"@id\":\"https:\\\/\\\/cpt.org\\\/es\\\/2010\\\/05\\\/29\\\/accion-urgente-colombia-oren-por-las-organizaciones-sociales-en-la-region-de-barr#breadcrumb\",\"itemListElement\":[{\"@type\":\"ListItem\",\"position\":1,\"name\":\"Home\",\"item\":\"https:\\\/\\\/cpt.org\\\/es\"},{\"@type\":\"ListItem\",\"position\":2,\"name\":\"ACCION URGENTE COLOMBIA: Oren por las organizaciones sociales en la region de Barrancabermeja que son amenazadas de muerte por los paramilitares el 27 de Mayo.\"}]},{\"@type\":\"WebSite\",\"@id\":\"https:\\\/\\\/cpt.org\\\/es#website\",\"url\":\"https:\\\/\\\/cpt.org\\\/es\",\"name\":\"Equipos y Comunidades de Acci\u00f3n por la Paz\",\"description\":\"Building partnerships to transform violence and oppression\",\"publisher\":{\"@id\":\"https:\\\/\\\/cpt.org\\\/es#organization\"},\"potentialAction\":[{\"@type\":\"SearchAction\",\"target\":{\"@type\":\"EntryPoint\",\"urlTemplate\":\"https:\\\/\\\/cpt.org\\\/es?s={search_term_string}\"},\"query-input\":{\"@type\":\"PropertyValueSpecification\",\"valueRequired\":true,\"valueName\":\"search_term_string\"}}],\"inLanguage\":\"es\"},{\"@type\":\"Organization\",\"@id\":\"https:\\\/\\\/cpt.org\\\/es#organization\",\"name\":\"Equipos y Comunidades de Acci\u00f3n por la Paz\",\"url\":\"https:\\\/\\\/cpt.org\\\/es\",\"logo\":{\"@type\":\"ImageObject\",\"inLanguage\":\"es\",\"@id\":\"https:\\\/\\\/cpt.org\\\/es#\\\/schema\\\/logo\\\/image\\\/\",\"url\":\"https:\\\/\\\/cpt.org\\\/wp-content\\\/uploads\\\/logoCPT-red-2.png\",\"contentUrl\":\"https:\\\/\\\/cpt.org\\\/wp-content\\\/uploads\\\/logoCPT-red-2.png\",\"width\":1730,\"height\":840,\"caption\":\"Equipos y Comunidades de Acci\u00f3n por la Paz\"},\"image\":{\"@id\":\"https:\\\/\\\/cpt.org\\\/es#\\\/schema\\\/logo\\\/image\\\/\"},\"sameAs\":[\"https:\\\/\\\/www.facebook.com\\\/cpters\",\"https:\\\/\\\/x.com\\\/cpt_intl\",\"https:\\\/\\\/www.instagram.com\\\/cpteams\\\/\",\"https:\\\/\\\/www.youtube.com\\\/user\\\/cptvideos\"]},{\"@type\":\"Person\",\"@id\":\"https:\\\/\\\/cpt.org\\\/es#\\\/schema\\\/person\\\/1187ed3b9ce9cbbb08dbb3a90bb6e8f6\",\"name\":\"demo\",\"image\":{\"@type\":\"ImageObject\",\"inLanguage\":\"es\",\"@id\":\"https:\\\/\\\/secure.gravatar.com\\\/avatar\\\/bf8c7166601a64c6c57b67ffbeab8f8c6a378cca786da9a326c1a34a2ec6f860?s=96&r=g\",\"url\":\"https:\\\/\\\/secure.gravatar.com\\\/avatar\\\/bf8c7166601a64c6c57b67ffbeab8f8c6a378cca786da9a326c1a34a2ec6f860?s=96&r=g\",\"contentUrl\":\"https:\\\/\\\/secure.gravatar.com\\\/avatar\\\/bf8c7166601a64c6c57b67ffbeab8f8c6a378cca786da9a326c1a34a2ec6f860?s=96&r=g\",\"caption\":\"demo\"},\"url\":\"https:\\\/\\\/cpt.org\\\/es\\\/author\\\/demo\"}]}<\/script>\n<!-- \/ Yoast SEO Premium plugin. -->","yoast_head_json":{"title":"ACCION URGENTE COLOMBIA: Oren por las organizaciones sociales en la region de Barrancabermeja que son amenazadas de muerte por los paramilitares el 27 de Mayo. | Christian Peacemaker Teams","description":"CPTnet29 May 2010ACCION URGENTE COLOMBIA: Oren por las organizaciones sociales en la region de Barrancabermeja que son amenazadas de muerte por los paramilitares el 27 de Mayo.","robots":{"index":"index","follow":"follow","max-snippet":"max-snippet:-1","max-image-preview":"max-image-preview:large","max-video-preview":"max-video-preview:-1"},"canonical":"https:\/\/cpt.org\/es\/2010\/05\/29\/accion-urgente-colombia-oren-por-las-organizaciones-sociales-en-la-region-de-barr","og_locale":"es_ES","og_type":"article","og_title":"ACCION URGENTE COLOMBIA: Oren por las organizaciones sociales en la region de Barrancabermeja que son amenazadas de muerte por los paramilitares el 27 de Mayo.","og_description":"Community Peacemaker Teams builds partnerships to transform violence and oppression. Over 35 years of action for peace and justice.","og_url":"https:\/\/cpt.org\/es\/2010\/05\/29\/accion-urgente-colombia-oren-por-las-organizaciones-sociales-en-la-region-de-barr","og_site_name":"Equipos y Comunidades de Acci\u00f3n por la Paz","article_publisher":"https:\/\/www.facebook.com\/cpters","article_published_time":"2010-05-29T16:00:00+00:00","article_modified_time":"2020-12-29T21:47:45+00:00","og_image":[{"width":2000,"height":1335,"url":"https:\/\/cpt.org\/wp-content\/uploads\/Training20201920-20Colombia202-28.jpg","type":"image\/jpeg"}],"author":"demo","twitter_card":"summary_large_image","twitter_title":"ACCION URGENTE COLOMBIA: Oren por las organizaciones sociales en la region de Barrancabermeja que son amenazadas de muerte por los paramilitares el 27 de Mayo. | Christian Peacemaker Teams","twitter_description":"CPTnet29 May 2010ACCION URGENTE COLOMBIA: Oren por las organizaciones sociales en la region de Barrancabermeja que son amenazadas de muerte por los paramilitares el 27 de Mayo.","twitter_creator":"@cpt_intl","twitter_site":"@cpt_intl","twitter_misc":{"Escrito por":"demo","Tiempo de lectura":"1 minuto"},"schema":{"@context":"https:\/\/schema.org","@graph":[{"@type":"Article","@id":"https:\/\/cpt.org\/es\/2010\/05\/29\/accion-urgente-colombia-oren-por-las-organizaciones-sociales-en-la-region-de-barr#article","isPartOf":{"@id":"https:\/\/cpt.org\/es\/2010\/05\/29\/accion-urgente-colombia-oren-por-las-organizaciones-sociales-en-la-region-de-barr"},"author":{"name":"demo","@id":"https:\/\/cpt.org\/es#\/schema\/person\/1187ed3b9ce9cbbb08dbb3a90bb6e8f6"},"headline":"ACCION URGENTE COLOMBIA: Oren por las organizaciones sociales en la region de Barrancabermeja que son amenazadas de muerte por los paramilitares el 27 de Mayo.","datePublished":"2010-05-29T16:00:00+00:00","dateModified":"2020-12-29T21:47:45+00:00","mainEntityOfPage":{"@id":"https:\/\/cpt.org\/es\/2010\/05\/29\/accion-urgente-colombia-oren-por-las-organizaciones-sociales-en-la-region-de-barr"},"wordCount":215,"publisher":{"@id":"https:\/\/cpt.org\/es#organization"},"articleSection":["Colombia","Urgent Action"],"inLanguage":"es"},{"@type":"WebPage","@id":"https:\/\/cpt.org\/es\/2010\/05\/29\/accion-urgente-colombia-oren-por-las-organizaciones-sociales-en-la-region-de-barr","url":"https:\/\/cpt.org\/es\/2010\/05\/29\/accion-urgente-colombia-oren-por-las-organizaciones-sociales-en-la-region-de-barr","name":"ACCION URGENTE COLOMBIA: Oren por las organizaciones sociales en la region de Barrancabermeja que son amenazadas de muerte por los paramilitares el 27 de Mayo. | Christian Peacemaker Teams","isPartOf":{"@id":"https:\/\/cpt.org\/es#website"},"datePublished":"2010-05-29T16:00:00+00:00","dateModified":"2020-12-29T21:47:45+00:00","description":"CPTnet29 May 2010ACCION URGENTE COLOMBIA: Oren por las organizaciones sociales en la region de Barrancabermeja que son amenazadas de muerte por los paramilitares el 27 de Mayo.","breadcrumb":{"@id":"https:\/\/cpt.org\/es\/2010\/05\/29\/accion-urgente-colombia-oren-por-las-organizaciones-sociales-en-la-region-de-barr#breadcrumb"},"inLanguage":"es","potentialAction":[{"@type":"ReadAction","target":["https:\/\/cpt.org\/es\/2010\/05\/29\/accion-urgente-colombia-oren-por-las-organizaciones-sociales-en-la-region-de-barr"]}]},{"@type":"BreadcrumbList","@id":"https:\/\/cpt.org\/es\/2010\/05\/29\/accion-urgente-colombia-oren-por-las-organizaciones-sociales-en-la-region-de-barr#breadcrumb","itemListElement":[{"@type":"ListItem","position":1,"name":"Home","item":"https:\/\/cpt.org\/es"},{"@type":"ListItem","position":2,"name":"ACCION URGENTE COLOMBIA: Oren por las organizaciones sociales en la region de Barrancabermeja que son amenazadas de muerte por los paramilitares el 27 de Mayo."}]},{"@type":"WebSite","@id":"https:\/\/cpt.org\/es#website","url":"https:\/\/cpt.org\/es","name":"Equipos y Comunidades de Acci\u00f3n por la Paz","description":"Building partnerships to transform violence and oppression","publisher":{"@id":"https:\/\/cpt.org\/es#organization"},"potentialAction":[{"@type":"SearchAction","target":{"@type":"EntryPoint","urlTemplate":"https:\/\/cpt.org\/es?s={search_term_string}"},"query-input":{"@type":"PropertyValueSpecification","valueRequired":true,"valueName":"search_term_string"}}],"inLanguage":"es"},{"@type":"Organization","@id":"https:\/\/cpt.org\/es#organization","name":"Equipos y Comunidades de Acci\u00f3n por la Paz","url":"https:\/\/cpt.org\/es","logo":{"@type":"ImageObject","inLanguage":"es","@id":"https:\/\/cpt.org\/es#\/schema\/logo\/image\/","url":"https:\/\/cpt.org\/wp-content\/uploads\/logoCPT-red-2.png","contentUrl":"https:\/\/cpt.org\/wp-content\/uploads\/logoCPT-red-2.png","width":1730,"height":840,"caption":"Equipos y Comunidades de Acci\u00f3n por la Paz"},"image":{"@id":"https:\/\/cpt.org\/es#\/schema\/logo\/image\/"},"sameAs":["https:\/\/www.facebook.com\/cpters","https:\/\/x.com\/cpt_intl","https:\/\/www.instagram.com\/cpteams\/","https:\/\/www.youtube.com\/user\/cptvideos"]},{"@type":"Person","@id":"https:\/\/cpt.org\/es#\/schema\/person\/1187ed3b9ce9cbbb08dbb3a90bb6e8f6","name":"demo","image":{"@type":"ImageObject","inLanguage":"es","@id":"https:\/\/secure.gravatar.com\/avatar\/bf8c7166601a64c6c57b67ffbeab8f8c6a378cca786da9a326c1a34a2ec6f860?s=96&r=g","url":"https:\/\/secure.gravatar.com\/avatar\/bf8c7166601a64c6c57b67ffbeab8f8c6a378cca786da9a326c1a34a2ec6f860?s=96&r=g","contentUrl":"https:\/\/secure.gravatar.com\/avatar\/bf8c7166601a64c6c57b67ffbeab8f8c6a378cca786da9a326c1a34a2ec6f860?s=96&r=g","caption":"demo"},"url":"https:\/\/cpt.org\/es\/author\/demo"}]}},"_links":{"self":[{"href":"https:\/\/cpt.org\/es\/wp-json\/wp\/v2\/posts\/9906","targetHints":{"allow":["GET"]}}],"collection":[{"href":"https:\/\/cpt.org\/es\/wp-json\/wp\/v2\/posts"}],"about":[{"href":"https:\/\/cpt.org\/es\/wp-json\/wp\/v2\/types\/post"}],"author":[{"embeddable":true,"href":"https:\/\/cpt.org\/es\/wp-json\/wp\/v2\/users\/3"}],"replies":[{"embeddable":true,"href":"https:\/\/cpt.org\/es\/wp-json\/wp\/v2\/comments?post=9906"}],"version-history":[{"count":1,"href":"https:\/\/cpt.org\/es\/wp-json\/wp\/v2\/posts\/9906\/revisions"}],"predecessor-version":[{"id":17324,"href":"https:\/\/cpt.org\/es\/wp-json\/wp\/v2\/posts\/9906\/revisions\/17324"}],"wp:attachment":[{"href":"https:\/\/cpt.org\/es\/wp-json\/wp\/v2\/media?parent=9906"}],"wp:term":[{"taxonomy":"category","embeddable":true,"href":"https:\/\/cpt.org\/es\/wp-json\/wp\/v2\/categories?post=9906"},{"taxonomy":"post_tag","embeddable":true,"href":"https:\/\/cpt.org\/es\/wp-json\/wp\/v2\/tags?post=9906"}],"curies":[{"name":"wp","href":"https:\/\/api.w.org\/{rel}","templated":true}]}}