{"id":9907,"date":"2010-06-01T12:00:00","date_gmt":"2010-06-01T16:00:00","guid":{"rendered":"https:\/\/cpt.org\/blog\/palestina-ecapers-responden-al-ataque-de-la-flotilla-libertad-destinada-gaza"},"modified":"2020-12-29T16:47:47","modified_gmt":"2020-12-29T21:47:47","slug":"palestina-ecapers-responden-al-ataque-de-la-flotilla-libertad-destinada-gaza","status":"publish","type":"post","link":"https:\/\/cpt.org\/es\/2010\/06\/01\/palestina-ecapers-responden-al-ataque-de-la-flotilla-libertad-destinada-gaza","title":{"rendered":"PALESTINA: ECAPer@s Responden al Ataque de la Flotilla Libertad destinada a Gaza"},"content":{"rendered":"<div class=\"container tmpWrnglr\">\n<p>\n          <\/p>\n<\/p>\n<div class=\"row\">\n<div class=\"col-md-12\"><\/div>\n<\/div>\n<div class=\"row layout\">\n      <\/p>\n<div class=\"content_layout\">\n<div class=\"col-md-12\">\n<div class=\"region region-content\">\n<div id=\"block-drupal8-zymphonies-theme-content\" class=\"block block-system block-system-main-block\">\n<article class=\"node node--type-story node--view-mode-full\">\n<div class=\"node__content\">\n<div>\n<div>\n<p>RedECAP<\/p>\n<p>1 de junio de 2010<\/p>\n<p>PALESTINA: ECAPer@s Responden al Ataque de la Flotilla Libertad destinada a Gaza<\/p>\n<p>\u00a0<\/p>\n<p>En la ma\u00f1ana del 31 de mayo, los ECAPer@s en Hebr\u00f3n y At-Tuwani despertaron con la noticia de que Israel hab\u00eda atacado un convoy de barcos de ayuda humanitaria en aguas internacionales durante la noche. La flotilla de seis barcos, conocida como la Flotilla de la Libertad, estaba tratando de llevar 10,000 toneladas de ayuda a Gaza. La situaci\u00f3n en Gaza ha alcanzado un punto cr\u00edtico ya que Egipto e Israel reforzaron las medidas de seguridad que impiden circulaci\u00f3n dentro y fuera de la regi\u00f3n. Ya que los pobladores de Gaza no pueden importar ni exportar alimentos o materiales, no pueden reconstruir casas, escuelas o los hospitales da\u00f1ados por los conflictos en curso, y no pueden salir de lo que ahora es descrita como una prisi\u00f3n al aire libre, los habitantes de Gaza necesitan desesperadamente la ayuda externa. En respuesta a esta situaci\u00f3n, hasta 750 internacionales procedentes de 40 pa\u00edses abordaron la Flotilla de la Libertad en un intento pac\u00edfico de ofrecer su ayuda y expresar su indignaci\u00f3n por este estado de cosas catastr\u00f3ficas.<\/p>\n<p>\u00a0<\/p>\n<p>En respuesta a esta acci\u00f3n, el ej\u00e9rcito israel\u00ed abordard\u00f3 los barcos en aguas internacionales y mat\u00f3 hasta 20 civiles, dejando heridos 40-60 (informes difieren). En la defensa, la portavoz del gobierno israel\u00ed, Mark Regev, dijo a la BBC, \u00abFuego vivo se utiliz\u00f3 contra nuestras fuerzas. Ellos iniciaron la violencia, pero es cien por ciento claro,\u00bb dijo (<a href=\"https:\/\/news.bbc.co.uk\/2\/hi%20\/%20middle_east\/10195838.stm\">https:\/\/news.bbc.co.uk\/2\/hi \/ middle_east\/10195838.stm<\/a>). Esta afirmaci\u00f3n podr\u00eda parecer m\u00e1s plausible si estos acontecimientos no estaban completamente de acuerdo con lo que hemos visto desde el Israel en manifestaciones pac\u00edficas en todo el Banco Oeste. Bombas lacrim\u00f3genas y balas de de goma son una respuesta com\u00fan del ej\u00e9rcito israel\u00ed; los equipos de ECAP\u00a0 en Palestina presencian su brutalidad semanalmente. La \u00fanica diferencia ahora es que Israel se est\u00e1 dirigiendo las \u00abmedidas de seguridad\u00bb contra la comunidad internacional.<\/p>\n<p>\u00a0<\/p>\n<p>Los gobiernos, las organizaciones no gubernamentales, e individuos en todo el mundo se han quedado sorprendidos por estos acontecimientos. Muchas declaraciones se han lanzado condenando las acciones de Israel y se est\u00e1n celebrando manifestaciones\u00a0 en Israel y en todo el mundo para expresar que este comportamiento es inaceptable. La \u00fanica diferencia entre esta tragedia y un ataque terrorista es que este fue cometido por un gobierno que es apoyado pol\u00edticamente y econ\u00f3micamente por los pa\u00edses de procedencia de las v\u00edctimas.<\/p>\n<p>\u00a0<\/p>\n<p>Tenemos que esperar y orar de que de esta oscuridad vendr\u00e1 la luz que mostrar\u00e1 el resto del mundo la atrocidad real de la situaci\u00f3n en Palestina, la cual nosotros como individuos, comunidades y naciones legitimamos al negarse a reprender a Israel.<\/p>\n<p>_______________<\/p>\n<p>\u00a0<\/p>\n<p>Para m\u00e1s informaci\u00f3n ver:<\/p>\n<p><a href=\"https:\/\/www.bbc.co.uk\/mundo\/internacional\/2010\/06\/100601_israel_gaza_barco_bloqueo_rachel_corrie_az.shtml\">https:\/\/www.bbc.co.uk\/mundo\/internacional\/2010\/06\/100601_israel_gaza_barco_bloqueo_rachel_corrie_az.shtml<\/a><\/p>\n<p>\u00a0<\/p>\n<p><a href=\"https:\/\/www.elpais.com\/articulo\/internacional\/Israel\/tilda\/hipocrita\/condena\/ONU\/ataque\/flotilla\/solidaria\/elpepuint\/20100601elpepuint_8\/Tes\">https:\/\/www.elpais.com\/articulo\/internacional\/Israel\/tilda\/hipocrita\/condena\/ONU\/ataque\/flotilla\/solidaria\/elpepuint\/20100601elpepuint_8\/Tes<\/a><\/p>\n<\/div>\n<p><input id=\"gwProxy\"><input id=\"jsProxy\"><\/p>\n<p><input id=\"gwProxy\"><input id=\"jsProxy\"><\/p>\n<p><input id=\"gwProxy\"><input id=\"jsProxy\"><\/p>\n<p><input id=\"gwProxy\"><input id=\"jsProxy\"><\/p>\n<p><input id=\"gwProxy\"><input id=\"jsProxy\"><\/p>\n<\/div>\n<div>\n<div>Categories<\/div>\n<div>\n<div><a href=\"\/taxonomy\/term\/1415\">Palestine<\/a><\/div>\n<\/div>\n<\/div>\n<\/div>\n<\/article>\n<\/div>\n<\/div>\n<\/div>\n<\/div>\n<p>\n            <\/p>\n<\/div>\n<p><\/p>\n<\/div>\n","protected":false},"excerpt":{"rendered":"<p>RedECAP 1 de junio de 2010 PALESTINA: ECAPer@s Responden al Ataque de la Flotilla Libertad destinada a Gaza \u00a0 En la ma\u00f1ana del 31 de mayo, los ECAPer@s en Hebr\u00f3n y At-Tuwani despertaron con la noticia de que Israel hab\u00eda atacado un convoy de barcos de ayuda humanitaria en aguas internacionales durante la noche. La [&hellip;]<\/p>\n","protected":false},"author":3,"featured_media":0,"comment_status":"closed","ping_status":"closed","sticky":false,"template":"","format":"standard","meta":{"footnotes":""},"categories":[20],"tags":[],"class_list":["post-9907","post","type-post","status-publish","format-standard","hentry","category-palestine"],"yoast_head":"<!-- This site is optimized with the Yoast SEO Premium plugin v27.4 (Yoast SEO v27.4) - https:\/\/yoast.com\/product\/yoast-seo-premium-wordpress\/ -->\n<title>PALESTINA: ECAPer@s Responden al Ataque de la Flotilla Libertad destinada a Gaza | Christian Peacemaker Teams<\/title>\n<meta name=\"description\" content=\"RedECAP 1 de junio de 2010 PALESTINA: ECAPer@s Responden al Ataque de la Flotilla Libertad destinada a Gaza\" \/>\n<meta name=\"robots\" content=\"index, follow, max-snippet:-1, max-image-preview:large, max-video-preview:-1\" \/>\n<link rel=\"canonical\" href=\"https:\/\/cpt.org\/es\/2010\/06\/01\/palestina-ecapers-responden-al-ataque-de-la-flotilla-libertad-destinada-gaza\" \/>\n<meta property=\"og:locale\" content=\"es_ES\" \/>\n<meta property=\"og:type\" content=\"article\" \/>\n<meta property=\"og:title\" content=\"PALESTINA: ECAPer@s Responden al Ataque de la Flotilla Libertad destinada a Gaza\" \/>\n<meta property=\"og:description\" content=\"Community Peacemaker Teams builds partnerships to transform violence and oppression. Over 35 years of action for peace and justice.\" \/>\n<meta property=\"og:url\" content=\"https:\/\/cpt.org\/es\/2010\/06\/01\/palestina-ecapers-responden-al-ataque-de-la-flotilla-libertad-destinada-gaza\" \/>\n<meta property=\"og:site_name\" content=\"Equipos y Comunidades de Acci\u00f3n por la Paz\" \/>\n<meta property=\"article:publisher\" content=\"https:\/\/www.facebook.com\/cpters\" \/>\n<meta property=\"article:published_time\" content=\"2010-06-01T16:00:00+00:00\" \/>\n<meta property=\"article:modified_time\" content=\"2020-12-29T21:47:47+00:00\" \/>\n<meta property=\"og:image\" content=\"https:\/\/cpt.org\/wp-content\/uploads\/Training20201920-20Colombia202-28.jpg\" \/>\n\t<meta property=\"og:image:width\" content=\"2000\" \/>\n\t<meta property=\"og:image:height\" content=\"1335\" \/>\n\t<meta property=\"og:image:type\" content=\"image\/jpeg\" \/>\n<meta name=\"author\" content=\"demo\" \/>\n<meta name=\"twitter:card\" content=\"summary_large_image\" \/>\n<meta name=\"twitter:title\" content=\"PALESTINA: ECAPer@s Responden al Ataque de la Flotilla Libertad destinada a Gaza | Christian Peacemaker Teams\" \/>\n<meta name=\"twitter:description\" content=\"RedECAP 1 de junio de 2010 PALESTINA: ECAPer@s Responden al Ataque de la Flotilla Libertad destinada a Gaza\" \/>\n<meta name=\"twitter:creator\" content=\"@cpt_intl\" \/>\n<meta name=\"twitter:site\" content=\"@cpt_intl\" \/>\n<meta name=\"twitter:label1\" content=\"Escrito por\" \/>\n\t<meta name=\"twitter:data1\" content=\"demo\" \/>\n\t<meta name=\"twitter:label2\" content=\"Tiempo de lectura\" \/>\n\t<meta name=\"twitter:data2\" content=\"3 minutos\" \/>\n<script type=\"application\/ld+json\" class=\"yoast-schema-graph\">{\"@context\":\"https:\\\/\\\/schema.org\",\"@graph\":[{\"@type\":\"Article\",\"@id\":\"https:\\\/\\\/cpt.org\\\/es\\\/2010\\\/06\\\/01\\\/palestina-ecapers-responden-al-ataque-de-la-flotilla-libertad-destinada-gaza#article\",\"isPartOf\":{\"@id\":\"https:\\\/\\\/cpt.org\\\/es\\\/2010\\\/06\\\/01\\\/palestina-ecapers-responden-al-ataque-de-la-flotilla-libertad-destinada-gaza\"},\"author\":{\"name\":\"demo\",\"@id\":\"https:\\\/\\\/cpt.org\\\/es#\\\/schema\\\/person\\\/1187ed3b9ce9cbbb08dbb3a90bb6e8f6\"},\"headline\":\"PALESTINA: ECAPer@s Responden al Ataque de la Flotilla Libertad destinada a Gaza\",\"datePublished\":\"2010-06-01T16:00:00+00:00\",\"dateModified\":\"2020-12-29T21:47:47+00:00\",\"mainEntityOfPage\":{\"@id\":\"https:\\\/\\\/cpt.org\\\/es\\\/2010\\\/06\\\/01\\\/palestina-ecapers-responden-al-ataque-de-la-flotilla-libertad-destinada-gaza\"},\"wordCount\":528,\"publisher\":{\"@id\":\"https:\\\/\\\/cpt.org\\\/es#organization\"},\"articleSection\":[\"Palestine\"],\"inLanguage\":\"es\"},{\"@type\":\"WebPage\",\"@id\":\"https:\\\/\\\/cpt.org\\\/es\\\/2010\\\/06\\\/01\\\/palestina-ecapers-responden-al-ataque-de-la-flotilla-libertad-destinada-gaza\",\"url\":\"https:\\\/\\\/cpt.org\\\/es\\\/2010\\\/06\\\/01\\\/palestina-ecapers-responden-al-ataque-de-la-flotilla-libertad-destinada-gaza\",\"name\":\"PALESTINA: ECAPer@s Responden al Ataque de la Flotilla Libertad destinada a Gaza | Christian Peacemaker Teams\",\"isPartOf\":{\"@id\":\"https:\\\/\\\/cpt.org\\\/es#website\"},\"datePublished\":\"2010-06-01T16:00:00+00:00\",\"dateModified\":\"2020-12-29T21:47:47+00:00\",\"description\":\"RedECAP 1 de junio de 2010 PALESTINA: ECAPer@s Responden al Ataque de la Flotilla Libertad destinada a Gaza\",\"breadcrumb\":{\"@id\":\"https:\\\/\\\/cpt.org\\\/es\\\/2010\\\/06\\\/01\\\/palestina-ecapers-responden-al-ataque-de-la-flotilla-libertad-destinada-gaza#breadcrumb\"},\"inLanguage\":\"es\",\"potentialAction\":[{\"@type\":\"ReadAction\",\"target\":[\"https:\\\/\\\/cpt.org\\\/es\\\/2010\\\/06\\\/01\\\/palestina-ecapers-responden-al-ataque-de-la-flotilla-libertad-destinada-gaza\"]}]},{\"@type\":\"BreadcrumbList\",\"@id\":\"https:\\\/\\\/cpt.org\\\/es\\\/2010\\\/06\\\/01\\\/palestina-ecapers-responden-al-ataque-de-la-flotilla-libertad-destinada-gaza#breadcrumb\",\"itemListElement\":[{\"@type\":\"ListItem\",\"position\":1,\"name\":\"Home\",\"item\":\"https:\\\/\\\/cpt.org\\\/es\"},{\"@type\":\"ListItem\",\"position\":2,\"name\":\"PALESTINA: ECAPer@s Responden al Ataque de la Flotilla Libertad destinada a Gaza\"}]},{\"@type\":\"WebSite\",\"@id\":\"https:\\\/\\\/cpt.org\\\/es#website\",\"url\":\"https:\\\/\\\/cpt.org\\\/es\",\"name\":\"Equipos y Comunidades de Acci\u00f3n por la Paz\",\"description\":\"Building partnerships to transform violence and oppression\",\"publisher\":{\"@id\":\"https:\\\/\\\/cpt.org\\\/es#organization\"},\"potentialAction\":[{\"@type\":\"SearchAction\",\"target\":{\"@type\":\"EntryPoint\",\"urlTemplate\":\"https:\\\/\\\/cpt.org\\\/es?s={search_term_string}\"},\"query-input\":{\"@type\":\"PropertyValueSpecification\",\"valueRequired\":true,\"valueName\":\"search_term_string\"}}],\"inLanguage\":\"es\"},{\"@type\":\"Organization\",\"@id\":\"https:\\\/\\\/cpt.org\\\/es#organization\",\"name\":\"Equipos y Comunidades de Acci\u00f3n por la Paz\",\"url\":\"https:\\\/\\\/cpt.org\\\/es\",\"logo\":{\"@type\":\"ImageObject\",\"inLanguage\":\"es\",\"@id\":\"https:\\\/\\\/cpt.org\\\/es#\\\/schema\\\/logo\\\/image\\\/\",\"url\":\"https:\\\/\\\/cpt.org\\\/wp-content\\\/uploads\\\/logoCPT-red-2.png\",\"contentUrl\":\"https:\\\/\\\/cpt.org\\\/wp-content\\\/uploads\\\/logoCPT-red-2.png\",\"width\":1730,\"height\":840,\"caption\":\"Equipos y Comunidades de Acci\u00f3n por la Paz\"},\"image\":{\"@id\":\"https:\\\/\\\/cpt.org\\\/es#\\\/schema\\\/logo\\\/image\\\/\"},\"sameAs\":[\"https:\\\/\\\/www.facebook.com\\\/cpters\",\"https:\\\/\\\/x.com\\\/cpt_intl\",\"https:\\\/\\\/www.instagram.com\\\/cpteams\\\/\",\"https:\\\/\\\/www.youtube.com\\\/user\\\/cptvideos\"]},{\"@type\":\"Person\",\"@id\":\"https:\\\/\\\/cpt.org\\\/es#\\\/schema\\\/person\\\/1187ed3b9ce9cbbb08dbb3a90bb6e8f6\",\"name\":\"demo\",\"image\":{\"@type\":\"ImageObject\",\"inLanguage\":\"es\",\"@id\":\"https:\\\/\\\/secure.gravatar.com\\\/avatar\\\/bf8c7166601a64c6c57b67ffbeab8f8c6a378cca786da9a326c1a34a2ec6f860?s=96&r=g\",\"url\":\"https:\\\/\\\/secure.gravatar.com\\\/avatar\\\/bf8c7166601a64c6c57b67ffbeab8f8c6a378cca786da9a326c1a34a2ec6f860?s=96&r=g\",\"contentUrl\":\"https:\\\/\\\/secure.gravatar.com\\\/avatar\\\/bf8c7166601a64c6c57b67ffbeab8f8c6a378cca786da9a326c1a34a2ec6f860?s=96&r=g\",\"caption\":\"demo\"},\"url\":\"https:\\\/\\\/cpt.org\\\/es\\\/author\\\/demo\"}]}<\/script>\n<!-- \/ Yoast SEO Premium plugin. -->","yoast_head_json":{"title":"PALESTINA: ECAPer@s Responden al Ataque de la Flotilla Libertad destinada a Gaza | Christian Peacemaker Teams","description":"RedECAP 1 de junio de 2010 PALESTINA: ECAPer@s Responden al Ataque de la Flotilla Libertad destinada a Gaza","robots":{"index":"index","follow":"follow","max-snippet":"max-snippet:-1","max-image-preview":"max-image-preview:large","max-video-preview":"max-video-preview:-1"},"canonical":"https:\/\/cpt.org\/es\/2010\/06\/01\/palestina-ecapers-responden-al-ataque-de-la-flotilla-libertad-destinada-gaza","og_locale":"es_ES","og_type":"article","og_title":"PALESTINA: ECAPer@s Responden al Ataque de la Flotilla Libertad destinada a Gaza","og_description":"Community Peacemaker Teams builds partnerships to transform violence and oppression. Over 35 years of action for peace and justice.","og_url":"https:\/\/cpt.org\/es\/2010\/06\/01\/palestina-ecapers-responden-al-ataque-de-la-flotilla-libertad-destinada-gaza","og_site_name":"Equipos y Comunidades de Acci\u00f3n por la Paz","article_publisher":"https:\/\/www.facebook.com\/cpters","article_published_time":"2010-06-01T16:00:00+00:00","article_modified_time":"2020-12-29T21:47:47+00:00","og_image":[{"width":2000,"height":1335,"url":"https:\/\/cpt.org\/wp-content\/uploads\/Training20201920-20Colombia202-28.jpg","type":"image\/jpeg"}],"author":"demo","twitter_card":"summary_large_image","twitter_title":"PALESTINA: ECAPer@s Responden al Ataque de la Flotilla Libertad destinada a Gaza | Christian Peacemaker Teams","twitter_description":"RedECAP 1 de junio de 2010 PALESTINA: ECAPer@s Responden al Ataque de la Flotilla Libertad destinada a Gaza","twitter_creator":"@cpt_intl","twitter_site":"@cpt_intl","twitter_misc":{"Escrito por":"demo","Tiempo de lectura":"3 minutos"},"schema":{"@context":"https:\/\/schema.org","@graph":[{"@type":"Article","@id":"https:\/\/cpt.org\/es\/2010\/06\/01\/palestina-ecapers-responden-al-ataque-de-la-flotilla-libertad-destinada-gaza#article","isPartOf":{"@id":"https:\/\/cpt.org\/es\/2010\/06\/01\/palestina-ecapers-responden-al-ataque-de-la-flotilla-libertad-destinada-gaza"},"author":{"name":"demo","@id":"https:\/\/cpt.org\/es#\/schema\/person\/1187ed3b9ce9cbbb08dbb3a90bb6e8f6"},"headline":"PALESTINA: ECAPer@s Responden al Ataque de la Flotilla Libertad destinada a Gaza","datePublished":"2010-06-01T16:00:00+00:00","dateModified":"2020-12-29T21:47:47+00:00","mainEntityOfPage":{"@id":"https:\/\/cpt.org\/es\/2010\/06\/01\/palestina-ecapers-responden-al-ataque-de-la-flotilla-libertad-destinada-gaza"},"wordCount":528,"publisher":{"@id":"https:\/\/cpt.org\/es#organization"},"articleSection":["Palestine"],"inLanguage":"es"},{"@type":"WebPage","@id":"https:\/\/cpt.org\/es\/2010\/06\/01\/palestina-ecapers-responden-al-ataque-de-la-flotilla-libertad-destinada-gaza","url":"https:\/\/cpt.org\/es\/2010\/06\/01\/palestina-ecapers-responden-al-ataque-de-la-flotilla-libertad-destinada-gaza","name":"PALESTINA: ECAPer@s Responden al Ataque de la Flotilla Libertad destinada a Gaza | Christian Peacemaker Teams","isPartOf":{"@id":"https:\/\/cpt.org\/es#website"},"datePublished":"2010-06-01T16:00:00+00:00","dateModified":"2020-12-29T21:47:47+00:00","description":"RedECAP 1 de junio de 2010 PALESTINA: ECAPer@s Responden al Ataque de la Flotilla Libertad destinada a Gaza","breadcrumb":{"@id":"https:\/\/cpt.org\/es\/2010\/06\/01\/palestina-ecapers-responden-al-ataque-de-la-flotilla-libertad-destinada-gaza#breadcrumb"},"inLanguage":"es","potentialAction":[{"@type":"ReadAction","target":["https:\/\/cpt.org\/es\/2010\/06\/01\/palestina-ecapers-responden-al-ataque-de-la-flotilla-libertad-destinada-gaza"]}]},{"@type":"BreadcrumbList","@id":"https:\/\/cpt.org\/es\/2010\/06\/01\/palestina-ecapers-responden-al-ataque-de-la-flotilla-libertad-destinada-gaza#breadcrumb","itemListElement":[{"@type":"ListItem","position":1,"name":"Home","item":"https:\/\/cpt.org\/es"},{"@type":"ListItem","position":2,"name":"PALESTINA: ECAPer@s Responden al Ataque de la Flotilla Libertad destinada a Gaza"}]},{"@type":"WebSite","@id":"https:\/\/cpt.org\/es#website","url":"https:\/\/cpt.org\/es","name":"Equipos y Comunidades de Acci\u00f3n por la Paz","description":"Building partnerships to transform violence and oppression","publisher":{"@id":"https:\/\/cpt.org\/es#organization"},"potentialAction":[{"@type":"SearchAction","target":{"@type":"EntryPoint","urlTemplate":"https:\/\/cpt.org\/es?s={search_term_string}"},"query-input":{"@type":"PropertyValueSpecification","valueRequired":true,"valueName":"search_term_string"}}],"inLanguage":"es"},{"@type":"Organization","@id":"https:\/\/cpt.org\/es#organization","name":"Equipos y Comunidades de Acci\u00f3n por la Paz","url":"https:\/\/cpt.org\/es","logo":{"@type":"ImageObject","inLanguage":"es","@id":"https:\/\/cpt.org\/es#\/schema\/logo\/image\/","url":"https:\/\/cpt.org\/wp-content\/uploads\/logoCPT-red-2.png","contentUrl":"https:\/\/cpt.org\/wp-content\/uploads\/logoCPT-red-2.png","width":1730,"height":840,"caption":"Equipos y Comunidades de Acci\u00f3n por la Paz"},"image":{"@id":"https:\/\/cpt.org\/es#\/schema\/logo\/image\/"},"sameAs":["https:\/\/www.facebook.com\/cpters","https:\/\/x.com\/cpt_intl","https:\/\/www.instagram.com\/cpteams\/","https:\/\/www.youtube.com\/user\/cptvideos"]},{"@type":"Person","@id":"https:\/\/cpt.org\/es#\/schema\/person\/1187ed3b9ce9cbbb08dbb3a90bb6e8f6","name":"demo","image":{"@type":"ImageObject","inLanguage":"es","@id":"https:\/\/secure.gravatar.com\/avatar\/bf8c7166601a64c6c57b67ffbeab8f8c6a378cca786da9a326c1a34a2ec6f860?s=96&r=g","url":"https:\/\/secure.gravatar.com\/avatar\/bf8c7166601a64c6c57b67ffbeab8f8c6a378cca786da9a326c1a34a2ec6f860?s=96&r=g","contentUrl":"https:\/\/secure.gravatar.com\/avatar\/bf8c7166601a64c6c57b67ffbeab8f8c6a378cca786da9a326c1a34a2ec6f860?s=96&r=g","caption":"demo"},"url":"https:\/\/cpt.org\/es\/author\/demo"}]}},"_links":{"self":[{"href":"https:\/\/cpt.org\/es\/wp-json\/wp\/v2\/posts\/9907","targetHints":{"allow":["GET"]}}],"collection":[{"href":"https:\/\/cpt.org\/es\/wp-json\/wp\/v2\/posts"}],"about":[{"href":"https:\/\/cpt.org\/es\/wp-json\/wp\/v2\/types\/post"}],"author":[{"embeddable":true,"href":"https:\/\/cpt.org\/es\/wp-json\/wp\/v2\/users\/3"}],"replies":[{"embeddable":true,"href":"https:\/\/cpt.org\/es\/wp-json\/wp\/v2\/comments?post=9907"}],"version-history":[{"count":1,"href":"https:\/\/cpt.org\/es\/wp-json\/wp\/v2\/posts\/9907\/revisions"}],"predecessor-version":[{"id":17325,"href":"https:\/\/cpt.org\/es\/wp-json\/wp\/v2\/posts\/9907\/revisions\/17325"}],"wp:attachment":[{"href":"https:\/\/cpt.org\/es\/wp-json\/wp\/v2\/media?parent=9907"}],"wp:term":[{"taxonomy":"category","embeddable":true,"href":"https:\/\/cpt.org\/es\/wp-json\/wp\/v2\/categories?post=9907"},{"taxonomy":"post_tag","embeddable":true,"href":"https:\/\/cpt.org\/es\/wp-json\/wp\/v2\/tags?post=9907"}],"curies":[{"name":"wp","href":"https:\/\/api.w.org\/{rel}","templated":true}]}}